{"id":78905,"date":"2017-01-13T16:44:09","date_gmt":"2017-01-13T15:44:09","guid":{"rendered":"http:\/\/kapitalis.com\/tunisie\/?p=78905"},"modified":"2017-01-13T17:18:09","modified_gmt":"2017-01-13T16:18:09","slug":"samir-tarhouni-accuse-de-harcelement-par-sa-collegue-raja-chebbi","status":"publish","type":"post","link":"https:\/\/kapitalis.com\/tunisie\/2017\/01\/13\/samir-tarhouni-accuse-de-harcelement-par-sa-collegue-raja-chebbi\/","title":{"rendered":"Samir Tarhouni accus\u00e9 de harc\u00e8lement par sa coll\u00e8gue Raja Chebbi"},"content":{"rendered":"<p style=\"text-align: center;\"><img loading=\"lazy\" decoding=\"async\" class=\"alignnone size-full wp-image-78910\" src=\"http:\/\/kapitalis.com\/tunisie\/wp-content\/uploads\/2017\/01\/Tarhounu-accus\u00e9-harc\u00e8lement.jpg\" alt=\"\" width=\"626\" height=\"380\" \/><\/p>\n<p><em><strong>Raja Chebbi, commissaire de police g\u00e9n\u00e9rale, accuse de harc\u00e8lement Samir Tarhouni, directeur g\u00e9n\u00e9ral de la formation au minist\u00e8re de l&rsquo;Int\u00e9rieur.<\/strong><\/em><\/p>\n<p><!--more--><\/p>\n<p>Commissaire de police g\u00e9n\u00e9rale cat\u00e9gorie 1, \u00e2g\u00e9e de 55 ans, Raja Chebbi affirme que Samir Tarhouni a emp\u00each\u00e9 son d\u00e9part au Congo, pour une op\u00e9ration de maintien de la paix de l\u2019ONU. Elle\u00a0dit\u00a0avoir pass\u00e9 les examens avec brio, en juillet dernier, et avoir \u00e9t\u00e9 retenue en t\u00eate de liste. \u00ab<em>Il m\u2019a court-circuit\u00e9e. Cette mission devait\u00a0\u00eatre le couronnement de ma carri\u00e8re et me permettre de repr\u00e9senter mon pays<\/em>\u00bb, a-t-elle expliqu\u00e9, mais son chef hi\u00e9rarchique\u00a0l&rsquo;a\u00a0bloqu\u00e9e. Et ce blocage, elle l&rsquo;explique par une ancienne histoire\u00a0: Samir Tarhouni lui a fait des avances qu&rsquo;elle a refus\u00e9es, dit-elle. Ce qui n&rsquo;a pas plu \u00e0 ce dernier qui s\u2019est jur\u00e9 de le lui faire regretter. A en croire Raja Chebbi, ce calvaire a dur\u00e9 4 ans\u00a0durant lesquels elle a essuy\u00e9 plusieurs d\u00e9nis de ses droits.<\/p>\n<p>Ce harc\u00e8lement administratif a culmin\u00e9 avec les obstacles qu&rsquo;il a mis pour l&#8217;emp\u00eacher de partir en mission au Congo, et notamment en adressant un courrier \u00e0 l\u2019ONU via le\u00a0minist\u00e8re des Affaires \u00e9trang\u00e8res o\u00f9 il affirmait qu&rsquo;elle n&rsquo;\u00e9tait pr\u00eate pour assurer cette mission. C&rsquo;est, en tout cas, ce qu&rsquo;elle affirme, en disant disposer de tous les documents appuyant ses accusations.<\/p>\n<p>\u00ab<em>Cet ennemi de la femme ne doit pas rester en poste o\u00f9 il repr\u00e9sente un danger. Moi je parle, je d\u00e9nonce et je ne vais pas laisser faire. Comment peut-on garder un homme pareil \u00e0 la t\u00eate de la direction g\u00e9n\u00e9rale de la formation<\/em>\u00bb, a d\u00e9plor\u00e9 Mme Chebbi. Et d&rsquo;ajouter : \u00ab<em>Le pr\u00e9sident B\u00e9ji Ca\u00efd Essebsi et le chef du gouvernement\u00a0Youssef Chahed ont \u00e9t\u00e9 inform\u00e9s de ces p\u00e9rip\u00e9ties, mais ils n&rsquo;ont pas donn\u00e9 suite. Je voudrais que justice soit faite et que la femme tunisienne ne puisse pas \u00eatre humili\u00e9e et qu&rsquo;elle puisse avoir elle aussi le droit de\u00a0repr\u00e9senter dignement son pays \u00e0 l&rsquo;\u00e9tranger<\/em>\u00bb.<\/p>\n<p>Raja Chebbi qui est po\u00e9tesse \u00e0 ses heures, auteure de plusieurs recueils, dont\u00a0le dernier en date est titr\u00e9 \u00ab\u00a0<em>En vers et contre toi\u00a0\u00bb,\u00a0<\/em>est fi\u00e8re d&rsquo;avoir fait carri\u00e8re dans le corps de la police et d&rsquo;\u00eatre mont\u00e9e si haut en grade, mais\u00a0cette affaire lui a laiss\u00e9 un arri\u00e8re-go\u00fbt amer.\u00a0<em>\u00abPour b\u00e9n\u00e9ficier de mes droits,\u00a0je n\u2019ai pas \u00e0 me plier aux caprices d\u2018un homme qui n\u2019accepte pas qu\u2019une femme se refuse \u00e0 lui et qui se venge d&rsquo;elle aussi mesquinement<\/em>\u00bb, a-t-elle conclu.<\/p>\n<p>Rappelons que Samir Tarhouni \u00e9tait chef de la Brigade antiterroriste (BAT) avant la r\u00e9volution\u00a0et qu&rsquo;il a eu son heure de gloire, le 14 janvier 2011, en interceptant les membres du clan Trabelsi, alli\u00e9s de l&rsquo;ancien pr\u00e9sident Ben Ali, \u00e0 l\u2019a\u00e9roport pour\u00a0les emp\u00eacher de fuir le pays. <em>\u00abCe n&rsquo;\u00e9tait pas de l&rsquo;h\u00e9ro\u00efsme, il avait re\u00e7u des instructions pour le faire, mais il reste \u00e0 conna\u00eetre de qui ces instructions ont-elles \u00e9man\u00e9\u00bb<\/em>, disent ses d\u00e9tracteurs.<\/p>\n<p style=\"text-align: right;\"><strong>Y. N.<\/strong><\/p>\n<p>&nbsp;<\/p>\n","protected":false},"excerpt":{"rendered":"<p>Raja Chebbi, commissaire de police g\u00e9n\u00e9rale, accuse de harc\u00e8lement Samir Tarhouni, directeur g\u00e9n\u00e9ral de la formation au minist\u00e8re de l&rsquo;Int\u00e9rieur.<\/p>\n","protected":false},"author":6,"featured_media":78910,"comment_status":"open","ping_status":"open","sticky":false,"template":"","format":"standard","meta":{"footnotes":""},"categories":[998,2433],"tags":[7913,140,2315,3194],"class_list":["post-78905","post","type-post","status-publish","format-standard","has-post-thumbnail","hentry","category-societe","category-tunisie","tag-bat","tag-ben-ali","tag-mission","tag-onu"],"yoast_head":"<!-- This site is optimized with the Yoast SEO plugin v26.6 - https:\/\/yoast.com\/wordpress\/plugins\/seo\/ -->\n<title>Samir Tarhouni accus\u00e9 de harc\u00e8lement par sa coll\u00e8gue Raja Chebbi - Kapitalis<\/title>\n<meta name=\"robots\" content=\"index, follow, max-snippet:-1, max-image-preview:large, max-video-preview:-1\" \/>\n<link rel=\"canonical\" href=\"https:\/\/kapitalis.com\/tunisie\/2017\/01\/13\/samir-tarhouni-accuse-de-harcelement-par-sa-collegue-raja-chebbi\/\" \/>\n<meta property=\"og:locale\" content=\"fr_FR\" \/>\n<meta property=\"og:type\" content=\"article\" \/>\n<meta property=\"og:title\" content=\"Samir Tarhouni accus\u00e9 de harc\u00e8lement par sa coll\u00e8gue Raja Chebbi - Kapitalis\" \/>\n<meta property=\"og:description\" content=\"Raja Chebbi, commissaire de police g\u00e9n\u00e9rale, accuse de harc\u00e8lement Samir Tarhouni, directeur g\u00e9n\u00e9ral de la formation au minist\u00e8re de l&rsquo;Int\u00e9rieur.\" \/>\n<meta property=\"og:url\" content=\"https:\/\/kapitalis.com\/tunisie\/2017\/01\/13\/samir-tarhouni-accuse-de-harcelement-par-sa-collegue-raja-chebbi\/\" \/>\n<meta property=\"og:site_name\" content=\"Kapitalis\" \/>\n<meta property=\"article:publisher\" content=\"https:\/\/www.facebook.com\/KapitalisInfo\/\" \/>\n<meta property=\"article:published_time\" content=\"2017-01-13T15:44:09+00:00\" \/>\n<meta property=\"article:modified_time\" content=\"2017-01-13T16:18:09+00:00\" \/>\n<meta property=\"og:image\" content=\"https:\/\/kapitalis.com\/tunisie\/wp-content\/uploads\/2022\/05\/kapitalis-logo-fb.png\" \/>\n\t<meta property=\"og:image:width\" content=\"1200\" \/>\n\t<meta property=\"og:image:height\" content=\"630\" \/>\n\t<meta property=\"og:image:type\" content=\"image\/png\" \/>\n<meta name=\"author\" content=\"Yusra NY\" \/>\n<meta name=\"twitter:card\" content=\"summary_large_image\" \/>\n<meta name=\"twitter:creator\" content=\"@KapitalisInfo\" \/>\n<meta name=\"twitter:site\" content=\"@KapitalisInfo\" \/>\n<meta name=\"twitter:label1\" content=\"\u00c9crit par\" \/>\n\t<meta name=\"twitter:data1\" content=\"Yusra NY\" \/>\n\t<meta name=\"twitter:label2\" content=\"Dur\u00e9e de lecture estim\u00e9e\" \/>\n\t<meta name=\"twitter:data2\" content=\"3 minutes\" \/>\n<script type=\"application\/ld+json\" class=\"yoast-schema-graph\">{\"@context\":\"https:\/\/schema.org\",\"@graph\":[{\"@type\":\"Article\",\"@id\":\"https:\/\/kapitalis.com\/tunisie\/2017\/01\/13\/samir-tarhouni-accuse-de-harcelement-par-sa-collegue-raja-chebbi\/#article\",\"isPartOf\":{\"@id\":\"https:\/\/kapitalis.com\/tunisie\/2017\/01\/13\/samir-tarhouni-accuse-de-harcelement-par-sa-collegue-raja-chebbi\/\"},\"author\":{\"name\":\"Yusra NY\",\"@id\":\"https:\/\/kapitalis.com\/tunisie\/#\/schema\/person\/74bbde0154d49d790a92aaeac5bc01d5\"},\"headline\":\"Samir Tarhouni accus\u00e9 de harc\u00e8lement par sa coll\u00e8gue Raja Chebbi\",\"datePublished\":\"2017-01-13T15:44:09+00:00\",\"dateModified\":\"2017-01-13T16:18:09+00:00\",\"mainEntityOfPage\":{\"@id\":\"https:\/\/kapitalis.com\/tunisie\/2017\/01\/13\/samir-tarhouni-accuse-de-harcelement-par-sa-collegue-raja-chebbi\/\"},\"wordCount\":552,\"commentCount\":19,\"publisher\":{\"@id\":\"https:\/\/kapitalis.com\/tunisie\/#organization\"},\"image\":{\"@id\":\"https:\/\/kapitalis.com\/tunisie\/2017\/01\/13\/samir-tarhouni-accuse-de-harcelement-par-sa-collegue-raja-chebbi\/#primaryimage\"},\"thumbnailUrl\":\"\",\"keywords\":[\"BAT\",\"Ben Ali\",\"mission\",\"Onu\"],\"articleSection\":[\"SOCIETE\",\"Tunisie\"],\"inLanguage\":\"fr-FR\",\"potentialAction\":[{\"@type\":\"CommentAction\",\"name\":\"Comment\",\"target\":[\"https:\/\/kapitalis.com\/tunisie\/2017\/01\/13\/samir-tarhouni-accuse-de-harcelement-par-sa-collegue-raja-chebbi\/#respond\"]}]},{\"@type\":\"WebPage\",\"@id\":\"https:\/\/kapitalis.com\/tunisie\/2017\/01\/13\/samir-tarhouni-accuse-de-harcelement-par-sa-collegue-raja-chebbi\/\",\"url\":\"https:\/\/kapitalis.com\/tunisie\/2017\/01\/13\/samir-tarhouni-accuse-de-harcelement-par-sa-collegue-raja-chebbi\/\",\"name\":\"Samir Tarhouni accus\u00e9 de harc\u00e8lement par sa coll\u00e8gue Raja Chebbi - Kapitalis\",\"isPartOf\":{\"@id\":\"https:\/\/kapitalis.com\/tunisie\/#website\"},\"primaryImageOfPage\":{\"@id\":\"https:\/\/kapitalis.com\/tunisie\/2017\/01\/13\/samir-tarhouni-accuse-de-harcelement-par-sa-collegue-raja-chebbi\/#primaryimage\"},\"image\":{\"@id\":\"https:\/\/kapitalis.com\/tunisie\/2017\/01\/13\/samir-tarhouni-accuse-de-harcelement-par-sa-collegue-raja-chebbi\/#primaryimage\"},\"thumbnailUrl\":\"\",\"datePublished\":\"2017-01-13T15:44:09+00:00\",\"dateModified\":\"2017-01-13T16:18:09+00:00\",\"breadcrumb\":{\"@id\":\"https:\/\/kapitalis.com\/tunisie\/2017\/01\/13\/samir-tarhouni-accuse-de-harcelement-par-sa-collegue-raja-chebbi\/#breadcrumb\"},\"inLanguage\":\"fr-FR\",\"potentialAction\":[{\"@type\":\"ReadAction\",\"target\":[\"https:\/\/kapitalis.com\/tunisie\/2017\/01\/13\/samir-tarhouni-accuse-de-harcelement-par-sa-collegue-raja-chebbi\/\"]}]},{\"@type\":\"ImageObject\",\"inLanguage\":\"fr-FR\",\"@id\":\"https:\/\/kapitalis.com\/tunisie\/2017\/01\/13\/samir-tarhouni-accuse-de-harcelement-par-sa-collegue-raja-chebbi\/#primaryimage\",\"url\":\"\",\"contentUrl\":\"\"},{\"@type\":\"BreadcrumbList\",\"@id\":\"https:\/\/kapitalis.com\/tunisie\/2017\/01\/13\/samir-tarhouni-accuse-de-harcelement-par-sa-collegue-raja-chebbi\/#breadcrumb\",\"itemListElement\":[{\"@type\":\"ListItem\",\"position\":1,\"name\":\"Accueil\",\"item\":\"https:\/\/kapitalis.com\/tunisie\/\"},{\"@type\":\"ListItem\",\"position\":2,\"name\":\"Samir Tarhouni accus\u00e9 de harc\u00e8lement par sa coll\u00e8gue Raja Chebbi\"}]},{\"@type\":\"WebSite\",\"@id\":\"https:\/\/kapitalis.com\/tunisie\/#website\",\"url\":\"https:\/\/kapitalis.com\/tunisie\/\",\"name\":\"Kapitalis\",\"description\":\"L&#039;actualit\u00e9 en Tunisie et dans le monde\",\"publisher\":{\"@id\":\"https:\/\/kapitalis.com\/tunisie\/#organization\"},\"potentialAction\":[{\"@type\":\"SearchAction\",\"target\":{\"@type\":\"EntryPoint\",\"urlTemplate\":\"https:\/\/kapitalis.com\/tunisie\/?s={search_term_string}\"},\"query-input\":{\"@type\":\"PropertyValueSpecification\",\"valueRequired\":true,\"valueName\":\"search_term_string\"}}],\"inLanguage\":\"fr-FR\"},{\"@type\":\"Organization\",\"@id\":\"https:\/\/kapitalis.com\/tunisie\/#organization\",\"name\":\"Kapitalis\",\"url\":\"https:\/\/kapitalis.com\/tunisie\/\",\"logo\":{\"@type\":\"ImageObject\",\"inLanguage\":\"fr-FR\",\"@id\":\"https:\/\/kapitalis.com\/tunisie\/#\/schema\/logo\/image\/\",\"url\":\"https:\/\/kapitalis.com\/tunisie\/wp-content\/uploads\/2022\/05\/Kapitalis-big-size.png\",\"contentUrl\":\"https:\/\/kapitalis.com\/tunisie\/wp-content\/uploads\/2022\/05\/Kapitalis-big-size.png\",\"width\":5000,\"height\":1500,\"caption\":\"Kapitalis\"},\"image\":{\"@id\":\"https:\/\/kapitalis.com\/tunisie\/#\/schema\/logo\/image\/\"},\"sameAs\":[\"https:\/\/www.facebook.com\/KapitalisInfo\/\",\"https:\/\/x.com\/KapitalisInfo\",\"https:\/\/www.youtube.com\/channel\/UC-yDYrHyfFBWWZaOw3FPg9Q\"]},{\"@type\":\"Person\",\"@id\":\"https:\/\/kapitalis.com\/tunisie\/#\/schema\/person\/74bbde0154d49d790a92aaeac5bc01d5\",\"name\":\"Yusra NY\",\"url\":\"https:\/\/kapitalis.com\/tunisie\/author\/yuza_adam\/\"}]}<\/script>\n<!-- \/ Yoast SEO plugin. -->","yoast_head_json":{"title":"Samir Tarhouni accus\u00e9 de harc\u00e8lement par sa coll\u00e8gue Raja Chebbi - Kapitalis","robots":{"index":"index","follow":"follow","max-snippet":"max-snippet:-1","max-image-preview":"max-image-preview:large","max-video-preview":"max-video-preview:-1"},"canonical":"https:\/\/kapitalis.com\/tunisie\/2017\/01\/13\/samir-tarhouni-accuse-de-harcelement-par-sa-collegue-raja-chebbi\/","og_locale":"fr_FR","og_type":"article","og_title":"Samir Tarhouni accus\u00e9 de harc\u00e8lement par sa coll\u00e8gue Raja Chebbi - Kapitalis","og_description":"Raja Chebbi, commissaire de police g\u00e9n\u00e9rale, accuse de harc\u00e8lement Samir Tarhouni, directeur g\u00e9n\u00e9ral de la formation au minist\u00e8re de l&rsquo;Int\u00e9rieur.","og_url":"https:\/\/kapitalis.com\/tunisie\/2017\/01\/13\/samir-tarhouni-accuse-de-harcelement-par-sa-collegue-raja-chebbi\/","og_site_name":"Kapitalis","article_publisher":"https:\/\/www.facebook.com\/KapitalisInfo\/","article_published_time":"2017-01-13T15:44:09+00:00","article_modified_time":"2017-01-13T16:18:09+00:00","og_image":[{"width":1200,"height":630,"url":"https:\/\/kapitalis.com\/tunisie\/wp-content\/uploads\/2022\/05\/kapitalis-logo-fb.png","type":"image\/png"}],"author":"Yusra NY","twitter_card":"summary_large_image","twitter_creator":"@KapitalisInfo","twitter_site":"@KapitalisInfo","twitter_misc":{"\u00c9crit par":"Yusra NY","Dur\u00e9e de lecture estim\u00e9e":"3 minutes"},"schema":{"@context":"https:\/\/schema.org","@graph":[{"@type":"Article","@id":"https:\/\/kapitalis.com\/tunisie\/2017\/01\/13\/samir-tarhouni-accuse-de-harcelement-par-sa-collegue-raja-chebbi\/#article","isPartOf":{"@id":"https:\/\/kapitalis.com\/tunisie\/2017\/01\/13\/samir-tarhouni-accuse-de-harcelement-par-sa-collegue-raja-chebbi\/"},"author":{"name":"Yusra NY","@id":"https:\/\/kapitalis.com\/tunisie\/#\/schema\/person\/74bbde0154d49d790a92aaeac5bc01d5"},"headline":"Samir Tarhouni accus\u00e9 de harc\u00e8lement par sa coll\u00e8gue Raja Chebbi","datePublished":"2017-01-13T15:44:09+00:00","dateModified":"2017-01-13T16:18:09+00:00","mainEntityOfPage":{"@id":"https:\/\/kapitalis.com\/tunisie\/2017\/01\/13\/samir-tarhouni-accuse-de-harcelement-par-sa-collegue-raja-chebbi\/"},"wordCount":552,"commentCount":19,"publisher":{"@id":"https:\/\/kapitalis.com\/tunisie\/#organization"},"image":{"@id":"https:\/\/kapitalis.com\/tunisie\/2017\/01\/13\/samir-tarhouni-accuse-de-harcelement-par-sa-collegue-raja-chebbi\/#primaryimage"},"thumbnailUrl":"","keywords":["BAT","Ben Ali","mission","Onu"],"articleSection":["SOCIETE","Tunisie"],"inLanguage":"fr-FR","potentialAction":[{"@type":"CommentAction","name":"Comment","target":["https:\/\/kapitalis.com\/tunisie\/2017\/01\/13\/samir-tarhouni-accuse-de-harcelement-par-sa-collegue-raja-chebbi\/#respond"]}]},{"@type":"WebPage","@id":"https:\/\/kapitalis.com\/tunisie\/2017\/01\/13\/samir-tarhouni-accuse-de-harcelement-par-sa-collegue-raja-chebbi\/","url":"https:\/\/kapitalis.com\/tunisie\/2017\/01\/13\/samir-tarhouni-accuse-de-harcelement-par-sa-collegue-raja-chebbi\/","name":"Samir Tarhouni accus\u00e9 de harc\u00e8lement par sa coll\u00e8gue Raja Chebbi - Kapitalis","isPartOf":{"@id":"https:\/\/kapitalis.com\/tunisie\/#website"},"primaryImageOfPage":{"@id":"https:\/\/kapitalis.com\/tunisie\/2017\/01\/13\/samir-tarhouni-accuse-de-harcelement-par-sa-collegue-raja-chebbi\/#primaryimage"},"image":{"@id":"https:\/\/kapitalis.com\/tunisie\/2017\/01\/13\/samir-tarhouni-accuse-de-harcelement-par-sa-collegue-raja-chebbi\/#primaryimage"},"thumbnailUrl":"","datePublished":"2017-01-13T15:44:09+00:00","dateModified":"2017-01-13T16:18:09+00:00","breadcrumb":{"@id":"https:\/\/kapitalis.com\/tunisie\/2017\/01\/13\/samir-tarhouni-accuse-de-harcelement-par-sa-collegue-raja-chebbi\/#breadcrumb"},"inLanguage":"fr-FR","potentialAction":[{"@type":"ReadAction","target":["https:\/\/kapitalis.com\/tunisie\/2017\/01\/13\/samir-tarhouni-accuse-de-harcelement-par-sa-collegue-raja-chebbi\/"]}]},{"@type":"ImageObject","inLanguage":"fr-FR","@id":"https:\/\/kapitalis.com\/tunisie\/2017\/01\/13\/samir-tarhouni-accuse-de-harcelement-par-sa-collegue-raja-chebbi\/#primaryimage","url":"","contentUrl":""},{"@type":"BreadcrumbList","@id":"https:\/\/kapitalis.com\/tunisie\/2017\/01\/13\/samir-tarhouni-accuse-de-harcelement-par-sa-collegue-raja-chebbi\/#breadcrumb","itemListElement":[{"@type":"ListItem","position":1,"name":"Accueil","item":"https:\/\/kapitalis.com\/tunisie\/"},{"@type":"ListItem","position":2,"name":"Samir Tarhouni accus\u00e9 de harc\u00e8lement par sa coll\u00e8gue Raja Chebbi"}]},{"@type":"WebSite","@id":"https:\/\/kapitalis.com\/tunisie\/#website","url":"https:\/\/kapitalis.com\/tunisie\/","name":"Kapitalis","description":"L&#039;actualit\u00e9 en Tunisie et dans le monde","publisher":{"@id":"https:\/\/kapitalis.com\/tunisie\/#organization"},"potentialAction":[{"@type":"SearchAction","target":{"@type":"EntryPoint","urlTemplate":"https:\/\/kapitalis.com\/tunisie\/?s={search_term_string}"},"query-input":{"@type":"PropertyValueSpecification","valueRequired":true,"valueName":"search_term_string"}}],"inLanguage":"fr-FR"},{"@type":"Organization","@id":"https:\/\/kapitalis.com\/tunisie\/#organization","name":"Kapitalis","url":"https:\/\/kapitalis.com\/tunisie\/","logo":{"@type":"ImageObject","inLanguage":"fr-FR","@id":"https:\/\/kapitalis.com\/tunisie\/#\/schema\/logo\/image\/","url":"https:\/\/kapitalis.com\/tunisie\/wp-content\/uploads\/2022\/05\/Kapitalis-big-size.png","contentUrl":"https:\/\/kapitalis.com\/tunisie\/wp-content\/uploads\/2022\/05\/Kapitalis-big-size.png","width":5000,"height":1500,"caption":"Kapitalis"},"image":{"@id":"https:\/\/kapitalis.com\/tunisie\/#\/schema\/logo\/image\/"},"sameAs":["https:\/\/www.facebook.com\/KapitalisInfo\/","https:\/\/x.com\/KapitalisInfo","https:\/\/www.youtube.com\/channel\/UC-yDYrHyfFBWWZaOw3FPg9Q"]},{"@type":"Person","@id":"https:\/\/kapitalis.com\/tunisie\/#\/schema\/person\/74bbde0154d49d790a92aaeac5bc01d5","name":"Yusra NY","url":"https:\/\/kapitalis.com\/tunisie\/author\/yuza_adam\/"}]}},"_links":{"self":[{"href":"https:\/\/kapitalis.com\/tunisie\/wp-json\/wp\/v2\/posts\/78905","targetHints":{"allow":["GET"]}}],"collection":[{"href":"https:\/\/kapitalis.com\/tunisie\/wp-json\/wp\/v2\/posts"}],"about":[{"href":"https:\/\/kapitalis.com\/tunisie\/wp-json\/wp\/v2\/types\/post"}],"author":[{"embeddable":true,"href":"https:\/\/kapitalis.com\/tunisie\/wp-json\/wp\/v2\/users\/6"}],"replies":[{"embeddable":true,"href":"https:\/\/kapitalis.com\/tunisie\/wp-json\/wp\/v2\/comments?post=78905"}],"version-history":[{"count":0,"href":"https:\/\/kapitalis.com\/tunisie\/wp-json\/wp\/v2\/posts\/78905\/revisions"}],"wp:featuredmedia":[{"embeddable":true,"href":"https:\/\/kapitalis.com\/tunisie\/wp-json\/wp\/v2\/media\/78910"}],"wp:attachment":[{"href":"https:\/\/kapitalis.com\/tunisie\/wp-json\/wp\/v2\/media?parent=78905"}],"wp:term":[{"taxonomy":"category","embeddable":true,"href":"https:\/\/kapitalis.com\/tunisie\/wp-json\/wp\/v2\/categories?post=78905"},{"taxonomy":"post_tag","embeddable":true,"href":"https:\/\/kapitalis.com\/tunisie\/wp-json\/wp\/v2\/tags?post=78905"}],"curies":[{"name":"wp","href":"https:\/\/api.w.org\/{rel}","templated":true}]}}