{"id":79192,"date":"2017-01-16T15:06:22","date_gmt":"2017-01-16T14:06:22","guid":{"rendered":"http:\/\/kapitalis.com\/tunisie\/?p=79192"},"modified":"2017-01-16T15:06:22","modified_gmt":"2017-01-16T14:06:22","slug":"neige-et-routes-bloquees-les-n-durgence","status":"publish","type":"post","link":"https:\/\/kapitalis.com\/tunisie\/2017\/01\/16\/neige-et-routes-bloquees-les-n-durgence\/","title":{"rendered":"Neige et routes bloqu\u00e9es : Les N\u00b0 d\u2019urgence"},"content":{"rendered":"<p style=\"text-align: center;\"><img loading=\"lazy\" decoding=\"async\" class=\"alignnone size-full wp-image-79193\" src=\"http:\/\/kapitalis.com\/tunisie\/wp-content\/uploads\/2017\/01\/Jendouba-routes-bloqu\u00e9es.jpg\" alt=\"\" width=\"626\" height=\"380\" \/><\/p>\n<p><em><strong>La garde nationale appelle les automobilistes \u00e0 ne pas se rendre \u00e0 Fernana, A\u00efn Draham et Tabarka (Jendouba), car les routes sont dangereuses et impraticables.<\/strong><\/em><\/p>\n<p><!--more--><\/p>\n<p>Le minist\u00e8re de l\u2019Int\u00e9rieur a pr\u00e9venu dans un communiqu\u00e9 publi\u00e9 aujourd\u2019hui, lundi 16 janvier 2017, que les chutes de neige se poursuivent dans les hauteurs du nord-ouest et que beaucoup de\u00a0routes demeurent bloqu\u00e9es.<\/p>\n<p>\u00ab<em>Des chutes de neige ont \u00e9galement \u00e9t\u00e9 enregistr\u00e9es dans les gouvernorats de Siliana et Kasserine, la vigilance est de mise. L\u2019exc\u00e8s de vitesse est \u00e0 bannir et les distances de s\u00e9curit\u00e9 \u00e0 respecter<\/em>\u00a0\u00bb, pr\u00e9vient encore la garde nationale.<\/p>\n<p>Des num\u00e9ros d\u2019urgences ont \u00e9t\u00e9 mis \u00e0 disposition des usagers de la route\u00a0: 71 960 448 et\u00a0 71 963 512.<\/p>\n<p style=\"text-align: right;\"><strong>Y. N.<\/strong><\/p>\n","protected":false},"excerpt":{"rendered":"<p>La garde nationale appelle les automobilistes \u00e0 ne pas se rendre \u00e0 Fernana, A\u00efn Draham et Tabarka (Jendouba), car les routes sont dangereuses et impraticables.<\/p>\n","protected":false},"author":6,"featured_media":79193,"comment_status":"open","ping_status":"open","sticky":false,"template":"","format":"standard","meta":{"footnotes":""},"categories":[998,2433],"tags":[2940,2214,525,616,12807,12808,24588],"class_list":["post-79192","post","type-post","status-publish","format-standard","has-post-thumbnail","hentry","category-societe","category-tunisie","tag-ain-draham","tag-fernana","tag-kasserine","tag-ministere-interieur","tag-neige","tag-routes-bloquees","tag-silana"],"yoast_head":"<!-- This site is optimized with the Yoast SEO plugin v26.6 - https:\/\/yoast.com\/wordpress\/plugins\/seo\/ -->\n<title>Neige et routes bloqu\u00e9es : Les N\u00b0 d\u2019urgence - Kapitalis<\/title>\n<meta name=\"robots\" content=\"index, follow, max-snippet:-1, max-image-preview:large, max-video-preview:-1\" \/>\n<link rel=\"canonical\" href=\"https:\/\/kapitalis.com\/tunisie\/2017\/01\/16\/neige-et-routes-bloquees-les-n-durgence\/\" \/>\n<meta property=\"og:locale\" content=\"fr_FR\" \/>\n<meta property=\"og:type\" content=\"article\" \/>\n<meta property=\"og:title\" content=\"Neige et routes bloqu\u00e9es : Les N\u00b0 d\u2019urgence - Kapitalis\" \/>\n<meta property=\"og:description\" content=\"La garde nationale appelle les automobilistes \u00e0 ne pas se rendre \u00e0 Fernana, A\u00efn Draham et Tabarka (Jendouba), car les routes sont dangereuses et impraticables.\" \/>\n<meta property=\"og:url\" content=\"https:\/\/kapitalis.com\/tunisie\/2017\/01\/16\/neige-et-routes-bloquees-les-n-durgence\/\" \/>\n<meta property=\"og:site_name\" content=\"Kapitalis\" \/>\n<meta property=\"article:publisher\" content=\"https:\/\/www.facebook.com\/KapitalisInfo\/\" \/>\n<meta property=\"article:published_time\" content=\"2017-01-16T14:06:22+00:00\" \/>\n<meta property=\"og:image\" content=\"https:\/\/kapitalis.com\/tunisie\/wp-content\/uploads\/2022\/05\/kapitalis-logo-fb.png\" \/>\n\t<meta property=\"og:image:width\" content=\"1200\" \/>\n\t<meta property=\"og:image:height\" content=\"630\" \/>\n\t<meta property=\"og:image:type\" content=\"image\/png\" \/>\n<meta name=\"author\" content=\"Yusra NY\" \/>\n<meta name=\"twitter:card\" content=\"summary_large_image\" \/>\n<meta name=\"twitter:creator\" content=\"@KapitalisInfo\" \/>\n<meta name=\"twitter:site\" content=\"@KapitalisInfo\" \/>\n<meta name=\"twitter:label1\" content=\"\u00c9crit par\" \/>\n\t<meta name=\"twitter:data1\" content=\"Yusra NY\" \/>\n\t<meta name=\"twitter:label2\" content=\"Dur\u00e9e de lecture estim\u00e9e\" \/>\n\t<meta name=\"twitter:data2\" content=\"1 minute\" \/>\n<script type=\"application\/ld+json\" class=\"yoast-schema-graph\">{\"@context\":\"https:\/\/schema.org\",\"@graph\":[{\"@type\":\"Article\",\"@id\":\"https:\/\/kapitalis.com\/tunisie\/2017\/01\/16\/neige-et-routes-bloquees-les-n-durgence\/#article\",\"isPartOf\":{\"@id\":\"https:\/\/kapitalis.com\/tunisie\/2017\/01\/16\/neige-et-routes-bloquees-les-n-durgence\/\"},\"author\":{\"name\":\"Yusra NY\",\"@id\":\"https:\/\/kapitalis.com\/tunisie\/#\/schema\/person\/74bbde0154d49d790a92aaeac5bc01d5\"},\"headline\":\"Neige et routes bloqu\u00e9es : Les N\u00b0 d\u2019urgence\",\"datePublished\":\"2017-01-16T14:06:22+00:00\",\"mainEntityOfPage\":{\"@id\":\"https:\/\/kapitalis.com\/tunisie\/2017\/01\/16\/neige-et-routes-bloquees-les-n-durgence\/\"},\"wordCount\":129,\"commentCount\":0,\"publisher\":{\"@id\":\"https:\/\/kapitalis.com\/tunisie\/#organization\"},\"image\":{\"@id\":\"https:\/\/kapitalis.com\/tunisie\/2017\/01\/16\/neige-et-routes-bloquees-les-n-durgence\/#primaryimage\"},\"thumbnailUrl\":\"\",\"keywords\":[\"A\u00efn Draham\",\"Fernana\",\"Kasserine\",\"minist\u00e8re int\u00e9rieur\",\"neige\",\"routes bloqu\u00e9es\",\"Silana\"],\"articleSection\":[\"SOCIETE\",\"Tunisie\"],\"inLanguage\":\"fr-FR\",\"potentialAction\":[{\"@type\":\"CommentAction\",\"name\":\"Comment\",\"target\":[\"https:\/\/kapitalis.com\/tunisie\/2017\/01\/16\/neige-et-routes-bloquees-les-n-durgence\/#respond\"]}]},{\"@type\":\"WebPage\",\"@id\":\"https:\/\/kapitalis.com\/tunisie\/2017\/01\/16\/neige-et-routes-bloquees-les-n-durgence\/\",\"url\":\"https:\/\/kapitalis.com\/tunisie\/2017\/01\/16\/neige-et-routes-bloquees-les-n-durgence\/\",\"name\":\"Neige et routes bloqu\u00e9es : Les N\u00b0 d\u2019urgence - Kapitalis\",\"isPartOf\":{\"@id\":\"https:\/\/kapitalis.com\/tunisie\/#website\"},\"primaryImageOfPage\":{\"@id\":\"https:\/\/kapitalis.com\/tunisie\/2017\/01\/16\/neige-et-routes-bloquees-les-n-durgence\/#primaryimage\"},\"image\":{\"@id\":\"https:\/\/kapitalis.com\/tunisie\/2017\/01\/16\/neige-et-routes-bloquees-les-n-durgence\/#primaryimage\"},\"thumbnailUrl\":\"\",\"datePublished\":\"2017-01-16T14:06:22+00:00\",\"breadcrumb\":{\"@id\":\"https:\/\/kapitalis.com\/tunisie\/2017\/01\/16\/neige-et-routes-bloquees-les-n-durgence\/#breadcrumb\"},\"inLanguage\":\"fr-FR\",\"potentialAction\":[{\"@type\":\"ReadAction\",\"target\":[\"https:\/\/kapitalis.com\/tunisie\/2017\/01\/16\/neige-et-routes-bloquees-les-n-durgence\/\"]}]},{\"@type\":\"ImageObject\",\"inLanguage\":\"fr-FR\",\"@id\":\"https:\/\/kapitalis.com\/tunisie\/2017\/01\/16\/neige-et-routes-bloquees-les-n-durgence\/#primaryimage\",\"url\":\"\",\"contentUrl\":\"\"},{\"@type\":\"BreadcrumbList\",\"@id\":\"https:\/\/kapitalis.com\/tunisie\/2017\/01\/16\/neige-et-routes-bloquees-les-n-durgence\/#breadcrumb\",\"itemListElement\":[{\"@type\":\"ListItem\",\"position\":1,\"name\":\"Accueil\",\"item\":\"https:\/\/kapitalis.com\/tunisie\/\"},{\"@type\":\"ListItem\",\"position\":2,\"name\":\"Neige et routes bloqu\u00e9es : Les N\u00b0 d\u2019urgence\"}]},{\"@type\":\"WebSite\",\"@id\":\"https:\/\/kapitalis.com\/tunisie\/#website\",\"url\":\"https:\/\/kapitalis.com\/tunisie\/\",\"name\":\"Kapitalis\",\"description\":\"L&#039;actualit\u00e9 en Tunisie et dans le monde\",\"publisher\":{\"@id\":\"https:\/\/kapitalis.com\/tunisie\/#organization\"},\"potentialAction\":[{\"@type\":\"SearchAction\",\"target\":{\"@type\":\"EntryPoint\",\"urlTemplate\":\"https:\/\/kapitalis.com\/tunisie\/?s={search_term_string}\"},\"query-input\":{\"@type\":\"PropertyValueSpecification\",\"valueRequired\":true,\"valueName\":\"search_term_string\"}}],\"inLanguage\":\"fr-FR\"},{\"@type\":\"Organization\",\"@id\":\"https:\/\/kapitalis.com\/tunisie\/#organization\",\"name\":\"Kapitalis\",\"url\":\"https:\/\/kapitalis.com\/tunisie\/\",\"logo\":{\"@type\":\"ImageObject\",\"inLanguage\":\"fr-FR\",\"@id\":\"https:\/\/kapitalis.com\/tunisie\/#\/schema\/logo\/image\/\",\"url\":\"https:\/\/kapitalis.com\/tunisie\/wp-content\/uploads\/2022\/05\/Kapitalis-big-size.png\",\"contentUrl\":\"https:\/\/kapitalis.com\/tunisie\/wp-content\/uploads\/2022\/05\/Kapitalis-big-size.png\",\"width\":5000,\"height\":1500,\"caption\":\"Kapitalis\"},\"image\":{\"@id\":\"https:\/\/kapitalis.com\/tunisie\/#\/schema\/logo\/image\/\"},\"sameAs\":[\"https:\/\/www.facebook.com\/KapitalisInfo\/\",\"https:\/\/x.com\/KapitalisInfo\",\"https:\/\/www.youtube.com\/channel\/UC-yDYrHyfFBWWZaOw3FPg9Q\"]},{\"@type\":\"Person\",\"@id\":\"https:\/\/kapitalis.com\/tunisie\/#\/schema\/person\/74bbde0154d49d790a92aaeac5bc01d5\",\"name\":\"Yusra NY\",\"url\":\"https:\/\/kapitalis.com\/tunisie\/author\/yuza_adam\/\"}]}<\/script>\n<!-- \/ Yoast SEO plugin. -->","yoast_head_json":{"title":"Neige et routes bloqu\u00e9es : Les N\u00b0 d\u2019urgence - Kapitalis","robots":{"index":"index","follow":"follow","max-snippet":"max-snippet:-1","max-image-preview":"max-image-preview:large","max-video-preview":"max-video-preview:-1"},"canonical":"https:\/\/kapitalis.com\/tunisie\/2017\/01\/16\/neige-et-routes-bloquees-les-n-durgence\/","og_locale":"fr_FR","og_type":"article","og_title":"Neige et routes bloqu\u00e9es : Les N\u00b0 d\u2019urgence - Kapitalis","og_description":"La garde nationale appelle les automobilistes \u00e0 ne pas se rendre \u00e0 Fernana, A\u00efn Draham et Tabarka (Jendouba), car les routes sont dangereuses et impraticables.","og_url":"https:\/\/kapitalis.com\/tunisie\/2017\/01\/16\/neige-et-routes-bloquees-les-n-durgence\/","og_site_name":"Kapitalis","article_publisher":"https:\/\/www.facebook.com\/KapitalisInfo\/","article_published_time":"2017-01-16T14:06:22+00:00","og_image":[{"width":1200,"height":630,"url":"https:\/\/kapitalis.com\/tunisie\/wp-content\/uploads\/2022\/05\/kapitalis-logo-fb.png","type":"image\/png"}],"author":"Yusra NY","twitter_card":"summary_large_image","twitter_creator":"@KapitalisInfo","twitter_site":"@KapitalisInfo","twitter_misc":{"\u00c9crit par":"Yusra NY","Dur\u00e9e de lecture estim\u00e9e":"1 minute"},"schema":{"@context":"https:\/\/schema.org","@graph":[{"@type":"Article","@id":"https:\/\/kapitalis.com\/tunisie\/2017\/01\/16\/neige-et-routes-bloquees-les-n-durgence\/#article","isPartOf":{"@id":"https:\/\/kapitalis.com\/tunisie\/2017\/01\/16\/neige-et-routes-bloquees-les-n-durgence\/"},"author":{"name":"Yusra NY","@id":"https:\/\/kapitalis.com\/tunisie\/#\/schema\/person\/74bbde0154d49d790a92aaeac5bc01d5"},"headline":"Neige et routes bloqu\u00e9es : Les N\u00b0 d\u2019urgence","datePublished":"2017-01-16T14:06:22+00:00","mainEntityOfPage":{"@id":"https:\/\/kapitalis.com\/tunisie\/2017\/01\/16\/neige-et-routes-bloquees-les-n-durgence\/"},"wordCount":129,"commentCount":0,"publisher":{"@id":"https:\/\/kapitalis.com\/tunisie\/#organization"},"image":{"@id":"https:\/\/kapitalis.com\/tunisie\/2017\/01\/16\/neige-et-routes-bloquees-les-n-durgence\/#primaryimage"},"thumbnailUrl":"","keywords":["A\u00efn Draham","Fernana","Kasserine","minist\u00e8re int\u00e9rieur","neige","routes bloqu\u00e9es","Silana"],"articleSection":["SOCIETE","Tunisie"],"inLanguage":"fr-FR","potentialAction":[{"@type":"CommentAction","name":"Comment","target":["https:\/\/kapitalis.com\/tunisie\/2017\/01\/16\/neige-et-routes-bloquees-les-n-durgence\/#respond"]}]},{"@type":"WebPage","@id":"https:\/\/kapitalis.com\/tunisie\/2017\/01\/16\/neige-et-routes-bloquees-les-n-durgence\/","url":"https:\/\/kapitalis.com\/tunisie\/2017\/01\/16\/neige-et-routes-bloquees-les-n-durgence\/","name":"Neige et routes bloqu\u00e9es : Les N\u00b0 d\u2019urgence - Kapitalis","isPartOf":{"@id":"https:\/\/kapitalis.com\/tunisie\/#website"},"primaryImageOfPage":{"@id":"https:\/\/kapitalis.com\/tunisie\/2017\/01\/16\/neige-et-routes-bloquees-les-n-durgence\/#primaryimage"},"image":{"@id":"https:\/\/kapitalis.com\/tunisie\/2017\/01\/16\/neige-et-routes-bloquees-les-n-durgence\/#primaryimage"},"thumbnailUrl":"","datePublished":"2017-01-16T14:06:22+00:00","breadcrumb":{"@id":"https:\/\/kapitalis.com\/tunisie\/2017\/01\/16\/neige-et-routes-bloquees-les-n-durgence\/#breadcrumb"},"inLanguage":"fr-FR","potentialAction":[{"@type":"ReadAction","target":["https:\/\/kapitalis.com\/tunisie\/2017\/01\/16\/neige-et-routes-bloquees-les-n-durgence\/"]}]},{"@type":"ImageObject","inLanguage":"fr-FR","@id":"https:\/\/kapitalis.com\/tunisie\/2017\/01\/16\/neige-et-routes-bloquees-les-n-durgence\/#primaryimage","url":"","contentUrl":""},{"@type":"BreadcrumbList","@id":"https:\/\/kapitalis.com\/tunisie\/2017\/01\/16\/neige-et-routes-bloquees-les-n-durgence\/#breadcrumb","itemListElement":[{"@type":"ListItem","position":1,"name":"Accueil","item":"https:\/\/kapitalis.com\/tunisie\/"},{"@type":"ListItem","position":2,"name":"Neige et routes bloqu\u00e9es : Les N\u00b0 d\u2019urgence"}]},{"@type":"WebSite","@id":"https:\/\/kapitalis.com\/tunisie\/#website","url":"https:\/\/kapitalis.com\/tunisie\/","name":"Kapitalis","description":"L&#039;actualit\u00e9 en Tunisie et dans le monde","publisher":{"@id":"https:\/\/kapitalis.com\/tunisie\/#organization"},"potentialAction":[{"@type":"SearchAction","target":{"@type":"EntryPoint","urlTemplate":"https:\/\/kapitalis.com\/tunisie\/?s={search_term_string}"},"query-input":{"@type":"PropertyValueSpecification","valueRequired":true,"valueName":"search_term_string"}}],"inLanguage":"fr-FR"},{"@type":"Organization","@id":"https:\/\/kapitalis.com\/tunisie\/#organization","name":"Kapitalis","url":"https:\/\/kapitalis.com\/tunisie\/","logo":{"@type":"ImageObject","inLanguage":"fr-FR","@id":"https:\/\/kapitalis.com\/tunisie\/#\/schema\/logo\/image\/","url":"https:\/\/kapitalis.com\/tunisie\/wp-content\/uploads\/2022\/05\/Kapitalis-big-size.png","contentUrl":"https:\/\/kapitalis.com\/tunisie\/wp-content\/uploads\/2022\/05\/Kapitalis-big-size.png","width":5000,"height":1500,"caption":"Kapitalis"},"image":{"@id":"https:\/\/kapitalis.com\/tunisie\/#\/schema\/logo\/image\/"},"sameAs":["https:\/\/www.facebook.com\/KapitalisInfo\/","https:\/\/x.com\/KapitalisInfo","https:\/\/www.youtube.com\/channel\/UC-yDYrHyfFBWWZaOw3FPg9Q"]},{"@type":"Person","@id":"https:\/\/kapitalis.com\/tunisie\/#\/schema\/person\/74bbde0154d49d790a92aaeac5bc01d5","name":"Yusra NY","url":"https:\/\/kapitalis.com\/tunisie\/author\/yuza_adam\/"}]}},"_links":{"self":[{"href":"https:\/\/kapitalis.com\/tunisie\/wp-json\/wp\/v2\/posts\/79192","targetHints":{"allow":["GET"]}}],"collection":[{"href":"https:\/\/kapitalis.com\/tunisie\/wp-json\/wp\/v2\/posts"}],"about":[{"href":"https:\/\/kapitalis.com\/tunisie\/wp-json\/wp\/v2\/types\/post"}],"author":[{"embeddable":true,"href":"https:\/\/kapitalis.com\/tunisie\/wp-json\/wp\/v2\/users\/6"}],"replies":[{"embeddable":true,"href":"https:\/\/kapitalis.com\/tunisie\/wp-json\/wp\/v2\/comments?post=79192"}],"version-history":[{"count":0,"href":"https:\/\/kapitalis.com\/tunisie\/wp-json\/wp\/v2\/posts\/79192\/revisions"}],"wp:featuredmedia":[{"embeddable":true,"href":"https:\/\/kapitalis.com\/tunisie\/wp-json\/wp\/v2\/media\/79193"}],"wp:attachment":[{"href":"https:\/\/kapitalis.com\/tunisie\/wp-json\/wp\/v2\/media?parent=79192"}],"wp:term":[{"taxonomy":"category","embeddable":true,"href":"https:\/\/kapitalis.com\/tunisie\/wp-json\/wp\/v2\/categories?post=79192"},{"taxonomy":"post_tag","embeddable":true,"href":"https:\/\/kapitalis.com\/tunisie\/wp-json\/wp\/v2\/tags?post=79192"}],"curies":[{"name":"wp","href":"https:\/\/api.w.org\/{rel}","templated":true}]}}