{"id":7938,"date":"2015-07-24T18:16:18","date_gmt":"2015-07-24T17:16:18","guid":{"rendered":"http:\/\/kapitalis.com\/tunisie\/?p=7938"},"modified":"2015-07-24T18:16:18","modified_gmt":"2015-07-24T17:16:18","slug":"orange-tunisie-sponsor-officiel-du-39e-festival-de-dougga","status":"publish","type":"post","link":"https:\/\/kapitalis.com\/tunisie\/2015\/07\/24\/orange-tunisie-sponsor-officiel-du-39e-festival-de-dougga\/","title":{"rendered":"Orange Tunisie sponsor officiel du 39e festival de Dougga"},"content":{"rendered":"<p><img loading=\"lazy\" decoding=\"async\" class=\"aligncenter size-full wp-image-7939\" src=\"http:\/\/kapitalis.com\/tunisie\/wp-content\/uploads\/2015\/07\/Festival-de-Dougga.jpg\" alt=\"Festival-de-Dougga\" width=\"626\" height=\"380\" \/><\/p>\n<p><em><strong>Le 39e festival de Dougga, sponsoris\u00e9 par Orange, se tiendra du 25 juillet au 13 ao\u00fbt et proposera un programme \u00e9clectique et une f\u00eate populaire pour tous.<\/strong> \u00a0<\/em><\/p>\n<p><!--more--><\/p>\n<p>Les habitants de la r\u00e9gion de Dougga et ses environs (Testour, Krib, Thibar\u2026) auront droit \u00e0 une programmation \u00e0 l\u2019image de cette ville charg\u00e9e d\u2019histoire et c\u00e9l\u00e8bre pour ses vestiges arch\u00e9ologiques.<\/p>\n<p>Lotfi Bouchnak, Zied Gharsa, Leila Hejaiej, Nour Chiba, Walid Ettounsi, les Qoudoud Al-Halabya, du th\u00e9\u00e2tre, de la danse\u2026 et m\u00eame des spectacles pour enfants.<\/p>\n<p>Le programme d\u00e9taill\u00e9 dans le <a href=\"http:\/\/www.festivaldougga.com\/\" target=\"_blank\">site web du festival<\/a>, sa<a href=\"https:\/\/www.facebook.com\/FestivalDougga\" target=\"_blank\"> page Facebook<\/a> et son <a href=\"https:\/\/twitter.com\/Festival_Dougga\" target=\"_blank\">compte Twitter<\/a>.<\/p>\n<p>Le prix de l\u2019abonnement pour les 13 spectacles est fix\u00e9\u00a0 \u00e0 50 dinars, soit 2 soir\u00e9es gratuites pour les gradins et 100 dinars pour les chaises avec aussi 2 soir\u00e9es gratuites.<\/p>\n<p style=\"text-align: right;\"><strong>Z. A.<\/strong><\/p>\n","protected":false},"excerpt":{"rendered":"<p>Le 39e festival de Dougga, sponsoris\u00e9 par Orange, se tiendra du 25 juillet au 13 ao\u00fbt et proposera un programme \u00e9clectique et une f\u00eate populaire pour tous. \u00a0<\/p>\n","protected":false},"author":5,"featured_media":7939,"comment_status":"open","ping_status":"open","sticky":false,"template":"","format":"standard","meta":{"footnotes":""},"categories":[994,2433],"tags":[3718,681],"class_list":["post-7938","post","type-post","status-publish","format-standard","has-post-thumbnail","hentry","category-culture","category-tunisie","tag-dougga","tag-orange"],"yoast_head":"<!-- This site is optimized with the Yoast SEO plugin v26.6 - https:\/\/yoast.com\/wordpress\/plugins\/seo\/ -->\n<title>Orange Tunisie sponsor officiel du 39e festival de Dougga - Kapitalis<\/title>\n<meta name=\"robots\" content=\"index, follow, max-snippet:-1, max-image-preview:large, max-video-preview:-1\" \/>\n<link rel=\"canonical\" href=\"https:\/\/kapitalis.com\/tunisie\/2015\/07\/24\/orange-tunisie-sponsor-officiel-du-39e-festival-de-dougga\/\" \/>\n<meta property=\"og:locale\" content=\"fr_FR\" \/>\n<meta property=\"og:type\" content=\"article\" \/>\n<meta property=\"og:title\" content=\"Orange Tunisie sponsor officiel du 39e festival de Dougga - Kapitalis\" \/>\n<meta property=\"og:description\" content=\"Le 39e festival de Dougga, sponsoris\u00e9 par Orange, se tiendra du 25 juillet au 13 ao\u00fbt et proposera un programme \u00e9clectique et une f\u00eate populaire pour tous. \u00a0\" \/>\n<meta property=\"og:url\" content=\"https:\/\/kapitalis.com\/tunisie\/2015\/07\/24\/orange-tunisie-sponsor-officiel-du-39e-festival-de-dougga\/\" \/>\n<meta property=\"og:site_name\" content=\"Kapitalis\" \/>\n<meta property=\"article:publisher\" content=\"https:\/\/www.facebook.com\/KapitalisInfo\/\" \/>\n<meta property=\"article:published_time\" content=\"2015-07-24T17:16:18+00:00\" \/>\n<meta property=\"og:image\" content=\"https:\/\/kapitalis.com\/tunisie\/wp-content\/uploads\/2022\/05\/kapitalis-logo-fb.png\" \/>\n\t<meta property=\"og:image:width\" content=\"1200\" \/>\n\t<meta property=\"og:image:height\" content=\"630\" \/>\n\t<meta property=\"og:image:type\" content=\"image\/png\" \/>\n<meta name=\"author\" content=\"Ridha Elkefi\" \/>\n<meta name=\"twitter:card\" content=\"summary_large_image\" \/>\n<meta name=\"twitter:creator\" content=\"@KapitalisInfo\" \/>\n<meta name=\"twitter:site\" content=\"@KapitalisInfo\" \/>\n<meta name=\"twitter:label1\" content=\"\u00c9crit par\" \/>\n\t<meta name=\"twitter:data1\" content=\"Ridha Elkefi\" \/>\n\t<meta name=\"twitter:label2\" content=\"Dur\u00e9e de lecture estim\u00e9e\" \/>\n\t<meta name=\"twitter:data2\" content=\"1 minute\" \/>\n<script type=\"application\/ld+json\" class=\"yoast-schema-graph\">{\"@context\":\"https:\/\/schema.org\",\"@graph\":[{\"@type\":\"Article\",\"@id\":\"https:\/\/kapitalis.com\/tunisie\/2015\/07\/24\/orange-tunisie-sponsor-officiel-du-39e-festival-de-dougga\/#article\",\"isPartOf\":{\"@id\":\"https:\/\/kapitalis.com\/tunisie\/2015\/07\/24\/orange-tunisie-sponsor-officiel-du-39e-festival-de-dougga\/\"},\"author\":{\"name\":\"Ridha Elkefi\",\"@id\":\"https:\/\/kapitalis.com\/tunisie\/#\/schema\/person\/16627fc9b2fc0116230e88af071eebab\"},\"headline\":\"Orange Tunisie sponsor officiel du 39e festival de Dougga\",\"datePublished\":\"2015-07-24T17:16:18+00:00\",\"mainEntityOfPage\":{\"@id\":\"https:\/\/kapitalis.com\/tunisie\/2015\/07\/24\/orange-tunisie-sponsor-officiel-du-39e-festival-de-dougga\/\"},\"wordCount\":145,\"commentCount\":2,\"publisher\":{\"@id\":\"https:\/\/kapitalis.com\/tunisie\/#organization\"},\"image\":{\"@id\":\"https:\/\/kapitalis.com\/tunisie\/2015\/07\/24\/orange-tunisie-sponsor-officiel-du-39e-festival-de-dougga\/#primaryimage\"},\"thumbnailUrl\":\"\",\"keywords\":[\"Dougga\",\"Orange\"],\"articleSection\":[\"CULTURE\",\"Tunisie\"],\"inLanguage\":\"fr-FR\",\"potentialAction\":[{\"@type\":\"CommentAction\",\"name\":\"Comment\",\"target\":[\"https:\/\/kapitalis.com\/tunisie\/2015\/07\/24\/orange-tunisie-sponsor-officiel-du-39e-festival-de-dougga\/#respond\"]}]},{\"@type\":\"WebPage\",\"@id\":\"https:\/\/kapitalis.com\/tunisie\/2015\/07\/24\/orange-tunisie-sponsor-officiel-du-39e-festival-de-dougga\/\",\"url\":\"https:\/\/kapitalis.com\/tunisie\/2015\/07\/24\/orange-tunisie-sponsor-officiel-du-39e-festival-de-dougga\/\",\"name\":\"Orange Tunisie sponsor officiel du 39e festival de Dougga - Kapitalis\",\"isPartOf\":{\"@id\":\"https:\/\/kapitalis.com\/tunisie\/#website\"},\"primaryImageOfPage\":{\"@id\":\"https:\/\/kapitalis.com\/tunisie\/2015\/07\/24\/orange-tunisie-sponsor-officiel-du-39e-festival-de-dougga\/#primaryimage\"},\"image\":{\"@id\":\"https:\/\/kapitalis.com\/tunisie\/2015\/07\/24\/orange-tunisie-sponsor-officiel-du-39e-festival-de-dougga\/#primaryimage\"},\"thumbnailUrl\":\"\",\"datePublished\":\"2015-07-24T17:16:18+00:00\",\"breadcrumb\":{\"@id\":\"https:\/\/kapitalis.com\/tunisie\/2015\/07\/24\/orange-tunisie-sponsor-officiel-du-39e-festival-de-dougga\/#breadcrumb\"},\"inLanguage\":\"fr-FR\",\"potentialAction\":[{\"@type\":\"ReadAction\",\"target\":[\"https:\/\/kapitalis.com\/tunisie\/2015\/07\/24\/orange-tunisie-sponsor-officiel-du-39e-festival-de-dougga\/\"]}]},{\"@type\":\"ImageObject\",\"inLanguage\":\"fr-FR\",\"@id\":\"https:\/\/kapitalis.com\/tunisie\/2015\/07\/24\/orange-tunisie-sponsor-officiel-du-39e-festival-de-dougga\/#primaryimage\",\"url\":\"\",\"contentUrl\":\"\"},{\"@type\":\"BreadcrumbList\",\"@id\":\"https:\/\/kapitalis.com\/tunisie\/2015\/07\/24\/orange-tunisie-sponsor-officiel-du-39e-festival-de-dougga\/#breadcrumb\",\"itemListElement\":[{\"@type\":\"ListItem\",\"position\":1,\"name\":\"Accueil\",\"item\":\"https:\/\/kapitalis.com\/tunisie\/\"},{\"@type\":\"ListItem\",\"position\":2,\"name\":\"Orange Tunisie sponsor officiel du 39e festival de Dougga\"}]},{\"@type\":\"WebSite\",\"@id\":\"https:\/\/kapitalis.com\/tunisie\/#website\",\"url\":\"https:\/\/kapitalis.com\/tunisie\/\",\"name\":\"Kapitalis\",\"description\":\"L&#039;actualit\u00e9 en Tunisie et dans le monde\",\"publisher\":{\"@id\":\"https:\/\/kapitalis.com\/tunisie\/#organization\"},\"potentialAction\":[{\"@type\":\"SearchAction\",\"target\":{\"@type\":\"EntryPoint\",\"urlTemplate\":\"https:\/\/kapitalis.com\/tunisie\/?s={search_term_string}\"},\"query-input\":{\"@type\":\"PropertyValueSpecification\",\"valueRequired\":true,\"valueName\":\"search_term_string\"}}],\"inLanguage\":\"fr-FR\"},{\"@type\":\"Organization\",\"@id\":\"https:\/\/kapitalis.com\/tunisie\/#organization\",\"name\":\"Kapitalis\",\"url\":\"https:\/\/kapitalis.com\/tunisie\/\",\"logo\":{\"@type\":\"ImageObject\",\"inLanguage\":\"fr-FR\",\"@id\":\"https:\/\/kapitalis.com\/tunisie\/#\/schema\/logo\/image\/\",\"url\":\"https:\/\/kapitalis.com\/tunisie\/wp-content\/uploads\/2022\/05\/Kapitalis-big-size.png\",\"contentUrl\":\"https:\/\/kapitalis.com\/tunisie\/wp-content\/uploads\/2022\/05\/Kapitalis-big-size.png\",\"width\":5000,\"height\":1500,\"caption\":\"Kapitalis\"},\"image\":{\"@id\":\"https:\/\/kapitalis.com\/tunisie\/#\/schema\/logo\/image\/\"},\"sameAs\":[\"https:\/\/www.facebook.com\/KapitalisInfo\/\",\"https:\/\/x.com\/KapitalisInfo\",\"https:\/\/www.youtube.com\/channel\/UC-yDYrHyfFBWWZaOw3FPg9Q\"]},{\"@type\":\"Person\",\"@id\":\"https:\/\/kapitalis.com\/tunisie\/#\/schema\/person\/16627fc9b2fc0116230e88af071eebab\",\"name\":\"Ridha Elkefi\",\"url\":\"https:\/\/kapitalis.com\/tunisie\/author\/ridha-kefi\/\"}]}<\/script>\n<!-- \/ Yoast SEO plugin. -->","yoast_head_json":{"title":"Orange Tunisie sponsor officiel du 39e festival de Dougga - Kapitalis","robots":{"index":"index","follow":"follow","max-snippet":"max-snippet:-1","max-image-preview":"max-image-preview:large","max-video-preview":"max-video-preview:-1"},"canonical":"https:\/\/kapitalis.com\/tunisie\/2015\/07\/24\/orange-tunisie-sponsor-officiel-du-39e-festival-de-dougga\/","og_locale":"fr_FR","og_type":"article","og_title":"Orange Tunisie sponsor officiel du 39e festival de Dougga - Kapitalis","og_description":"Le 39e festival de Dougga, sponsoris\u00e9 par Orange, se tiendra du 25 juillet au 13 ao\u00fbt et proposera un programme \u00e9clectique et une f\u00eate populaire pour tous. \u00a0","og_url":"https:\/\/kapitalis.com\/tunisie\/2015\/07\/24\/orange-tunisie-sponsor-officiel-du-39e-festival-de-dougga\/","og_site_name":"Kapitalis","article_publisher":"https:\/\/www.facebook.com\/KapitalisInfo\/","article_published_time":"2015-07-24T17:16:18+00:00","og_image":[{"width":1200,"height":630,"url":"https:\/\/kapitalis.com\/tunisie\/wp-content\/uploads\/2022\/05\/kapitalis-logo-fb.png","type":"image\/png"}],"author":"Ridha Elkefi","twitter_card":"summary_large_image","twitter_creator":"@KapitalisInfo","twitter_site":"@KapitalisInfo","twitter_misc":{"\u00c9crit par":"Ridha Elkefi","Dur\u00e9e de lecture estim\u00e9e":"1 minute"},"schema":{"@context":"https:\/\/schema.org","@graph":[{"@type":"Article","@id":"https:\/\/kapitalis.com\/tunisie\/2015\/07\/24\/orange-tunisie-sponsor-officiel-du-39e-festival-de-dougga\/#article","isPartOf":{"@id":"https:\/\/kapitalis.com\/tunisie\/2015\/07\/24\/orange-tunisie-sponsor-officiel-du-39e-festival-de-dougga\/"},"author":{"name":"Ridha Elkefi","@id":"https:\/\/kapitalis.com\/tunisie\/#\/schema\/person\/16627fc9b2fc0116230e88af071eebab"},"headline":"Orange Tunisie sponsor officiel du 39e festival de Dougga","datePublished":"2015-07-24T17:16:18+00:00","mainEntityOfPage":{"@id":"https:\/\/kapitalis.com\/tunisie\/2015\/07\/24\/orange-tunisie-sponsor-officiel-du-39e-festival-de-dougga\/"},"wordCount":145,"commentCount":2,"publisher":{"@id":"https:\/\/kapitalis.com\/tunisie\/#organization"},"image":{"@id":"https:\/\/kapitalis.com\/tunisie\/2015\/07\/24\/orange-tunisie-sponsor-officiel-du-39e-festival-de-dougga\/#primaryimage"},"thumbnailUrl":"","keywords":["Dougga","Orange"],"articleSection":["CULTURE","Tunisie"],"inLanguage":"fr-FR","potentialAction":[{"@type":"CommentAction","name":"Comment","target":["https:\/\/kapitalis.com\/tunisie\/2015\/07\/24\/orange-tunisie-sponsor-officiel-du-39e-festival-de-dougga\/#respond"]}]},{"@type":"WebPage","@id":"https:\/\/kapitalis.com\/tunisie\/2015\/07\/24\/orange-tunisie-sponsor-officiel-du-39e-festival-de-dougga\/","url":"https:\/\/kapitalis.com\/tunisie\/2015\/07\/24\/orange-tunisie-sponsor-officiel-du-39e-festival-de-dougga\/","name":"Orange Tunisie sponsor officiel du 39e festival de Dougga - Kapitalis","isPartOf":{"@id":"https:\/\/kapitalis.com\/tunisie\/#website"},"primaryImageOfPage":{"@id":"https:\/\/kapitalis.com\/tunisie\/2015\/07\/24\/orange-tunisie-sponsor-officiel-du-39e-festival-de-dougga\/#primaryimage"},"image":{"@id":"https:\/\/kapitalis.com\/tunisie\/2015\/07\/24\/orange-tunisie-sponsor-officiel-du-39e-festival-de-dougga\/#primaryimage"},"thumbnailUrl":"","datePublished":"2015-07-24T17:16:18+00:00","breadcrumb":{"@id":"https:\/\/kapitalis.com\/tunisie\/2015\/07\/24\/orange-tunisie-sponsor-officiel-du-39e-festival-de-dougga\/#breadcrumb"},"inLanguage":"fr-FR","potentialAction":[{"@type":"ReadAction","target":["https:\/\/kapitalis.com\/tunisie\/2015\/07\/24\/orange-tunisie-sponsor-officiel-du-39e-festival-de-dougga\/"]}]},{"@type":"ImageObject","inLanguage":"fr-FR","@id":"https:\/\/kapitalis.com\/tunisie\/2015\/07\/24\/orange-tunisie-sponsor-officiel-du-39e-festival-de-dougga\/#primaryimage","url":"","contentUrl":""},{"@type":"BreadcrumbList","@id":"https:\/\/kapitalis.com\/tunisie\/2015\/07\/24\/orange-tunisie-sponsor-officiel-du-39e-festival-de-dougga\/#breadcrumb","itemListElement":[{"@type":"ListItem","position":1,"name":"Accueil","item":"https:\/\/kapitalis.com\/tunisie\/"},{"@type":"ListItem","position":2,"name":"Orange Tunisie sponsor officiel du 39e festival de Dougga"}]},{"@type":"WebSite","@id":"https:\/\/kapitalis.com\/tunisie\/#website","url":"https:\/\/kapitalis.com\/tunisie\/","name":"Kapitalis","description":"L&#039;actualit\u00e9 en Tunisie et dans le monde","publisher":{"@id":"https:\/\/kapitalis.com\/tunisie\/#organization"},"potentialAction":[{"@type":"SearchAction","target":{"@type":"EntryPoint","urlTemplate":"https:\/\/kapitalis.com\/tunisie\/?s={search_term_string}"},"query-input":{"@type":"PropertyValueSpecification","valueRequired":true,"valueName":"search_term_string"}}],"inLanguage":"fr-FR"},{"@type":"Organization","@id":"https:\/\/kapitalis.com\/tunisie\/#organization","name":"Kapitalis","url":"https:\/\/kapitalis.com\/tunisie\/","logo":{"@type":"ImageObject","inLanguage":"fr-FR","@id":"https:\/\/kapitalis.com\/tunisie\/#\/schema\/logo\/image\/","url":"https:\/\/kapitalis.com\/tunisie\/wp-content\/uploads\/2022\/05\/Kapitalis-big-size.png","contentUrl":"https:\/\/kapitalis.com\/tunisie\/wp-content\/uploads\/2022\/05\/Kapitalis-big-size.png","width":5000,"height":1500,"caption":"Kapitalis"},"image":{"@id":"https:\/\/kapitalis.com\/tunisie\/#\/schema\/logo\/image\/"},"sameAs":["https:\/\/www.facebook.com\/KapitalisInfo\/","https:\/\/x.com\/KapitalisInfo","https:\/\/www.youtube.com\/channel\/UC-yDYrHyfFBWWZaOw3FPg9Q"]},{"@type":"Person","@id":"https:\/\/kapitalis.com\/tunisie\/#\/schema\/person\/16627fc9b2fc0116230e88af071eebab","name":"Ridha Elkefi","url":"https:\/\/kapitalis.com\/tunisie\/author\/ridha-kefi\/"}]}},"_links":{"self":[{"href":"https:\/\/kapitalis.com\/tunisie\/wp-json\/wp\/v2\/posts\/7938","targetHints":{"allow":["GET"]}}],"collection":[{"href":"https:\/\/kapitalis.com\/tunisie\/wp-json\/wp\/v2\/posts"}],"about":[{"href":"https:\/\/kapitalis.com\/tunisie\/wp-json\/wp\/v2\/types\/post"}],"author":[{"embeddable":true,"href":"https:\/\/kapitalis.com\/tunisie\/wp-json\/wp\/v2\/users\/5"}],"replies":[{"embeddable":true,"href":"https:\/\/kapitalis.com\/tunisie\/wp-json\/wp\/v2\/comments?post=7938"}],"version-history":[{"count":0,"href":"https:\/\/kapitalis.com\/tunisie\/wp-json\/wp\/v2\/posts\/7938\/revisions"}],"wp:featuredmedia":[{"embeddable":true,"href":"https:\/\/kapitalis.com\/tunisie\/wp-json\/wp\/v2\/media\/7939"}],"wp:attachment":[{"href":"https:\/\/kapitalis.com\/tunisie\/wp-json\/wp\/v2\/media?parent=7938"}],"wp:term":[{"taxonomy":"category","embeddable":true,"href":"https:\/\/kapitalis.com\/tunisie\/wp-json\/wp\/v2\/categories?post=7938"},{"taxonomy":"post_tag","embeddable":true,"href":"https:\/\/kapitalis.com\/tunisie\/wp-json\/wp\/v2\/tags?post=7938"}],"curies":[{"name":"wp","href":"https:\/\/api.w.org\/{rel}","templated":true}]}}