{"id":7942595,"date":"2023-05-15T10:21:59","date_gmt":"2023-05-15T09:21:59","guid":{"rendered":"https:\/\/kapitalis.com\/tunisie\/?p=7942595"},"modified":"2023-05-15T10:22:01","modified_gmt":"2023-05-15T09:22:01","slug":"envirofest-tunisia-des-projections-de-sensibilisation-a-lenvironnement-a-la-cinematheque-tunisienne","status":"publish","type":"post","link":"https:\/\/kapitalis.com\/tunisie\/2023\/05\/15\/envirofest-tunisia-des-projections-de-sensibilisation-a-lenvironnement-a-la-cinematheque-tunisienne\/","title":{"rendered":"Envirofest Tunisia : Des projections de sensibilisation \u00e0 l&rsquo;environnement \u00e0 la Cin\u00e9math\u00e8que tunisienne"},"content":{"rendered":"\n<p><strong><em>Le Festival du Film environnemental de Tunisie (Envirofest) sera de retour les 19, 20 et 21 mai \u00e0 la Cin\u00e9math\u00e8que tunisienne. Une s\u00e9lection de beaux films mondialement connus, un village environnemental, des d\u00e9bats et un programme pour les enfants sont pr\u00e9vus pour cette nouvelle \u00e9dition.<\/em><\/strong><\/p>\n\n\n\n<!--more-->\n\n\n\n<p>Envirofest est le premier festival cin\u00e9matographique enti\u00e8rement d\u00e9di\u00e9 \u00e0 la question \u00e9cologique. Une belle initiative qui met en avant les derni\u00e8res parutions cin\u00e9matographiques au sujet de l\u2019environnement avec un focus sur l\u2019actualit\u00e9 autour de la gestion de l\u2019eau, de la cause animale, de la d\u00e9forestation, du gaspillage alimentaire et \u00e9videmment du d\u00e9r\u00e8glement climatique.<\/p>\n\n\n\n<p>Le festival qui a \u00e9t\u00e9 jusqu\u2019ici organis\u00e9 aussi bien dans la capitale que dans les diff\u00e9rentes r\u00e9gions du pays, revient cette semaine avec une nouvelle programmation qui sera accessible au grand public \u00e0 la Cin\u00e9math\u00e8que tunisienne (Cit\u00e9 de la Culture). Sept films sortis ces derni\u00e8res ann\u00e9es seront propos\u00e9s au public dont \u00ab<em>&nbsp;Animal&nbsp;<\/em>\u00bb de Cyril Dion, le film d\u2019ouverture qui nous rappelle \u00e0 quel point le sort des animaux et le sort des humains sont li\u00e9s et qu\u2019on doit changer de regard envers les autres esp\u00e8ces. Le film avait fait partie de la s\u00e9lection du Festival de Cannes 2021.<\/p>\n\n\n\n<p>Le programme comprend \u00e9galement des ateliers d\u2019initiation au tri et au recyclage, une trentaine d\u2019exposants entre associations et artisans seront pr\u00e9sents durant le festival au village environnemental.<\/p>\n\n\n\n<p class=\"has-text-align-right\"><strong>F.B<\/strong><\/p>\n","protected":false},"excerpt":{"rendered":"<p>Le Festival du Film environnemental de Tunisie (Envirofest) sera de retour les 19, 20 et 21 mai \u00e0 la Cin\u00e9math\u00e8que tunisienne. Une s\u00e9lection de beaux films mondialement connus, un village environnemental, des d\u00e9bats et un programme pour les enfants sont pr\u00e9vus pour cette nouvelle \u00e9dition.<\/p>\n","protected":false},"author":26,"featured_media":7943001,"comment_status":"open","ping_status":"open","sticky":false,"template":"","format":"standard","meta":{"footnotes":""},"categories":[994,2433],"tags":[76004,80173,34406,299,108669,62643],"class_list":["post-7942595","post","type-post","status-publish","format-standard","has-post-thumbnail","hentry","category-culture","category-tunisie","tag-cinema-engage","tag-cinema-environnemental","tag-cinematheque-tunisienne","tag-ecologie","tag-envirofest-2023","tag-tunisie"],"yoast_head":"<!-- This site is optimized with the Yoast SEO plugin v26.6 - https:\/\/yoast.com\/wordpress\/plugins\/seo\/ -->\n<title>Envirofest Tunisia : Des projections de sensibilisation \u00e0 l&#039;environnement \u00e0 la Cin\u00e9math\u00e8que tunisienne - Kapitalis<\/title>\n<meta name=\"robots\" content=\"index, follow, max-snippet:-1, max-image-preview:large, max-video-preview:-1\" \/>\n<link rel=\"canonical\" href=\"https:\/\/kapitalis.com\/tunisie\/2023\/05\/15\/envirofest-tunisia-des-projections-de-sensibilisation-a-lenvironnement-a-la-cinematheque-tunisienne\/\" \/>\n<meta property=\"og:locale\" content=\"fr_FR\" \/>\n<meta property=\"og:type\" content=\"article\" \/>\n<meta property=\"og:title\" content=\"Envirofest Tunisia : Des projections de sensibilisation \u00e0 l&#039;environnement \u00e0 la Cin\u00e9math\u00e8que tunisienne - Kapitalis\" \/>\n<meta property=\"og:description\" content=\"Le Festival du Film environnemental de Tunisie (Envirofest) sera de retour les 19, 20 et 21 mai \u00e0 la Cin\u00e9math\u00e8que tunisienne. Une s\u00e9lection de beaux films mondialement connus, un village environnemental, des d\u00e9bats et un programme pour les enfants sont pr\u00e9vus pour cette nouvelle \u00e9dition.\" \/>\n<meta property=\"og:url\" content=\"https:\/\/kapitalis.com\/tunisie\/2023\/05\/15\/envirofest-tunisia-des-projections-de-sensibilisation-a-lenvironnement-a-la-cinematheque-tunisienne\/\" \/>\n<meta property=\"og:site_name\" content=\"Kapitalis\" \/>\n<meta property=\"article:publisher\" content=\"https:\/\/www.facebook.com\/KapitalisInfo\/\" \/>\n<meta property=\"article:published_time\" content=\"2023-05-15T09:21:59+00:00\" \/>\n<meta property=\"article:modified_time\" content=\"2023-05-15T09:22:01+00:00\" \/>\n<meta property=\"og:image\" content=\"https:\/\/kapitalis.com\/tunisie\/wp-content\/uploads\/2023\/05\/Envirofest-_-mai-2023.jpg\" \/>\n\t<meta property=\"og:image:width\" content=\"1200\" \/>\n\t<meta property=\"og:image:height\" content=\"630\" \/>\n\t<meta property=\"og:image:type\" content=\"image\/jpeg\" \/>\n<meta name=\"author\" content=\"Fawz BenAli\" \/>\n<meta name=\"twitter:card\" content=\"summary_large_image\" \/>\n<meta name=\"twitter:creator\" content=\"@KapitalisInfo\" \/>\n<meta name=\"twitter:site\" content=\"@KapitalisInfo\" \/>\n<meta name=\"twitter:label1\" content=\"\u00c9crit par\" \/>\n\t<meta name=\"twitter:data1\" content=\"Fawz BenAli\" \/>\n\t<meta name=\"twitter:label2\" content=\"Dur\u00e9e de lecture estim\u00e9e\" \/>\n\t<meta name=\"twitter:data2\" content=\"2 minutes\" \/>\n<script type=\"application\/ld+json\" class=\"yoast-schema-graph\">{\"@context\":\"https:\/\/schema.org\",\"@graph\":[{\"@type\":\"Article\",\"@id\":\"https:\/\/kapitalis.com\/tunisie\/2023\/05\/15\/envirofest-tunisia-des-projections-de-sensibilisation-a-lenvironnement-a-la-cinematheque-tunisienne\/#article\",\"isPartOf\":{\"@id\":\"https:\/\/kapitalis.com\/tunisie\/2023\/05\/15\/envirofest-tunisia-des-projections-de-sensibilisation-a-lenvironnement-a-la-cinematheque-tunisienne\/\"},\"author\":{\"name\":\"Fawz BenAli\",\"@id\":\"https:\/\/kapitalis.com\/tunisie\/#\/schema\/person\/73a5ecc1f6ae540c6ed91342eadca948\"},\"headline\":\"Envirofest Tunisia : Des projections de sensibilisation \u00e0 l&rsquo;environnement \u00e0 la Cin\u00e9math\u00e8que tunisienne\",\"datePublished\":\"2023-05-15T09:21:59+00:00\",\"dateModified\":\"2023-05-15T09:22:01+00:00\",\"mainEntityOfPage\":{\"@id\":\"https:\/\/kapitalis.com\/tunisie\/2023\/05\/15\/envirofest-tunisia-des-projections-de-sensibilisation-a-lenvironnement-a-la-cinematheque-tunisienne\/\"},\"wordCount\":263,\"commentCount\":0,\"publisher\":{\"@id\":\"https:\/\/kapitalis.com\/tunisie\/#organization\"},\"image\":{\"@id\":\"https:\/\/kapitalis.com\/tunisie\/2023\/05\/15\/envirofest-tunisia-des-projections-de-sensibilisation-a-lenvironnement-a-la-cinematheque-tunisienne\/#primaryimage\"},\"thumbnailUrl\":\"https:\/\/kapitalis.com\/tunisie\/wp-content\/uploads\/2023\/05\/Envirofest-_-mai-2023.jpg\",\"keywords\":[\"cin\u00e9ma engag\u00e9\",\"cin\u00e9ma environnemental\",\"Cin\u00e9math\u00e8que tunisienne\",\"\u00e9cologie\",\"Envirofest 2023\",\"Tunisie\"],\"articleSection\":[\"CULTURE\",\"Tunisie\"],\"inLanguage\":\"fr-FR\",\"potentialAction\":[{\"@type\":\"CommentAction\",\"name\":\"Comment\",\"target\":[\"https:\/\/kapitalis.com\/tunisie\/2023\/05\/15\/envirofest-tunisia-des-projections-de-sensibilisation-a-lenvironnement-a-la-cinematheque-tunisienne\/#respond\"]}]},{\"@type\":\"WebPage\",\"@id\":\"https:\/\/kapitalis.com\/tunisie\/2023\/05\/15\/envirofest-tunisia-des-projections-de-sensibilisation-a-lenvironnement-a-la-cinematheque-tunisienne\/\",\"url\":\"https:\/\/kapitalis.com\/tunisie\/2023\/05\/15\/envirofest-tunisia-des-projections-de-sensibilisation-a-lenvironnement-a-la-cinematheque-tunisienne\/\",\"name\":\"Envirofest Tunisia : Des projections de sensibilisation \u00e0 l'environnement \u00e0 la Cin\u00e9math\u00e8que tunisienne - Kapitalis\",\"isPartOf\":{\"@id\":\"https:\/\/kapitalis.com\/tunisie\/#website\"},\"primaryImageOfPage\":{\"@id\":\"https:\/\/kapitalis.com\/tunisie\/2023\/05\/15\/envirofest-tunisia-des-projections-de-sensibilisation-a-lenvironnement-a-la-cinematheque-tunisienne\/#primaryimage\"},\"image\":{\"@id\":\"https:\/\/kapitalis.com\/tunisie\/2023\/05\/15\/envirofest-tunisia-des-projections-de-sensibilisation-a-lenvironnement-a-la-cinematheque-tunisienne\/#primaryimage\"},\"thumbnailUrl\":\"https:\/\/kapitalis.com\/tunisie\/wp-content\/uploads\/2023\/05\/Envirofest-_-mai-2023.jpg\",\"datePublished\":\"2023-05-15T09:21:59+00:00\",\"dateModified\":\"2023-05-15T09:22:01+00:00\",\"breadcrumb\":{\"@id\":\"https:\/\/kapitalis.com\/tunisie\/2023\/05\/15\/envirofest-tunisia-des-projections-de-sensibilisation-a-lenvironnement-a-la-cinematheque-tunisienne\/#breadcrumb\"},\"inLanguage\":\"fr-FR\",\"potentialAction\":[{\"@type\":\"ReadAction\",\"target\":[\"https:\/\/kapitalis.com\/tunisie\/2023\/05\/15\/envirofest-tunisia-des-projections-de-sensibilisation-a-lenvironnement-a-la-cinematheque-tunisienne\/\"]}]},{\"@type\":\"ImageObject\",\"inLanguage\":\"fr-FR\",\"@id\":\"https:\/\/kapitalis.com\/tunisie\/2023\/05\/15\/envirofest-tunisia-des-projections-de-sensibilisation-a-lenvironnement-a-la-cinematheque-tunisienne\/#primaryimage\",\"url\":\"https:\/\/kapitalis.com\/tunisie\/wp-content\/uploads\/2023\/05\/Envirofest-_-mai-2023.jpg\",\"contentUrl\":\"https:\/\/kapitalis.com\/tunisie\/wp-content\/uploads\/2023\/05\/Envirofest-_-mai-2023.jpg\",\"width\":1200,\"height\":630},{\"@type\":\"BreadcrumbList\",\"@id\":\"https:\/\/kapitalis.com\/tunisie\/2023\/05\/15\/envirofest-tunisia-des-projections-de-sensibilisation-a-lenvironnement-a-la-cinematheque-tunisienne\/#breadcrumb\",\"itemListElement\":[{\"@type\":\"ListItem\",\"position\":1,\"name\":\"Accueil\",\"item\":\"https:\/\/kapitalis.com\/tunisie\/\"},{\"@type\":\"ListItem\",\"position\":2,\"name\":\"Envirofest Tunisia : Des projections de sensibilisation \u00e0 l&rsquo;environnement \u00e0 la Cin\u00e9math\u00e8que tunisienne\"}]},{\"@type\":\"WebSite\",\"@id\":\"https:\/\/kapitalis.com\/tunisie\/#website\",\"url\":\"https:\/\/kapitalis.com\/tunisie\/\",\"name\":\"Kapitalis\",\"description\":\"L&#039;actualit\u00e9 en Tunisie et dans le monde\",\"publisher\":{\"@id\":\"https:\/\/kapitalis.com\/tunisie\/#organization\"},\"potentialAction\":[{\"@type\":\"SearchAction\",\"target\":{\"@type\":\"EntryPoint\",\"urlTemplate\":\"https:\/\/kapitalis.com\/tunisie\/?s={search_term_string}\"},\"query-input\":{\"@type\":\"PropertyValueSpecification\",\"valueRequired\":true,\"valueName\":\"search_term_string\"}}],\"inLanguage\":\"fr-FR\"},{\"@type\":\"Organization\",\"@id\":\"https:\/\/kapitalis.com\/tunisie\/#organization\",\"name\":\"Kapitalis\",\"url\":\"https:\/\/kapitalis.com\/tunisie\/\",\"logo\":{\"@type\":\"ImageObject\",\"inLanguage\":\"fr-FR\",\"@id\":\"https:\/\/kapitalis.com\/tunisie\/#\/schema\/logo\/image\/\",\"url\":\"https:\/\/kapitalis.com\/tunisie\/wp-content\/uploads\/2022\/05\/Kapitalis-big-size.png\",\"contentUrl\":\"https:\/\/kapitalis.com\/tunisie\/wp-content\/uploads\/2022\/05\/Kapitalis-big-size.png\",\"width\":5000,\"height\":1500,\"caption\":\"Kapitalis\"},\"image\":{\"@id\":\"https:\/\/kapitalis.com\/tunisie\/#\/schema\/logo\/image\/\"},\"sameAs\":[\"https:\/\/www.facebook.com\/KapitalisInfo\/\",\"https:\/\/x.com\/KapitalisInfo\",\"https:\/\/www.youtube.com\/channel\/UC-yDYrHyfFBWWZaOw3FPg9Q\"]},{\"@type\":\"Person\",\"@id\":\"https:\/\/kapitalis.com\/tunisie\/#\/schema\/person\/73a5ecc1f6ae540c6ed91342eadca948\",\"name\":\"Fawz BenAli\",\"url\":\"https:\/\/kapitalis.com\/tunisie\/author\/fawz\/\"}]}<\/script>\n<!-- \/ Yoast SEO plugin. -->","yoast_head_json":{"title":"Envirofest Tunisia : Des projections de sensibilisation \u00e0 l'environnement \u00e0 la Cin\u00e9math\u00e8que tunisienne - Kapitalis","robots":{"index":"index","follow":"follow","max-snippet":"max-snippet:-1","max-image-preview":"max-image-preview:large","max-video-preview":"max-video-preview:-1"},"canonical":"https:\/\/kapitalis.com\/tunisie\/2023\/05\/15\/envirofest-tunisia-des-projections-de-sensibilisation-a-lenvironnement-a-la-cinematheque-tunisienne\/","og_locale":"fr_FR","og_type":"article","og_title":"Envirofest Tunisia : Des projections de sensibilisation \u00e0 l'environnement \u00e0 la Cin\u00e9math\u00e8que tunisienne - Kapitalis","og_description":"Le Festival du Film environnemental de Tunisie (Envirofest) sera de retour les 19, 20 et 21 mai \u00e0 la Cin\u00e9math\u00e8que tunisienne. Une s\u00e9lection de beaux films mondialement connus, un village environnemental, des d\u00e9bats et un programme pour les enfants sont pr\u00e9vus pour cette nouvelle \u00e9dition.","og_url":"https:\/\/kapitalis.com\/tunisie\/2023\/05\/15\/envirofest-tunisia-des-projections-de-sensibilisation-a-lenvironnement-a-la-cinematheque-tunisienne\/","og_site_name":"Kapitalis","article_publisher":"https:\/\/www.facebook.com\/KapitalisInfo\/","article_published_time":"2023-05-15T09:21:59+00:00","article_modified_time":"2023-05-15T09:22:01+00:00","og_image":[{"width":1200,"height":630,"url":"https:\/\/kapitalis.com\/tunisie\/wp-content\/uploads\/2023\/05\/Envirofest-_-mai-2023.jpg","type":"image\/jpeg"}],"author":"Fawz BenAli","twitter_card":"summary_large_image","twitter_creator":"@KapitalisInfo","twitter_site":"@KapitalisInfo","twitter_misc":{"\u00c9crit par":"Fawz BenAli","Dur\u00e9e de lecture estim\u00e9e":"2 minutes"},"schema":{"@context":"https:\/\/schema.org","@graph":[{"@type":"Article","@id":"https:\/\/kapitalis.com\/tunisie\/2023\/05\/15\/envirofest-tunisia-des-projections-de-sensibilisation-a-lenvironnement-a-la-cinematheque-tunisienne\/#article","isPartOf":{"@id":"https:\/\/kapitalis.com\/tunisie\/2023\/05\/15\/envirofest-tunisia-des-projections-de-sensibilisation-a-lenvironnement-a-la-cinematheque-tunisienne\/"},"author":{"name":"Fawz BenAli","@id":"https:\/\/kapitalis.com\/tunisie\/#\/schema\/person\/73a5ecc1f6ae540c6ed91342eadca948"},"headline":"Envirofest Tunisia : Des projections de sensibilisation \u00e0 l&rsquo;environnement \u00e0 la Cin\u00e9math\u00e8que tunisienne","datePublished":"2023-05-15T09:21:59+00:00","dateModified":"2023-05-15T09:22:01+00:00","mainEntityOfPage":{"@id":"https:\/\/kapitalis.com\/tunisie\/2023\/05\/15\/envirofest-tunisia-des-projections-de-sensibilisation-a-lenvironnement-a-la-cinematheque-tunisienne\/"},"wordCount":263,"commentCount":0,"publisher":{"@id":"https:\/\/kapitalis.com\/tunisie\/#organization"},"image":{"@id":"https:\/\/kapitalis.com\/tunisie\/2023\/05\/15\/envirofest-tunisia-des-projections-de-sensibilisation-a-lenvironnement-a-la-cinematheque-tunisienne\/#primaryimage"},"thumbnailUrl":"https:\/\/kapitalis.com\/tunisie\/wp-content\/uploads\/2023\/05\/Envirofest-_-mai-2023.jpg","keywords":["cin\u00e9ma engag\u00e9","cin\u00e9ma environnemental","Cin\u00e9math\u00e8que tunisienne","\u00e9cologie","Envirofest 2023","Tunisie"],"articleSection":["CULTURE","Tunisie"],"inLanguage":"fr-FR","potentialAction":[{"@type":"CommentAction","name":"Comment","target":["https:\/\/kapitalis.com\/tunisie\/2023\/05\/15\/envirofest-tunisia-des-projections-de-sensibilisation-a-lenvironnement-a-la-cinematheque-tunisienne\/#respond"]}]},{"@type":"WebPage","@id":"https:\/\/kapitalis.com\/tunisie\/2023\/05\/15\/envirofest-tunisia-des-projections-de-sensibilisation-a-lenvironnement-a-la-cinematheque-tunisienne\/","url":"https:\/\/kapitalis.com\/tunisie\/2023\/05\/15\/envirofest-tunisia-des-projections-de-sensibilisation-a-lenvironnement-a-la-cinematheque-tunisienne\/","name":"Envirofest Tunisia : Des projections de sensibilisation \u00e0 l'environnement \u00e0 la Cin\u00e9math\u00e8que tunisienne - Kapitalis","isPartOf":{"@id":"https:\/\/kapitalis.com\/tunisie\/#website"},"primaryImageOfPage":{"@id":"https:\/\/kapitalis.com\/tunisie\/2023\/05\/15\/envirofest-tunisia-des-projections-de-sensibilisation-a-lenvironnement-a-la-cinematheque-tunisienne\/#primaryimage"},"image":{"@id":"https:\/\/kapitalis.com\/tunisie\/2023\/05\/15\/envirofest-tunisia-des-projections-de-sensibilisation-a-lenvironnement-a-la-cinematheque-tunisienne\/#primaryimage"},"thumbnailUrl":"https:\/\/kapitalis.com\/tunisie\/wp-content\/uploads\/2023\/05\/Envirofest-_-mai-2023.jpg","datePublished":"2023-05-15T09:21:59+00:00","dateModified":"2023-05-15T09:22:01+00:00","breadcrumb":{"@id":"https:\/\/kapitalis.com\/tunisie\/2023\/05\/15\/envirofest-tunisia-des-projections-de-sensibilisation-a-lenvironnement-a-la-cinematheque-tunisienne\/#breadcrumb"},"inLanguage":"fr-FR","potentialAction":[{"@type":"ReadAction","target":["https:\/\/kapitalis.com\/tunisie\/2023\/05\/15\/envirofest-tunisia-des-projections-de-sensibilisation-a-lenvironnement-a-la-cinematheque-tunisienne\/"]}]},{"@type":"ImageObject","inLanguage":"fr-FR","@id":"https:\/\/kapitalis.com\/tunisie\/2023\/05\/15\/envirofest-tunisia-des-projections-de-sensibilisation-a-lenvironnement-a-la-cinematheque-tunisienne\/#primaryimage","url":"https:\/\/kapitalis.com\/tunisie\/wp-content\/uploads\/2023\/05\/Envirofest-_-mai-2023.jpg","contentUrl":"https:\/\/kapitalis.com\/tunisie\/wp-content\/uploads\/2023\/05\/Envirofest-_-mai-2023.jpg","width":1200,"height":630},{"@type":"BreadcrumbList","@id":"https:\/\/kapitalis.com\/tunisie\/2023\/05\/15\/envirofest-tunisia-des-projections-de-sensibilisation-a-lenvironnement-a-la-cinematheque-tunisienne\/#breadcrumb","itemListElement":[{"@type":"ListItem","position":1,"name":"Accueil","item":"https:\/\/kapitalis.com\/tunisie\/"},{"@type":"ListItem","position":2,"name":"Envirofest Tunisia : Des projections de sensibilisation \u00e0 l&rsquo;environnement \u00e0 la Cin\u00e9math\u00e8que tunisienne"}]},{"@type":"WebSite","@id":"https:\/\/kapitalis.com\/tunisie\/#website","url":"https:\/\/kapitalis.com\/tunisie\/","name":"Kapitalis","description":"L&#039;actualit\u00e9 en Tunisie et dans le monde","publisher":{"@id":"https:\/\/kapitalis.com\/tunisie\/#organization"},"potentialAction":[{"@type":"SearchAction","target":{"@type":"EntryPoint","urlTemplate":"https:\/\/kapitalis.com\/tunisie\/?s={search_term_string}"},"query-input":{"@type":"PropertyValueSpecification","valueRequired":true,"valueName":"search_term_string"}}],"inLanguage":"fr-FR"},{"@type":"Organization","@id":"https:\/\/kapitalis.com\/tunisie\/#organization","name":"Kapitalis","url":"https:\/\/kapitalis.com\/tunisie\/","logo":{"@type":"ImageObject","inLanguage":"fr-FR","@id":"https:\/\/kapitalis.com\/tunisie\/#\/schema\/logo\/image\/","url":"https:\/\/kapitalis.com\/tunisie\/wp-content\/uploads\/2022\/05\/Kapitalis-big-size.png","contentUrl":"https:\/\/kapitalis.com\/tunisie\/wp-content\/uploads\/2022\/05\/Kapitalis-big-size.png","width":5000,"height":1500,"caption":"Kapitalis"},"image":{"@id":"https:\/\/kapitalis.com\/tunisie\/#\/schema\/logo\/image\/"},"sameAs":["https:\/\/www.facebook.com\/KapitalisInfo\/","https:\/\/x.com\/KapitalisInfo","https:\/\/www.youtube.com\/channel\/UC-yDYrHyfFBWWZaOw3FPg9Q"]},{"@type":"Person","@id":"https:\/\/kapitalis.com\/tunisie\/#\/schema\/person\/73a5ecc1f6ae540c6ed91342eadca948","name":"Fawz BenAli","url":"https:\/\/kapitalis.com\/tunisie\/author\/fawz\/"}]}},"_links":{"self":[{"href":"https:\/\/kapitalis.com\/tunisie\/wp-json\/wp\/v2\/posts\/7942595","targetHints":{"allow":["GET"]}}],"collection":[{"href":"https:\/\/kapitalis.com\/tunisie\/wp-json\/wp\/v2\/posts"}],"about":[{"href":"https:\/\/kapitalis.com\/tunisie\/wp-json\/wp\/v2\/types\/post"}],"author":[{"embeddable":true,"href":"https:\/\/kapitalis.com\/tunisie\/wp-json\/wp\/v2\/users\/26"}],"replies":[{"embeddable":true,"href":"https:\/\/kapitalis.com\/tunisie\/wp-json\/wp\/v2\/comments?post=7942595"}],"version-history":[{"count":1,"href":"https:\/\/kapitalis.com\/tunisie\/wp-json\/wp\/v2\/posts\/7942595\/revisions"}],"predecessor-version":[{"id":7943008,"href":"https:\/\/kapitalis.com\/tunisie\/wp-json\/wp\/v2\/posts\/7942595\/revisions\/7943008"}],"wp:featuredmedia":[{"embeddable":true,"href":"https:\/\/kapitalis.com\/tunisie\/wp-json\/wp\/v2\/media\/7943001"}],"wp:attachment":[{"href":"https:\/\/kapitalis.com\/tunisie\/wp-json\/wp\/v2\/media?parent=7942595"}],"wp:term":[{"taxonomy":"category","embeddable":true,"href":"https:\/\/kapitalis.com\/tunisie\/wp-json\/wp\/v2\/categories?post=7942595"},{"taxonomy":"post_tag","embeddable":true,"href":"https:\/\/kapitalis.com\/tunisie\/wp-json\/wp\/v2\/tags?post=7942595"}],"curies":[{"name":"wp","href":"https:\/\/api.w.org\/{rel}","templated":true}]}}