{"id":7944883,"date":"2023-05-16T07:23:01","date_gmt":"2023-05-16T06:23:01","guid":{"rendered":"https:\/\/kapitalis.com\/tunisie\/?p=7944883"},"modified":"2023-05-16T07:23:03","modified_gmt":"2023-05-16T06:23:03","slug":"la-communaute-juive-de-djerba-fait-preuve-de-resilience","status":"publish","type":"post","link":"https:\/\/kapitalis.com\/tunisie\/2023\/05\/16\/la-communaute-juive-de-djerba-fait-preuve-de-resilience\/","title":{"rendered":"La communaut\u00e9 juive de Djerba fait preuve de r\u00e9silience"},"content":{"rendered":"\n<p><strong><em>Le lendemain du jour o\u00f9 un homme arm\u00e9 a tu\u00e9 cinq personnes sur l\u2019\u00eele tunisienne, la communaut\u00e9 c\u00e9l\u00e8bre une<\/em> brit milah<em>, soulignant l\u2019espoir qu\u2019elle continuera d\u2019attirer les p\u00e8lerins et restera un phare de coexistence.<\/em><\/strong><\/p>\n\n\n\n<p><em>Presse isra\u00e9lienne<\/em><\/p>\n\n\n\n<!--more-->\n\n\n\n<p>Le lendemain du jour o\u00f9 un homme arm\u00e9 a tu\u00e9 cinq personnes lors d\u2019une attaque contre un ancien lieu de culte juif sur l\u2019\u00eele tunisienne de Djerba, des hommes se sont rassembl\u00e9s dans la m\u00eame synagogue non pas pour pleurer, mais pour c\u00e9l\u00e9brer.<\/p>\n\n\n\n<p>Ils \u00e9taient l\u00e0 pour assister \u00e0 la b\u00e9n\u00e9diction d\u2019une nouvelle vie : une <em>brit milah<\/em>, ou circoncision rituelle. Peu apr\u00e8s, un enregistrement de la c\u00e9r\u00e9monie, avec les hommes chantant en h\u00e9breu alors qu\u2019ils entouraient le b\u00e9b\u00e9 de huit jours, a fait son chemin vers le t\u00e9l\u00e9phone d\u2019Isaac Choua, un rabbin s\u00e9farade vivant \u00e0 New York.<\/p>\n\n\n\n<p>Pour Choua, regarder la c\u00e9r\u00e9monie a \u00e9t\u00e9 un soulagement des horreurs qui avaient \u00e9clat\u00e9 la veille, lorsqu\u2019un agent de s\u00e9curit\u00e9 a tu\u00e9 deux cousins \u200b\u200bjuifs, Aviel Haddad, 30 ans, et Benjamin Haddad, 43 ans, ainsi que deux agents de s\u00e9curit\u00e9 avant d&rsquo;\u00eatre abattu devant la synagogue tunisienne. Peu de temps avant, l\u2019agresseur avait tu\u00e9 un coll\u00e8gue officier et pris son arme et ses munitions, ont indiqu\u00e9 les autorit\u00e9s tunisiennes.<\/p>\n\n\n\n<h2 class=\"wp-block-heading\">La vie juive continue \u00e0 Djerba<\/h2>\n\n\n\n<p><em>\u00abQuelque chose de beau s\u2019est produit\u00bb<\/em>, a d\u00e9clar\u00e9 Choua, qui assurait la liaison entre les communaut\u00e9s du Moyen-Orient et d\u2019Afrique du Nord et le Congr\u00e8s juif mondial, ajoutant dans une interview&nbsp;: <em>\u00abIls avaient une brit milah \u00e0 Djerba, m\u00eame avec tout le chaos. La vie juive continue.\u00bb<\/em><\/p>\n\n\n\n<figure class=\"wp-block-embed is-type-wp-embed is-provider-kapitalis wp-block-embed-kapitalis\"><div class=\"wp-block-embed__wrapper\">\n<blockquote class=\"wp-embedded-content\" data-secret=\"fJfYk12xtK\"><a href=\"https:\/\/kapitalis.com\/tunisie\/2023\/05\/15\/notre-devoir-moral-a-legard-de-la-minorite-juive-en-tunisie\/\">Notre devoir moral \u00e0 l&rsquo;\u00e9gard de la minorit\u00e9 juive en Tunisie<\/a><\/blockquote><iframe loading=\"lazy\" class=\"wp-embedded-content\" sandbox=\"allow-scripts\" security=\"restricted\" style=\"position: absolute; clip: rect(1px, 1px, 1px, 1px);\" title=\"\u00ab\u00a0Notre devoir moral \u00e0 l&rsquo;\u00e9gard de la minorit\u00e9 juive en Tunisie\u00a0\u00bb &#8212; Kapitalis\" src=\"https:\/\/kapitalis.com\/tunisie\/2023\/05\/15\/notre-devoir-moral-a-legard-de-la-minorite-juive-en-tunisie\/embed\/#?secret=7rlRBvlgCF#?secret=fJfYk12xtK\" data-secret=\"fJfYk12xtK\" width=\"600\" height=\"338\" frameborder=\"0\" marginwidth=\"0\" marginheight=\"0\" scrolling=\"no\"><\/iframe>\n<\/div><\/figure>\n\n\n\n<p>La fusillade mortelle de mardi (9 mai 2023, Ndlr) est survenue pendant la Hiloula, un p\u00e8lerinage annuel et une c\u00e9l\u00e9bration des sages juifs organis\u00e9s \u00e0 autour de Lag b\u2019omer, qui a lieu un peu plus d\u2019un mois apr\u00e8s le d\u00e9but de la P\u00e2que. La f\u00eate annuelle attire des milliers de juifs du monde entier, dont beaucoup sont d\u2019origine tunisienne. Il se tient \u00e0 la synagogue El Ghriba \u2013 un b\u00e2timent du XIXe si\u00e8cle construit sur un site qui aurait \u00e9t\u00e9 un lieu de culte juif pendant 2 500 ans.<\/p>\n\n\n\n<p>Le nombre de p\u00e8lerins a consid\u00e9rablement augment\u00e9 ces derni\u00e8res ann\u00e9es, apr\u00e8s l\u2019appr\u00e9hension suite \u00e0 une attaque contre la synagogue par Al-Qa\u00efda en 2002 qui a tu\u00e9 20 personnes, et une suspension du p\u00e8lerinage en 2011 au milieu des probl\u00e8mes de s\u00e9curit\u00e9 \u00e0 la suite du printemps arabe, d\u00e9clench\u00e9 en Tunisie.<\/p>\n\n\n\n<p>Le gouvernement tunisien a investi dans le p\u00e8lerinage, le pr\u00e9sentant comme un symbole de la tol\u00e9rance du pays, et a assur\u00e9 une grande s\u00e9curit\u00e9. L\u2019ann\u00e9e derni\u00e8re, la Tunisie \u00e9tait l\u2019un des six pays africains \u00e0 avoir sign\u00e9 <em>\u00abl\u2019Appel de Rabat\u00bb<\/em>, une initiative de la F\u00e9d\u00e9ration s\u00e9farade am\u00e9ricaine qui s\u2019engageait \u00e0 pr\u00e9server l\u2019h\u00e9ritage juif sur le continent.<\/p>\n\n\n\n<p>Jason Guberman, le directeur ex\u00e9cutif de la F\u00e9d\u00e9ration s\u00e9farade am\u00e9ricaine, a d\u00e9clar\u00e9 que le nombre que la Hiloula attire aujourd\u2019hui n\u2019a pas encore atteint les quelque 10 000 personnes pr\u00e9sentes avant l\u2019attaque de 2002. Le printemps arabe et la pand\u00e9mie de Covid-19, a-t-il dit,<em> \u00abont \u00e9galement dissuad\u00e9 les p\u00e8lerins au cours de la derni\u00e8re d\u00e9cennie\u00bb<\/em>. Il a estim\u00e9 que moins de 5 000 personnes y assistent chaque ann\u00e9e.<\/p>\n\n\n\n<p>De plus, le pr\u00e9sident autoritaire tunisien Ka\u00efs Sa\u00efed reste hostile \u00e0 Isra\u00ebl et a repouss\u00e9 les efforts des administrations am\u00e9ricaines successives pour que son pays rejoigne les accords d\u2019Abraham pour la normalisation entre Isra\u00ebl et plusieurs pays arabes.<\/p>\n\n\n\n<h2 class=\"wp-block-heading\">Djerba, une oasis de coexistence<\/h2>\n\n\n\n<p>Djerba, n\u00e9anmoins, reste une oasis de coexistence, a d\u00e9clar\u00e9 Yaniv Salama, pr\u00e9sident de la Fondation Salamanca, qui cherche \u00e0 renforcer les communaut\u00e9s juives en terres musulmanes.<\/p>\n\n\n\n<p><em>\u00abVous devez comprendre quelque chose \u00e0 propos de Djerba, <\/em>a d\u00e9clar\u00e9 Salama.<em> La communaut\u00e9 l\u00e0-bas a des liens tr\u00e8s, tr\u00e8s profonds avec les municipalit\u00e9s locales. Tout est fait en concertation \u2013 il y a des surveillances<\/em> [de s\u00e9curit\u00e9] <em>conjointes\u00bb<\/em> entre les communaut\u00e9s juives, <em>\u00abet une communication constante entre les dirigeants de la communaut\u00e9 juive et la police locale\u00bb<\/em>.<\/p>\n\n\n\n<p>Jason Isaacson, responsable de la politique et des affaires politiques de l\u2019American Jewish Committee, qui s\u2019est fr\u00e9quemment rendu \u00e0 Djerba, a d\u00e9clar\u00e9 qu\u2019il \u00e9tait significatif que deux responsables de la s\u00e9curit\u00e9 tunisiens soient morts en prot\u00e9geant la communaut\u00e9 juive.<\/p>\n\n\n\n<figure class=\"wp-block-embed is-type-wp-embed is-provider-kapitalis wp-block-embed-kapitalis\"><div class=\"wp-block-embed__wrapper\">\n<blockquote class=\"wp-embedded-content\" data-secret=\"2hXYjBiYW7\"><a href=\"https:\/\/kapitalis.com\/tunisie\/2023\/05\/15\/tunisie-les-lecons-de-lattaque-terroriste-de-djerba\/\">Tunisie\u00a0: les le\u00e7ons de l\u2019attaque terroriste de Djerba<\/a><\/blockquote><iframe loading=\"lazy\" class=\"wp-embedded-content\" sandbox=\"allow-scripts\" security=\"restricted\" style=\"position: absolute; clip: rect(1px, 1px, 1px, 1px);\" title=\"\u00ab\u00a0Tunisie\u00a0: les le\u00e7ons de l\u2019attaque terroriste de Djerba\u00a0\u00bb &#8212; Kapitalis\" src=\"https:\/\/kapitalis.com\/tunisie\/2023\/05\/15\/tunisie-les-lecons-de-lattaque-terroriste-de-djerba\/embed\/#?secret=W9AKKsV6VG#?secret=2hXYjBiYW7\" data-secret=\"2hXYjBiYW7\" width=\"600\" height=\"338\" frameborder=\"0\" marginwidth=\"0\" marginheight=\"0\" scrolling=\"no\"><\/iframe>\n<\/div><\/figure>\n\n\n\n<p><em>\u00abCela va \u00e9videmment \u00eatre une source de g\u00eane pour le pays que cela se soit produit, au sein de ses propres forces s\u00e9curitaires, mais cela se produit au sein des forces s\u00e9curitaires partout\u00bb<\/em>, a-t-il d\u00e9clar\u00e9. <em>\u00abLe fait que le pays d\u00e9ploie un immense cordon de protection autour de la synagogue et autour des festivit\u00e9s et autour des fid\u00e8les qui viennent, pour s\u2019assurer que tout se passe bien et dans un esprit de f\u00eate, est significatif\u00bb<\/em>, a-t-il ajout\u00e9. <\/p>\n\n\n\n<p>Aaron Zelin, chercheur principal au groupe de r\u00e9flexion Washington Institute for Near East Policy dont l\u2019expertise est l\u2019extr\u00e9misme islamiste en Tunisie, a d\u00e9clar\u00e9 que l\u2019attaque semblait \u00eatre mal pr\u00e9par\u00e9e, contrairement \u00e0 l\u2019attaque soigneusement planifi\u00e9e de 2002.<\/p>\n\n\n\n<p><em>\u00abCe n\u2019\u00e9tait pas vraiment une attaque sophistiqu\u00e9e,<\/em> a d\u00e9clar\u00e9 Zelin.<em> Il est donc plausible que ce soit une seule personne qui ait d\u00e9cid\u00e9 de faire quelque chose de son propre gr\u00e9, et il n\u2019y a pas eu de planification plus large de la m\u00eame mani\u00e8re.\u00bb<\/em><\/p>\n\n\n\n<p>Choua a d\u00e9clar\u00e9 que la diaspora juive tunisienne ne serait pas d\u00e9courag\u00e9e. <em>\u00abLes Tunisiens juifs vont toujours rendre visite \u00e0 leur famille <\/em>[ou] <em>visiter ce lieu de p\u00e8lerinage. Les Juifs sont r\u00e9silients\u00bb<\/em>, a-t-il d\u00e9clar\u00e9.<\/p>\n\n\n\n<figure class=\"wp-block-embed is-type-wp-embed is-provider-kapitalis wp-block-embed-kapitalis\"><div class=\"wp-block-embed__wrapper\">\n<blockquote class=\"wp-embedded-content\" data-secret=\"59DOFp86Gu\"><a href=\"https:\/\/kapitalis.com\/tunisie\/2023\/05\/10\/pelerinage-de-la-ghriba-les-etats-unis-loue-cet-exemple-de-coexistence-en-tunisie\/\">P\u00e8lerinage de la Ghriba\u00a0: les Etats-Unis louent \u00abcet exemple de coexistence en Tunisie\u00bb<\/a><\/blockquote><iframe loading=\"lazy\" class=\"wp-embedded-content\" sandbox=\"allow-scripts\" security=\"restricted\" style=\"position: absolute; clip: rect(1px, 1px, 1px, 1px);\" title=\"\u00ab\u00a0P\u00e8lerinage de la Ghriba\u00a0: les Etats-Unis louent \u00abcet exemple de coexistence en Tunisie\u00bb\u00a0\u00bb &#8212; Kapitalis\" src=\"https:\/\/kapitalis.com\/tunisie\/2023\/05\/10\/pelerinage-de-la-ghriba-les-etats-unis-loue-cet-exemple-de-coexistence-en-tunisie\/embed\/#?secret=600rjsztgE#?secret=59DOFp86Gu\" data-secret=\"59DOFp86Gu\" width=\"600\" height=\"338\" frameborder=\"0\" marginwidth=\"0\" marginheight=\"0\" scrolling=\"no\"><\/iframe>\n<\/div><\/figure>\n\n\n\n<p>Djerba a l\u2019attention du monde, du moins pour le moment. La veille de l\u2019attaque, Deborah Lipstadt, l\u2019envoy\u00e9e am\u00e9ricaine charg\u00e9e de surveiller et de combattre l\u2019antis\u00e9mitisme, aux c\u00f4t\u00e9s de l\u2019ambassadeur am\u00e9ricain en Tunisie Joey Hood, s\u2019est jointe aux responsables tunisiens lors d\u2019une c\u00e9r\u00e9monie de lancement de la Hiloula.<\/p>\n\n\n\n<p><em>\u00abJe suis \u00e9c\u0153ur\u00e9 et navr\u00e9 par l\u2019attaque meurtri\u00e8re et antis\u00e9mite visant la synagogue Ghriba \u00e0 Djerba lors des c\u00e9l\u00e9brations de Lag Baomer, en pr\u00e9sence de milliers de p\u00e8lerins juifs\u00bb<\/em>, a d\u00e9clar\u00e9 Lipstadt sur Twitter.<\/p>\n\n\n\n<p>La diaspora juive \u00e0 pr\u00e9dominance ashk\u00e9naze a tendance \u00e0 oublier les communaut\u00e9s qui persistent en dehors du monde occidental, a d\u00e9clar\u00e9 Choua du Congr\u00e8s juif mondial. <em>\u00abLe monde juif remarque qu\u2019il y a encore des Juifs au Moyen-Orient et en Afrique du Nord. Cela pourrait m\u00eame promouvoir davantage le tourisme dans le pays lui-m\u00eame\u00bb<\/em>, a-t-il ajout\u00e9.<\/p>\n\n\n\n<p>Salama a d\u00e9clar\u00e9 qu\u2019il ne s\u2019attendait pas \u00e0 ce que la communaut\u00e9 d\u2019environ 1 400 personnes, qui comprend un certain nombre d\u2019instituts d\u2019enseignement religieux, soit bris\u00e9e apr\u00e8s l\u2019attaque. <em>\u00ab<\/em><a href=\"https:\/\/kapitalis.com\/tunisie\/2023\/05\/14\/attaque-de-djerba-enthousiasme-tristesse-et-mauvaise-communication\/\"><em>Ils feront de leur deuil et ils continueront, ils avanceront\u00bb<\/em>,<\/a> a-t-il ajout\u00e9. &nbsp;<\/p>\n\n\n\n<h2 class=\"wp-block-heading\">Les gens l\u00e0-bas seront r\u00e9silients<\/h2>\n\n\n\n<p>Robert Ejnes, directeur ex\u00e9cutif du CRIF, l\u2019organisme qui chapeaute la communaut\u00e9 juive fran\u00e7aise, a d\u00e9clar\u00e9 que la communaut\u00e9 juive fran\u00e7aise est proche de la communaut\u00e9 juive tunisienne parce que la France a colonis\u00e9 le pays \u00e0 partir de 1881 et parce que la communaut\u00e9 parle fran\u00e7ais. Il a dit que l\u2019Hiloula attire des Juifs fran\u00e7ais de toutes origines ethniques. <em>\u00abCela touche vraiment toute la communaut\u00e9 de France parce qu&rsquo;\u00e0 la Hiloula, il y a beaucoup de gens qui viennent <\/em>[de] <em>la communaut\u00e9 juive fran\u00e7aise de toutes origines\u00bb<\/em>, a-t-il d\u00e9clar\u00e9.<\/p>\n\n\n\n<p>Ejnes a trouv\u00e9 remarquable que m\u00eame apr\u00e8s l\u2019attaque, les Juifs fran\u00e7ais qui ont assist\u00e9 \u00e0 la Hiloula aient publi\u00e9 des photos des festivit\u00e9s sur les r\u00e9seaux sociaux. Il a dit qu\u2019il s\u2019attendait \u00e0 ce que le m\u00eame nombre de personnes assiste \u00e0 Hiloula l\u2019ann\u00e9e prochaine. <em>\u00abLes gens seront r\u00e9silients. Ils ont post\u00e9 des photos d\u2019eux-m\u00eames \u00e0 la Ghriba, en disant: \u2018\u2018Nous reviendrons\u2019\u2019\u00bb<\/em>, a-t-il ajout\u00e9.<\/p>\n\n\n\n<p class=\"has-text-align-right\"><em>Traduit de l\u2019anglais.<\/em><\/p>\n\n\n\n<p><strong><em><a href=\"https:\/\/www.timesofisrael.com\/jewish-life-goes-on-djerba-community-shows-resilience-after-deadly-attack\/\" target=\"_blank\" rel=\"noreferrer noopener\">The Times of Israel. <\/a><\/em><\/strong><\/p>\n\n\n\n<figure class=\"wp-block-embed is-type-wp-embed is-provider-kapitalis wp-block-embed-kapitalis\"><div class=\"wp-block-embed__wrapper\">\n<blockquote class=\"wp-embedded-content\" data-secret=\"p1PgzxbUWD\"><a href=\"https:\/\/kapitalis.com\/tunisie\/2023\/05\/14\/attaque-de-djerba-enthousiasme-tristesse-et-mauvaise-communication\/\">Attaque de Djerba\u00a0: enthousiasme, tristesse et\u2026 mauvaise communication<\/a><\/blockquote><iframe loading=\"lazy\" class=\"wp-embedded-content\" sandbox=\"allow-scripts\" security=\"restricted\" style=\"position: absolute; clip: rect(1px, 1px, 1px, 1px);\" title=\"\u00ab\u00a0Attaque de Djerba\u00a0: enthousiasme, tristesse et\u2026 mauvaise communication\u00a0\u00bb &#8212; Kapitalis\" src=\"https:\/\/kapitalis.com\/tunisie\/2023\/05\/14\/attaque-de-djerba-enthousiasme-tristesse-et-mauvaise-communication\/embed\/#?secret=RVZIPCXuvo#?secret=p1PgzxbUWD\" data-secret=\"p1PgzxbUWD\" width=\"600\" height=\"338\" frameborder=\"0\" marginwidth=\"0\" marginheight=\"0\" scrolling=\"no\"><\/iframe>\n<\/div><\/figure>\n","protected":false},"excerpt":{"rendered":"<p>Les Tunisiens juifs vont toujours rendre visite \u00e0 leur famille ou visiter la synagogue de la Ghriba. Les Juifs sont r\u00e9silients.<\/p>\n","protected":false},"author":8,"featured_media":7933967,"comment_status":"open","ping_status":"open","sticky":false,"template":"","format":"standard","meta":{"footnotes":""},"categories":[992,997,2433],"tags":[284,108679,108680,108682,86633,76012,108683,82616,62643,108681],"class_list":["post-7944883","post","type-post","status-publish","format-standard","has-post-thumbnail","hentry","category-a-la-une","category-politique","category-tunisie","tag-djerba","tag-isaac-choua","tag-jason-guberman","tag-jason-isaacson","tag-juifs-tunisiens","tag-kais-saied-2","tag-robert-ejnes","tag-synagogue-de-la-ghriba","tag-tunisie","tag-yaniv-salama"],"yoast_head":"<!-- This site is optimized with the Yoast SEO plugin v26.6 - https:\/\/yoast.com\/wordpress\/plugins\/seo\/ -->\n<title>La communaut\u00e9 juive de Djerba fait preuve de r\u00e9silience - Kapitalis<\/title>\n<meta name=\"robots\" content=\"index, follow, max-snippet:-1, max-image-preview:large, max-video-preview:-1\" \/>\n<link rel=\"canonical\" href=\"https:\/\/kapitalis.com\/tunisie\/2023\/05\/16\/la-communaute-juive-de-djerba-fait-preuve-de-resilience\/\" \/>\n<meta property=\"og:locale\" content=\"fr_FR\" \/>\n<meta property=\"og:type\" content=\"article\" \/>\n<meta property=\"og:title\" content=\"La communaut\u00e9 juive de Djerba fait preuve de r\u00e9silience - Kapitalis\" \/>\n<meta property=\"og:description\" content=\"Les Tunisiens juifs vont toujours rendre visite \u00e0 leur famille ou visiter la synagogue de la Ghriba. Les Juifs sont r\u00e9silients.\" \/>\n<meta property=\"og:url\" content=\"https:\/\/kapitalis.com\/tunisie\/2023\/05\/16\/la-communaute-juive-de-djerba-fait-preuve-de-resilience\/\" \/>\n<meta property=\"og:site_name\" content=\"Kapitalis\" \/>\n<meta property=\"article:publisher\" content=\"https:\/\/www.facebook.com\/KapitalisInfo\/\" \/>\n<meta property=\"article:published_time\" content=\"2023-05-16T06:23:01+00:00\" \/>\n<meta property=\"article:modified_time\" content=\"2023-05-16T06:23:03+00:00\" \/>\n<meta property=\"og:image\" content=\"https:\/\/kapitalis.com\/tunisie\/wp-content\/uploads\/2023\/05\/Pelerinage-de-la-ghriba-1.jpg\" \/>\n\t<meta property=\"og:image:width\" content=\"1200\" \/>\n\t<meta property=\"og:image:height\" content=\"630\" \/>\n\t<meta property=\"og:image:type\" content=\"image\/jpeg\" \/>\n<meta name=\"author\" content=\"webmaster kapitalis\" \/>\n<meta name=\"twitter:card\" content=\"summary_large_image\" \/>\n<meta name=\"twitter:creator\" content=\"@KapitalisInfo\" \/>\n<meta name=\"twitter:site\" content=\"@KapitalisInfo\" \/>\n<meta name=\"twitter:label1\" content=\"\u00c9crit par\" \/>\n\t<meta name=\"twitter:data1\" content=\"webmaster kapitalis\" \/>\n\t<meta name=\"twitter:label2\" content=\"Dur\u00e9e de lecture estim\u00e9e\" \/>\n\t<meta name=\"twitter:data2\" content=\"7 minutes\" \/>\n<script type=\"application\/ld+json\" class=\"yoast-schema-graph\">{\"@context\":\"https:\/\/schema.org\",\"@graph\":[{\"@type\":\"Article\",\"@id\":\"https:\/\/kapitalis.com\/tunisie\/2023\/05\/16\/la-communaute-juive-de-djerba-fait-preuve-de-resilience\/#article\",\"isPartOf\":{\"@id\":\"https:\/\/kapitalis.com\/tunisie\/2023\/05\/16\/la-communaute-juive-de-djerba-fait-preuve-de-resilience\/\"},\"author\":{\"name\":\"webmaster kapitalis\",\"@id\":\"https:\/\/kapitalis.com\/tunisie\/#\/schema\/person\/d71f33a9ca44f7bad4698210b480c8e9\"},\"headline\":\"La communaut\u00e9 juive de Djerba fait preuve de r\u00e9silience\",\"datePublished\":\"2023-05-16T06:23:01+00:00\",\"dateModified\":\"2023-05-16T06:23:03+00:00\",\"mainEntityOfPage\":{\"@id\":\"https:\/\/kapitalis.com\/tunisie\/2023\/05\/16\/la-communaute-juive-de-djerba-fait-preuve-de-resilience\/\"},\"wordCount\":1430,\"commentCount\":2,\"publisher\":{\"@id\":\"https:\/\/kapitalis.com\/tunisie\/#organization\"},\"image\":{\"@id\":\"https:\/\/kapitalis.com\/tunisie\/2023\/05\/16\/la-communaute-juive-de-djerba-fait-preuve-de-resilience\/#primaryimage\"},\"thumbnailUrl\":\"https:\/\/kapitalis.com\/tunisie\/wp-content\/uploads\/2023\/05\/Pelerinage-de-la-ghriba-1.jpg\",\"keywords\":[\"Djerba\",\"Isaac Choua\",\"Jason Guberman\",\"Jason Isaacson\",\"juifs tunisiens\",\"Ka\u00efs Sa\u00efed\",\"Robert Ejnes\",\"synagogue de La Ghriba\",\"Tunisie\",\"Yaniv Salama\"],\"articleSection\":[\"A LA UNE\",\"POLITIQUE\",\"Tunisie\"],\"inLanguage\":\"fr-FR\",\"potentialAction\":[{\"@type\":\"CommentAction\",\"name\":\"Comment\",\"target\":[\"https:\/\/kapitalis.com\/tunisie\/2023\/05\/16\/la-communaute-juive-de-djerba-fait-preuve-de-resilience\/#respond\"]}]},{\"@type\":\"WebPage\",\"@id\":\"https:\/\/kapitalis.com\/tunisie\/2023\/05\/16\/la-communaute-juive-de-djerba-fait-preuve-de-resilience\/\",\"url\":\"https:\/\/kapitalis.com\/tunisie\/2023\/05\/16\/la-communaute-juive-de-djerba-fait-preuve-de-resilience\/\",\"name\":\"La communaut\u00e9 juive de Djerba fait preuve de r\u00e9silience - Kapitalis\",\"isPartOf\":{\"@id\":\"https:\/\/kapitalis.com\/tunisie\/#website\"},\"primaryImageOfPage\":{\"@id\":\"https:\/\/kapitalis.com\/tunisie\/2023\/05\/16\/la-communaute-juive-de-djerba-fait-preuve-de-resilience\/#primaryimage\"},\"image\":{\"@id\":\"https:\/\/kapitalis.com\/tunisie\/2023\/05\/16\/la-communaute-juive-de-djerba-fait-preuve-de-resilience\/#primaryimage\"},\"thumbnailUrl\":\"https:\/\/kapitalis.com\/tunisie\/wp-content\/uploads\/2023\/05\/Pelerinage-de-la-ghriba-1.jpg\",\"datePublished\":\"2023-05-16T06:23:01+00:00\",\"dateModified\":\"2023-05-16T06:23:03+00:00\",\"breadcrumb\":{\"@id\":\"https:\/\/kapitalis.com\/tunisie\/2023\/05\/16\/la-communaute-juive-de-djerba-fait-preuve-de-resilience\/#breadcrumb\"},\"inLanguage\":\"fr-FR\",\"potentialAction\":[{\"@type\":\"ReadAction\",\"target\":[\"https:\/\/kapitalis.com\/tunisie\/2023\/05\/16\/la-communaute-juive-de-djerba-fait-preuve-de-resilience\/\"]}]},{\"@type\":\"ImageObject\",\"inLanguage\":\"fr-FR\",\"@id\":\"https:\/\/kapitalis.com\/tunisie\/2023\/05\/16\/la-communaute-juive-de-djerba-fait-preuve-de-resilience\/#primaryimage\",\"url\":\"https:\/\/kapitalis.com\/tunisie\/wp-content\/uploads\/2023\/05\/Pelerinage-de-la-ghriba-1.jpg\",\"contentUrl\":\"https:\/\/kapitalis.com\/tunisie\/wp-content\/uploads\/2023\/05\/Pelerinage-de-la-ghriba-1.jpg\",\"width\":1200,\"height\":630},{\"@type\":\"BreadcrumbList\",\"@id\":\"https:\/\/kapitalis.com\/tunisie\/2023\/05\/16\/la-communaute-juive-de-djerba-fait-preuve-de-resilience\/#breadcrumb\",\"itemListElement\":[{\"@type\":\"ListItem\",\"position\":1,\"name\":\"Accueil\",\"item\":\"https:\/\/kapitalis.com\/tunisie\/\"},{\"@type\":\"ListItem\",\"position\":2,\"name\":\"La communaut\u00e9 juive de Djerba fait preuve de r\u00e9silience\"}]},{\"@type\":\"WebSite\",\"@id\":\"https:\/\/kapitalis.com\/tunisie\/#website\",\"url\":\"https:\/\/kapitalis.com\/tunisie\/\",\"name\":\"Kapitalis\",\"description\":\"L&#039;actualit\u00e9 en Tunisie et dans le monde\",\"publisher\":{\"@id\":\"https:\/\/kapitalis.com\/tunisie\/#organization\"},\"potentialAction\":[{\"@type\":\"SearchAction\",\"target\":{\"@type\":\"EntryPoint\",\"urlTemplate\":\"https:\/\/kapitalis.com\/tunisie\/?s={search_term_string}\"},\"query-input\":{\"@type\":\"PropertyValueSpecification\",\"valueRequired\":true,\"valueName\":\"search_term_string\"}}],\"inLanguage\":\"fr-FR\"},{\"@type\":\"Organization\",\"@id\":\"https:\/\/kapitalis.com\/tunisie\/#organization\",\"name\":\"Kapitalis\",\"url\":\"https:\/\/kapitalis.com\/tunisie\/\",\"logo\":{\"@type\":\"ImageObject\",\"inLanguage\":\"fr-FR\",\"@id\":\"https:\/\/kapitalis.com\/tunisie\/#\/schema\/logo\/image\/\",\"url\":\"https:\/\/kapitalis.com\/tunisie\/wp-content\/uploads\/2022\/05\/Kapitalis-big-size.png\",\"contentUrl\":\"https:\/\/kapitalis.com\/tunisie\/wp-content\/uploads\/2022\/05\/Kapitalis-big-size.png\",\"width\":5000,\"height\":1500,\"caption\":\"Kapitalis\"},\"image\":{\"@id\":\"https:\/\/kapitalis.com\/tunisie\/#\/schema\/logo\/image\/\"},\"sameAs\":[\"https:\/\/www.facebook.com\/KapitalisInfo\/\",\"https:\/\/x.com\/KapitalisInfo\",\"https:\/\/www.youtube.com\/channel\/UC-yDYrHyfFBWWZaOw3FPg9Q\"]},{\"@type\":\"Person\",\"@id\":\"https:\/\/kapitalis.com\/tunisie\/#\/schema\/person\/d71f33a9ca44f7bad4698210b480c8e9\",\"name\":\"webmaster kapitalis\",\"url\":\"https:\/\/kapitalis.com\/tunisie\/author\/webmaster-kapitalis\/\"}]}<\/script>\n<!-- \/ Yoast SEO plugin. -->","yoast_head_json":{"title":"La communaut\u00e9 juive de Djerba fait preuve de r\u00e9silience - Kapitalis","robots":{"index":"index","follow":"follow","max-snippet":"max-snippet:-1","max-image-preview":"max-image-preview:large","max-video-preview":"max-video-preview:-1"},"canonical":"https:\/\/kapitalis.com\/tunisie\/2023\/05\/16\/la-communaute-juive-de-djerba-fait-preuve-de-resilience\/","og_locale":"fr_FR","og_type":"article","og_title":"La communaut\u00e9 juive de Djerba fait preuve de r\u00e9silience - Kapitalis","og_description":"Les Tunisiens juifs vont toujours rendre visite \u00e0 leur famille ou visiter la synagogue de la Ghriba. Les Juifs sont r\u00e9silients.","og_url":"https:\/\/kapitalis.com\/tunisie\/2023\/05\/16\/la-communaute-juive-de-djerba-fait-preuve-de-resilience\/","og_site_name":"Kapitalis","article_publisher":"https:\/\/www.facebook.com\/KapitalisInfo\/","article_published_time":"2023-05-16T06:23:01+00:00","article_modified_time":"2023-05-16T06:23:03+00:00","og_image":[{"width":1200,"height":630,"url":"https:\/\/kapitalis.com\/tunisie\/wp-content\/uploads\/2023\/05\/Pelerinage-de-la-ghriba-1.jpg","type":"image\/jpeg"}],"author":"webmaster kapitalis","twitter_card":"summary_large_image","twitter_creator":"@KapitalisInfo","twitter_site":"@KapitalisInfo","twitter_misc":{"\u00c9crit par":"webmaster kapitalis","Dur\u00e9e de lecture estim\u00e9e":"7 minutes"},"schema":{"@context":"https:\/\/schema.org","@graph":[{"@type":"Article","@id":"https:\/\/kapitalis.com\/tunisie\/2023\/05\/16\/la-communaute-juive-de-djerba-fait-preuve-de-resilience\/#article","isPartOf":{"@id":"https:\/\/kapitalis.com\/tunisie\/2023\/05\/16\/la-communaute-juive-de-djerba-fait-preuve-de-resilience\/"},"author":{"name":"webmaster kapitalis","@id":"https:\/\/kapitalis.com\/tunisie\/#\/schema\/person\/d71f33a9ca44f7bad4698210b480c8e9"},"headline":"La communaut\u00e9 juive de Djerba fait preuve de r\u00e9silience","datePublished":"2023-05-16T06:23:01+00:00","dateModified":"2023-05-16T06:23:03+00:00","mainEntityOfPage":{"@id":"https:\/\/kapitalis.com\/tunisie\/2023\/05\/16\/la-communaute-juive-de-djerba-fait-preuve-de-resilience\/"},"wordCount":1430,"commentCount":2,"publisher":{"@id":"https:\/\/kapitalis.com\/tunisie\/#organization"},"image":{"@id":"https:\/\/kapitalis.com\/tunisie\/2023\/05\/16\/la-communaute-juive-de-djerba-fait-preuve-de-resilience\/#primaryimage"},"thumbnailUrl":"https:\/\/kapitalis.com\/tunisie\/wp-content\/uploads\/2023\/05\/Pelerinage-de-la-ghriba-1.jpg","keywords":["Djerba","Isaac Choua","Jason Guberman","Jason Isaacson","juifs tunisiens","Ka\u00efs Sa\u00efed","Robert Ejnes","synagogue de La Ghriba","Tunisie","Yaniv Salama"],"articleSection":["A LA UNE","POLITIQUE","Tunisie"],"inLanguage":"fr-FR","potentialAction":[{"@type":"CommentAction","name":"Comment","target":["https:\/\/kapitalis.com\/tunisie\/2023\/05\/16\/la-communaute-juive-de-djerba-fait-preuve-de-resilience\/#respond"]}]},{"@type":"WebPage","@id":"https:\/\/kapitalis.com\/tunisie\/2023\/05\/16\/la-communaute-juive-de-djerba-fait-preuve-de-resilience\/","url":"https:\/\/kapitalis.com\/tunisie\/2023\/05\/16\/la-communaute-juive-de-djerba-fait-preuve-de-resilience\/","name":"La communaut\u00e9 juive de Djerba fait preuve de r\u00e9silience - Kapitalis","isPartOf":{"@id":"https:\/\/kapitalis.com\/tunisie\/#website"},"primaryImageOfPage":{"@id":"https:\/\/kapitalis.com\/tunisie\/2023\/05\/16\/la-communaute-juive-de-djerba-fait-preuve-de-resilience\/#primaryimage"},"image":{"@id":"https:\/\/kapitalis.com\/tunisie\/2023\/05\/16\/la-communaute-juive-de-djerba-fait-preuve-de-resilience\/#primaryimage"},"thumbnailUrl":"https:\/\/kapitalis.com\/tunisie\/wp-content\/uploads\/2023\/05\/Pelerinage-de-la-ghriba-1.jpg","datePublished":"2023-05-16T06:23:01+00:00","dateModified":"2023-05-16T06:23:03+00:00","breadcrumb":{"@id":"https:\/\/kapitalis.com\/tunisie\/2023\/05\/16\/la-communaute-juive-de-djerba-fait-preuve-de-resilience\/#breadcrumb"},"inLanguage":"fr-FR","potentialAction":[{"@type":"ReadAction","target":["https:\/\/kapitalis.com\/tunisie\/2023\/05\/16\/la-communaute-juive-de-djerba-fait-preuve-de-resilience\/"]}]},{"@type":"ImageObject","inLanguage":"fr-FR","@id":"https:\/\/kapitalis.com\/tunisie\/2023\/05\/16\/la-communaute-juive-de-djerba-fait-preuve-de-resilience\/#primaryimage","url":"https:\/\/kapitalis.com\/tunisie\/wp-content\/uploads\/2023\/05\/Pelerinage-de-la-ghriba-1.jpg","contentUrl":"https:\/\/kapitalis.com\/tunisie\/wp-content\/uploads\/2023\/05\/Pelerinage-de-la-ghriba-1.jpg","width":1200,"height":630},{"@type":"BreadcrumbList","@id":"https:\/\/kapitalis.com\/tunisie\/2023\/05\/16\/la-communaute-juive-de-djerba-fait-preuve-de-resilience\/#breadcrumb","itemListElement":[{"@type":"ListItem","position":1,"name":"Accueil","item":"https:\/\/kapitalis.com\/tunisie\/"},{"@type":"ListItem","position":2,"name":"La communaut\u00e9 juive de Djerba fait preuve de r\u00e9silience"}]},{"@type":"WebSite","@id":"https:\/\/kapitalis.com\/tunisie\/#website","url":"https:\/\/kapitalis.com\/tunisie\/","name":"Kapitalis","description":"L&#039;actualit\u00e9 en Tunisie et dans le monde","publisher":{"@id":"https:\/\/kapitalis.com\/tunisie\/#organization"},"potentialAction":[{"@type":"SearchAction","target":{"@type":"EntryPoint","urlTemplate":"https:\/\/kapitalis.com\/tunisie\/?s={search_term_string}"},"query-input":{"@type":"PropertyValueSpecification","valueRequired":true,"valueName":"search_term_string"}}],"inLanguage":"fr-FR"},{"@type":"Organization","@id":"https:\/\/kapitalis.com\/tunisie\/#organization","name":"Kapitalis","url":"https:\/\/kapitalis.com\/tunisie\/","logo":{"@type":"ImageObject","inLanguage":"fr-FR","@id":"https:\/\/kapitalis.com\/tunisie\/#\/schema\/logo\/image\/","url":"https:\/\/kapitalis.com\/tunisie\/wp-content\/uploads\/2022\/05\/Kapitalis-big-size.png","contentUrl":"https:\/\/kapitalis.com\/tunisie\/wp-content\/uploads\/2022\/05\/Kapitalis-big-size.png","width":5000,"height":1500,"caption":"Kapitalis"},"image":{"@id":"https:\/\/kapitalis.com\/tunisie\/#\/schema\/logo\/image\/"},"sameAs":["https:\/\/www.facebook.com\/KapitalisInfo\/","https:\/\/x.com\/KapitalisInfo","https:\/\/www.youtube.com\/channel\/UC-yDYrHyfFBWWZaOw3FPg9Q"]},{"@type":"Person","@id":"https:\/\/kapitalis.com\/tunisie\/#\/schema\/person\/d71f33a9ca44f7bad4698210b480c8e9","name":"webmaster kapitalis","url":"https:\/\/kapitalis.com\/tunisie\/author\/webmaster-kapitalis\/"}]}},"_links":{"self":[{"href":"https:\/\/kapitalis.com\/tunisie\/wp-json\/wp\/v2\/posts\/7944883","targetHints":{"allow":["GET"]}}],"collection":[{"href":"https:\/\/kapitalis.com\/tunisie\/wp-json\/wp\/v2\/posts"}],"about":[{"href":"https:\/\/kapitalis.com\/tunisie\/wp-json\/wp\/v2\/types\/post"}],"author":[{"embeddable":true,"href":"https:\/\/kapitalis.com\/tunisie\/wp-json\/wp\/v2\/users\/8"}],"replies":[{"embeddable":true,"href":"https:\/\/kapitalis.com\/tunisie\/wp-json\/wp\/v2\/comments?post=7944883"}],"version-history":[{"count":2,"href":"https:\/\/kapitalis.com\/tunisie\/wp-json\/wp\/v2\/posts\/7944883\/revisions"}],"predecessor-version":[{"id":7953215,"href":"https:\/\/kapitalis.com\/tunisie\/wp-json\/wp\/v2\/posts\/7944883\/revisions\/7953215"}],"wp:featuredmedia":[{"embeddable":true,"href":"https:\/\/kapitalis.com\/tunisie\/wp-json\/wp\/v2\/media\/7933967"}],"wp:attachment":[{"href":"https:\/\/kapitalis.com\/tunisie\/wp-json\/wp\/v2\/media?parent=7944883"}],"wp:term":[{"taxonomy":"category","embeddable":true,"href":"https:\/\/kapitalis.com\/tunisie\/wp-json\/wp\/v2\/categories?post=7944883"},{"taxonomy":"post_tag","embeddable":true,"href":"https:\/\/kapitalis.com\/tunisie\/wp-json\/wp\/v2\/tags?post=7944883"}],"curies":[{"name":"wp","href":"https:\/\/api.w.org\/{rel}","templated":true}]}}