{"id":7958778,"date":"2023-05-16T21:42:06","date_gmt":"2023-05-16T20:42:06","guid":{"rendered":"https:\/\/kapitalis.com\/tunisie\/?p=7958778"},"modified":"2023-05-16T21:42:09","modified_gmt":"2023-05-16T20:42:09","slug":"prix-comar-dor-rencontre-avec-les-laureats-de-la-27e-edition","status":"publish","type":"post","link":"https:\/\/kapitalis.com\/tunisie\/2023\/05\/16\/prix-comar-dor-rencontre-avec-les-laureats-de-la-27e-edition\/","title":{"rendered":"Prix Comar d&rsquo;or : Rencontre avec les laur\u00e9ats de la 27e \u00e9dition"},"content":{"rendered":"\n<p><em><strong>Les Assurances Comar ont organis\u00e9 ce soir, mardi 16 mai, une rencontre avec les laur\u00e9ats de la 27e \u00e9dition du concours litt\u00e9raire Comar d&rsquo;or, l&rsquo;occasion de conna\u00eetre de plus pr\u00e8s les auteurs des meilleurs romans tunisiens de l&rsquo;ann\u00e9e.<\/strong><\/em><\/p>\n\n\n\n<!--more-->\n\n\n\n<p>Comme chaque ann\u00e9e, les Assurances Comar c\u00e9l\u00e8brent la litt\u00e9rature tunisienne \u00e0 travers le c\u00e9l\u00e8bre Prix Comar d&rsquo;or attribu\u00e9 aux meilleurs romans tunisiens de l&rsquo;ann\u00e9e \u00e9crits en langue fran\u00e7aise et en lange arabe.<\/p>\n\n\n\n<p>C&rsquo;est  \u00e0 l&rsquo;H\u00f4tel Le Majestic \u00e0 Tunis que les six laur\u00e9ats, les membres du jury, ainsi que des repr\u00e9sentants des m\u00e9dias se sont r\u00e9unis ce soir pour revenir sur les six romans prim\u00e9s lors de la 27e c\u00e9r\u00e9monie du Comar ayant eu lieu le samedi 6 mai au Th\u00e9\u00e2tre municipal de Tunis.<\/p>\n\n\n\n<p>Les deux jurys pr\u00e9sid\u00e9s par le journaliste et \u00e9crivain Ridha K\u00e9fi (langue fran\u00e7aise) et l&rsquo;universitaire et \u00e9crivain Mohamed Kadhi (langue arabe) ont indiqu\u00e9 que la plupart des romans qui \u00e9taient en lice pour le Comar d&rsquo;or m\u00e9ritaient d&rsquo;\u00eatre prim\u00e9s. Le niveau \u00e9tait particuli\u00e8rement \u00e9lev\u00e9 cette ann\u00e9e,  t\u00e9moignant du talent de nos jeunes \u00e9crivains tunisiens.<\/p>\n\n\n\n<p><strong>Le palmar\u00e8s des romans en langue fran\u00e7aise :<\/strong><\/p>\n\n\n\n<p>Le Comar d&rsquo;or : \u00ab\u00a0<em>Siqal, l&rsquo;antre de l&rsquo;ogresse<\/em>\u00a0\u00bb de Mouha Harmel (Demeter \u00e9ditions);<\/p>\n\n\n\n<p>Prix sp\u00e9cial du jury : \u00ab\u00a0<em>Le sacre des imb\u00e9ciles<\/em>\u00a0\u00bb de Fadhila Laouani (\u00e9ditions Lumi\u00e8res m\u00e9diterran\u00e9e);<\/p>\n\n\n\n<p>Prix d\u00e9couverte : \u00ab\u00a0<em>Je jalouse la brise du sud sur ton visage<\/em>\u00a0\u00bb de Meryem Sellami (C\u00e9r\u00e8s \u00e9ditions).<\/p>\n\n\n\n<p><strong>Le palmar\u00e8s des romans en langue arabe : <\/strong><\/p>\n\n\n\n<p>Le Comar d&rsquo;or : \u00ab\u00a0<em>Jbal jloud<\/em>\u00a0\u00bb de Taoufik Aloui (\u00e9ditions Medali);<\/p>\n\n\n\n<p>Prix sp\u00e9cial du jury : \u00ab\u00a0<em>Alyawm jomaa wa ghadan Khamis<\/em>\u00a0\u00bb de Sofien Rjeb (Arcadia \u00e9ditions);<\/p>\n\n\n\n<p>prix d\u00e9couverte : \u00ab\u00a0<em>Zaman al hadhayan<\/em>\u00a0\u00bb de Rafika Bhouri (\u00e9ditions Medali).<\/p>\n\n\n\n<p class=\"has-text-align-right\"><strong>F.B<\/strong><\/p>\n","protected":false},"excerpt":{"rendered":"<p>Les Assurances Comar ont organis\u00e9 ce soir, mardi 16 mai, une rencontre avec les laur\u00e9ats de la 27e \u00e9dition du concours litt\u00e9raire Comar d&rsquo;or, l&rsquo;occasion de conna\u00eetre de plus pr\u00e8s les auteurs des meilleurs romans tunisiens de l&rsquo;ann\u00e9e.<\/p>\n","protected":false},"author":26,"featured_media":7959296,"comment_status":"open","ping_status":"open","sticky":false,"template":"","format":"standard","meta":{"footnotes":""},"categories":[994,2433],"tags":[22214,106932,62643],"class_list":["post-7958778","post","type-post","status-publish","format-standard","has-post-thumbnail","hentry","category-culture","category-tunisie","tag-assurances-comar","tag-comar-dor-2023","tag-tunisie"],"yoast_head":"<!-- This site is optimized with the Yoast SEO plugin v26.6 - https:\/\/yoast.com\/wordpress\/plugins\/seo\/ -->\n<title>Prix Comar d&#039;or : Rencontre avec les laur\u00e9ats de la 27e \u00e9dition - Kapitalis<\/title>\n<meta name=\"robots\" content=\"index, follow, max-snippet:-1, max-image-preview:large, max-video-preview:-1\" \/>\n<link rel=\"canonical\" href=\"https:\/\/kapitalis.com\/tunisie\/2023\/05\/16\/prix-comar-dor-rencontre-avec-les-laureats-de-la-27e-edition\/\" \/>\n<meta property=\"og:locale\" content=\"fr_FR\" \/>\n<meta property=\"og:type\" content=\"article\" \/>\n<meta property=\"og:title\" content=\"Prix Comar d&#039;or : Rencontre avec les laur\u00e9ats de la 27e \u00e9dition - Kapitalis\" \/>\n<meta property=\"og:description\" content=\"Les Assurances Comar ont organis\u00e9 ce soir, mardi 16 mai, une rencontre avec les laur\u00e9ats de la 27e \u00e9dition du concours litt\u00e9raire Comar d&rsquo;or, l&rsquo;occasion de conna\u00eetre de plus pr\u00e8s les auteurs des meilleurs romans tunisiens de l&rsquo;ann\u00e9e.\" \/>\n<meta property=\"og:url\" content=\"https:\/\/kapitalis.com\/tunisie\/2023\/05\/16\/prix-comar-dor-rencontre-avec-les-laureats-de-la-27e-edition\/\" \/>\n<meta property=\"og:site_name\" content=\"Kapitalis\" \/>\n<meta property=\"article:publisher\" content=\"https:\/\/www.facebook.com\/KapitalisInfo\/\" \/>\n<meta property=\"article:published_time\" content=\"2023-05-16T20:42:06+00:00\" \/>\n<meta property=\"article:modified_time\" content=\"2023-05-16T20:42:09+00:00\" \/>\n<meta property=\"og:image\" content=\"https:\/\/kapitalis.com\/tunisie\/wp-content\/uploads\/2023\/05\/Comar-dor-2023-1.jpg\" \/>\n\t<meta property=\"og:image:width\" content=\"1200\" \/>\n\t<meta property=\"og:image:height\" content=\"630\" \/>\n\t<meta property=\"og:image:type\" content=\"image\/jpeg\" \/>\n<meta name=\"author\" content=\"Fawz BenAli\" \/>\n<meta name=\"twitter:card\" content=\"summary_large_image\" \/>\n<meta name=\"twitter:creator\" content=\"@KapitalisInfo\" \/>\n<meta name=\"twitter:site\" content=\"@KapitalisInfo\" \/>\n<meta name=\"twitter:label1\" content=\"\u00c9crit par\" \/>\n\t<meta name=\"twitter:data1\" content=\"Fawz BenAli\" \/>\n\t<meta name=\"twitter:label2\" content=\"Dur\u00e9e de lecture estim\u00e9e\" \/>\n\t<meta name=\"twitter:data2\" content=\"2 minutes\" \/>\n<script type=\"application\/ld+json\" class=\"yoast-schema-graph\">{\"@context\":\"https:\/\/schema.org\",\"@graph\":[{\"@type\":\"Article\",\"@id\":\"https:\/\/kapitalis.com\/tunisie\/2023\/05\/16\/prix-comar-dor-rencontre-avec-les-laureats-de-la-27e-edition\/#article\",\"isPartOf\":{\"@id\":\"https:\/\/kapitalis.com\/tunisie\/2023\/05\/16\/prix-comar-dor-rencontre-avec-les-laureats-de-la-27e-edition\/\"},\"author\":{\"name\":\"Fawz BenAli\",\"@id\":\"https:\/\/kapitalis.com\/tunisie\/#\/schema\/person\/73a5ecc1f6ae540c6ed91342eadca948\"},\"headline\":\"Prix Comar d&rsquo;or : Rencontre avec les laur\u00e9ats de la 27e \u00e9dition\",\"datePublished\":\"2023-05-16T20:42:06+00:00\",\"dateModified\":\"2023-05-16T20:42:09+00:00\",\"mainEntityOfPage\":{\"@id\":\"https:\/\/kapitalis.com\/tunisie\/2023\/05\/16\/prix-comar-dor-rencontre-avec-les-laureats-de-la-27e-edition\/\"},\"wordCount\":320,\"commentCount\":0,\"publisher\":{\"@id\":\"https:\/\/kapitalis.com\/tunisie\/#organization\"},\"image\":{\"@id\":\"https:\/\/kapitalis.com\/tunisie\/2023\/05\/16\/prix-comar-dor-rencontre-avec-les-laureats-de-la-27e-edition\/#primaryimage\"},\"thumbnailUrl\":\"https:\/\/kapitalis.com\/tunisie\/wp-content\/uploads\/2023\/05\/Comar-dor-2023-1.jpg\",\"keywords\":[\"Assurances Comar\",\"Comar d&#039;or 2023\",\"Tunisie\"],\"articleSection\":[\"CULTURE\",\"Tunisie\"],\"inLanguage\":\"fr-FR\",\"potentialAction\":[{\"@type\":\"CommentAction\",\"name\":\"Comment\",\"target\":[\"https:\/\/kapitalis.com\/tunisie\/2023\/05\/16\/prix-comar-dor-rencontre-avec-les-laureats-de-la-27e-edition\/#respond\"]}]},{\"@type\":\"WebPage\",\"@id\":\"https:\/\/kapitalis.com\/tunisie\/2023\/05\/16\/prix-comar-dor-rencontre-avec-les-laureats-de-la-27e-edition\/\",\"url\":\"https:\/\/kapitalis.com\/tunisie\/2023\/05\/16\/prix-comar-dor-rencontre-avec-les-laureats-de-la-27e-edition\/\",\"name\":\"Prix Comar d'or : Rencontre avec les laur\u00e9ats de la 27e \u00e9dition - Kapitalis\",\"isPartOf\":{\"@id\":\"https:\/\/kapitalis.com\/tunisie\/#website\"},\"primaryImageOfPage\":{\"@id\":\"https:\/\/kapitalis.com\/tunisie\/2023\/05\/16\/prix-comar-dor-rencontre-avec-les-laureats-de-la-27e-edition\/#primaryimage\"},\"image\":{\"@id\":\"https:\/\/kapitalis.com\/tunisie\/2023\/05\/16\/prix-comar-dor-rencontre-avec-les-laureats-de-la-27e-edition\/#primaryimage\"},\"thumbnailUrl\":\"https:\/\/kapitalis.com\/tunisie\/wp-content\/uploads\/2023\/05\/Comar-dor-2023-1.jpg\",\"datePublished\":\"2023-05-16T20:42:06+00:00\",\"dateModified\":\"2023-05-16T20:42:09+00:00\",\"breadcrumb\":{\"@id\":\"https:\/\/kapitalis.com\/tunisie\/2023\/05\/16\/prix-comar-dor-rencontre-avec-les-laureats-de-la-27e-edition\/#breadcrumb\"},\"inLanguage\":\"fr-FR\",\"potentialAction\":[{\"@type\":\"ReadAction\",\"target\":[\"https:\/\/kapitalis.com\/tunisie\/2023\/05\/16\/prix-comar-dor-rencontre-avec-les-laureats-de-la-27e-edition\/\"]}]},{\"@type\":\"ImageObject\",\"inLanguage\":\"fr-FR\",\"@id\":\"https:\/\/kapitalis.com\/tunisie\/2023\/05\/16\/prix-comar-dor-rencontre-avec-les-laureats-de-la-27e-edition\/#primaryimage\",\"url\":\"https:\/\/kapitalis.com\/tunisie\/wp-content\/uploads\/2023\/05\/Comar-dor-2023-1.jpg\",\"contentUrl\":\"https:\/\/kapitalis.com\/tunisie\/wp-content\/uploads\/2023\/05\/Comar-dor-2023-1.jpg\",\"width\":1200,\"height\":630},{\"@type\":\"BreadcrumbList\",\"@id\":\"https:\/\/kapitalis.com\/tunisie\/2023\/05\/16\/prix-comar-dor-rencontre-avec-les-laureats-de-la-27e-edition\/#breadcrumb\",\"itemListElement\":[{\"@type\":\"ListItem\",\"position\":1,\"name\":\"Accueil\",\"item\":\"https:\/\/kapitalis.com\/tunisie\/\"},{\"@type\":\"ListItem\",\"position\":2,\"name\":\"Prix Comar d&rsquo;or : Rencontre avec les laur\u00e9ats de la 27e \u00e9dition\"}]},{\"@type\":\"WebSite\",\"@id\":\"https:\/\/kapitalis.com\/tunisie\/#website\",\"url\":\"https:\/\/kapitalis.com\/tunisie\/\",\"name\":\"Kapitalis\",\"description\":\"L&#039;actualit\u00e9 en Tunisie et dans le monde\",\"publisher\":{\"@id\":\"https:\/\/kapitalis.com\/tunisie\/#organization\"},\"potentialAction\":[{\"@type\":\"SearchAction\",\"target\":{\"@type\":\"EntryPoint\",\"urlTemplate\":\"https:\/\/kapitalis.com\/tunisie\/?s={search_term_string}\"},\"query-input\":{\"@type\":\"PropertyValueSpecification\",\"valueRequired\":true,\"valueName\":\"search_term_string\"}}],\"inLanguage\":\"fr-FR\"},{\"@type\":\"Organization\",\"@id\":\"https:\/\/kapitalis.com\/tunisie\/#organization\",\"name\":\"Kapitalis\",\"url\":\"https:\/\/kapitalis.com\/tunisie\/\",\"logo\":{\"@type\":\"ImageObject\",\"inLanguage\":\"fr-FR\",\"@id\":\"https:\/\/kapitalis.com\/tunisie\/#\/schema\/logo\/image\/\",\"url\":\"https:\/\/kapitalis.com\/tunisie\/wp-content\/uploads\/2022\/05\/Kapitalis-big-size.png\",\"contentUrl\":\"https:\/\/kapitalis.com\/tunisie\/wp-content\/uploads\/2022\/05\/Kapitalis-big-size.png\",\"width\":5000,\"height\":1500,\"caption\":\"Kapitalis\"},\"image\":{\"@id\":\"https:\/\/kapitalis.com\/tunisie\/#\/schema\/logo\/image\/\"},\"sameAs\":[\"https:\/\/www.facebook.com\/KapitalisInfo\/\",\"https:\/\/x.com\/KapitalisInfo\",\"https:\/\/www.youtube.com\/channel\/UC-yDYrHyfFBWWZaOw3FPg9Q\"]},{\"@type\":\"Person\",\"@id\":\"https:\/\/kapitalis.com\/tunisie\/#\/schema\/person\/73a5ecc1f6ae540c6ed91342eadca948\",\"name\":\"Fawz BenAli\",\"url\":\"https:\/\/kapitalis.com\/tunisie\/author\/fawz\/\"}]}<\/script>\n<!-- \/ Yoast SEO plugin. -->","yoast_head_json":{"title":"Prix Comar d'or : Rencontre avec les laur\u00e9ats de la 27e \u00e9dition - Kapitalis","robots":{"index":"index","follow":"follow","max-snippet":"max-snippet:-1","max-image-preview":"max-image-preview:large","max-video-preview":"max-video-preview:-1"},"canonical":"https:\/\/kapitalis.com\/tunisie\/2023\/05\/16\/prix-comar-dor-rencontre-avec-les-laureats-de-la-27e-edition\/","og_locale":"fr_FR","og_type":"article","og_title":"Prix Comar d'or : Rencontre avec les laur\u00e9ats de la 27e \u00e9dition - Kapitalis","og_description":"Les Assurances Comar ont organis\u00e9 ce soir, mardi 16 mai, une rencontre avec les laur\u00e9ats de la 27e \u00e9dition du concours litt\u00e9raire Comar d&rsquo;or, l&rsquo;occasion de conna\u00eetre de plus pr\u00e8s les auteurs des meilleurs romans tunisiens de l&rsquo;ann\u00e9e.","og_url":"https:\/\/kapitalis.com\/tunisie\/2023\/05\/16\/prix-comar-dor-rencontre-avec-les-laureats-de-la-27e-edition\/","og_site_name":"Kapitalis","article_publisher":"https:\/\/www.facebook.com\/KapitalisInfo\/","article_published_time":"2023-05-16T20:42:06+00:00","article_modified_time":"2023-05-16T20:42:09+00:00","og_image":[{"width":1200,"height":630,"url":"https:\/\/kapitalis.com\/tunisie\/wp-content\/uploads\/2023\/05\/Comar-dor-2023-1.jpg","type":"image\/jpeg"}],"author":"Fawz BenAli","twitter_card":"summary_large_image","twitter_creator":"@KapitalisInfo","twitter_site":"@KapitalisInfo","twitter_misc":{"\u00c9crit par":"Fawz BenAli","Dur\u00e9e de lecture estim\u00e9e":"2 minutes"},"schema":{"@context":"https:\/\/schema.org","@graph":[{"@type":"Article","@id":"https:\/\/kapitalis.com\/tunisie\/2023\/05\/16\/prix-comar-dor-rencontre-avec-les-laureats-de-la-27e-edition\/#article","isPartOf":{"@id":"https:\/\/kapitalis.com\/tunisie\/2023\/05\/16\/prix-comar-dor-rencontre-avec-les-laureats-de-la-27e-edition\/"},"author":{"name":"Fawz BenAli","@id":"https:\/\/kapitalis.com\/tunisie\/#\/schema\/person\/73a5ecc1f6ae540c6ed91342eadca948"},"headline":"Prix Comar d&rsquo;or : Rencontre avec les laur\u00e9ats de la 27e \u00e9dition","datePublished":"2023-05-16T20:42:06+00:00","dateModified":"2023-05-16T20:42:09+00:00","mainEntityOfPage":{"@id":"https:\/\/kapitalis.com\/tunisie\/2023\/05\/16\/prix-comar-dor-rencontre-avec-les-laureats-de-la-27e-edition\/"},"wordCount":320,"commentCount":0,"publisher":{"@id":"https:\/\/kapitalis.com\/tunisie\/#organization"},"image":{"@id":"https:\/\/kapitalis.com\/tunisie\/2023\/05\/16\/prix-comar-dor-rencontre-avec-les-laureats-de-la-27e-edition\/#primaryimage"},"thumbnailUrl":"https:\/\/kapitalis.com\/tunisie\/wp-content\/uploads\/2023\/05\/Comar-dor-2023-1.jpg","keywords":["Assurances Comar","Comar d&#039;or 2023","Tunisie"],"articleSection":["CULTURE","Tunisie"],"inLanguage":"fr-FR","potentialAction":[{"@type":"CommentAction","name":"Comment","target":["https:\/\/kapitalis.com\/tunisie\/2023\/05\/16\/prix-comar-dor-rencontre-avec-les-laureats-de-la-27e-edition\/#respond"]}]},{"@type":"WebPage","@id":"https:\/\/kapitalis.com\/tunisie\/2023\/05\/16\/prix-comar-dor-rencontre-avec-les-laureats-de-la-27e-edition\/","url":"https:\/\/kapitalis.com\/tunisie\/2023\/05\/16\/prix-comar-dor-rencontre-avec-les-laureats-de-la-27e-edition\/","name":"Prix Comar d'or : Rencontre avec les laur\u00e9ats de la 27e \u00e9dition - Kapitalis","isPartOf":{"@id":"https:\/\/kapitalis.com\/tunisie\/#website"},"primaryImageOfPage":{"@id":"https:\/\/kapitalis.com\/tunisie\/2023\/05\/16\/prix-comar-dor-rencontre-avec-les-laureats-de-la-27e-edition\/#primaryimage"},"image":{"@id":"https:\/\/kapitalis.com\/tunisie\/2023\/05\/16\/prix-comar-dor-rencontre-avec-les-laureats-de-la-27e-edition\/#primaryimage"},"thumbnailUrl":"https:\/\/kapitalis.com\/tunisie\/wp-content\/uploads\/2023\/05\/Comar-dor-2023-1.jpg","datePublished":"2023-05-16T20:42:06+00:00","dateModified":"2023-05-16T20:42:09+00:00","breadcrumb":{"@id":"https:\/\/kapitalis.com\/tunisie\/2023\/05\/16\/prix-comar-dor-rencontre-avec-les-laureats-de-la-27e-edition\/#breadcrumb"},"inLanguage":"fr-FR","potentialAction":[{"@type":"ReadAction","target":["https:\/\/kapitalis.com\/tunisie\/2023\/05\/16\/prix-comar-dor-rencontre-avec-les-laureats-de-la-27e-edition\/"]}]},{"@type":"ImageObject","inLanguage":"fr-FR","@id":"https:\/\/kapitalis.com\/tunisie\/2023\/05\/16\/prix-comar-dor-rencontre-avec-les-laureats-de-la-27e-edition\/#primaryimage","url":"https:\/\/kapitalis.com\/tunisie\/wp-content\/uploads\/2023\/05\/Comar-dor-2023-1.jpg","contentUrl":"https:\/\/kapitalis.com\/tunisie\/wp-content\/uploads\/2023\/05\/Comar-dor-2023-1.jpg","width":1200,"height":630},{"@type":"BreadcrumbList","@id":"https:\/\/kapitalis.com\/tunisie\/2023\/05\/16\/prix-comar-dor-rencontre-avec-les-laureats-de-la-27e-edition\/#breadcrumb","itemListElement":[{"@type":"ListItem","position":1,"name":"Accueil","item":"https:\/\/kapitalis.com\/tunisie\/"},{"@type":"ListItem","position":2,"name":"Prix Comar d&rsquo;or : Rencontre avec les laur\u00e9ats de la 27e \u00e9dition"}]},{"@type":"WebSite","@id":"https:\/\/kapitalis.com\/tunisie\/#website","url":"https:\/\/kapitalis.com\/tunisie\/","name":"Kapitalis","description":"L&#039;actualit\u00e9 en Tunisie et dans le monde","publisher":{"@id":"https:\/\/kapitalis.com\/tunisie\/#organization"},"potentialAction":[{"@type":"SearchAction","target":{"@type":"EntryPoint","urlTemplate":"https:\/\/kapitalis.com\/tunisie\/?s={search_term_string}"},"query-input":{"@type":"PropertyValueSpecification","valueRequired":true,"valueName":"search_term_string"}}],"inLanguage":"fr-FR"},{"@type":"Organization","@id":"https:\/\/kapitalis.com\/tunisie\/#organization","name":"Kapitalis","url":"https:\/\/kapitalis.com\/tunisie\/","logo":{"@type":"ImageObject","inLanguage":"fr-FR","@id":"https:\/\/kapitalis.com\/tunisie\/#\/schema\/logo\/image\/","url":"https:\/\/kapitalis.com\/tunisie\/wp-content\/uploads\/2022\/05\/Kapitalis-big-size.png","contentUrl":"https:\/\/kapitalis.com\/tunisie\/wp-content\/uploads\/2022\/05\/Kapitalis-big-size.png","width":5000,"height":1500,"caption":"Kapitalis"},"image":{"@id":"https:\/\/kapitalis.com\/tunisie\/#\/schema\/logo\/image\/"},"sameAs":["https:\/\/www.facebook.com\/KapitalisInfo\/","https:\/\/x.com\/KapitalisInfo","https:\/\/www.youtube.com\/channel\/UC-yDYrHyfFBWWZaOw3FPg9Q"]},{"@type":"Person","@id":"https:\/\/kapitalis.com\/tunisie\/#\/schema\/person\/73a5ecc1f6ae540c6ed91342eadca948","name":"Fawz BenAli","url":"https:\/\/kapitalis.com\/tunisie\/author\/fawz\/"}]}},"_links":{"self":[{"href":"https:\/\/kapitalis.com\/tunisie\/wp-json\/wp\/v2\/posts\/7958778","targetHints":{"allow":["GET"]}}],"collection":[{"href":"https:\/\/kapitalis.com\/tunisie\/wp-json\/wp\/v2\/posts"}],"about":[{"href":"https:\/\/kapitalis.com\/tunisie\/wp-json\/wp\/v2\/types\/post"}],"author":[{"embeddable":true,"href":"https:\/\/kapitalis.com\/tunisie\/wp-json\/wp\/v2\/users\/26"}],"replies":[{"embeddable":true,"href":"https:\/\/kapitalis.com\/tunisie\/wp-json\/wp\/v2\/comments?post=7958778"}],"version-history":[{"count":1,"href":"https:\/\/kapitalis.com\/tunisie\/wp-json\/wp\/v2\/posts\/7958778\/revisions"}],"predecessor-version":[{"id":7959310,"href":"https:\/\/kapitalis.com\/tunisie\/wp-json\/wp\/v2\/posts\/7958778\/revisions\/7959310"}],"wp:featuredmedia":[{"embeddable":true,"href":"https:\/\/kapitalis.com\/tunisie\/wp-json\/wp\/v2\/media\/7959296"}],"wp:attachment":[{"href":"https:\/\/kapitalis.com\/tunisie\/wp-json\/wp\/v2\/media?parent=7958778"}],"wp:term":[{"taxonomy":"category","embeddable":true,"href":"https:\/\/kapitalis.com\/tunisie\/wp-json\/wp\/v2\/categories?post=7958778"},{"taxonomy":"post_tag","embeddable":true,"href":"https:\/\/kapitalis.com\/tunisie\/wp-json\/wp\/v2\/tags?post=7958778"}],"curies":[{"name":"wp","href":"https:\/\/api.w.org\/{rel}","templated":true}]}}