{"id":7960477,"date":"2023-05-17T05:55:33","date_gmt":"2023-05-17T04:55:33","guid":{"rendered":"https:\/\/kapitalis.com\/tunisie\/?p=7960477"},"modified":"2023-05-17T05:55:36","modified_gmt":"2023-05-17T04:55:36","slug":"neji-ghandri-elu-president-du-conseil-bancaire-et-financier","status":"publish","type":"post","link":"https:\/\/kapitalis.com\/tunisie\/2023\/05\/17\/neji-ghandri-elu-president-du-conseil-bancaire-et-financier\/","title":{"rendered":"N\u00e9ji Ghandri \u00e9lu pr\u00e9sident du Conseil Bancaire et Financier"},"content":{"rendered":"\n<p><strong><em>N\u00e9ji Ghandri, pr\u00e9sident du directoire d\u2019Amen Bank, est \u00e9lu nouveau pr\u00e9sident du Conseil Bancaire et Financier (CBF) lors de son conseil d\u2019administration tenu le 16 mai 2023 succ\u00e9dant ainsi \u00e0 Mohamed Agrebi, directeur g\u00e9n\u00e9ral de la Biat.<\/em><\/strong><\/p>\n\n\n\n<!--more-->\n\n\n\n<p>Le conseil a \u00e9galement \u00e9lu Khelifa Seboui, DG de la BTS, vice-pr\u00e9sident repr\u00e9sentant la section des banques. La section des \u00e9tablissements financiers demeure repr\u00e9sent\u00e9e par le vice-pr\u00e9sident Mohamed Hechmi Djilani, DG de Hannibal Lease. Dans un communiqu\u00e9, le conseil a pr\u00e9sent\u00e9 ses plus vifs remerciements \u00e0 M. Agrebi pour tout le travail accompli durant son mandat \u00e0 la t\u00eate du CBF.<\/p>\n","protected":false},"excerpt":{"rendered":"<p>N\u00e9ji Ghandri, pr\u00e9sident du directoire d\u2019Amen Bank, est \u00e9lu nouveau pr\u00e9sident du Conseil Bancaire et Financier (CBF). <\/p>\n","protected":false},"author":8,"featured_media":7960500,"comment_status":"open","ping_status":"open","sticky":false,"template":"","format":"standard","meta":{"footnotes":""},"categories":[995,2433],"tags":[146,16454,99790,3141,108711,21137,108712,89713],"class_list":["post-7960477","post","type-post","status-publish","format-standard","has-post-thumbnail","hentry","category-economie","category-tunisie","tag-biat","tag-bts","tag-conseil-bancaire-et-financier","tag-hannibal-lease","tag-khelifa-seboui","tag-mohamed-agrebi","tag-mohamed-hechmi-djilani","tag-neji-ghandri"],"yoast_head":"<!-- This site is optimized with the Yoast SEO plugin v26.6 - https:\/\/yoast.com\/wordpress\/plugins\/seo\/ -->\n<title>N\u00e9ji Ghandri \u00e9lu pr\u00e9sident du Conseil Bancaire et Financier - Kapitalis<\/title>\n<meta name=\"robots\" content=\"index, follow, max-snippet:-1, max-image-preview:large, max-video-preview:-1\" \/>\n<link rel=\"canonical\" href=\"https:\/\/kapitalis.com\/tunisie\/2023\/05\/17\/neji-ghandri-elu-president-du-conseil-bancaire-et-financier\/\" \/>\n<meta property=\"og:locale\" content=\"fr_FR\" \/>\n<meta property=\"og:type\" content=\"article\" \/>\n<meta property=\"og:title\" content=\"N\u00e9ji Ghandri \u00e9lu pr\u00e9sident du Conseil Bancaire et Financier - Kapitalis\" \/>\n<meta property=\"og:description\" content=\"N\u00e9ji Ghandri, pr\u00e9sident du directoire d\u2019Amen Bank, est \u00e9lu nouveau pr\u00e9sident du Conseil Bancaire et Financier (CBF).\" \/>\n<meta property=\"og:url\" content=\"https:\/\/kapitalis.com\/tunisie\/2023\/05\/17\/neji-ghandri-elu-president-du-conseil-bancaire-et-financier\/\" \/>\n<meta property=\"og:site_name\" content=\"Kapitalis\" \/>\n<meta property=\"article:publisher\" content=\"https:\/\/www.facebook.com\/KapitalisInfo\/\" \/>\n<meta property=\"article:published_time\" content=\"2023-05-17T04:55:33+00:00\" \/>\n<meta property=\"article:modified_time\" content=\"2023-05-17T04:55:36+00:00\" \/>\n<meta property=\"og:image\" content=\"https:\/\/kapitalis.com\/tunisie\/wp-content\/uploads\/2023\/05\/CBF.jpg\" \/>\n\t<meta property=\"og:image:width\" content=\"1200\" \/>\n\t<meta property=\"og:image:height\" content=\"630\" \/>\n\t<meta property=\"og:image:type\" content=\"image\/jpeg\" \/>\n<meta name=\"author\" content=\"webmaster kapitalis\" \/>\n<meta name=\"twitter:card\" content=\"summary_large_image\" \/>\n<meta name=\"twitter:creator\" content=\"@KapitalisInfo\" \/>\n<meta name=\"twitter:site\" content=\"@KapitalisInfo\" \/>\n<meta name=\"twitter:label1\" content=\"\u00c9crit par\" \/>\n\t<meta name=\"twitter:data1\" content=\"webmaster kapitalis\" \/>\n\t<meta name=\"twitter:label2\" content=\"Dur\u00e9e de lecture estim\u00e9e\" \/>\n\t<meta name=\"twitter:data2\" content=\"1 minute\" \/>\n<script type=\"application\/ld+json\" class=\"yoast-schema-graph\">{\"@context\":\"https:\/\/schema.org\",\"@graph\":[{\"@type\":\"Article\",\"@id\":\"https:\/\/kapitalis.com\/tunisie\/2023\/05\/17\/neji-ghandri-elu-president-du-conseil-bancaire-et-financier\/#article\",\"isPartOf\":{\"@id\":\"https:\/\/kapitalis.com\/tunisie\/2023\/05\/17\/neji-ghandri-elu-president-du-conseil-bancaire-et-financier\/\"},\"author\":{\"name\":\"webmaster kapitalis\",\"@id\":\"https:\/\/kapitalis.com\/tunisie\/#\/schema\/person\/d71f33a9ca44f7bad4698210b480c8e9\"},\"headline\":\"N\u00e9ji Ghandri \u00e9lu pr\u00e9sident du Conseil Bancaire et Financier\",\"datePublished\":\"2023-05-17T04:55:33+00:00\",\"dateModified\":\"2023-05-17T04:55:36+00:00\",\"mainEntityOfPage\":{\"@id\":\"https:\/\/kapitalis.com\/tunisie\/2023\/05\/17\/neji-ghandri-elu-president-du-conseil-bancaire-et-financier\/\"},\"wordCount\":119,\"commentCount\":0,\"publisher\":{\"@id\":\"https:\/\/kapitalis.com\/tunisie\/#organization\"},\"image\":{\"@id\":\"https:\/\/kapitalis.com\/tunisie\/2023\/05\/17\/neji-ghandri-elu-president-du-conseil-bancaire-et-financier\/#primaryimage\"},\"thumbnailUrl\":\"https:\/\/kapitalis.com\/tunisie\/wp-content\/uploads\/2023\/05\/CBF.jpg\",\"keywords\":[\"Biat\",\"BTS\",\"Conseil Bancaire et Financier\",\"Hannibal Lease\",\"Khelifa Seboui\",\"Mohamed Agrebi\",\"Mohamed Hechmi Djilani\",\"N\u00e9ji Ghandri\"],\"articleSection\":[\"ECONOMIE\",\"Tunisie\"],\"inLanguage\":\"fr-FR\",\"potentialAction\":[{\"@type\":\"CommentAction\",\"name\":\"Comment\",\"target\":[\"https:\/\/kapitalis.com\/tunisie\/2023\/05\/17\/neji-ghandri-elu-president-du-conseil-bancaire-et-financier\/#respond\"]}]},{\"@type\":\"WebPage\",\"@id\":\"https:\/\/kapitalis.com\/tunisie\/2023\/05\/17\/neji-ghandri-elu-president-du-conseil-bancaire-et-financier\/\",\"url\":\"https:\/\/kapitalis.com\/tunisie\/2023\/05\/17\/neji-ghandri-elu-president-du-conseil-bancaire-et-financier\/\",\"name\":\"N\u00e9ji Ghandri \u00e9lu pr\u00e9sident du Conseil Bancaire et Financier - Kapitalis\",\"isPartOf\":{\"@id\":\"https:\/\/kapitalis.com\/tunisie\/#website\"},\"primaryImageOfPage\":{\"@id\":\"https:\/\/kapitalis.com\/tunisie\/2023\/05\/17\/neji-ghandri-elu-president-du-conseil-bancaire-et-financier\/#primaryimage\"},\"image\":{\"@id\":\"https:\/\/kapitalis.com\/tunisie\/2023\/05\/17\/neji-ghandri-elu-president-du-conseil-bancaire-et-financier\/#primaryimage\"},\"thumbnailUrl\":\"https:\/\/kapitalis.com\/tunisie\/wp-content\/uploads\/2023\/05\/CBF.jpg\",\"datePublished\":\"2023-05-17T04:55:33+00:00\",\"dateModified\":\"2023-05-17T04:55:36+00:00\",\"breadcrumb\":{\"@id\":\"https:\/\/kapitalis.com\/tunisie\/2023\/05\/17\/neji-ghandri-elu-president-du-conseil-bancaire-et-financier\/#breadcrumb\"},\"inLanguage\":\"fr-FR\",\"potentialAction\":[{\"@type\":\"ReadAction\",\"target\":[\"https:\/\/kapitalis.com\/tunisie\/2023\/05\/17\/neji-ghandri-elu-president-du-conseil-bancaire-et-financier\/\"]}]},{\"@type\":\"ImageObject\",\"inLanguage\":\"fr-FR\",\"@id\":\"https:\/\/kapitalis.com\/tunisie\/2023\/05\/17\/neji-ghandri-elu-president-du-conseil-bancaire-et-financier\/#primaryimage\",\"url\":\"https:\/\/kapitalis.com\/tunisie\/wp-content\/uploads\/2023\/05\/CBF.jpg\",\"contentUrl\":\"https:\/\/kapitalis.com\/tunisie\/wp-content\/uploads\/2023\/05\/CBF.jpg\",\"width\":1200,\"height\":630},{\"@type\":\"BreadcrumbList\",\"@id\":\"https:\/\/kapitalis.com\/tunisie\/2023\/05\/17\/neji-ghandri-elu-president-du-conseil-bancaire-et-financier\/#breadcrumb\",\"itemListElement\":[{\"@type\":\"ListItem\",\"position\":1,\"name\":\"Accueil\",\"item\":\"https:\/\/kapitalis.com\/tunisie\/\"},{\"@type\":\"ListItem\",\"position\":2,\"name\":\"N\u00e9ji Ghandri \u00e9lu pr\u00e9sident du Conseil Bancaire et Financier\"}]},{\"@type\":\"WebSite\",\"@id\":\"https:\/\/kapitalis.com\/tunisie\/#website\",\"url\":\"https:\/\/kapitalis.com\/tunisie\/\",\"name\":\"Kapitalis\",\"description\":\"L&#039;actualit\u00e9 en Tunisie et dans le monde\",\"publisher\":{\"@id\":\"https:\/\/kapitalis.com\/tunisie\/#organization\"},\"potentialAction\":[{\"@type\":\"SearchAction\",\"target\":{\"@type\":\"EntryPoint\",\"urlTemplate\":\"https:\/\/kapitalis.com\/tunisie\/?s={search_term_string}\"},\"query-input\":{\"@type\":\"PropertyValueSpecification\",\"valueRequired\":true,\"valueName\":\"search_term_string\"}}],\"inLanguage\":\"fr-FR\"},{\"@type\":\"Organization\",\"@id\":\"https:\/\/kapitalis.com\/tunisie\/#organization\",\"name\":\"Kapitalis\",\"url\":\"https:\/\/kapitalis.com\/tunisie\/\",\"logo\":{\"@type\":\"ImageObject\",\"inLanguage\":\"fr-FR\",\"@id\":\"https:\/\/kapitalis.com\/tunisie\/#\/schema\/logo\/image\/\",\"url\":\"https:\/\/kapitalis.com\/tunisie\/wp-content\/uploads\/2022\/05\/Kapitalis-big-size.png\",\"contentUrl\":\"https:\/\/kapitalis.com\/tunisie\/wp-content\/uploads\/2022\/05\/Kapitalis-big-size.png\",\"width\":5000,\"height\":1500,\"caption\":\"Kapitalis\"},\"image\":{\"@id\":\"https:\/\/kapitalis.com\/tunisie\/#\/schema\/logo\/image\/\"},\"sameAs\":[\"https:\/\/www.facebook.com\/KapitalisInfo\/\",\"https:\/\/x.com\/KapitalisInfo\",\"https:\/\/www.youtube.com\/channel\/UC-yDYrHyfFBWWZaOw3FPg9Q\"]},{\"@type\":\"Person\",\"@id\":\"https:\/\/kapitalis.com\/tunisie\/#\/schema\/person\/d71f33a9ca44f7bad4698210b480c8e9\",\"name\":\"webmaster kapitalis\",\"url\":\"https:\/\/kapitalis.com\/tunisie\/author\/webmaster-kapitalis\/\"}]}<\/script>\n<!-- \/ Yoast SEO plugin. -->","yoast_head_json":{"title":"N\u00e9ji Ghandri \u00e9lu pr\u00e9sident du Conseil Bancaire et Financier - Kapitalis","robots":{"index":"index","follow":"follow","max-snippet":"max-snippet:-1","max-image-preview":"max-image-preview:large","max-video-preview":"max-video-preview:-1"},"canonical":"https:\/\/kapitalis.com\/tunisie\/2023\/05\/17\/neji-ghandri-elu-president-du-conseil-bancaire-et-financier\/","og_locale":"fr_FR","og_type":"article","og_title":"N\u00e9ji Ghandri \u00e9lu pr\u00e9sident du Conseil Bancaire et Financier - Kapitalis","og_description":"N\u00e9ji Ghandri, pr\u00e9sident du directoire d\u2019Amen Bank, est \u00e9lu nouveau pr\u00e9sident du Conseil Bancaire et Financier (CBF).","og_url":"https:\/\/kapitalis.com\/tunisie\/2023\/05\/17\/neji-ghandri-elu-president-du-conseil-bancaire-et-financier\/","og_site_name":"Kapitalis","article_publisher":"https:\/\/www.facebook.com\/KapitalisInfo\/","article_published_time":"2023-05-17T04:55:33+00:00","article_modified_time":"2023-05-17T04:55:36+00:00","og_image":[{"width":1200,"height":630,"url":"https:\/\/kapitalis.com\/tunisie\/wp-content\/uploads\/2023\/05\/CBF.jpg","type":"image\/jpeg"}],"author":"webmaster kapitalis","twitter_card":"summary_large_image","twitter_creator":"@KapitalisInfo","twitter_site":"@KapitalisInfo","twitter_misc":{"\u00c9crit par":"webmaster kapitalis","Dur\u00e9e de lecture estim\u00e9e":"1 minute"},"schema":{"@context":"https:\/\/schema.org","@graph":[{"@type":"Article","@id":"https:\/\/kapitalis.com\/tunisie\/2023\/05\/17\/neji-ghandri-elu-president-du-conseil-bancaire-et-financier\/#article","isPartOf":{"@id":"https:\/\/kapitalis.com\/tunisie\/2023\/05\/17\/neji-ghandri-elu-president-du-conseil-bancaire-et-financier\/"},"author":{"name":"webmaster kapitalis","@id":"https:\/\/kapitalis.com\/tunisie\/#\/schema\/person\/d71f33a9ca44f7bad4698210b480c8e9"},"headline":"N\u00e9ji Ghandri \u00e9lu pr\u00e9sident du Conseil Bancaire et Financier","datePublished":"2023-05-17T04:55:33+00:00","dateModified":"2023-05-17T04:55:36+00:00","mainEntityOfPage":{"@id":"https:\/\/kapitalis.com\/tunisie\/2023\/05\/17\/neji-ghandri-elu-president-du-conseil-bancaire-et-financier\/"},"wordCount":119,"commentCount":0,"publisher":{"@id":"https:\/\/kapitalis.com\/tunisie\/#organization"},"image":{"@id":"https:\/\/kapitalis.com\/tunisie\/2023\/05\/17\/neji-ghandri-elu-president-du-conseil-bancaire-et-financier\/#primaryimage"},"thumbnailUrl":"https:\/\/kapitalis.com\/tunisie\/wp-content\/uploads\/2023\/05\/CBF.jpg","keywords":["Biat","BTS","Conseil Bancaire et Financier","Hannibal Lease","Khelifa Seboui","Mohamed Agrebi","Mohamed Hechmi Djilani","N\u00e9ji Ghandri"],"articleSection":["ECONOMIE","Tunisie"],"inLanguage":"fr-FR","potentialAction":[{"@type":"CommentAction","name":"Comment","target":["https:\/\/kapitalis.com\/tunisie\/2023\/05\/17\/neji-ghandri-elu-president-du-conseil-bancaire-et-financier\/#respond"]}]},{"@type":"WebPage","@id":"https:\/\/kapitalis.com\/tunisie\/2023\/05\/17\/neji-ghandri-elu-president-du-conseil-bancaire-et-financier\/","url":"https:\/\/kapitalis.com\/tunisie\/2023\/05\/17\/neji-ghandri-elu-president-du-conseil-bancaire-et-financier\/","name":"N\u00e9ji Ghandri \u00e9lu pr\u00e9sident du Conseil Bancaire et Financier - Kapitalis","isPartOf":{"@id":"https:\/\/kapitalis.com\/tunisie\/#website"},"primaryImageOfPage":{"@id":"https:\/\/kapitalis.com\/tunisie\/2023\/05\/17\/neji-ghandri-elu-president-du-conseil-bancaire-et-financier\/#primaryimage"},"image":{"@id":"https:\/\/kapitalis.com\/tunisie\/2023\/05\/17\/neji-ghandri-elu-president-du-conseil-bancaire-et-financier\/#primaryimage"},"thumbnailUrl":"https:\/\/kapitalis.com\/tunisie\/wp-content\/uploads\/2023\/05\/CBF.jpg","datePublished":"2023-05-17T04:55:33+00:00","dateModified":"2023-05-17T04:55:36+00:00","breadcrumb":{"@id":"https:\/\/kapitalis.com\/tunisie\/2023\/05\/17\/neji-ghandri-elu-president-du-conseil-bancaire-et-financier\/#breadcrumb"},"inLanguage":"fr-FR","potentialAction":[{"@type":"ReadAction","target":["https:\/\/kapitalis.com\/tunisie\/2023\/05\/17\/neji-ghandri-elu-president-du-conseil-bancaire-et-financier\/"]}]},{"@type":"ImageObject","inLanguage":"fr-FR","@id":"https:\/\/kapitalis.com\/tunisie\/2023\/05\/17\/neji-ghandri-elu-president-du-conseil-bancaire-et-financier\/#primaryimage","url":"https:\/\/kapitalis.com\/tunisie\/wp-content\/uploads\/2023\/05\/CBF.jpg","contentUrl":"https:\/\/kapitalis.com\/tunisie\/wp-content\/uploads\/2023\/05\/CBF.jpg","width":1200,"height":630},{"@type":"BreadcrumbList","@id":"https:\/\/kapitalis.com\/tunisie\/2023\/05\/17\/neji-ghandri-elu-president-du-conseil-bancaire-et-financier\/#breadcrumb","itemListElement":[{"@type":"ListItem","position":1,"name":"Accueil","item":"https:\/\/kapitalis.com\/tunisie\/"},{"@type":"ListItem","position":2,"name":"N\u00e9ji Ghandri \u00e9lu pr\u00e9sident du Conseil Bancaire et Financier"}]},{"@type":"WebSite","@id":"https:\/\/kapitalis.com\/tunisie\/#website","url":"https:\/\/kapitalis.com\/tunisie\/","name":"Kapitalis","description":"L&#039;actualit\u00e9 en Tunisie et dans le monde","publisher":{"@id":"https:\/\/kapitalis.com\/tunisie\/#organization"},"potentialAction":[{"@type":"SearchAction","target":{"@type":"EntryPoint","urlTemplate":"https:\/\/kapitalis.com\/tunisie\/?s={search_term_string}"},"query-input":{"@type":"PropertyValueSpecification","valueRequired":true,"valueName":"search_term_string"}}],"inLanguage":"fr-FR"},{"@type":"Organization","@id":"https:\/\/kapitalis.com\/tunisie\/#organization","name":"Kapitalis","url":"https:\/\/kapitalis.com\/tunisie\/","logo":{"@type":"ImageObject","inLanguage":"fr-FR","@id":"https:\/\/kapitalis.com\/tunisie\/#\/schema\/logo\/image\/","url":"https:\/\/kapitalis.com\/tunisie\/wp-content\/uploads\/2022\/05\/Kapitalis-big-size.png","contentUrl":"https:\/\/kapitalis.com\/tunisie\/wp-content\/uploads\/2022\/05\/Kapitalis-big-size.png","width":5000,"height":1500,"caption":"Kapitalis"},"image":{"@id":"https:\/\/kapitalis.com\/tunisie\/#\/schema\/logo\/image\/"},"sameAs":["https:\/\/www.facebook.com\/KapitalisInfo\/","https:\/\/x.com\/KapitalisInfo","https:\/\/www.youtube.com\/channel\/UC-yDYrHyfFBWWZaOw3FPg9Q"]},{"@type":"Person","@id":"https:\/\/kapitalis.com\/tunisie\/#\/schema\/person\/d71f33a9ca44f7bad4698210b480c8e9","name":"webmaster kapitalis","url":"https:\/\/kapitalis.com\/tunisie\/author\/webmaster-kapitalis\/"}]}},"_links":{"self":[{"href":"https:\/\/kapitalis.com\/tunisie\/wp-json\/wp\/v2\/posts\/7960477","targetHints":{"allow":["GET"]}}],"collection":[{"href":"https:\/\/kapitalis.com\/tunisie\/wp-json\/wp\/v2\/posts"}],"about":[{"href":"https:\/\/kapitalis.com\/tunisie\/wp-json\/wp\/v2\/types\/post"}],"author":[{"embeddable":true,"href":"https:\/\/kapitalis.com\/tunisie\/wp-json\/wp\/v2\/users\/8"}],"replies":[{"embeddable":true,"href":"https:\/\/kapitalis.com\/tunisie\/wp-json\/wp\/v2\/comments?post=7960477"}],"version-history":[{"count":1,"href":"https:\/\/kapitalis.com\/tunisie\/wp-json\/wp\/v2\/posts\/7960477\/revisions"}],"predecessor-version":[{"id":7960503,"href":"https:\/\/kapitalis.com\/tunisie\/wp-json\/wp\/v2\/posts\/7960477\/revisions\/7960503"}],"wp:featuredmedia":[{"embeddable":true,"href":"https:\/\/kapitalis.com\/tunisie\/wp-json\/wp\/v2\/media\/7960500"}],"wp:attachment":[{"href":"https:\/\/kapitalis.com\/tunisie\/wp-json\/wp\/v2\/media?parent=7960477"}],"wp:term":[{"taxonomy":"category","embeddable":true,"href":"https:\/\/kapitalis.com\/tunisie\/wp-json\/wp\/v2\/categories?post=7960477"},{"taxonomy":"post_tag","embeddable":true,"href":"https:\/\/kapitalis.com\/tunisie\/wp-json\/wp\/v2\/tags?post=7960477"}],"curies":[{"name":"wp","href":"https:\/\/api.w.org\/{rel}","templated":true}]}}