{"id":7961653,"date":"2023-05-17T10:18:45","date_gmt":"2023-05-17T09:18:45","guid":{"rendered":"https:\/\/kapitalis.com\/tunisie\/?p=7961653"},"modified":"2023-05-17T10:44:15","modified_gmt":"2023-05-17T09:44:15","slug":"coup-denvoi-du-festival-de-cannes-2023-la-cineaste-tunisienne-kaouther-ben-hania-dans-la-cour-des-grands","status":"publish","type":"post","link":"https:\/\/kapitalis.com\/tunisie\/2023\/05\/17\/coup-denvoi-du-festival-de-cannes-2023-la-cineaste-tunisienne-kaouther-ben-hania-dans-la-cour-des-grands\/","title":{"rendered":"Festival de Cannes 2023 : La Tunisienne Kaouther Ben Hania dans la cour des grands"},"content":{"rendered":"\n<p><em><strong>La 76<sup>e<\/sup> \u00e9dition du Festival de Cannes a d\u00e9marr\u00e9 hier, mardi 16 mai, avec l\u2019habituelle mont\u00e9e des marche puis la c\u00e9r\u00e9monie d\u2019ouverture. Apr\u00e8s un demi si\u00e8cle d\u2019absence, le cin\u00e9ma tunisien retrouve la comp\u00e9tition officielle gr\u00e2ce \u00e0 Kaouther Ben Hania avec \u00ab\u00a0Les filles d\u2019Olfa\u00a0\u00bb.<\/strong><\/em><\/p>\n\n\n\n<!--more-->\n\n\n\n<p>Le Festival de Cannes, l\u2019une des plus grandes manifestations cin\u00e9matographiques au monde, se tient en ce moment et jusqu\u2019au 27 mai, r\u00e9unissant les plus grands producteurs, r\u00e9alisateurs, acteurs et critiques de cin\u00e9ma des quatre coins du monde.<\/p>\n\n\n\n<p>La Tunisie y est cette ann\u00e9e pr\u00e9sente dans la s\u00e9lection officielle, avec le nouveau film de la cin\u00e9aste Kaouther Ben Hania \u00ab\u00a0<em>Les filles d\u2019Olfa<\/em>\u00a0\u00bb. Un long-m\u00e9trage entre fiction et documentaire tir\u00e9 d\u2019une histoire vraie et r\u00e9unissant dans son casting notamment la star tuniso-\u00e9gyptienne Hend Sabri.<\/p>\n\n\n\n<p>Kaouther Ben Hania est la meilleure ambassadrice du cin\u00e9ma tunisien, apr\u00e8s \u00ab\u00a0<em>La belle et la meute<\/em>\u00a0\u00bb qui avait \u00e9t\u00e9 distingu\u00e9 \u00e0 la section Un Certain regard \u00e0 Cannes en 2017, puis \u00ab\u00a0<em>L\u2019homme qui a vendu sa peau<\/em>\u00a0\u00bb s\u00e9lectionn\u00e9 aux Oscars en 2021, elle revient en force avec \u00ab\u00a0<em>Les filles d\u2019Olfa<\/em>\u00a0\u00bb pour offrir au cin\u00e9ma tunisien une s\u00e9lection officielle au plus prestigieux des \u00e9v\u00e9nements cin\u00e9matographiques, le Festival de Cannes.<\/p>\n\n\n\n<p>La premi\u00e8re du film est pr\u00e9vue pour le vendredi 19 mai.<\/p>\n\n\n\n<p class=\"has-text-align-right\"><strong>F.B<\/strong><\/p>\n","protected":false},"excerpt":{"rendered":"<p>La 76e \u00e9dition du Festival de Cannes a d\u00e9marr\u00e9 hier, mardi 16 mai, avec l\u2019habituelle mont\u00e9e des marche puis la c\u00e9r\u00e9monie d\u2019ouverture. Apr\u00e8s un demi si\u00e8cle d\u2019absence, le cin\u00e9ma tunisien retrouve la comp\u00e9tition officielle gr\u00e2ce \u00e0 Kaouther Ben Hania avec \u00ab\u00a0Les filles d\u2019Olfa\u00a0\u00bb.<\/p>\n","protected":false},"author":26,"featured_media":7407473,"comment_status":"open","ping_status":"open","sticky":false,"template":"","format":"standard","meta":{"footnotes":""},"categories":[994,2433],"tags":[108013,22952,104544,62643],"class_list":["post-7961653","post","type-post","status-publish","format-standard","has-post-thumbnail","hentry","category-culture","category-tunisie","tag-festival-de-cannes-2023","tag-kaouther-ben-hania","tag-les-filles-dolfa","tag-tunisie"],"yoast_head":"<!-- This site is optimized with the Yoast SEO plugin v26.6 - https:\/\/yoast.com\/wordpress\/plugins\/seo\/ -->\n<title>Festival de Cannes 2023 : La Tunisienne Kaouther Ben Hania dans la cour des grands - Kapitalis<\/title>\n<meta name=\"robots\" content=\"index, follow, max-snippet:-1, max-image-preview:large, max-video-preview:-1\" \/>\n<link rel=\"canonical\" href=\"https:\/\/kapitalis.com\/tunisie\/2023\/05\/17\/coup-denvoi-du-festival-de-cannes-2023-la-cineaste-tunisienne-kaouther-ben-hania-dans-la-cour-des-grands\/\" \/>\n<meta property=\"og:locale\" content=\"fr_FR\" \/>\n<meta property=\"og:type\" content=\"article\" \/>\n<meta property=\"og:title\" content=\"Festival de Cannes 2023 : La Tunisienne Kaouther Ben Hania dans la cour des grands - Kapitalis\" \/>\n<meta property=\"og:description\" content=\"La 76e \u00e9dition du Festival de Cannes a d\u00e9marr\u00e9 hier, mardi 16 mai, avec l\u2019habituelle mont\u00e9e des marche puis la c\u00e9r\u00e9monie d\u2019ouverture. Apr\u00e8s un demi si\u00e8cle d\u2019absence, le cin\u00e9ma tunisien retrouve la comp\u00e9tition officielle gr\u00e2ce \u00e0 Kaouther Ben Hania avec \u00ab\u00a0Les filles d\u2019Olfa\u00a0\u00bb.\" \/>\n<meta property=\"og:url\" content=\"https:\/\/kapitalis.com\/tunisie\/2023\/05\/17\/coup-denvoi-du-festival-de-cannes-2023-la-cineaste-tunisienne-kaouther-ben-hania-dans-la-cour-des-grands\/\" \/>\n<meta property=\"og:site_name\" content=\"Kapitalis\" \/>\n<meta property=\"article:publisher\" content=\"https:\/\/www.facebook.com\/KapitalisInfo\/\" \/>\n<meta property=\"article:published_time\" content=\"2023-05-17T09:18:45+00:00\" \/>\n<meta property=\"article:modified_time\" content=\"2023-05-17T09:44:15+00:00\" \/>\n<meta property=\"og:image\" content=\"https:\/\/kapitalis.com\/tunisie\/wp-content\/uploads\/2023\/04\/film-Les-filles-dOlfa.jpg\" \/>\n\t<meta property=\"og:image:width\" content=\"1200\" \/>\n\t<meta property=\"og:image:height\" content=\"630\" \/>\n\t<meta property=\"og:image:type\" content=\"image\/jpeg\" \/>\n<meta name=\"author\" content=\"Fawz BenAli\" \/>\n<meta name=\"twitter:card\" content=\"summary_large_image\" \/>\n<meta name=\"twitter:creator\" content=\"@KapitalisInfo\" \/>\n<meta name=\"twitter:site\" content=\"@KapitalisInfo\" \/>\n<meta name=\"twitter:label1\" content=\"\u00c9crit par\" \/>\n\t<meta name=\"twitter:data1\" content=\"Fawz BenAli\" \/>\n\t<meta name=\"twitter:label2\" content=\"Dur\u00e9e de lecture estim\u00e9e\" \/>\n\t<meta name=\"twitter:data2\" content=\"2 minutes\" \/>\n<script type=\"application\/ld+json\" class=\"yoast-schema-graph\">{\"@context\":\"https:\/\/schema.org\",\"@graph\":[{\"@type\":\"Article\",\"@id\":\"https:\/\/kapitalis.com\/tunisie\/2023\/05\/17\/coup-denvoi-du-festival-de-cannes-2023-la-cineaste-tunisienne-kaouther-ben-hania-dans-la-cour-des-grands\/#article\",\"isPartOf\":{\"@id\":\"https:\/\/kapitalis.com\/tunisie\/2023\/05\/17\/coup-denvoi-du-festival-de-cannes-2023-la-cineaste-tunisienne-kaouther-ben-hania-dans-la-cour-des-grands\/\"},\"author\":{\"name\":\"Fawz BenAli\",\"@id\":\"https:\/\/kapitalis.com\/tunisie\/#\/schema\/person\/73a5ecc1f6ae540c6ed91342eadca948\"},\"headline\":\"Festival de Cannes 2023 : La Tunisienne Kaouther Ben Hania dans la cour des grands\",\"datePublished\":\"2023-05-17T09:18:45+00:00\",\"dateModified\":\"2023-05-17T09:44:15+00:00\",\"mainEntityOfPage\":{\"@id\":\"https:\/\/kapitalis.com\/tunisie\/2023\/05\/17\/coup-denvoi-du-festival-de-cannes-2023-la-cineaste-tunisienne-kaouther-ben-hania-dans-la-cour-des-grands\/\"},\"wordCount\":250,\"commentCount\":0,\"publisher\":{\"@id\":\"https:\/\/kapitalis.com\/tunisie\/#organization\"},\"image\":{\"@id\":\"https:\/\/kapitalis.com\/tunisie\/2023\/05\/17\/coup-denvoi-du-festival-de-cannes-2023-la-cineaste-tunisienne-kaouther-ben-hania-dans-la-cour-des-grands\/#primaryimage\"},\"thumbnailUrl\":\"https:\/\/kapitalis.com\/tunisie\/wp-content\/uploads\/2023\/04\/film-Les-filles-dOlfa.jpg\",\"keywords\":[\"Festival de Cannes 2023\",\"Kaouther Ben Hania\",\"Les filles d&#039;Olfa\",\"Tunisie\"],\"articleSection\":[\"CULTURE\",\"Tunisie\"],\"inLanguage\":\"fr-FR\",\"potentialAction\":[{\"@type\":\"CommentAction\",\"name\":\"Comment\",\"target\":[\"https:\/\/kapitalis.com\/tunisie\/2023\/05\/17\/coup-denvoi-du-festival-de-cannes-2023-la-cineaste-tunisienne-kaouther-ben-hania-dans-la-cour-des-grands\/#respond\"]}]},{\"@type\":\"WebPage\",\"@id\":\"https:\/\/kapitalis.com\/tunisie\/2023\/05\/17\/coup-denvoi-du-festival-de-cannes-2023-la-cineaste-tunisienne-kaouther-ben-hania-dans-la-cour-des-grands\/\",\"url\":\"https:\/\/kapitalis.com\/tunisie\/2023\/05\/17\/coup-denvoi-du-festival-de-cannes-2023-la-cineaste-tunisienne-kaouther-ben-hania-dans-la-cour-des-grands\/\",\"name\":\"Festival de Cannes 2023 : La Tunisienne Kaouther Ben Hania dans la cour des grands - Kapitalis\",\"isPartOf\":{\"@id\":\"https:\/\/kapitalis.com\/tunisie\/#website\"},\"primaryImageOfPage\":{\"@id\":\"https:\/\/kapitalis.com\/tunisie\/2023\/05\/17\/coup-denvoi-du-festival-de-cannes-2023-la-cineaste-tunisienne-kaouther-ben-hania-dans-la-cour-des-grands\/#primaryimage\"},\"image\":{\"@id\":\"https:\/\/kapitalis.com\/tunisie\/2023\/05\/17\/coup-denvoi-du-festival-de-cannes-2023-la-cineaste-tunisienne-kaouther-ben-hania-dans-la-cour-des-grands\/#primaryimage\"},\"thumbnailUrl\":\"https:\/\/kapitalis.com\/tunisie\/wp-content\/uploads\/2023\/04\/film-Les-filles-dOlfa.jpg\",\"datePublished\":\"2023-05-17T09:18:45+00:00\",\"dateModified\":\"2023-05-17T09:44:15+00:00\",\"breadcrumb\":{\"@id\":\"https:\/\/kapitalis.com\/tunisie\/2023\/05\/17\/coup-denvoi-du-festival-de-cannes-2023-la-cineaste-tunisienne-kaouther-ben-hania-dans-la-cour-des-grands\/#breadcrumb\"},\"inLanguage\":\"fr-FR\",\"potentialAction\":[{\"@type\":\"ReadAction\",\"target\":[\"https:\/\/kapitalis.com\/tunisie\/2023\/05\/17\/coup-denvoi-du-festival-de-cannes-2023-la-cineaste-tunisienne-kaouther-ben-hania-dans-la-cour-des-grands\/\"]}]},{\"@type\":\"ImageObject\",\"inLanguage\":\"fr-FR\",\"@id\":\"https:\/\/kapitalis.com\/tunisie\/2023\/05\/17\/coup-denvoi-du-festival-de-cannes-2023-la-cineaste-tunisienne-kaouther-ben-hania-dans-la-cour-des-grands\/#primaryimage\",\"url\":\"https:\/\/kapitalis.com\/tunisie\/wp-content\/uploads\/2023\/04\/film-Les-filles-dOlfa.jpg\",\"contentUrl\":\"https:\/\/kapitalis.com\/tunisie\/wp-content\/uploads\/2023\/04\/film-Les-filles-dOlfa.jpg\",\"width\":1200,\"height\":630},{\"@type\":\"BreadcrumbList\",\"@id\":\"https:\/\/kapitalis.com\/tunisie\/2023\/05\/17\/coup-denvoi-du-festival-de-cannes-2023-la-cineaste-tunisienne-kaouther-ben-hania-dans-la-cour-des-grands\/#breadcrumb\",\"itemListElement\":[{\"@type\":\"ListItem\",\"position\":1,\"name\":\"Accueil\",\"item\":\"https:\/\/kapitalis.com\/tunisie\/\"},{\"@type\":\"ListItem\",\"position\":2,\"name\":\"Festival de Cannes 2023 : La Tunisienne Kaouther Ben Hania dans la cour des grands\"}]},{\"@type\":\"WebSite\",\"@id\":\"https:\/\/kapitalis.com\/tunisie\/#website\",\"url\":\"https:\/\/kapitalis.com\/tunisie\/\",\"name\":\"Kapitalis\",\"description\":\"L&#039;actualit\u00e9 en Tunisie et dans le monde\",\"publisher\":{\"@id\":\"https:\/\/kapitalis.com\/tunisie\/#organization\"},\"potentialAction\":[{\"@type\":\"SearchAction\",\"target\":{\"@type\":\"EntryPoint\",\"urlTemplate\":\"https:\/\/kapitalis.com\/tunisie\/?s={search_term_string}\"},\"query-input\":{\"@type\":\"PropertyValueSpecification\",\"valueRequired\":true,\"valueName\":\"search_term_string\"}}],\"inLanguage\":\"fr-FR\"},{\"@type\":\"Organization\",\"@id\":\"https:\/\/kapitalis.com\/tunisie\/#organization\",\"name\":\"Kapitalis\",\"url\":\"https:\/\/kapitalis.com\/tunisie\/\",\"logo\":{\"@type\":\"ImageObject\",\"inLanguage\":\"fr-FR\",\"@id\":\"https:\/\/kapitalis.com\/tunisie\/#\/schema\/logo\/image\/\",\"url\":\"https:\/\/kapitalis.com\/tunisie\/wp-content\/uploads\/2022\/05\/Kapitalis-big-size.png\",\"contentUrl\":\"https:\/\/kapitalis.com\/tunisie\/wp-content\/uploads\/2022\/05\/Kapitalis-big-size.png\",\"width\":5000,\"height\":1500,\"caption\":\"Kapitalis\"},\"image\":{\"@id\":\"https:\/\/kapitalis.com\/tunisie\/#\/schema\/logo\/image\/\"},\"sameAs\":[\"https:\/\/www.facebook.com\/KapitalisInfo\/\",\"https:\/\/x.com\/KapitalisInfo\",\"https:\/\/www.youtube.com\/channel\/UC-yDYrHyfFBWWZaOw3FPg9Q\"]},{\"@type\":\"Person\",\"@id\":\"https:\/\/kapitalis.com\/tunisie\/#\/schema\/person\/73a5ecc1f6ae540c6ed91342eadca948\",\"name\":\"Fawz BenAli\",\"url\":\"https:\/\/kapitalis.com\/tunisie\/author\/fawz\/\"}]}<\/script>\n<!-- \/ Yoast SEO plugin. -->","yoast_head_json":{"title":"Festival de Cannes 2023 : La Tunisienne Kaouther Ben Hania dans la cour des grands - Kapitalis","robots":{"index":"index","follow":"follow","max-snippet":"max-snippet:-1","max-image-preview":"max-image-preview:large","max-video-preview":"max-video-preview:-1"},"canonical":"https:\/\/kapitalis.com\/tunisie\/2023\/05\/17\/coup-denvoi-du-festival-de-cannes-2023-la-cineaste-tunisienne-kaouther-ben-hania-dans-la-cour-des-grands\/","og_locale":"fr_FR","og_type":"article","og_title":"Festival de Cannes 2023 : La Tunisienne Kaouther Ben Hania dans la cour des grands - Kapitalis","og_description":"La 76e \u00e9dition du Festival de Cannes a d\u00e9marr\u00e9 hier, mardi 16 mai, avec l\u2019habituelle mont\u00e9e des marche puis la c\u00e9r\u00e9monie d\u2019ouverture. Apr\u00e8s un demi si\u00e8cle d\u2019absence, le cin\u00e9ma tunisien retrouve la comp\u00e9tition officielle gr\u00e2ce \u00e0 Kaouther Ben Hania avec \u00ab\u00a0Les filles d\u2019Olfa\u00a0\u00bb.","og_url":"https:\/\/kapitalis.com\/tunisie\/2023\/05\/17\/coup-denvoi-du-festival-de-cannes-2023-la-cineaste-tunisienne-kaouther-ben-hania-dans-la-cour-des-grands\/","og_site_name":"Kapitalis","article_publisher":"https:\/\/www.facebook.com\/KapitalisInfo\/","article_published_time":"2023-05-17T09:18:45+00:00","article_modified_time":"2023-05-17T09:44:15+00:00","og_image":[{"width":1200,"height":630,"url":"https:\/\/kapitalis.com\/tunisie\/wp-content\/uploads\/2023\/04\/film-Les-filles-dOlfa.jpg","type":"image\/jpeg"}],"author":"Fawz BenAli","twitter_card":"summary_large_image","twitter_creator":"@KapitalisInfo","twitter_site":"@KapitalisInfo","twitter_misc":{"\u00c9crit par":"Fawz BenAli","Dur\u00e9e de lecture estim\u00e9e":"2 minutes"},"schema":{"@context":"https:\/\/schema.org","@graph":[{"@type":"Article","@id":"https:\/\/kapitalis.com\/tunisie\/2023\/05\/17\/coup-denvoi-du-festival-de-cannes-2023-la-cineaste-tunisienne-kaouther-ben-hania-dans-la-cour-des-grands\/#article","isPartOf":{"@id":"https:\/\/kapitalis.com\/tunisie\/2023\/05\/17\/coup-denvoi-du-festival-de-cannes-2023-la-cineaste-tunisienne-kaouther-ben-hania-dans-la-cour-des-grands\/"},"author":{"name":"Fawz BenAli","@id":"https:\/\/kapitalis.com\/tunisie\/#\/schema\/person\/73a5ecc1f6ae540c6ed91342eadca948"},"headline":"Festival de Cannes 2023 : La Tunisienne Kaouther Ben Hania dans la cour des grands","datePublished":"2023-05-17T09:18:45+00:00","dateModified":"2023-05-17T09:44:15+00:00","mainEntityOfPage":{"@id":"https:\/\/kapitalis.com\/tunisie\/2023\/05\/17\/coup-denvoi-du-festival-de-cannes-2023-la-cineaste-tunisienne-kaouther-ben-hania-dans-la-cour-des-grands\/"},"wordCount":250,"commentCount":0,"publisher":{"@id":"https:\/\/kapitalis.com\/tunisie\/#organization"},"image":{"@id":"https:\/\/kapitalis.com\/tunisie\/2023\/05\/17\/coup-denvoi-du-festival-de-cannes-2023-la-cineaste-tunisienne-kaouther-ben-hania-dans-la-cour-des-grands\/#primaryimage"},"thumbnailUrl":"https:\/\/kapitalis.com\/tunisie\/wp-content\/uploads\/2023\/04\/film-Les-filles-dOlfa.jpg","keywords":["Festival de Cannes 2023","Kaouther Ben Hania","Les filles d&#039;Olfa","Tunisie"],"articleSection":["CULTURE","Tunisie"],"inLanguage":"fr-FR","potentialAction":[{"@type":"CommentAction","name":"Comment","target":["https:\/\/kapitalis.com\/tunisie\/2023\/05\/17\/coup-denvoi-du-festival-de-cannes-2023-la-cineaste-tunisienne-kaouther-ben-hania-dans-la-cour-des-grands\/#respond"]}]},{"@type":"WebPage","@id":"https:\/\/kapitalis.com\/tunisie\/2023\/05\/17\/coup-denvoi-du-festival-de-cannes-2023-la-cineaste-tunisienne-kaouther-ben-hania-dans-la-cour-des-grands\/","url":"https:\/\/kapitalis.com\/tunisie\/2023\/05\/17\/coup-denvoi-du-festival-de-cannes-2023-la-cineaste-tunisienne-kaouther-ben-hania-dans-la-cour-des-grands\/","name":"Festival de Cannes 2023 : La Tunisienne Kaouther Ben Hania dans la cour des grands - Kapitalis","isPartOf":{"@id":"https:\/\/kapitalis.com\/tunisie\/#website"},"primaryImageOfPage":{"@id":"https:\/\/kapitalis.com\/tunisie\/2023\/05\/17\/coup-denvoi-du-festival-de-cannes-2023-la-cineaste-tunisienne-kaouther-ben-hania-dans-la-cour-des-grands\/#primaryimage"},"image":{"@id":"https:\/\/kapitalis.com\/tunisie\/2023\/05\/17\/coup-denvoi-du-festival-de-cannes-2023-la-cineaste-tunisienne-kaouther-ben-hania-dans-la-cour-des-grands\/#primaryimage"},"thumbnailUrl":"https:\/\/kapitalis.com\/tunisie\/wp-content\/uploads\/2023\/04\/film-Les-filles-dOlfa.jpg","datePublished":"2023-05-17T09:18:45+00:00","dateModified":"2023-05-17T09:44:15+00:00","breadcrumb":{"@id":"https:\/\/kapitalis.com\/tunisie\/2023\/05\/17\/coup-denvoi-du-festival-de-cannes-2023-la-cineaste-tunisienne-kaouther-ben-hania-dans-la-cour-des-grands\/#breadcrumb"},"inLanguage":"fr-FR","potentialAction":[{"@type":"ReadAction","target":["https:\/\/kapitalis.com\/tunisie\/2023\/05\/17\/coup-denvoi-du-festival-de-cannes-2023-la-cineaste-tunisienne-kaouther-ben-hania-dans-la-cour-des-grands\/"]}]},{"@type":"ImageObject","inLanguage":"fr-FR","@id":"https:\/\/kapitalis.com\/tunisie\/2023\/05\/17\/coup-denvoi-du-festival-de-cannes-2023-la-cineaste-tunisienne-kaouther-ben-hania-dans-la-cour-des-grands\/#primaryimage","url":"https:\/\/kapitalis.com\/tunisie\/wp-content\/uploads\/2023\/04\/film-Les-filles-dOlfa.jpg","contentUrl":"https:\/\/kapitalis.com\/tunisie\/wp-content\/uploads\/2023\/04\/film-Les-filles-dOlfa.jpg","width":1200,"height":630},{"@type":"BreadcrumbList","@id":"https:\/\/kapitalis.com\/tunisie\/2023\/05\/17\/coup-denvoi-du-festival-de-cannes-2023-la-cineaste-tunisienne-kaouther-ben-hania-dans-la-cour-des-grands\/#breadcrumb","itemListElement":[{"@type":"ListItem","position":1,"name":"Accueil","item":"https:\/\/kapitalis.com\/tunisie\/"},{"@type":"ListItem","position":2,"name":"Festival de Cannes 2023 : La Tunisienne Kaouther Ben Hania dans la cour des grands"}]},{"@type":"WebSite","@id":"https:\/\/kapitalis.com\/tunisie\/#website","url":"https:\/\/kapitalis.com\/tunisie\/","name":"Kapitalis","description":"L&#039;actualit\u00e9 en Tunisie et dans le monde","publisher":{"@id":"https:\/\/kapitalis.com\/tunisie\/#organization"},"potentialAction":[{"@type":"SearchAction","target":{"@type":"EntryPoint","urlTemplate":"https:\/\/kapitalis.com\/tunisie\/?s={search_term_string}"},"query-input":{"@type":"PropertyValueSpecification","valueRequired":true,"valueName":"search_term_string"}}],"inLanguage":"fr-FR"},{"@type":"Organization","@id":"https:\/\/kapitalis.com\/tunisie\/#organization","name":"Kapitalis","url":"https:\/\/kapitalis.com\/tunisie\/","logo":{"@type":"ImageObject","inLanguage":"fr-FR","@id":"https:\/\/kapitalis.com\/tunisie\/#\/schema\/logo\/image\/","url":"https:\/\/kapitalis.com\/tunisie\/wp-content\/uploads\/2022\/05\/Kapitalis-big-size.png","contentUrl":"https:\/\/kapitalis.com\/tunisie\/wp-content\/uploads\/2022\/05\/Kapitalis-big-size.png","width":5000,"height":1500,"caption":"Kapitalis"},"image":{"@id":"https:\/\/kapitalis.com\/tunisie\/#\/schema\/logo\/image\/"},"sameAs":["https:\/\/www.facebook.com\/KapitalisInfo\/","https:\/\/x.com\/KapitalisInfo","https:\/\/www.youtube.com\/channel\/UC-yDYrHyfFBWWZaOw3FPg9Q"]},{"@type":"Person","@id":"https:\/\/kapitalis.com\/tunisie\/#\/schema\/person\/73a5ecc1f6ae540c6ed91342eadca948","name":"Fawz BenAli","url":"https:\/\/kapitalis.com\/tunisie\/author\/fawz\/"}]}},"_links":{"self":[{"href":"https:\/\/kapitalis.com\/tunisie\/wp-json\/wp\/v2\/posts\/7961653","targetHints":{"allow":["GET"]}}],"collection":[{"href":"https:\/\/kapitalis.com\/tunisie\/wp-json\/wp\/v2\/posts"}],"about":[{"href":"https:\/\/kapitalis.com\/tunisie\/wp-json\/wp\/v2\/types\/post"}],"author":[{"embeddable":true,"href":"https:\/\/kapitalis.com\/tunisie\/wp-json\/wp\/v2\/users\/26"}],"replies":[{"embeddable":true,"href":"https:\/\/kapitalis.com\/tunisie\/wp-json\/wp\/v2\/comments?post=7961653"}],"version-history":[{"count":3,"href":"https:\/\/kapitalis.com\/tunisie\/wp-json\/wp\/v2\/posts\/7961653\/revisions"}],"predecessor-version":[{"id":7962111,"href":"https:\/\/kapitalis.com\/tunisie\/wp-json\/wp\/v2\/posts\/7961653\/revisions\/7962111"}],"wp:featuredmedia":[{"embeddable":true,"href":"https:\/\/kapitalis.com\/tunisie\/wp-json\/wp\/v2\/media\/7407473"}],"wp:attachment":[{"href":"https:\/\/kapitalis.com\/tunisie\/wp-json\/wp\/v2\/media?parent=7961653"}],"wp:term":[{"taxonomy":"category","embeddable":true,"href":"https:\/\/kapitalis.com\/tunisie\/wp-json\/wp\/v2\/categories?post=7961653"},{"taxonomy":"post_tag","embeddable":true,"href":"https:\/\/kapitalis.com\/tunisie\/wp-json\/wp\/v2\/tags?post=7961653"}],"curies":[{"name":"wp","href":"https:\/\/api.w.org\/{rel}","templated":true}]}}