{"id":79684,"date":"2017-01-19T13:34:51","date_gmt":"2017-01-19T12:34:51","guid":{"rendered":"http:\/\/kapitalis.com\/tunisie\/?p=79684"},"modified":"2017-01-20T17:35:48","modified_gmt":"2017-01-20T16:35:48","slug":"chahed-a-la-bbc-amri-est-tunisien-mais-il-a-ete-radicalise-en-italie","status":"publish","type":"post","link":"https:\/\/kapitalis.com\/tunisie\/2017\/01\/19\/chahed-a-la-bbc-amri-est-tunisien-mais-il-a-ete-radicalise-en-italie\/","title":{"rendered":"Chahed \u00e0 la BBC : \u00ab Amri est Tunisien mais il a \u00e9t\u00e9 radicalis\u00e9 en Italie \u00bb"},"content":{"rendered":"<p style=\"text-align: center;\"><img loading=\"lazy\" decoding=\"async\" class=\"alignnone size-full wp-image-79686\" src=\"http:\/\/kapitalis.com\/tunisie\/wp-content\/uploads\/2017\/01\/Youssef-Chahed-Anis-Amri.jpg\" alt=\"\" width=\"626\" height=\"380\" \/><\/p>\n<p style=\"text-align: center;\"><em>Youssef Chahed \/ Anis Amri en Tunisie avant son d\u00e9part en Europe.<\/em><\/p>\n<p><em><strong>Le chef du gouvernement Youssef Chahed estime que la Tunisie n\u2019est pas plus expos\u00e9e au terrorisme que d\u2019autres pays et appelle \u00e0 la coop\u00e9ration internationale contre ce fl\u00e9au.<\/strong><\/em><\/p>\n<p><!--more--><\/p>\n<p>Interview\u00e9 mercredi soir par la BBC sur le risque terroriste en Tunisie, en marge de sa participation\u00a0au Forum \u00e9conomique mondial \u00e0 Davos, en Suisse,\u00a0Youssef Chahed a\u00a0pr\u00e9cis\u00e9 que notre\u00a0pays n\u2019est pas moins s\u00e9curis\u00e9 que d\u2019autres et que le fl\u00e9au du terrorisme existe partout.<\/p>\n<p>\u00ab<em>Nos forces s\u00e9curitaires sont beaucoup mieux pr\u00e9par\u00e9es, que ce soit en terme de formation ou \u00e9quipements et d\u00e9sormais nous anticipons les attaques terroristes<\/em>\u00bb, a indiqu\u00e9 le chef du gouvernement, par\u00a0r\u00e9f\u00e9rence aux attentats d\u00e9jou\u00e9es et aux cellules d\u00e9mantel\u00e9es,\u00a0ajoutant: \u00ab<em>Nous devons rester vigilants et nous avons plus que jamais besoin de la coop\u00e9ration internationale pour faire face aux attaques qui peuvent arriver partout, notamment en Europe<\/em>\u00bb.<\/p>\n<div class=\"embed\">\n<div class=\"video\">\n<iframe loading=\"lazy\" src=\"https:\/\/www.facebook.com\/plugins\/video.php?href=https%3A%2F%2Fwww.facebook.com%2FYoussefchahedofficiel%2Fvideos%2F1813510068888071%2F&#038;show_text=0&#038;width=560\" width=\"560\" height=\"315\" style=\"border:none;overflow:hidden\" scrolling=\"no\" frameborder=\"0\" allowTransparency=\"true\" allowFullScreen=\"true\"><\/iframe><\/p>\n<\/div>\n<\/div>\n<p>&nbsp;<br \/>\nLa journaliste de la BBC a rappel\u00e9 que plusieurs auteurs d\u2019attentats sont Tunisiens, en donnant le dernier exemple en date\u00a0: \u00a0l\u2019attaque au camion au march\u00e9 de Berlin, perp\u00e9tr\u00e9e par Anis Amri, un Tunisien de 24 ans, comme pour souligner que la Tunisie est un vivier de terroristes. En r\u00e9ponse, M. Chahed a d\u00e9clar\u00e9 : \u00ab<em>Amri est effectivement Tunisien, mais en quittant la Tunisie il n\u2019\u00e9tait pas terroriste. Il a \u00e9t\u00e9 radicalis\u00e9 en Italie, en Europe, et c\u2019est justement pour cela que nous avons tous besoins de s\u2019unir contre le terrorisme<\/em>\u00bb.<\/p>\n<p style=\"text-align: right;\"><strong>Y. N.<\/strong><\/p>\n","protected":false},"excerpt":{"rendered":"<p>Youssef Chahed \/ Anis Amri en Tunisie avant son d\u00e9part en Europe. Le chef du gouvernement Youssef Chahed estime que la Tunisie n\u2019est pas plus expos\u00e9e au terrorisme que d\u2019autres pays et appelle \u00e0 la coop\u00e9ration internationale contre ce fl\u00e9au.<\/p>\n","protected":false},"author":6,"featured_media":79686,"comment_status":"open","ping_status":"open","sticky":false,"template":"","format":"standard","meta":{"footnotes":""},"categories":[997,2433],"tags":[26305,10108,4770,7094,356,4787,505,866,897],"class_list":["post-79684","post","type-post","status-publish","format-standard","has-post-thumbnail","hentry","category-politique","category-tunisie","tag-anis-amri","tag-bbc","tag-chef-gouvernement","tag-davos","tag-europe","tag-forum-economique","tag-italie","tag-suisse","tag-terrorisme"],"yoast_head":"<!-- This site is optimized with the Yoast SEO plugin v26.6 - https:\/\/yoast.com\/wordpress\/plugins\/seo\/ -->\n<title>Chahed \u00e0 la BBC : \u00ab Amri est Tunisien mais il a \u00e9t\u00e9 radicalis\u00e9 en Italie \u00bb - Kapitalis<\/title>\n<meta name=\"robots\" content=\"index, follow, max-snippet:-1, max-image-preview:large, max-video-preview:-1\" \/>\n<link rel=\"canonical\" href=\"https:\/\/kapitalis.com\/tunisie\/2017\/01\/19\/chahed-a-la-bbc-amri-est-tunisien-mais-il-a-ete-radicalise-en-italie\/\" \/>\n<meta property=\"og:locale\" content=\"fr_FR\" \/>\n<meta property=\"og:type\" content=\"article\" \/>\n<meta property=\"og:title\" content=\"Chahed \u00e0 la BBC : \u00ab Amri est Tunisien mais il a \u00e9t\u00e9 radicalis\u00e9 en Italie \u00bb - Kapitalis\" \/>\n<meta property=\"og:description\" content=\"Youssef Chahed \/ Anis Amri en Tunisie avant son d\u00e9part en Europe. Le chef du gouvernement Youssef Chahed estime que la Tunisie n\u2019est pas plus expos\u00e9e au terrorisme que d\u2019autres pays et appelle \u00e0 la coop\u00e9ration internationale contre ce fl\u00e9au.\" \/>\n<meta property=\"og:url\" content=\"https:\/\/kapitalis.com\/tunisie\/2017\/01\/19\/chahed-a-la-bbc-amri-est-tunisien-mais-il-a-ete-radicalise-en-italie\/\" \/>\n<meta property=\"og:site_name\" content=\"Kapitalis\" \/>\n<meta property=\"article:publisher\" content=\"https:\/\/www.facebook.com\/KapitalisInfo\/\" \/>\n<meta property=\"article:published_time\" content=\"2017-01-19T12:34:51+00:00\" \/>\n<meta property=\"article:modified_time\" content=\"2017-01-20T16:35:48+00:00\" \/>\n<meta property=\"og:image\" content=\"https:\/\/kapitalis.com\/tunisie\/wp-content\/uploads\/2022\/05\/kapitalis-logo-fb.png\" \/>\n\t<meta property=\"og:image:width\" content=\"1200\" \/>\n\t<meta property=\"og:image:height\" content=\"630\" \/>\n\t<meta property=\"og:image:type\" content=\"image\/png\" \/>\n<meta name=\"author\" content=\"Yusra NY\" \/>\n<meta name=\"twitter:card\" content=\"summary_large_image\" \/>\n<meta name=\"twitter:creator\" content=\"@KapitalisInfo\" \/>\n<meta name=\"twitter:site\" content=\"@KapitalisInfo\" \/>\n<meta name=\"twitter:label1\" content=\"\u00c9crit par\" \/>\n\t<meta name=\"twitter:data1\" content=\"Yusra NY\" \/>\n\t<meta name=\"twitter:label2\" content=\"Dur\u00e9e de lecture estim\u00e9e\" \/>\n\t<meta name=\"twitter:data2\" content=\"1 minute\" \/>\n<script type=\"application\/ld+json\" class=\"yoast-schema-graph\">{\"@context\":\"https:\/\/schema.org\",\"@graph\":[{\"@type\":\"Article\",\"@id\":\"https:\/\/kapitalis.com\/tunisie\/2017\/01\/19\/chahed-a-la-bbc-amri-est-tunisien-mais-il-a-ete-radicalise-en-italie\/#article\",\"isPartOf\":{\"@id\":\"https:\/\/kapitalis.com\/tunisie\/2017\/01\/19\/chahed-a-la-bbc-amri-est-tunisien-mais-il-a-ete-radicalise-en-italie\/\"},\"author\":{\"name\":\"Yusra NY\",\"@id\":\"https:\/\/kapitalis.com\/tunisie\/#\/schema\/person\/74bbde0154d49d790a92aaeac5bc01d5\"},\"headline\":\"Chahed \u00e0 la BBC : \u00ab Amri est Tunisien mais il a \u00e9t\u00e9 radicalis\u00e9 en Italie \u00bb\",\"datePublished\":\"2017-01-19T12:34:51+00:00\",\"dateModified\":\"2017-01-20T16:35:48+00:00\",\"mainEntityOfPage\":{\"@id\":\"https:\/\/kapitalis.com\/tunisie\/2017\/01\/19\/chahed-a-la-bbc-amri-est-tunisien-mais-il-a-ete-radicalise-en-italie\/\"},\"wordCount\":284,\"commentCount\":5,\"publisher\":{\"@id\":\"https:\/\/kapitalis.com\/tunisie\/#organization\"},\"image\":{\"@id\":\"https:\/\/kapitalis.com\/tunisie\/2017\/01\/19\/chahed-a-la-bbc-amri-est-tunisien-mais-il-a-ete-radicalise-en-italie\/#primaryimage\"},\"thumbnailUrl\":\"\",\"keywords\":[\"Anis Amri\",\"BBC\",\"chef gouvernement\",\"Davos\",\"Europe\",\"forum \u00e9conomique\",\"Italie\",\"Suisse\",\"terrorisme\"],\"articleSection\":[\"POLITIQUE\",\"Tunisie\"],\"inLanguage\":\"fr-FR\",\"potentialAction\":[{\"@type\":\"CommentAction\",\"name\":\"Comment\",\"target\":[\"https:\/\/kapitalis.com\/tunisie\/2017\/01\/19\/chahed-a-la-bbc-amri-est-tunisien-mais-il-a-ete-radicalise-en-italie\/#respond\"]}]},{\"@type\":\"WebPage\",\"@id\":\"https:\/\/kapitalis.com\/tunisie\/2017\/01\/19\/chahed-a-la-bbc-amri-est-tunisien-mais-il-a-ete-radicalise-en-italie\/\",\"url\":\"https:\/\/kapitalis.com\/tunisie\/2017\/01\/19\/chahed-a-la-bbc-amri-est-tunisien-mais-il-a-ete-radicalise-en-italie\/\",\"name\":\"Chahed \u00e0 la BBC : \u00ab Amri est Tunisien mais il a \u00e9t\u00e9 radicalis\u00e9 en Italie \u00bb - Kapitalis\",\"isPartOf\":{\"@id\":\"https:\/\/kapitalis.com\/tunisie\/#website\"},\"primaryImageOfPage\":{\"@id\":\"https:\/\/kapitalis.com\/tunisie\/2017\/01\/19\/chahed-a-la-bbc-amri-est-tunisien-mais-il-a-ete-radicalise-en-italie\/#primaryimage\"},\"image\":{\"@id\":\"https:\/\/kapitalis.com\/tunisie\/2017\/01\/19\/chahed-a-la-bbc-amri-est-tunisien-mais-il-a-ete-radicalise-en-italie\/#primaryimage\"},\"thumbnailUrl\":\"\",\"datePublished\":\"2017-01-19T12:34:51+00:00\",\"dateModified\":\"2017-01-20T16:35:48+00:00\",\"breadcrumb\":{\"@id\":\"https:\/\/kapitalis.com\/tunisie\/2017\/01\/19\/chahed-a-la-bbc-amri-est-tunisien-mais-il-a-ete-radicalise-en-italie\/#breadcrumb\"},\"inLanguage\":\"fr-FR\",\"potentialAction\":[{\"@type\":\"ReadAction\",\"target\":[\"https:\/\/kapitalis.com\/tunisie\/2017\/01\/19\/chahed-a-la-bbc-amri-est-tunisien-mais-il-a-ete-radicalise-en-italie\/\"]}]},{\"@type\":\"ImageObject\",\"inLanguage\":\"fr-FR\",\"@id\":\"https:\/\/kapitalis.com\/tunisie\/2017\/01\/19\/chahed-a-la-bbc-amri-est-tunisien-mais-il-a-ete-radicalise-en-italie\/#primaryimage\",\"url\":\"\",\"contentUrl\":\"\"},{\"@type\":\"BreadcrumbList\",\"@id\":\"https:\/\/kapitalis.com\/tunisie\/2017\/01\/19\/chahed-a-la-bbc-amri-est-tunisien-mais-il-a-ete-radicalise-en-italie\/#breadcrumb\",\"itemListElement\":[{\"@type\":\"ListItem\",\"position\":1,\"name\":\"Accueil\",\"item\":\"https:\/\/kapitalis.com\/tunisie\/\"},{\"@type\":\"ListItem\",\"position\":2,\"name\":\"Chahed \u00e0 la BBC : \u00ab Amri est Tunisien mais il a \u00e9t\u00e9 radicalis\u00e9 en Italie \u00bb\"}]},{\"@type\":\"WebSite\",\"@id\":\"https:\/\/kapitalis.com\/tunisie\/#website\",\"url\":\"https:\/\/kapitalis.com\/tunisie\/\",\"name\":\"Kapitalis\",\"description\":\"L&#039;actualit\u00e9 en Tunisie et dans le monde\",\"publisher\":{\"@id\":\"https:\/\/kapitalis.com\/tunisie\/#organization\"},\"potentialAction\":[{\"@type\":\"SearchAction\",\"target\":{\"@type\":\"EntryPoint\",\"urlTemplate\":\"https:\/\/kapitalis.com\/tunisie\/?s={search_term_string}\"},\"query-input\":{\"@type\":\"PropertyValueSpecification\",\"valueRequired\":true,\"valueName\":\"search_term_string\"}}],\"inLanguage\":\"fr-FR\"},{\"@type\":\"Organization\",\"@id\":\"https:\/\/kapitalis.com\/tunisie\/#organization\",\"name\":\"Kapitalis\",\"url\":\"https:\/\/kapitalis.com\/tunisie\/\",\"logo\":{\"@type\":\"ImageObject\",\"inLanguage\":\"fr-FR\",\"@id\":\"https:\/\/kapitalis.com\/tunisie\/#\/schema\/logo\/image\/\",\"url\":\"https:\/\/kapitalis.com\/tunisie\/wp-content\/uploads\/2022\/05\/Kapitalis-big-size.png\",\"contentUrl\":\"https:\/\/kapitalis.com\/tunisie\/wp-content\/uploads\/2022\/05\/Kapitalis-big-size.png\",\"width\":5000,\"height\":1500,\"caption\":\"Kapitalis\"},\"image\":{\"@id\":\"https:\/\/kapitalis.com\/tunisie\/#\/schema\/logo\/image\/\"},\"sameAs\":[\"https:\/\/www.facebook.com\/KapitalisInfo\/\",\"https:\/\/x.com\/KapitalisInfo\",\"https:\/\/www.youtube.com\/channel\/UC-yDYrHyfFBWWZaOw3FPg9Q\"]},{\"@type\":\"Person\",\"@id\":\"https:\/\/kapitalis.com\/tunisie\/#\/schema\/person\/74bbde0154d49d790a92aaeac5bc01d5\",\"name\":\"Yusra NY\",\"url\":\"https:\/\/kapitalis.com\/tunisie\/author\/yuza_adam\/\"}]}<\/script>\n<!-- \/ Yoast SEO plugin. -->","yoast_head_json":{"title":"Chahed \u00e0 la BBC : \u00ab Amri est Tunisien mais il a \u00e9t\u00e9 radicalis\u00e9 en Italie \u00bb - Kapitalis","robots":{"index":"index","follow":"follow","max-snippet":"max-snippet:-1","max-image-preview":"max-image-preview:large","max-video-preview":"max-video-preview:-1"},"canonical":"https:\/\/kapitalis.com\/tunisie\/2017\/01\/19\/chahed-a-la-bbc-amri-est-tunisien-mais-il-a-ete-radicalise-en-italie\/","og_locale":"fr_FR","og_type":"article","og_title":"Chahed \u00e0 la BBC : \u00ab Amri est Tunisien mais il a \u00e9t\u00e9 radicalis\u00e9 en Italie \u00bb - Kapitalis","og_description":"Youssef Chahed \/ Anis Amri en Tunisie avant son d\u00e9part en Europe. Le chef du gouvernement Youssef Chahed estime que la Tunisie n\u2019est pas plus expos\u00e9e au terrorisme que d\u2019autres pays et appelle \u00e0 la coop\u00e9ration internationale contre ce fl\u00e9au.","og_url":"https:\/\/kapitalis.com\/tunisie\/2017\/01\/19\/chahed-a-la-bbc-amri-est-tunisien-mais-il-a-ete-radicalise-en-italie\/","og_site_name":"Kapitalis","article_publisher":"https:\/\/www.facebook.com\/KapitalisInfo\/","article_published_time":"2017-01-19T12:34:51+00:00","article_modified_time":"2017-01-20T16:35:48+00:00","og_image":[{"width":1200,"height":630,"url":"https:\/\/kapitalis.com\/tunisie\/wp-content\/uploads\/2022\/05\/kapitalis-logo-fb.png","type":"image\/png"}],"author":"Yusra NY","twitter_card":"summary_large_image","twitter_creator":"@KapitalisInfo","twitter_site":"@KapitalisInfo","twitter_misc":{"\u00c9crit par":"Yusra NY","Dur\u00e9e de lecture estim\u00e9e":"1 minute"},"schema":{"@context":"https:\/\/schema.org","@graph":[{"@type":"Article","@id":"https:\/\/kapitalis.com\/tunisie\/2017\/01\/19\/chahed-a-la-bbc-amri-est-tunisien-mais-il-a-ete-radicalise-en-italie\/#article","isPartOf":{"@id":"https:\/\/kapitalis.com\/tunisie\/2017\/01\/19\/chahed-a-la-bbc-amri-est-tunisien-mais-il-a-ete-radicalise-en-italie\/"},"author":{"name":"Yusra NY","@id":"https:\/\/kapitalis.com\/tunisie\/#\/schema\/person\/74bbde0154d49d790a92aaeac5bc01d5"},"headline":"Chahed \u00e0 la BBC : \u00ab Amri est Tunisien mais il a \u00e9t\u00e9 radicalis\u00e9 en Italie \u00bb","datePublished":"2017-01-19T12:34:51+00:00","dateModified":"2017-01-20T16:35:48+00:00","mainEntityOfPage":{"@id":"https:\/\/kapitalis.com\/tunisie\/2017\/01\/19\/chahed-a-la-bbc-amri-est-tunisien-mais-il-a-ete-radicalise-en-italie\/"},"wordCount":284,"commentCount":5,"publisher":{"@id":"https:\/\/kapitalis.com\/tunisie\/#organization"},"image":{"@id":"https:\/\/kapitalis.com\/tunisie\/2017\/01\/19\/chahed-a-la-bbc-amri-est-tunisien-mais-il-a-ete-radicalise-en-italie\/#primaryimage"},"thumbnailUrl":"","keywords":["Anis Amri","BBC","chef gouvernement","Davos","Europe","forum \u00e9conomique","Italie","Suisse","terrorisme"],"articleSection":["POLITIQUE","Tunisie"],"inLanguage":"fr-FR","potentialAction":[{"@type":"CommentAction","name":"Comment","target":["https:\/\/kapitalis.com\/tunisie\/2017\/01\/19\/chahed-a-la-bbc-amri-est-tunisien-mais-il-a-ete-radicalise-en-italie\/#respond"]}]},{"@type":"WebPage","@id":"https:\/\/kapitalis.com\/tunisie\/2017\/01\/19\/chahed-a-la-bbc-amri-est-tunisien-mais-il-a-ete-radicalise-en-italie\/","url":"https:\/\/kapitalis.com\/tunisie\/2017\/01\/19\/chahed-a-la-bbc-amri-est-tunisien-mais-il-a-ete-radicalise-en-italie\/","name":"Chahed \u00e0 la BBC : \u00ab Amri est Tunisien mais il a \u00e9t\u00e9 radicalis\u00e9 en Italie \u00bb - Kapitalis","isPartOf":{"@id":"https:\/\/kapitalis.com\/tunisie\/#website"},"primaryImageOfPage":{"@id":"https:\/\/kapitalis.com\/tunisie\/2017\/01\/19\/chahed-a-la-bbc-amri-est-tunisien-mais-il-a-ete-radicalise-en-italie\/#primaryimage"},"image":{"@id":"https:\/\/kapitalis.com\/tunisie\/2017\/01\/19\/chahed-a-la-bbc-amri-est-tunisien-mais-il-a-ete-radicalise-en-italie\/#primaryimage"},"thumbnailUrl":"","datePublished":"2017-01-19T12:34:51+00:00","dateModified":"2017-01-20T16:35:48+00:00","breadcrumb":{"@id":"https:\/\/kapitalis.com\/tunisie\/2017\/01\/19\/chahed-a-la-bbc-amri-est-tunisien-mais-il-a-ete-radicalise-en-italie\/#breadcrumb"},"inLanguage":"fr-FR","potentialAction":[{"@type":"ReadAction","target":["https:\/\/kapitalis.com\/tunisie\/2017\/01\/19\/chahed-a-la-bbc-amri-est-tunisien-mais-il-a-ete-radicalise-en-italie\/"]}]},{"@type":"ImageObject","inLanguage":"fr-FR","@id":"https:\/\/kapitalis.com\/tunisie\/2017\/01\/19\/chahed-a-la-bbc-amri-est-tunisien-mais-il-a-ete-radicalise-en-italie\/#primaryimage","url":"","contentUrl":""},{"@type":"BreadcrumbList","@id":"https:\/\/kapitalis.com\/tunisie\/2017\/01\/19\/chahed-a-la-bbc-amri-est-tunisien-mais-il-a-ete-radicalise-en-italie\/#breadcrumb","itemListElement":[{"@type":"ListItem","position":1,"name":"Accueil","item":"https:\/\/kapitalis.com\/tunisie\/"},{"@type":"ListItem","position":2,"name":"Chahed \u00e0 la BBC : \u00ab Amri est Tunisien mais il a \u00e9t\u00e9 radicalis\u00e9 en Italie \u00bb"}]},{"@type":"WebSite","@id":"https:\/\/kapitalis.com\/tunisie\/#website","url":"https:\/\/kapitalis.com\/tunisie\/","name":"Kapitalis","description":"L&#039;actualit\u00e9 en Tunisie et dans le monde","publisher":{"@id":"https:\/\/kapitalis.com\/tunisie\/#organization"},"potentialAction":[{"@type":"SearchAction","target":{"@type":"EntryPoint","urlTemplate":"https:\/\/kapitalis.com\/tunisie\/?s={search_term_string}"},"query-input":{"@type":"PropertyValueSpecification","valueRequired":true,"valueName":"search_term_string"}}],"inLanguage":"fr-FR"},{"@type":"Organization","@id":"https:\/\/kapitalis.com\/tunisie\/#organization","name":"Kapitalis","url":"https:\/\/kapitalis.com\/tunisie\/","logo":{"@type":"ImageObject","inLanguage":"fr-FR","@id":"https:\/\/kapitalis.com\/tunisie\/#\/schema\/logo\/image\/","url":"https:\/\/kapitalis.com\/tunisie\/wp-content\/uploads\/2022\/05\/Kapitalis-big-size.png","contentUrl":"https:\/\/kapitalis.com\/tunisie\/wp-content\/uploads\/2022\/05\/Kapitalis-big-size.png","width":5000,"height":1500,"caption":"Kapitalis"},"image":{"@id":"https:\/\/kapitalis.com\/tunisie\/#\/schema\/logo\/image\/"},"sameAs":["https:\/\/www.facebook.com\/KapitalisInfo\/","https:\/\/x.com\/KapitalisInfo","https:\/\/www.youtube.com\/channel\/UC-yDYrHyfFBWWZaOw3FPg9Q"]},{"@type":"Person","@id":"https:\/\/kapitalis.com\/tunisie\/#\/schema\/person\/74bbde0154d49d790a92aaeac5bc01d5","name":"Yusra NY","url":"https:\/\/kapitalis.com\/tunisie\/author\/yuza_adam\/"}]}},"_links":{"self":[{"href":"https:\/\/kapitalis.com\/tunisie\/wp-json\/wp\/v2\/posts\/79684","targetHints":{"allow":["GET"]}}],"collection":[{"href":"https:\/\/kapitalis.com\/tunisie\/wp-json\/wp\/v2\/posts"}],"about":[{"href":"https:\/\/kapitalis.com\/tunisie\/wp-json\/wp\/v2\/types\/post"}],"author":[{"embeddable":true,"href":"https:\/\/kapitalis.com\/tunisie\/wp-json\/wp\/v2\/users\/6"}],"replies":[{"embeddable":true,"href":"https:\/\/kapitalis.com\/tunisie\/wp-json\/wp\/v2\/comments?post=79684"}],"version-history":[{"count":0,"href":"https:\/\/kapitalis.com\/tunisie\/wp-json\/wp\/v2\/posts\/79684\/revisions"}],"wp:featuredmedia":[{"embeddable":true,"href":"https:\/\/kapitalis.com\/tunisie\/wp-json\/wp\/v2\/media\/79686"}],"wp:attachment":[{"href":"https:\/\/kapitalis.com\/tunisie\/wp-json\/wp\/v2\/media?parent=79684"}],"wp:term":[{"taxonomy":"category","embeddable":true,"href":"https:\/\/kapitalis.com\/tunisie\/wp-json\/wp\/v2\/categories?post=79684"},{"taxonomy":"post_tag","embeddable":true,"href":"https:\/\/kapitalis.com\/tunisie\/wp-json\/wp\/v2\/tags?post=79684"}],"curies":[{"name":"wp","href":"https:\/\/api.w.org\/{rel}","templated":true}]}}