{"id":7968626,"date":"2023-05-17T21:15:20","date_gmt":"2023-05-17T20:15:20","guid":{"rendered":"https:\/\/kapitalis.com\/tunisie\/?p=7968626"},"modified":"2023-05-17T21:20:36","modified_gmt":"2023-05-17T20:20:36","slug":"une-jeune-de-20-ans-hospitalisee-apres-une-chute-de-7-metres-dun-foyer-a-gabes","status":"publish","type":"post","link":"https:\/\/kapitalis.com\/tunisie\/2023\/05\/17\/une-jeune-de-20-ans-hospitalisee-apres-une-chute-de-7-metres-dun-foyer-a-gabes\/","title":{"rendered":"Une jeune de 20 ans hospitalis\u00e9e apr\u00e8s une chute de 7 m\u00e8tres d&rsquo;un foyer \u00e0 Gab\u00e8s"},"content":{"rendered":"\n<p><strong><em>La Protection civile a annonc\u00e9, ce mercredi 17 mai 2023, qu&rsquo;une jeune fille de 20 ans a \u00e9t\u00e9 hospitalis\u00e9e apr\u00e8s une chute de 7 m\u00e8tres d&rsquo;un foyer \u00e0 Gab\u00e8s.<\/em><\/strong><\/p>\n\n\n\n<!--more-->\n\n\n\n<p>Les agents de la PC ont \u00e9t\u00e9 alert\u00e9s tard dans la nuit vers 1h35 et sont intervenus rapidement, d\u00e9couvrant la jeune fille gri\u00e8vement bless\u00e9e, en particulier au niveau du visage et de la t\u00eate, apr\u00e8s une chute de 7 m\u00e8tres du foyer Omar Ibn El Khattab.<\/p>\n\n\n\n<p>Elle a \u00e9t\u00e9 transport\u00e9e \u00e0 l&rsquo;h\u00f4pital et une enqu\u00eate a \u00e9t\u00e9 ouverte \u00e0 ce propos.<\/p>\n\n\n\n<p class=\"has-text-align-right\"><strong>Y. N.<\/strong><\/p>\n","protected":false},"excerpt":{"rendered":"<p>Une jeune de 20 ans hospitalis\u00e9e apr\u00e8s une chute de 7 m\u00e8tres d&rsquo;un foyer \u00e0 Gab\u00e8s<\/p>\n","protected":false},"author":6,"featured_media":5938834,"comment_status":"open","ping_status":"open","sticky":false,"template":"","format":"standard","meta":{"footnotes":""},"categories":[998,2433],"tags":[91781,7173,406,754,62643],"class_list":["post-7968626","post","type-post","status-publish","format-standard","has-post-thumbnail","hentry","category-societe","category-tunisie","tag-chute","tag-foyer","tag-gabes","tag-protection-civile","tag-tunisie"],"yoast_head":"<!-- This site is optimized with the Yoast SEO plugin v26.6 - https:\/\/yoast.com\/wordpress\/plugins\/seo\/ -->\n<title>Une jeune de 20 ans hospitalis\u00e9e apr\u00e8s une chute de 7 m\u00e8tres d&#039;un foyer \u00e0 Gab\u00e8s - Kapitalis<\/title>\n<meta name=\"description\" content=\"La Protection civile a annonc\u00e9, ce mercredi 17 mai 2023, qu&#039;une jeune fille de 20 ans a \u00e9t\u00e9 hospitalis\u00e9e apr\u00e8s une chute de 7 m\u00e8tres d&#039;un foyer \u00e0 Gab\u00e8s.\" \/>\n<meta name=\"robots\" content=\"index, follow, max-snippet:-1, max-image-preview:large, max-video-preview:-1\" \/>\n<link rel=\"canonical\" href=\"https:\/\/kapitalis.com\/tunisie\/2023\/05\/17\/une-jeune-de-20-ans-hospitalisee-apres-une-chute-de-7-metres-dun-foyer-a-gabes\/\" \/>\n<meta property=\"og:locale\" content=\"fr_FR\" \/>\n<meta property=\"og:type\" content=\"article\" \/>\n<meta property=\"og:title\" content=\"Une jeune de 20 ans hospitalis\u00e9e apr\u00e8s une chute de 7 m\u00e8tres d&#039;un foyer \u00e0 Gab\u00e8s - Kapitalis\" \/>\n<meta property=\"og:description\" content=\"La Protection civile a annonc\u00e9, ce mercredi 17 mai 2023, qu&#039;une jeune fille de 20 ans a \u00e9t\u00e9 hospitalis\u00e9e apr\u00e8s une chute de 7 m\u00e8tres d&#039;un foyer \u00e0 Gab\u00e8s.\" \/>\n<meta property=\"og:url\" content=\"https:\/\/kapitalis.com\/tunisie\/2023\/05\/17\/une-jeune-de-20-ans-hospitalisee-apres-une-chute-de-7-metres-dun-foyer-a-gabes\/\" \/>\n<meta property=\"og:site_name\" content=\"Kapitalis\" \/>\n<meta property=\"article:publisher\" content=\"https:\/\/www.facebook.com\/KapitalisInfo\/\" \/>\n<meta property=\"article:published_time\" content=\"2023-05-17T20:15:20+00:00\" \/>\n<meta property=\"article:modified_time\" content=\"2023-05-17T20:20:36+00:00\" \/>\n<meta property=\"og:image\" content=\"https:\/\/kapitalis.com\/tunisie\/wp-content\/uploads\/2023\/01\/protection-civile.jpg\" \/>\n\t<meta property=\"og:image:width\" content=\"1200\" \/>\n\t<meta property=\"og:image:height\" content=\"630\" \/>\n\t<meta property=\"og:image:type\" content=\"image\/jpeg\" \/>\n<meta name=\"author\" content=\"Yusra NY\" \/>\n<meta name=\"twitter:card\" content=\"summary_large_image\" \/>\n<meta name=\"twitter:creator\" content=\"@KapitalisInfo\" \/>\n<meta name=\"twitter:site\" content=\"@KapitalisInfo\" \/>\n<meta name=\"twitter:label1\" content=\"\u00c9crit par\" \/>\n\t<meta name=\"twitter:data1\" content=\"Yusra NY\" \/>\n\t<meta name=\"twitter:label2\" content=\"Dur\u00e9e de lecture estim\u00e9e\" \/>\n\t<meta name=\"twitter:data2\" content=\"1 minute\" \/>\n<script type=\"application\/ld+json\" class=\"yoast-schema-graph\">{\"@context\":\"https:\/\/schema.org\",\"@graph\":[{\"@type\":\"Article\",\"@id\":\"https:\/\/kapitalis.com\/tunisie\/2023\/05\/17\/une-jeune-de-20-ans-hospitalisee-apres-une-chute-de-7-metres-dun-foyer-a-gabes\/#article\",\"isPartOf\":{\"@id\":\"https:\/\/kapitalis.com\/tunisie\/2023\/05\/17\/une-jeune-de-20-ans-hospitalisee-apres-une-chute-de-7-metres-dun-foyer-a-gabes\/\"},\"author\":{\"name\":\"Yusra NY\",\"@id\":\"https:\/\/kapitalis.com\/tunisie\/#\/schema\/person\/74bbde0154d49d790a92aaeac5bc01d5\"},\"headline\":\"Une jeune de 20 ans hospitalis\u00e9e apr\u00e8s une chute de 7 m\u00e8tres d&rsquo;un foyer \u00e0 Gab\u00e8s\",\"datePublished\":\"2023-05-17T20:15:20+00:00\",\"dateModified\":\"2023-05-17T20:20:36+00:00\",\"mainEntityOfPage\":{\"@id\":\"https:\/\/kapitalis.com\/tunisie\/2023\/05\/17\/une-jeune-de-20-ans-hospitalisee-apres-une-chute-de-7-metres-dun-foyer-a-gabes\/\"},\"wordCount\":115,\"commentCount\":0,\"publisher\":{\"@id\":\"https:\/\/kapitalis.com\/tunisie\/#organization\"},\"image\":{\"@id\":\"https:\/\/kapitalis.com\/tunisie\/2023\/05\/17\/une-jeune-de-20-ans-hospitalisee-apres-une-chute-de-7-metres-dun-foyer-a-gabes\/#primaryimage\"},\"thumbnailUrl\":\"https:\/\/kapitalis.com\/tunisie\/wp-content\/uploads\/2023\/01\/protection-civile.jpg\",\"keywords\":[\"chute\",\"foyer\",\"Gab\u00e8s\",\"protection civile\",\"Tunisie\"],\"articleSection\":[\"SOCIETE\",\"Tunisie\"],\"inLanguage\":\"fr-FR\",\"potentialAction\":[{\"@type\":\"CommentAction\",\"name\":\"Comment\",\"target\":[\"https:\/\/kapitalis.com\/tunisie\/2023\/05\/17\/une-jeune-de-20-ans-hospitalisee-apres-une-chute-de-7-metres-dun-foyer-a-gabes\/#respond\"]}]},{\"@type\":\"WebPage\",\"@id\":\"https:\/\/kapitalis.com\/tunisie\/2023\/05\/17\/une-jeune-de-20-ans-hospitalisee-apres-une-chute-de-7-metres-dun-foyer-a-gabes\/\",\"url\":\"https:\/\/kapitalis.com\/tunisie\/2023\/05\/17\/une-jeune-de-20-ans-hospitalisee-apres-une-chute-de-7-metres-dun-foyer-a-gabes\/\",\"name\":\"Une jeune de 20 ans hospitalis\u00e9e apr\u00e8s une chute de 7 m\u00e8tres d'un foyer \u00e0 Gab\u00e8s - Kapitalis\",\"isPartOf\":{\"@id\":\"https:\/\/kapitalis.com\/tunisie\/#website\"},\"primaryImageOfPage\":{\"@id\":\"https:\/\/kapitalis.com\/tunisie\/2023\/05\/17\/une-jeune-de-20-ans-hospitalisee-apres-une-chute-de-7-metres-dun-foyer-a-gabes\/#primaryimage\"},\"image\":{\"@id\":\"https:\/\/kapitalis.com\/tunisie\/2023\/05\/17\/une-jeune-de-20-ans-hospitalisee-apres-une-chute-de-7-metres-dun-foyer-a-gabes\/#primaryimage\"},\"thumbnailUrl\":\"https:\/\/kapitalis.com\/tunisie\/wp-content\/uploads\/2023\/01\/protection-civile.jpg\",\"datePublished\":\"2023-05-17T20:15:20+00:00\",\"dateModified\":\"2023-05-17T20:20:36+00:00\",\"description\":\"La Protection civile a annonc\u00e9, ce mercredi 17 mai 2023, qu'une jeune fille de 20 ans a \u00e9t\u00e9 hospitalis\u00e9e apr\u00e8s une chute de 7 m\u00e8tres d'un foyer \u00e0 Gab\u00e8s.\",\"breadcrumb\":{\"@id\":\"https:\/\/kapitalis.com\/tunisie\/2023\/05\/17\/une-jeune-de-20-ans-hospitalisee-apres-une-chute-de-7-metres-dun-foyer-a-gabes\/#breadcrumb\"},\"inLanguage\":\"fr-FR\",\"potentialAction\":[{\"@type\":\"ReadAction\",\"target\":[\"https:\/\/kapitalis.com\/tunisie\/2023\/05\/17\/une-jeune-de-20-ans-hospitalisee-apres-une-chute-de-7-metres-dun-foyer-a-gabes\/\"]}]},{\"@type\":\"ImageObject\",\"inLanguage\":\"fr-FR\",\"@id\":\"https:\/\/kapitalis.com\/tunisie\/2023\/05\/17\/une-jeune-de-20-ans-hospitalisee-apres-une-chute-de-7-metres-dun-foyer-a-gabes\/#primaryimage\",\"url\":\"https:\/\/kapitalis.com\/tunisie\/wp-content\/uploads\/2023\/01\/protection-civile.jpg\",\"contentUrl\":\"https:\/\/kapitalis.com\/tunisie\/wp-content\/uploads\/2023\/01\/protection-civile.jpg\",\"width\":1200,\"height\":630},{\"@type\":\"BreadcrumbList\",\"@id\":\"https:\/\/kapitalis.com\/tunisie\/2023\/05\/17\/une-jeune-de-20-ans-hospitalisee-apres-une-chute-de-7-metres-dun-foyer-a-gabes\/#breadcrumb\",\"itemListElement\":[{\"@type\":\"ListItem\",\"position\":1,\"name\":\"Accueil\",\"item\":\"https:\/\/kapitalis.com\/tunisie\/\"},{\"@type\":\"ListItem\",\"position\":2,\"name\":\"Une jeune de 20 ans hospitalis\u00e9e apr\u00e8s une chute de 7 m\u00e8tres d&rsquo;un foyer \u00e0 Gab\u00e8s\"}]},{\"@type\":\"WebSite\",\"@id\":\"https:\/\/kapitalis.com\/tunisie\/#website\",\"url\":\"https:\/\/kapitalis.com\/tunisie\/\",\"name\":\"Kapitalis\",\"description\":\"L&#039;actualit\u00e9 en Tunisie et dans le monde\",\"publisher\":{\"@id\":\"https:\/\/kapitalis.com\/tunisie\/#organization\"},\"potentialAction\":[{\"@type\":\"SearchAction\",\"target\":{\"@type\":\"EntryPoint\",\"urlTemplate\":\"https:\/\/kapitalis.com\/tunisie\/?s={search_term_string}\"},\"query-input\":{\"@type\":\"PropertyValueSpecification\",\"valueRequired\":true,\"valueName\":\"search_term_string\"}}],\"inLanguage\":\"fr-FR\"},{\"@type\":\"Organization\",\"@id\":\"https:\/\/kapitalis.com\/tunisie\/#organization\",\"name\":\"Kapitalis\",\"url\":\"https:\/\/kapitalis.com\/tunisie\/\",\"logo\":{\"@type\":\"ImageObject\",\"inLanguage\":\"fr-FR\",\"@id\":\"https:\/\/kapitalis.com\/tunisie\/#\/schema\/logo\/image\/\",\"url\":\"https:\/\/kapitalis.com\/tunisie\/wp-content\/uploads\/2022\/05\/Kapitalis-big-size.png\",\"contentUrl\":\"https:\/\/kapitalis.com\/tunisie\/wp-content\/uploads\/2022\/05\/Kapitalis-big-size.png\",\"width\":5000,\"height\":1500,\"caption\":\"Kapitalis\"},\"image\":{\"@id\":\"https:\/\/kapitalis.com\/tunisie\/#\/schema\/logo\/image\/\"},\"sameAs\":[\"https:\/\/www.facebook.com\/KapitalisInfo\/\",\"https:\/\/x.com\/KapitalisInfo\",\"https:\/\/www.youtube.com\/channel\/UC-yDYrHyfFBWWZaOw3FPg9Q\"]},{\"@type\":\"Person\",\"@id\":\"https:\/\/kapitalis.com\/tunisie\/#\/schema\/person\/74bbde0154d49d790a92aaeac5bc01d5\",\"name\":\"Yusra NY\",\"url\":\"https:\/\/kapitalis.com\/tunisie\/author\/yuza_adam\/\"}]}<\/script>\n<!-- \/ Yoast SEO plugin. -->","yoast_head_json":{"title":"Une jeune de 20 ans hospitalis\u00e9e apr\u00e8s une chute de 7 m\u00e8tres d'un foyer \u00e0 Gab\u00e8s - Kapitalis","description":"La Protection civile a annonc\u00e9, ce mercredi 17 mai 2023, qu'une jeune fille de 20 ans a \u00e9t\u00e9 hospitalis\u00e9e apr\u00e8s une chute de 7 m\u00e8tres d'un foyer \u00e0 Gab\u00e8s.","robots":{"index":"index","follow":"follow","max-snippet":"max-snippet:-1","max-image-preview":"max-image-preview:large","max-video-preview":"max-video-preview:-1"},"canonical":"https:\/\/kapitalis.com\/tunisie\/2023\/05\/17\/une-jeune-de-20-ans-hospitalisee-apres-une-chute-de-7-metres-dun-foyer-a-gabes\/","og_locale":"fr_FR","og_type":"article","og_title":"Une jeune de 20 ans hospitalis\u00e9e apr\u00e8s une chute de 7 m\u00e8tres d'un foyer \u00e0 Gab\u00e8s - Kapitalis","og_description":"La Protection civile a annonc\u00e9, ce mercredi 17 mai 2023, qu'une jeune fille de 20 ans a \u00e9t\u00e9 hospitalis\u00e9e apr\u00e8s une chute de 7 m\u00e8tres d'un foyer \u00e0 Gab\u00e8s.","og_url":"https:\/\/kapitalis.com\/tunisie\/2023\/05\/17\/une-jeune-de-20-ans-hospitalisee-apres-une-chute-de-7-metres-dun-foyer-a-gabes\/","og_site_name":"Kapitalis","article_publisher":"https:\/\/www.facebook.com\/KapitalisInfo\/","article_published_time":"2023-05-17T20:15:20+00:00","article_modified_time":"2023-05-17T20:20:36+00:00","og_image":[{"width":1200,"height":630,"url":"https:\/\/kapitalis.com\/tunisie\/wp-content\/uploads\/2023\/01\/protection-civile.jpg","type":"image\/jpeg"}],"author":"Yusra NY","twitter_card":"summary_large_image","twitter_creator":"@KapitalisInfo","twitter_site":"@KapitalisInfo","twitter_misc":{"\u00c9crit par":"Yusra NY","Dur\u00e9e de lecture estim\u00e9e":"1 minute"},"schema":{"@context":"https:\/\/schema.org","@graph":[{"@type":"Article","@id":"https:\/\/kapitalis.com\/tunisie\/2023\/05\/17\/une-jeune-de-20-ans-hospitalisee-apres-une-chute-de-7-metres-dun-foyer-a-gabes\/#article","isPartOf":{"@id":"https:\/\/kapitalis.com\/tunisie\/2023\/05\/17\/une-jeune-de-20-ans-hospitalisee-apres-une-chute-de-7-metres-dun-foyer-a-gabes\/"},"author":{"name":"Yusra NY","@id":"https:\/\/kapitalis.com\/tunisie\/#\/schema\/person\/74bbde0154d49d790a92aaeac5bc01d5"},"headline":"Une jeune de 20 ans hospitalis\u00e9e apr\u00e8s une chute de 7 m\u00e8tres d&rsquo;un foyer \u00e0 Gab\u00e8s","datePublished":"2023-05-17T20:15:20+00:00","dateModified":"2023-05-17T20:20:36+00:00","mainEntityOfPage":{"@id":"https:\/\/kapitalis.com\/tunisie\/2023\/05\/17\/une-jeune-de-20-ans-hospitalisee-apres-une-chute-de-7-metres-dun-foyer-a-gabes\/"},"wordCount":115,"commentCount":0,"publisher":{"@id":"https:\/\/kapitalis.com\/tunisie\/#organization"},"image":{"@id":"https:\/\/kapitalis.com\/tunisie\/2023\/05\/17\/une-jeune-de-20-ans-hospitalisee-apres-une-chute-de-7-metres-dun-foyer-a-gabes\/#primaryimage"},"thumbnailUrl":"https:\/\/kapitalis.com\/tunisie\/wp-content\/uploads\/2023\/01\/protection-civile.jpg","keywords":["chute","foyer","Gab\u00e8s","protection civile","Tunisie"],"articleSection":["SOCIETE","Tunisie"],"inLanguage":"fr-FR","potentialAction":[{"@type":"CommentAction","name":"Comment","target":["https:\/\/kapitalis.com\/tunisie\/2023\/05\/17\/une-jeune-de-20-ans-hospitalisee-apres-une-chute-de-7-metres-dun-foyer-a-gabes\/#respond"]}]},{"@type":"WebPage","@id":"https:\/\/kapitalis.com\/tunisie\/2023\/05\/17\/une-jeune-de-20-ans-hospitalisee-apres-une-chute-de-7-metres-dun-foyer-a-gabes\/","url":"https:\/\/kapitalis.com\/tunisie\/2023\/05\/17\/une-jeune-de-20-ans-hospitalisee-apres-une-chute-de-7-metres-dun-foyer-a-gabes\/","name":"Une jeune de 20 ans hospitalis\u00e9e apr\u00e8s une chute de 7 m\u00e8tres d'un foyer \u00e0 Gab\u00e8s - Kapitalis","isPartOf":{"@id":"https:\/\/kapitalis.com\/tunisie\/#website"},"primaryImageOfPage":{"@id":"https:\/\/kapitalis.com\/tunisie\/2023\/05\/17\/une-jeune-de-20-ans-hospitalisee-apres-une-chute-de-7-metres-dun-foyer-a-gabes\/#primaryimage"},"image":{"@id":"https:\/\/kapitalis.com\/tunisie\/2023\/05\/17\/une-jeune-de-20-ans-hospitalisee-apres-une-chute-de-7-metres-dun-foyer-a-gabes\/#primaryimage"},"thumbnailUrl":"https:\/\/kapitalis.com\/tunisie\/wp-content\/uploads\/2023\/01\/protection-civile.jpg","datePublished":"2023-05-17T20:15:20+00:00","dateModified":"2023-05-17T20:20:36+00:00","description":"La Protection civile a annonc\u00e9, ce mercredi 17 mai 2023, qu'une jeune fille de 20 ans a \u00e9t\u00e9 hospitalis\u00e9e apr\u00e8s une chute de 7 m\u00e8tres d'un foyer \u00e0 Gab\u00e8s.","breadcrumb":{"@id":"https:\/\/kapitalis.com\/tunisie\/2023\/05\/17\/une-jeune-de-20-ans-hospitalisee-apres-une-chute-de-7-metres-dun-foyer-a-gabes\/#breadcrumb"},"inLanguage":"fr-FR","potentialAction":[{"@type":"ReadAction","target":["https:\/\/kapitalis.com\/tunisie\/2023\/05\/17\/une-jeune-de-20-ans-hospitalisee-apres-une-chute-de-7-metres-dun-foyer-a-gabes\/"]}]},{"@type":"ImageObject","inLanguage":"fr-FR","@id":"https:\/\/kapitalis.com\/tunisie\/2023\/05\/17\/une-jeune-de-20-ans-hospitalisee-apres-une-chute-de-7-metres-dun-foyer-a-gabes\/#primaryimage","url":"https:\/\/kapitalis.com\/tunisie\/wp-content\/uploads\/2023\/01\/protection-civile.jpg","contentUrl":"https:\/\/kapitalis.com\/tunisie\/wp-content\/uploads\/2023\/01\/protection-civile.jpg","width":1200,"height":630},{"@type":"BreadcrumbList","@id":"https:\/\/kapitalis.com\/tunisie\/2023\/05\/17\/une-jeune-de-20-ans-hospitalisee-apres-une-chute-de-7-metres-dun-foyer-a-gabes\/#breadcrumb","itemListElement":[{"@type":"ListItem","position":1,"name":"Accueil","item":"https:\/\/kapitalis.com\/tunisie\/"},{"@type":"ListItem","position":2,"name":"Une jeune de 20 ans hospitalis\u00e9e apr\u00e8s une chute de 7 m\u00e8tres d&rsquo;un foyer \u00e0 Gab\u00e8s"}]},{"@type":"WebSite","@id":"https:\/\/kapitalis.com\/tunisie\/#website","url":"https:\/\/kapitalis.com\/tunisie\/","name":"Kapitalis","description":"L&#039;actualit\u00e9 en Tunisie et dans le monde","publisher":{"@id":"https:\/\/kapitalis.com\/tunisie\/#organization"},"potentialAction":[{"@type":"SearchAction","target":{"@type":"EntryPoint","urlTemplate":"https:\/\/kapitalis.com\/tunisie\/?s={search_term_string}"},"query-input":{"@type":"PropertyValueSpecification","valueRequired":true,"valueName":"search_term_string"}}],"inLanguage":"fr-FR"},{"@type":"Organization","@id":"https:\/\/kapitalis.com\/tunisie\/#organization","name":"Kapitalis","url":"https:\/\/kapitalis.com\/tunisie\/","logo":{"@type":"ImageObject","inLanguage":"fr-FR","@id":"https:\/\/kapitalis.com\/tunisie\/#\/schema\/logo\/image\/","url":"https:\/\/kapitalis.com\/tunisie\/wp-content\/uploads\/2022\/05\/Kapitalis-big-size.png","contentUrl":"https:\/\/kapitalis.com\/tunisie\/wp-content\/uploads\/2022\/05\/Kapitalis-big-size.png","width":5000,"height":1500,"caption":"Kapitalis"},"image":{"@id":"https:\/\/kapitalis.com\/tunisie\/#\/schema\/logo\/image\/"},"sameAs":["https:\/\/www.facebook.com\/KapitalisInfo\/","https:\/\/x.com\/KapitalisInfo","https:\/\/www.youtube.com\/channel\/UC-yDYrHyfFBWWZaOw3FPg9Q"]},{"@type":"Person","@id":"https:\/\/kapitalis.com\/tunisie\/#\/schema\/person\/74bbde0154d49d790a92aaeac5bc01d5","name":"Yusra NY","url":"https:\/\/kapitalis.com\/tunisie\/author\/yuza_adam\/"}]}},"_links":{"self":[{"href":"https:\/\/kapitalis.com\/tunisie\/wp-json\/wp\/v2\/posts\/7968626","targetHints":{"allow":["GET"]}}],"collection":[{"href":"https:\/\/kapitalis.com\/tunisie\/wp-json\/wp\/v2\/posts"}],"about":[{"href":"https:\/\/kapitalis.com\/tunisie\/wp-json\/wp\/v2\/types\/post"}],"author":[{"embeddable":true,"href":"https:\/\/kapitalis.com\/tunisie\/wp-json\/wp\/v2\/users\/6"}],"replies":[{"embeddable":true,"href":"https:\/\/kapitalis.com\/tunisie\/wp-json\/wp\/v2\/comments?post=7968626"}],"version-history":[{"count":2,"href":"https:\/\/kapitalis.com\/tunisie\/wp-json\/wp\/v2\/posts\/7968626\/revisions"}],"predecessor-version":[{"id":7968834,"href":"https:\/\/kapitalis.com\/tunisie\/wp-json\/wp\/v2\/posts\/7968626\/revisions\/7968834"}],"wp:featuredmedia":[{"embeddable":true,"href":"https:\/\/kapitalis.com\/tunisie\/wp-json\/wp\/v2\/media\/5938834"}],"wp:attachment":[{"href":"https:\/\/kapitalis.com\/tunisie\/wp-json\/wp\/v2\/media?parent=7968626"}],"wp:term":[{"taxonomy":"category","embeddable":true,"href":"https:\/\/kapitalis.com\/tunisie\/wp-json\/wp\/v2\/categories?post=7968626"},{"taxonomy":"post_tag","embeddable":true,"href":"https:\/\/kapitalis.com\/tunisie\/wp-json\/wp\/v2\/tags?post=7968626"}],"curies":[{"name":"wp","href":"https:\/\/api.w.org\/{rel}","templated":true}]}}