{"id":7971768,"date":"2023-05-18T09:46:14","date_gmt":"2023-05-18T08:46:14","guid":{"rendered":"https:\/\/kapitalis.com\/tunisie\/?p=7971768"},"modified":"2023-05-18T09:46:15","modified_gmt":"2023-05-18T08:46:15","slug":"les-dangers-de-la-lecture-ideologique-de-lhistoire-tunisienne","status":"publish","type":"post","link":"https:\/\/kapitalis.com\/tunisie\/2023\/05\/18\/les-dangers-de-la-lecture-ideologique-de-lhistoire-tunisienne\/","title":{"rendered":"Les dangers de la lecture id\u00e9ologique de l\u2019histoire tunisienne"},"content":{"rendered":"\n<p><strong><em>A la diff\u00e9rence de nombreux pays qui s\u2019\u00e9vertuent \u00e0 affiner leur communication, la Tunisie s\u2019enfonce, depuis 2011, dans une lecture id\u00e9ologique de l\u2019histoire et du pr\u00e9sent au risque d\u2019hypoth\u00e9quer l\u2019avenir.<\/em><\/strong><\/p>\n\n\n\n<p>Par <strong>Elyes Kasri<\/strong> *<\/p>\n\n\n\n<!--more-->\n\n\n<div class=\"wp-block-image\">\n<figure class=\"alignleft size-full\"><img decoding=\"async\" src=\"http:\/\/kapitalis.com\/tunisie\/wp-content\/uploads\/2021\/06\/Elyes-Kasri.jpg\" alt=\"\" class=\"wp-image-352204\"\/><\/figure>\n<\/div>\n\n\n<p>Le d\u00e9placement \u00e0 Djerba des d\u00e9put\u00e9s du bloc parlementaire national et ind\u00e9pendant et du pr\u00e9sident de l\u2019Utica et les condol\u00e9ances adress\u00e9es aux repr\u00e9sentants de la communaut\u00e9 juive sont des gestes louables \u00e0 suivre par les autres blocs parlementaires, partis et composantes de la soci\u00e9t\u00e9 civile.<\/p>\n\n\n\n<p>Pour leur part, les autorit\u00e9s gouvernementales seraient bien avis\u00e9es de faire des gestes de compassion et de solidarit\u00e9 de nature \u00e0 dissiper le malaise croissant chez la communaut\u00e9 juive tunisienne qui, apr\u00e8s plusieurs mill\u00e9naires, semble avoir de plus en plus de mal \u00e0 r\u00e9sister \u00e0 l\u2019appel des sir\u00e8nes de l\u2019exode en masse.<\/p>\n\n\n\n<h2 class=\"wp-block-heading\">Maladresses et d\u00e9ficiences<\/h2>\n\n\n\n<p>Il urge de faire beaucoup plus pour calmer les appr\u00e9hensions et les craintes de nos concitoyens juifs et de les convaincre que la Tunisie assurera toujours leur s\u00e9curit\u00e9 et la jouissance pleine et enti\u00e8re de leurs droits garantis par les constitutions successives de la r\u00e9publique tunisienne ainsi que les chartes et conventions internationales des droits de l\u2019homme.<\/p>\n\n\n\n<p>En plus des condol\u00e9ances, gestes de solidarit\u00e9 et assurances adress\u00e9s aux dirigeants de la communaut\u00e9 juive tunisienne par les plus hautes autorit\u00e9s politiques tunisiennes, des r\u00e9formes urgentes sont n\u00e9cessaires pour \u00e9viter la r\u00e9\u00e9dition de la derni\u00e8re attaque terroriste contre des p\u00e8lerins juifs \u00e0 la synagogue de la Ghriba.<\/p>\n\n\n\n<figure class=\"wp-block-embed is-type-wp-embed is-provider-kapitalis wp-block-embed-kapitalis\"><div class=\"wp-block-embed__wrapper\">\n<blockquote class=\"wp-embedded-content\" data-secret=\"nfDpUszh5Y\"><a href=\"https:\/\/kapitalis.com\/tunisie\/2023\/05\/18\/kais-saied-et-les-libertes-religieuses-en-tunisie-les-textes-et-les-actes\/\">Ka\u00efs Sa\u00efed et les libert\u00e9s religieuses\u00a0en Tunisie<\/a><\/blockquote><iframe loading=\"lazy\" class=\"wp-embedded-content\" sandbox=\"allow-scripts\" security=\"restricted\" style=\"position: absolute; clip: rect(1px, 1px, 1px, 1px);\" title=\"\u00ab\u00a0Ka\u00efs Sa\u00efed et les libert\u00e9s religieuses\u00a0en Tunisie\u00a0\u00bb &#8212; Kapitalis\" src=\"https:\/\/kapitalis.com\/tunisie\/2023\/05\/18\/kais-saied-et-les-libertes-religieuses-en-tunisie-les-textes-et-les-actes\/embed\/#?secret=pUJ0CTm3BF#?secret=nfDpUszh5Y\" data-secret=\"nfDpUszh5Y\" width=\"600\" height=\"338\" frameborder=\"0\" marginwidth=\"0\" marginheight=\"0\" scrolling=\"no\"><\/iframe>\n<\/div><\/figure>\n\n\n\n<p>Apr\u00e8s des accusations de racisme anti-noir, la Tunisie ne peut pas se permettre de se faire taxer d\u2019Etat incapable d\u2019assurer la s\u00e9curit\u00e9 de ses citoyens et de ses visiteurs ou pire m\u00eame d\u2019antis\u00e9mitisme par des parties malintentionn\u00e9es qui trouveraient dans les maladresses et d\u00e9ficiences tunisiennes la meilleure arme pour nuire \u00e0 l\u2019image et aux int\u00e9r\u00eats de notre pays sur la sc\u00e8ne internationale.<\/p>\n\n\n\n<p>Par ailleurs, certains s\u2019acharnent \u00e0 vouloir r\u00e9\u00e9crire l\u2019histoire plurimill\u00e9naire et multi-civilisationnelle de la Tunisie en occultant d\u2019importants \u00e9l\u00e9ments et p\u00e9riodes qui en font la richesse et la singularit\u00e9.<\/p>\n\n\n\n<p>Gare \u00e0 ceux qui, consciemment ou inconsciemment, s\u2019efforcent de manipuler \u00e0 des fins id\u00e9ologiques l\u2019histoire de notre pays au risque d\u2019en faire un paria international, hideux et d\u00e9testable.<\/p>\n\n\n\n<h2 class=\"wp-block-heading\">Compassion humaine et solidarit\u00e9 citoyenne<\/h2>\n\n\n\n<p>La religion juive entretient une relation particuli\u00e8re avec la Tunisie tant du point de la pr\u00e9s\u00e9ance historique avec les autres religions monoth\u00e9istes et du livre que du lien sp\u00e9cial, pass\u00e9 et pr\u00e9sent, des adeptes de cette confession avec notre pays.<\/p>\n\n\n\n<figure class=\"wp-block-embed is-type-wp-embed is-provider-kapitalis wp-block-embed-kapitalis\"><div class=\"wp-block-embed__wrapper\">\n<blockquote class=\"wp-embedded-content\" data-secret=\"o8WwcZ1tA1\"><a href=\"https:\/\/kapitalis.com\/tunisie\/2023\/05\/17\/juifs-de-tunisie-je-taime-moi-non-plus\/\">Juifs de Tunisie, je t\u2019aime moi non plus<\/a><\/blockquote><iframe loading=\"lazy\" class=\"wp-embedded-content\" sandbox=\"allow-scripts\" security=\"restricted\" style=\"position: absolute; clip: rect(1px, 1px, 1px, 1px);\" title=\"\u00ab\u00a0Juifs de Tunisie, je t\u2019aime moi non plus\u00a0\u00bb &#8212; Kapitalis\" src=\"https:\/\/kapitalis.com\/tunisie\/2023\/05\/17\/juifs-de-tunisie-je-taime-moi-non-plus\/embed\/#?secret=wD45TsD0bP#?secret=o8WwcZ1tA1\" data-secret=\"o8WwcZ1tA1\" width=\"600\" height=\"338\" frameborder=\"0\" marginwidth=\"0\" marginheight=\"0\" scrolling=\"no\"><\/iframe>\n<\/div><\/figure>\n\n\n\n<p>S\u2019acharner \u00e0 rationaliser la nostalgie du pass\u00e9, le d\u00e9chirement de la s\u00e9paration et la douleur du pr\u00e9sent avec ses vicissitudes serait s\u2019inscrire sur un registre qui est autre que celui qui devrait \u00eatre \u00e0 l\u2019ordre du jour \u00e0 savoir celui de la compassion humaine et de la solidarit\u00e9 avec des concitoyens qui, malgr\u00e9 les tourments de l\u2019histoire moderne, ne cessent de crier leur amour de la Tunisie.<\/p>\n\n\n\n<p>A la diff\u00e9rence de nombreux pays qui s\u2019\u00e9vertuent \u00e0 affiner leur communication, la Tunisie s\u2019enfonce, depuis 2011, dans une lecture id\u00e9ologique de l\u2019histoire et du pr\u00e9sent au risque d\u2019hypoth\u00e9quer l\u2019avenir. <\/p>\n\n\n\n<p><em>* Ancien ambassadeur.<\/em><\/p>\n","protected":false},"excerpt":{"rendered":"<p>Seuls des gestes de compassion et de solidarit\u00e9 peuvent dissiper le malaise croissant chez la communaut\u00e9 juive tunisienne apr\u00e8s l&rsquo;attaque terroriste de Djerba.  <\/p>\n","protected":false},"author":8,"featured_media":7971798,"comment_status":"open","ping_status":"open","sticky":false,"template":"","format":"standard","meta":{"footnotes":""},"categories":[992,997,1000,2433],"tags":[18438,284,82931,82616,62643],"class_list":["post-7971768","post","type-post","status-publish","format-standard","has-post-thumbnail","hentry","category-a-la-une","category-politique","category-tribune","category-tunisie","tag-communaute-juive","tag-djerba","tag-elyes-kasri-2","tag-synagogue-de-la-ghriba","tag-tunisie"],"yoast_head":"<!-- This site is optimized with the Yoast SEO plugin v26.6 - https:\/\/yoast.com\/wordpress\/plugins\/seo\/ -->\n<title>Les dangers de la lecture id\u00e9ologique de l\u2019histoire tunisienne - Kapitalis<\/title>\n<meta name=\"robots\" content=\"index, follow, max-snippet:-1, max-image-preview:large, max-video-preview:-1\" \/>\n<link rel=\"canonical\" href=\"https:\/\/kapitalis.com\/tunisie\/2023\/05\/18\/les-dangers-de-la-lecture-ideologique-de-lhistoire-tunisienne\/\" \/>\n<meta property=\"og:locale\" content=\"fr_FR\" \/>\n<meta property=\"og:type\" content=\"article\" \/>\n<meta property=\"og:title\" content=\"Les dangers de la lecture id\u00e9ologique de l\u2019histoire tunisienne - Kapitalis\" \/>\n<meta property=\"og:description\" content=\"Seuls des gestes de compassion et de solidarit\u00e9 peuvent dissiper le malaise croissant chez la communaut\u00e9 juive tunisienne apr\u00e8s l&#039;attaque terroriste de Djerba.\" \/>\n<meta property=\"og:url\" content=\"https:\/\/kapitalis.com\/tunisie\/2023\/05\/18\/les-dangers-de-la-lecture-ideologique-de-lhistoire-tunisienne\/\" \/>\n<meta property=\"og:site_name\" content=\"Kapitalis\" \/>\n<meta property=\"article:publisher\" content=\"https:\/\/www.facebook.com\/KapitalisInfo\/\" \/>\n<meta property=\"article:published_time\" content=\"2023-05-18T08:46:14+00:00\" \/>\n<meta property=\"article:modified_time\" content=\"2023-05-18T08:46:15+00:00\" \/>\n<meta property=\"og:image\" content=\"https:\/\/kapitalis.com\/tunisie\/wp-content\/uploads\/2023\/05\/Kais-Saied-Archeveque-Mufti-Rabbin-2.jpg\" \/>\n\t<meta property=\"og:image:width\" content=\"1200\" \/>\n\t<meta property=\"og:image:height\" content=\"630\" \/>\n\t<meta property=\"og:image:type\" content=\"image\/jpeg\" \/>\n<meta name=\"author\" content=\"webmaster kapitalis\" \/>\n<meta name=\"twitter:card\" content=\"summary_large_image\" \/>\n<meta name=\"twitter:creator\" content=\"@KapitalisInfo\" \/>\n<meta name=\"twitter:site\" content=\"@KapitalisInfo\" \/>\n<meta name=\"twitter:label1\" content=\"\u00c9crit par\" \/>\n\t<meta name=\"twitter:data1\" content=\"webmaster kapitalis\" \/>\n\t<meta name=\"twitter:label2\" content=\"Dur\u00e9e de lecture estim\u00e9e\" \/>\n\t<meta name=\"twitter:data2\" content=\"3 minutes\" \/>\n<script type=\"application\/ld+json\" class=\"yoast-schema-graph\">{\"@context\":\"https:\/\/schema.org\",\"@graph\":[{\"@type\":\"Article\",\"@id\":\"https:\/\/kapitalis.com\/tunisie\/2023\/05\/18\/les-dangers-de-la-lecture-ideologique-de-lhistoire-tunisienne\/#article\",\"isPartOf\":{\"@id\":\"https:\/\/kapitalis.com\/tunisie\/2023\/05\/18\/les-dangers-de-la-lecture-ideologique-de-lhistoire-tunisienne\/\"},\"author\":{\"name\":\"webmaster kapitalis\",\"@id\":\"https:\/\/kapitalis.com\/tunisie\/#\/schema\/person\/d71f33a9ca44f7bad4698210b480c8e9\"},\"headline\":\"Les dangers de la lecture id\u00e9ologique de l\u2019histoire tunisienne\",\"datePublished\":\"2023-05-18T08:46:14+00:00\",\"dateModified\":\"2023-05-18T08:46:15+00:00\",\"mainEntityOfPage\":{\"@id\":\"https:\/\/kapitalis.com\/tunisie\/2023\/05\/18\/les-dangers-de-la-lecture-ideologique-de-lhistoire-tunisienne\/\"},\"wordCount\":592,\"commentCount\":1,\"publisher\":{\"@id\":\"https:\/\/kapitalis.com\/tunisie\/#organization\"},\"image\":{\"@id\":\"https:\/\/kapitalis.com\/tunisie\/2023\/05\/18\/les-dangers-de-la-lecture-ideologique-de-lhistoire-tunisienne\/#primaryimage\"},\"thumbnailUrl\":\"https:\/\/kapitalis.com\/tunisie\/wp-content\/uploads\/2023\/05\/Kais-Saied-Archeveque-Mufti-Rabbin-2.jpg\",\"keywords\":[\"communaut\u00e9 juive\",\"Djerba\",\"Elyes Kasri\",\"synagogue de La Ghriba\",\"Tunisie\"],\"articleSection\":[\"A LA UNE\",\"POLITIQUE\",\"TRIBUNE\",\"Tunisie\"],\"inLanguage\":\"fr-FR\",\"potentialAction\":[{\"@type\":\"CommentAction\",\"name\":\"Comment\",\"target\":[\"https:\/\/kapitalis.com\/tunisie\/2023\/05\/18\/les-dangers-de-la-lecture-ideologique-de-lhistoire-tunisienne\/#respond\"]}]},{\"@type\":\"WebPage\",\"@id\":\"https:\/\/kapitalis.com\/tunisie\/2023\/05\/18\/les-dangers-de-la-lecture-ideologique-de-lhistoire-tunisienne\/\",\"url\":\"https:\/\/kapitalis.com\/tunisie\/2023\/05\/18\/les-dangers-de-la-lecture-ideologique-de-lhistoire-tunisienne\/\",\"name\":\"Les dangers de la lecture id\u00e9ologique de l\u2019histoire tunisienne - Kapitalis\",\"isPartOf\":{\"@id\":\"https:\/\/kapitalis.com\/tunisie\/#website\"},\"primaryImageOfPage\":{\"@id\":\"https:\/\/kapitalis.com\/tunisie\/2023\/05\/18\/les-dangers-de-la-lecture-ideologique-de-lhistoire-tunisienne\/#primaryimage\"},\"image\":{\"@id\":\"https:\/\/kapitalis.com\/tunisie\/2023\/05\/18\/les-dangers-de-la-lecture-ideologique-de-lhistoire-tunisienne\/#primaryimage\"},\"thumbnailUrl\":\"https:\/\/kapitalis.com\/tunisie\/wp-content\/uploads\/2023\/05\/Kais-Saied-Archeveque-Mufti-Rabbin-2.jpg\",\"datePublished\":\"2023-05-18T08:46:14+00:00\",\"dateModified\":\"2023-05-18T08:46:15+00:00\",\"breadcrumb\":{\"@id\":\"https:\/\/kapitalis.com\/tunisie\/2023\/05\/18\/les-dangers-de-la-lecture-ideologique-de-lhistoire-tunisienne\/#breadcrumb\"},\"inLanguage\":\"fr-FR\",\"potentialAction\":[{\"@type\":\"ReadAction\",\"target\":[\"https:\/\/kapitalis.com\/tunisie\/2023\/05\/18\/les-dangers-de-la-lecture-ideologique-de-lhistoire-tunisienne\/\"]}]},{\"@type\":\"ImageObject\",\"inLanguage\":\"fr-FR\",\"@id\":\"https:\/\/kapitalis.com\/tunisie\/2023\/05\/18\/les-dangers-de-la-lecture-ideologique-de-lhistoire-tunisienne\/#primaryimage\",\"url\":\"https:\/\/kapitalis.com\/tunisie\/wp-content\/uploads\/2023\/05\/Kais-Saied-Archeveque-Mufti-Rabbin-2.jpg\",\"contentUrl\":\"https:\/\/kapitalis.com\/tunisie\/wp-content\/uploads\/2023\/05\/Kais-Saied-Archeveque-Mufti-Rabbin-2.jpg\",\"width\":1200,\"height\":630},{\"@type\":\"BreadcrumbList\",\"@id\":\"https:\/\/kapitalis.com\/tunisie\/2023\/05\/18\/les-dangers-de-la-lecture-ideologique-de-lhistoire-tunisienne\/#breadcrumb\",\"itemListElement\":[{\"@type\":\"ListItem\",\"position\":1,\"name\":\"Accueil\",\"item\":\"https:\/\/kapitalis.com\/tunisie\/\"},{\"@type\":\"ListItem\",\"position\":2,\"name\":\"Les dangers de la lecture id\u00e9ologique de l\u2019histoire tunisienne\"}]},{\"@type\":\"WebSite\",\"@id\":\"https:\/\/kapitalis.com\/tunisie\/#website\",\"url\":\"https:\/\/kapitalis.com\/tunisie\/\",\"name\":\"Kapitalis\",\"description\":\"L&#039;actualit\u00e9 en Tunisie et dans le monde\",\"publisher\":{\"@id\":\"https:\/\/kapitalis.com\/tunisie\/#organization\"},\"potentialAction\":[{\"@type\":\"SearchAction\",\"target\":{\"@type\":\"EntryPoint\",\"urlTemplate\":\"https:\/\/kapitalis.com\/tunisie\/?s={search_term_string}\"},\"query-input\":{\"@type\":\"PropertyValueSpecification\",\"valueRequired\":true,\"valueName\":\"search_term_string\"}}],\"inLanguage\":\"fr-FR\"},{\"@type\":\"Organization\",\"@id\":\"https:\/\/kapitalis.com\/tunisie\/#organization\",\"name\":\"Kapitalis\",\"url\":\"https:\/\/kapitalis.com\/tunisie\/\",\"logo\":{\"@type\":\"ImageObject\",\"inLanguage\":\"fr-FR\",\"@id\":\"https:\/\/kapitalis.com\/tunisie\/#\/schema\/logo\/image\/\",\"url\":\"https:\/\/kapitalis.com\/tunisie\/wp-content\/uploads\/2022\/05\/Kapitalis-big-size.png\",\"contentUrl\":\"https:\/\/kapitalis.com\/tunisie\/wp-content\/uploads\/2022\/05\/Kapitalis-big-size.png\",\"width\":5000,\"height\":1500,\"caption\":\"Kapitalis\"},\"image\":{\"@id\":\"https:\/\/kapitalis.com\/tunisie\/#\/schema\/logo\/image\/\"},\"sameAs\":[\"https:\/\/www.facebook.com\/KapitalisInfo\/\",\"https:\/\/x.com\/KapitalisInfo\",\"https:\/\/www.youtube.com\/channel\/UC-yDYrHyfFBWWZaOw3FPg9Q\"]},{\"@type\":\"Person\",\"@id\":\"https:\/\/kapitalis.com\/tunisie\/#\/schema\/person\/d71f33a9ca44f7bad4698210b480c8e9\",\"name\":\"webmaster kapitalis\",\"url\":\"https:\/\/kapitalis.com\/tunisie\/author\/webmaster-kapitalis\/\"}]}<\/script>\n<!-- \/ Yoast SEO plugin. -->","yoast_head_json":{"title":"Les dangers de la lecture id\u00e9ologique de l\u2019histoire tunisienne - Kapitalis","robots":{"index":"index","follow":"follow","max-snippet":"max-snippet:-1","max-image-preview":"max-image-preview:large","max-video-preview":"max-video-preview:-1"},"canonical":"https:\/\/kapitalis.com\/tunisie\/2023\/05\/18\/les-dangers-de-la-lecture-ideologique-de-lhistoire-tunisienne\/","og_locale":"fr_FR","og_type":"article","og_title":"Les dangers de la lecture id\u00e9ologique de l\u2019histoire tunisienne - Kapitalis","og_description":"Seuls des gestes de compassion et de solidarit\u00e9 peuvent dissiper le malaise croissant chez la communaut\u00e9 juive tunisienne apr\u00e8s l'attaque terroriste de Djerba.","og_url":"https:\/\/kapitalis.com\/tunisie\/2023\/05\/18\/les-dangers-de-la-lecture-ideologique-de-lhistoire-tunisienne\/","og_site_name":"Kapitalis","article_publisher":"https:\/\/www.facebook.com\/KapitalisInfo\/","article_published_time":"2023-05-18T08:46:14+00:00","article_modified_time":"2023-05-18T08:46:15+00:00","og_image":[{"width":1200,"height":630,"url":"https:\/\/kapitalis.com\/tunisie\/wp-content\/uploads\/2023\/05\/Kais-Saied-Archeveque-Mufti-Rabbin-2.jpg","type":"image\/jpeg"}],"author":"webmaster kapitalis","twitter_card":"summary_large_image","twitter_creator":"@KapitalisInfo","twitter_site":"@KapitalisInfo","twitter_misc":{"\u00c9crit par":"webmaster kapitalis","Dur\u00e9e de lecture estim\u00e9e":"3 minutes"},"schema":{"@context":"https:\/\/schema.org","@graph":[{"@type":"Article","@id":"https:\/\/kapitalis.com\/tunisie\/2023\/05\/18\/les-dangers-de-la-lecture-ideologique-de-lhistoire-tunisienne\/#article","isPartOf":{"@id":"https:\/\/kapitalis.com\/tunisie\/2023\/05\/18\/les-dangers-de-la-lecture-ideologique-de-lhistoire-tunisienne\/"},"author":{"name":"webmaster kapitalis","@id":"https:\/\/kapitalis.com\/tunisie\/#\/schema\/person\/d71f33a9ca44f7bad4698210b480c8e9"},"headline":"Les dangers de la lecture id\u00e9ologique de l\u2019histoire tunisienne","datePublished":"2023-05-18T08:46:14+00:00","dateModified":"2023-05-18T08:46:15+00:00","mainEntityOfPage":{"@id":"https:\/\/kapitalis.com\/tunisie\/2023\/05\/18\/les-dangers-de-la-lecture-ideologique-de-lhistoire-tunisienne\/"},"wordCount":592,"commentCount":1,"publisher":{"@id":"https:\/\/kapitalis.com\/tunisie\/#organization"},"image":{"@id":"https:\/\/kapitalis.com\/tunisie\/2023\/05\/18\/les-dangers-de-la-lecture-ideologique-de-lhistoire-tunisienne\/#primaryimage"},"thumbnailUrl":"https:\/\/kapitalis.com\/tunisie\/wp-content\/uploads\/2023\/05\/Kais-Saied-Archeveque-Mufti-Rabbin-2.jpg","keywords":["communaut\u00e9 juive","Djerba","Elyes Kasri","synagogue de La Ghriba","Tunisie"],"articleSection":["A LA UNE","POLITIQUE","TRIBUNE","Tunisie"],"inLanguage":"fr-FR","potentialAction":[{"@type":"CommentAction","name":"Comment","target":["https:\/\/kapitalis.com\/tunisie\/2023\/05\/18\/les-dangers-de-la-lecture-ideologique-de-lhistoire-tunisienne\/#respond"]}]},{"@type":"WebPage","@id":"https:\/\/kapitalis.com\/tunisie\/2023\/05\/18\/les-dangers-de-la-lecture-ideologique-de-lhistoire-tunisienne\/","url":"https:\/\/kapitalis.com\/tunisie\/2023\/05\/18\/les-dangers-de-la-lecture-ideologique-de-lhistoire-tunisienne\/","name":"Les dangers de la lecture id\u00e9ologique de l\u2019histoire tunisienne - Kapitalis","isPartOf":{"@id":"https:\/\/kapitalis.com\/tunisie\/#website"},"primaryImageOfPage":{"@id":"https:\/\/kapitalis.com\/tunisie\/2023\/05\/18\/les-dangers-de-la-lecture-ideologique-de-lhistoire-tunisienne\/#primaryimage"},"image":{"@id":"https:\/\/kapitalis.com\/tunisie\/2023\/05\/18\/les-dangers-de-la-lecture-ideologique-de-lhistoire-tunisienne\/#primaryimage"},"thumbnailUrl":"https:\/\/kapitalis.com\/tunisie\/wp-content\/uploads\/2023\/05\/Kais-Saied-Archeveque-Mufti-Rabbin-2.jpg","datePublished":"2023-05-18T08:46:14+00:00","dateModified":"2023-05-18T08:46:15+00:00","breadcrumb":{"@id":"https:\/\/kapitalis.com\/tunisie\/2023\/05\/18\/les-dangers-de-la-lecture-ideologique-de-lhistoire-tunisienne\/#breadcrumb"},"inLanguage":"fr-FR","potentialAction":[{"@type":"ReadAction","target":["https:\/\/kapitalis.com\/tunisie\/2023\/05\/18\/les-dangers-de-la-lecture-ideologique-de-lhistoire-tunisienne\/"]}]},{"@type":"ImageObject","inLanguage":"fr-FR","@id":"https:\/\/kapitalis.com\/tunisie\/2023\/05\/18\/les-dangers-de-la-lecture-ideologique-de-lhistoire-tunisienne\/#primaryimage","url":"https:\/\/kapitalis.com\/tunisie\/wp-content\/uploads\/2023\/05\/Kais-Saied-Archeveque-Mufti-Rabbin-2.jpg","contentUrl":"https:\/\/kapitalis.com\/tunisie\/wp-content\/uploads\/2023\/05\/Kais-Saied-Archeveque-Mufti-Rabbin-2.jpg","width":1200,"height":630},{"@type":"BreadcrumbList","@id":"https:\/\/kapitalis.com\/tunisie\/2023\/05\/18\/les-dangers-de-la-lecture-ideologique-de-lhistoire-tunisienne\/#breadcrumb","itemListElement":[{"@type":"ListItem","position":1,"name":"Accueil","item":"https:\/\/kapitalis.com\/tunisie\/"},{"@type":"ListItem","position":2,"name":"Les dangers de la lecture id\u00e9ologique de l\u2019histoire tunisienne"}]},{"@type":"WebSite","@id":"https:\/\/kapitalis.com\/tunisie\/#website","url":"https:\/\/kapitalis.com\/tunisie\/","name":"Kapitalis","description":"L&#039;actualit\u00e9 en Tunisie et dans le monde","publisher":{"@id":"https:\/\/kapitalis.com\/tunisie\/#organization"},"potentialAction":[{"@type":"SearchAction","target":{"@type":"EntryPoint","urlTemplate":"https:\/\/kapitalis.com\/tunisie\/?s={search_term_string}"},"query-input":{"@type":"PropertyValueSpecification","valueRequired":true,"valueName":"search_term_string"}}],"inLanguage":"fr-FR"},{"@type":"Organization","@id":"https:\/\/kapitalis.com\/tunisie\/#organization","name":"Kapitalis","url":"https:\/\/kapitalis.com\/tunisie\/","logo":{"@type":"ImageObject","inLanguage":"fr-FR","@id":"https:\/\/kapitalis.com\/tunisie\/#\/schema\/logo\/image\/","url":"https:\/\/kapitalis.com\/tunisie\/wp-content\/uploads\/2022\/05\/Kapitalis-big-size.png","contentUrl":"https:\/\/kapitalis.com\/tunisie\/wp-content\/uploads\/2022\/05\/Kapitalis-big-size.png","width":5000,"height":1500,"caption":"Kapitalis"},"image":{"@id":"https:\/\/kapitalis.com\/tunisie\/#\/schema\/logo\/image\/"},"sameAs":["https:\/\/www.facebook.com\/KapitalisInfo\/","https:\/\/x.com\/KapitalisInfo","https:\/\/www.youtube.com\/channel\/UC-yDYrHyfFBWWZaOw3FPg9Q"]},{"@type":"Person","@id":"https:\/\/kapitalis.com\/tunisie\/#\/schema\/person\/d71f33a9ca44f7bad4698210b480c8e9","name":"webmaster kapitalis","url":"https:\/\/kapitalis.com\/tunisie\/author\/webmaster-kapitalis\/"}]}},"_links":{"self":[{"href":"https:\/\/kapitalis.com\/tunisie\/wp-json\/wp\/v2\/posts\/7971768","targetHints":{"allow":["GET"]}}],"collection":[{"href":"https:\/\/kapitalis.com\/tunisie\/wp-json\/wp\/v2\/posts"}],"about":[{"href":"https:\/\/kapitalis.com\/tunisie\/wp-json\/wp\/v2\/types\/post"}],"author":[{"embeddable":true,"href":"https:\/\/kapitalis.com\/tunisie\/wp-json\/wp\/v2\/users\/8"}],"replies":[{"embeddable":true,"href":"https:\/\/kapitalis.com\/tunisie\/wp-json\/wp\/v2\/comments?post=7971768"}],"version-history":[{"count":1,"href":"https:\/\/kapitalis.com\/tunisie\/wp-json\/wp\/v2\/posts\/7971768\/revisions"}],"predecessor-version":[{"id":7971814,"href":"https:\/\/kapitalis.com\/tunisie\/wp-json\/wp\/v2\/posts\/7971768\/revisions\/7971814"}],"wp:featuredmedia":[{"embeddable":true,"href":"https:\/\/kapitalis.com\/tunisie\/wp-json\/wp\/v2\/media\/7971798"}],"wp:attachment":[{"href":"https:\/\/kapitalis.com\/tunisie\/wp-json\/wp\/v2\/media?parent=7971768"}],"wp:term":[{"taxonomy":"category","embeddable":true,"href":"https:\/\/kapitalis.com\/tunisie\/wp-json\/wp\/v2\/categories?post=7971768"},{"taxonomy":"post_tag","embeddable":true,"href":"https:\/\/kapitalis.com\/tunisie\/wp-json\/wp\/v2\/tags?post=7971768"}],"curies":[{"name":"wp","href":"https:\/\/api.w.org\/{rel}","templated":true}]}}