{"id":7975777,"date":"2023-05-18T20:21:56","date_gmt":"2023-05-18T19:21:56","guid":{"rendered":"https:\/\/kapitalis.com\/tunisie\/?p=7975777"},"modified":"2023-05-19T08:57:39","modified_gmt":"2023-05-19T07:57:39","slug":"haythem-el-mekki-convoque-par-la-brigade-criminelle-del-gorjani","status":"publish","type":"post","link":"https:\/\/kapitalis.com\/tunisie\/2023\/05\/18\/haythem-el-mekki-convoque-par-la-brigade-criminelle-del-gorjani\/","title":{"rendered":"Haythem El Mekki convoqu\u00e9 par la brigade criminelle d&rsquo;El-Gorjani"},"content":{"rendered":"\n<p><em><strong>Haythem El Mekki chroniqueur \u00e0 la radio Mosa\u00efque FM a annonc\u00e9, ce jeudi 18 mai 2023, avoir re\u00e7u une convocation pour \u00eatre entendu par la brigade criminelle d&rsquo;El-Gorjani.<\/strong><\/em><\/p>\n\n\n\n<!--more-->\n\n\n\n<p>Il devra \u00eatre entendu, demain \u00e0 10h, en tant qu&rsquo;accus\u00e9, lit-on dans la convocation publi\u00e9e par Haythem El Mekki, sachant que ce dernier a \u00e9t\u00e9 poursuivi en justice par un syndicat s\u00e9curitaire pour diffamation et qu&rsquo;il est accus\u00e9 d&rsquo;avoir port\u00e9 atteinte \u00e0 la police, via ses d\u00e9clarations lors de l&rsquo;\u00e9mission Midi-Show.<\/p>\n\n\n<div class=\"wp-block-image\">\n<figure class=\"aligncenter size-large is-resized\"><img decoding=\"async\" src=\"https:\/\/kapitalis.com\/tunisie\/wp-content\/uploads\/2023\/05\/55-1024x577.jpg\" alt=\"\" class=\"wp-image-7975786\" width=\"500\" srcset=\"https:\/\/kapitalis.com\/tunisie\/wp-content\/uploads\/2023\/05\/55-1024x577.jpg 1024w, https:\/\/kapitalis.com\/tunisie\/wp-content\/uploads\/2023\/05\/55-300x169.jpg 300w, https:\/\/kapitalis.com\/tunisie\/wp-content\/uploads\/2023\/05\/55-768x432.jpg 768w, https:\/\/kapitalis.com\/tunisie\/wp-content\/uploads\/2023\/05\/55-1536x865.jpg 1536w, https:\/\/kapitalis.com\/tunisie\/wp-content\/uploads\/2023\/05\/55-580x327.jpg 580w, https:\/\/kapitalis.com\/tunisie\/wp-content\/uploads\/2023\/05\/55-860x484.jpg 860w, https:\/\/kapitalis.com\/tunisie\/wp-content\/uploads\/2023\/05\/55-1160x653.jpg 1160w, https:\/\/kapitalis.com\/tunisie\/wp-content\/uploads\/2023\/05\/55.jpg 2048w\" sizes=\"(max-width: 1024px) 100vw, 1024px\" \/><\/figure>\n<\/div>\n\n\n<p>Selon le plaignant, Haythem Mekki a qualifi\u00e9 les policiers <em>\u00abde bandits et de voyous, ou encore de trafiquants de drogue<\/em>\u00bb, or le chroniqueur nie cat\u00e9goriquement cette accusation, en affirmant ne pas avoir g\u00e9n\u00e9ralis\u00e9 et qu&rsquo;il s&rsquo;\u00e9tait exprim\u00e9 sur le recrutement au sein de l&rsquo;institution s\u00e9curitaire, suite \u00e0 l\u2019attaque perp\u00e9tr\u00e9e par un policier \u00e0 Djerba.<\/p>\n\n\n\n<p>\u00ab<em>J\u2019ai d\u00e9clar\u00e9 qu\u2019il fallait revoir les tests psychotechniques lors du recrutement afin de comprendre si le citoyen qui se pr\u00e9sente au concours pour devenir policier le fait pour d\u00e9fendre le pays et les citoyens et appliquer la loi ou bien pour profiter du pouvoir et commettre des abus, parce qu\u2019il y a des bandits qui deviennent policiers. Voil\u00e0 ce que j\u2019ai dit et dans quel contexte cela a \u00e9t\u00e9 fait et de plus je n\u2019ai pas g\u00e9n\u00e9ralis\u00e9\u00bb<\/em>, avait notamment expliqu\u00e9 Haythem El Mekki dans une d\u00e9claration m\u00e9diatique hier.<\/p>\n\n\n\n<p class=\"has-text-align-right\"><strong>Y. N.<\/strong><\/p>\n\n\n\n<figure class=\"wp-block-embed is-type-wp-embed is-provider-kapitalis wp-block-embed-kapitalis\"><div class=\"wp-block-embed__wrapper\">\n<blockquote class=\"wp-embedded-content\" data-secret=\"mWF9wIEezG\"><a href=\"https:\/\/kapitalis.com\/tunisie\/2023\/05\/17\/un-syndicat-securitaire-porte-plainte-contre-elyes-gharbi-et-haythem-el-mekki-pour-diffamation\/\">Un Syndicat s\u00e9curitaire porte plainte contre Elyes Gharbi et Haythem El Mekki pour diffamation<\/a><\/blockquote><iframe loading=\"lazy\" class=\"wp-embedded-content\" sandbox=\"allow-scripts\" security=\"restricted\" style=\"position: absolute; clip: rect(1px, 1px, 1px, 1px);\" title=\"\u00ab\u00a0Un Syndicat s\u00e9curitaire porte plainte contre Elyes Gharbi et Haythem El Mekki pour diffamation\u00a0\u00bb &#8212; Kapitalis\" src=\"https:\/\/kapitalis.com\/tunisie\/2023\/05\/17\/un-syndicat-securitaire-porte-plainte-contre-elyes-gharbi-et-haythem-el-mekki-pour-diffamation\/embed\/#?secret=rsx5vRBB3j#?secret=mWF9wIEezG\" data-secret=\"mWF9wIEezG\" width=\"600\" height=\"338\" frameborder=\"0\" marginwidth=\"0\" marginheight=\"0\" scrolling=\"no\"><\/iframe>\n<\/div><\/figure>\n","protected":false},"excerpt":{"rendered":"<p>Haythem El Mekki convoqu\u00e9 par la brigade criminelle d&rsquo;El-Gorjani<\/p>\n","protected":false},"author":6,"featured_media":7975800,"comment_status":"open","ping_status":"open","sticky":false,"template":"","format":"standard","meta":{"footnotes":""},"categories":[996,998,2433],"tags":[92708,8098,79579,4166,721,23794,62643],"class_list":["post-7975777","post","type-post","status-publish","format-standard","has-post-thumbnail","hentry","category-media","category-societe","category-tunisie","tag-convocation","tag-el-gorjani","tag-haythem-el-mekki","tag-mosaique-fm","tag-plainte","tag-syndicat-securitaire","tag-tunisie"],"yoast_head":"<!-- This site is optimized with the Yoast SEO plugin v26.6 - https:\/\/yoast.com\/wordpress\/plugins\/seo\/ -->\n<title>Haythem El Mekki convoqu\u00e9 par la brigade criminelle d&#039;El-Gorjani - Kapitalis<\/title>\n<meta name=\"description\" content=\"Haythem El Mekki chroniqueur \u00e0 la radio Mosa\u00efque FM a annonc\u00e9, dans la soir\u00e9e de ce jeudi 18 mai 2023, avoir re\u00e7u une convocation pour \u00eatre entendu par la brigade criminelle d&#039;El-Gorjani.\" \/>\n<meta name=\"robots\" content=\"index, follow, max-snippet:-1, max-image-preview:large, max-video-preview:-1\" \/>\n<link rel=\"canonical\" href=\"https:\/\/kapitalis.com\/tunisie\/2023\/05\/18\/haythem-el-mekki-convoque-par-la-brigade-criminelle-del-gorjani\/\" \/>\n<meta property=\"og:locale\" content=\"fr_FR\" \/>\n<meta property=\"og:type\" content=\"article\" \/>\n<meta property=\"og:title\" content=\"Haythem El Mekki convoqu\u00e9 par la brigade criminelle d&#039;El-Gorjani - Kapitalis\" \/>\n<meta property=\"og:description\" content=\"Haythem El Mekki chroniqueur \u00e0 la radio Mosa\u00efque FM a annonc\u00e9, dans la soir\u00e9e de ce jeudi 18 mai 2023, avoir re\u00e7u une convocation pour \u00eatre entendu par la brigade criminelle d&#039;El-Gorjani.\" \/>\n<meta property=\"og:url\" content=\"https:\/\/kapitalis.com\/tunisie\/2023\/05\/18\/haythem-el-mekki-convoque-par-la-brigade-criminelle-del-gorjani\/\" \/>\n<meta property=\"og:site_name\" content=\"Kapitalis\" \/>\n<meta property=\"article:publisher\" content=\"https:\/\/www.facebook.com\/KapitalisInfo\/\" \/>\n<meta property=\"article:published_time\" content=\"2023-05-18T19:21:56+00:00\" \/>\n<meta property=\"article:modified_time\" content=\"2023-05-19T07:57:39+00:00\" \/>\n<meta property=\"og:image\" content=\"https:\/\/kapitalis.com\/tunisie\/wp-content\/uploads\/2023\/05\/Haythem-El-Mekki.jpg\" \/>\n\t<meta property=\"og:image:width\" content=\"1200\" \/>\n\t<meta property=\"og:image:height\" content=\"630\" \/>\n\t<meta property=\"og:image:type\" content=\"image\/jpeg\" \/>\n<meta name=\"author\" content=\"Yusra NY\" \/>\n<meta name=\"twitter:card\" content=\"summary_large_image\" \/>\n<meta name=\"twitter:creator\" content=\"@KapitalisInfo\" \/>\n<meta name=\"twitter:site\" content=\"@KapitalisInfo\" \/>\n<meta name=\"twitter:label1\" content=\"\u00c9crit par\" \/>\n\t<meta name=\"twitter:data1\" content=\"Yusra NY\" \/>\n\t<meta name=\"twitter:label2\" content=\"Dur\u00e9e de lecture estim\u00e9e\" \/>\n\t<meta name=\"twitter:data2\" content=\"2 minutes\" \/>\n<script type=\"application\/ld+json\" class=\"yoast-schema-graph\">{\"@context\":\"https:\/\/schema.org\",\"@graph\":[{\"@type\":\"Article\",\"@id\":\"https:\/\/kapitalis.com\/tunisie\/2023\/05\/18\/haythem-el-mekki-convoque-par-la-brigade-criminelle-del-gorjani\/#article\",\"isPartOf\":{\"@id\":\"https:\/\/kapitalis.com\/tunisie\/2023\/05\/18\/haythem-el-mekki-convoque-par-la-brigade-criminelle-del-gorjani\/\"},\"author\":{\"name\":\"Yusra NY\",\"@id\":\"https:\/\/kapitalis.com\/tunisie\/#\/schema\/person\/74bbde0154d49d790a92aaeac5bc01d5\"},\"headline\":\"Haythem El Mekki convoqu\u00e9 par la brigade criminelle d&rsquo;El-Gorjani\",\"datePublished\":\"2023-05-18T19:21:56+00:00\",\"dateModified\":\"2023-05-19T07:57:39+00:00\",\"mainEntityOfPage\":{\"@id\":\"https:\/\/kapitalis.com\/tunisie\/2023\/05\/18\/haythem-el-mekki-convoque-par-la-brigade-criminelle-del-gorjani\/\"},\"wordCount\":256,\"commentCount\":1,\"publisher\":{\"@id\":\"https:\/\/kapitalis.com\/tunisie\/#organization\"},\"image\":{\"@id\":\"https:\/\/kapitalis.com\/tunisie\/2023\/05\/18\/haythem-el-mekki-convoque-par-la-brigade-criminelle-del-gorjani\/#primaryimage\"},\"thumbnailUrl\":\"https:\/\/kapitalis.com\/tunisie\/wp-content\/uploads\/2023\/05\/Haythem-El-Mekki.jpg\",\"keywords\":[\"convocation\",\"El-Gorjani\",\"Haythem El Mekki\",\"Mosa\u00efque FM\",\"plainte\",\"syndicat s\u00e9curitaire\",\"Tunisie\"],\"articleSection\":[\"MEDIA\",\"SOCIETE\",\"Tunisie\"],\"inLanguage\":\"fr-FR\",\"potentialAction\":[{\"@type\":\"CommentAction\",\"name\":\"Comment\",\"target\":[\"https:\/\/kapitalis.com\/tunisie\/2023\/05\/18\/haythem-el-mekki-convoque-par-la-brigade-criminelle-del-gorjani\/#respond\"]}]},{\"@type\":\"WebPage\",\"@id\":\"https:\/\/kapitalis.com\/tunisie\/2023\/05\/18\/haythem-el-mekki-convoque-par-la-brigade-criminelle-del-gorjani\/\",\"url\":\"https:\/\/kapitalis.com\/tunisie\/2023\/05\/18\/haythem-el-mekki-convoque-par-la-brigade-criminelle-del-gorjani\/\",\"name\":\"Haythem El Mekki convoqu\u00e9 par la brigade criminelle d'El-Gorjani - Kapitalis\",\"isPartOf\":{\"@id\":\"https:\/\/kapitalis.com\/tunisie\/#website\"},\"primaryImageOfPage\":{\"@id\":\"https:\/\/kapitalis.com\/tunisie\/2023\/05\/18\/haythem-el-mekki-convoque-par-la-brigade-criminelle-del-gorjani\/#primaryimage\"},\"image\":{\"@id\":\"https:\/\/kapitalis.com\/tunisie\/2023\/05\/18\/haythem-el-mekki-convoque-par-la-brigade-criminelle-del-gorjani\/#primaryimage\"},\"thumbnailUrl\":\"https:\/\/kapitalis.com\/tunisie\/wp-content\/uploads\/2023\/05\/Haythem-El-Mekki.jpg\",\"datePublished\":\"2023-05-18T19:21:56+00:00\",\"dateModified\":\"2023-05-19T07:57:39+00:00\",\"description\":\"Haythem El Mekki chroniqueur \u00e0 la radio Mosa\u00efque FM a annonc\u00e9, dans la soir\u00e9e de ce jeudi 18 mai 2023, avoir re\u00e7u une convocation pour \u00eatre entendu par la brigade criminelle d'El-Gorjani.\",\"breadcrumb\":{\"@id\":\"https:\/\/kapitalis.com\/tunisie\/2023\/05\/18\/haythem-el-mekki-convoque-par-la-brigade-criminelle-del-gorjani\/#breadcrumb\"},\"inLanguage\":\"fr-FR\",\"potentialAction\":[{\"@type\":\"ReadAction\",\"target\":[\"https:\/\/kapitalis.com\/tunisie\/2023\/05\/18\/haythem-el-mekki-convoque-par-la-brigade-criminelle-del-gorjani\/\"]}]},{\"@type\":\"ImageObject\",\"inLanguage\":\"fr-FR\",\"@id\":\"https:\/\/kapitalis.com\/tunisie\/2023\/05\/18\/haythem-el-mekki-convoque-par-la-brigade-criminelle-del-gorjani\/#primaryimage\",\"url\":\"https:\/\/kapitalis.com\/tunisie\/wp-content\/uploads\/2023\/05\/Haythem-El-Mekki.jpg\",\"contentUrl\":\"https:\/\/kapitalis.com\/tunisie\/wp-content\/uploads\/2023\/05\/Haythem-El-Mekki.jpg\",\"width\":1200,\"height\":630},{\"@type\":\"BreadcrumbList\",\"@id\":\"https:\/\/kapitalis.com\/tunisie\/2023\/05\/18\/haythem-el-mekki-convoque-par-la-brigade-criminelle-del-gorjani\/#breadcrumb\",\"itemListElement\":[{\"@type\":\"ListItem\",\"position\":1,\"name\":\"Accueil\",\"item\":\"https:\/\/kapitalis.com\/tunisie\/\"},{\"@type\":\"ListItem\",\"position\":2,\"name\":\"Haythem El Mekki convoqu\u00e9 par la brigade criminelle d&rsquo;El-Gorjani\"}]},{\"@type\":\"WebSite\",\"@id\":\"https:\/\/kapitalis.com\/tunisie\/#website\",\"url\":\"https:\/\/kapitalis.com\/tunisie\/\",\"name\":\"Kapitalis\",\"description\":\"L&#039;actualit\u00e9 en Tunisie et dans le monde\",\"publisher\":{\"@id\":\"https:\/\/kapitalis.com\/tunisie\/#organization\"},\"potentialAction\":[{\"@type\":\"SearchAction\",\"target\":{\"@type\":\"EntryPoint\",\"urlTemplate\":\"https:\/\/kapitalis.com\/tunisie\/?s={search_term_string}\"},\"query-input\":{\"@type\":\"PropertyValueSpecification\",\"valueRequired\":true,\"valueName\":\"search_term_string\"}}],\"inLanguage\":\"fr-FR\"},{\"@type\":\"Organization\",\"@id\":\"https:\/\/kapitalis.com\/tunisie\/#organization\",\"name\":\"Kapitalis\",\"url\":\"https:\/\/kapitalis.com\/tunisie\/\",\"logo\":{\"@type\":\"ImageObject\",\"inLanguage\":\"fr-FR\",\"@id\":\"https:\/\/kapitalis.com\/tunisie\/#\/schema\/logo\/image\/\",\"url\":\"https:\/\/kapitalis.com\/tunisie\/wp-content\/uploads\/2022\/05\/Kapitalis-big-size.png\",\"contentUrl\":\"https:\/\/kapitalis.com\/tunisie\/wp-content\/uploads\/2022\/05\/Kapitalis-big-size.png\",\"width\":5000,\"height\":1500,\"caption\":\"Kapitalis\"},\"image\":{\"@id\":\"https:\/\/kapitalis.com\/tunisie\/#\/schema\/logo\/image\/\"},\"sameAs\":[\"https:\/\/www.facebook.com\/KapitalisInfo\/\",\"https:\/\/x.com\/KapitalisInfo\",\"https:\/\/www.youtube.com\/channel\/UC-yDYrHyfFBWWZaOw3FPg9Q\"]},{\"@type\":\"Person\",\"@id\":\"https:\/\/kapitalis.com\/tunisie\/#\/schema\/person\/74bbde0154d49d790a92aaeac5bc01d5\",\"name\":\"Yusra NY\",\"url\":\"https:\/\/kapitalis.com\/tunisie\/author\/yuza_adam\/\"}]}<\/script>\n<!-- \/ Yoast SEO plugin. -->","yoast_head_json":{"title":"Haythem El Mekki convoqu\u00e9 par la brigade criminelle d'El-Gorjani - Kapitalis","description":"Haythem El Mekki chroniqueur \u00e0 la radio Mosa\u00efque FM a annonc\u00e9, dans la soir\u00e9e de ce jeudi 18 mai 2023, avoir re\u00e7u une convocation pour \u00eatre entendu par la brigade criminelle d'El-Gorjani.","robots":{"index":"index","follow":"follow","max-snippet":"max-snippet:-1","max-image-preview":"max-image-preview:large","max-video-preview":"max-video-preview:-1"},"canonical":"https:\/\/kapitalis.com\/tunisie\/2023\/05\/18\/haythem-el-mekki-convoque-par-la-brigade-criminelle-del-gorjani\/","og_locale":"fr_FR","og_type":"article","og_title":"Haythem El Mekki convoqu\u00e9 par la brigade criminelle d'El-Gorjani - Kapitalis","og_description":"Haythem El Mekki chroniqueur \u00e0 la radio Mosa\u00efque FM a annonc\u00e9, dans la soir\u00e9e de ce jeudi 18 mai 2023, avoir re\u00e7u une convocation pour \u00eatre entendu par la brigade criminelle d'El-Gorjani.","og_url":"https:\/\/kapitalis.com\/tunisie\/2023\/05\/18\/haythem-el-mekki-convoque-par-la-brigade-criminelle-del-gorjani\/","og_site_name":"Kapitalis","article_publisher":"https:\/\/www.facebook.com\/KapitalisInfo\/","article_published_time":"2023-05-18T19:21:56+00:00","article_modified_time":"2023-05-19T07:57:39+00:00","og_image":[{"width":1200,"height":630,"url":"https:\/\/kapitalis.com\/tunisie\/wp-content\/uploads\/2023\/05\/Haythem-El-Mekki.jpg","type":"image\/jpeg"}],"author":"Yusra NY","twitter_card":"summary_large_image","twitter_creator":"@KapitalisInfo","twitter_site":"@KapitalisInfo","twitter_misc":{"\u00c9crit par":"Yusra NY","Dur\u00e9e de lecture estim\u00e9e":"2 minutes"},"schema":{"@context":"https:\/\/schema.org","@graph":[{"@type":"Article","@id":"https:\/\/kapitalis.com\/tunisie\/2023\/05\/18\/haythem-el-mekki-convoque-par-la-brigade-criminelle-del-gorjani\/#article","isPartOf":{"@id":"https:\/\/kapitalis.com\/tunisie\/2023\/05\/18\/haythem-el-mekki-convoque-par-la-brigade-criminelle-del-gorjani\/"},"author":{"name":"Yusra NY","@id":"https:\/\/kapitalis.com\/tunisie\/#\/schema\/person\/74bbde0154d49d790a92aaeac5bc01d5"},"headline":"Haythem El Mekki convoqu\u00e9 par la brigade criminelle d&rsquo;El-Gorjani","datePublished":"2023-05-18T19:21:56+00:00","dateModified":"2023-05-19T07:57:39+00:00","mainEntityOfPage":{"@id":"https:\/\/kapitalis.com\/tunisie\/2023\/05\/18\/haythem-el-mekki-convoque-par-la-brigade-criminelle-del-gorjani\/"},"wordCount":256,"commentCount":1,"publisher":{"@id":"https:\/\/kapitalis.com\/tunisie\/#organization"},"image":{"@id":"https:\/\/kapitalis.com\/tunisie\/2023\/05\/18\/haythem-el-mekki-convoque-par-la-brigade-criminelle-del-gorjani\/#primaryimage"},"thumbnailUrl":"https:\/\/kapitalis.com\/tunisie\/wp-content\/uploads\/2023\/05\/Haythem-El-Mekki.jpg","keywords":["convocation","El-Gorjani","Haythem El Mekki","Mosa\u00efque FM","plainte","syndicat s\u00e9curitaire","Tunisie"],"articleSection":["MEDIA","SOCIETE","Tunisie"],"inLanguage":"fr-FR","potentialAction":[{"@type":"CommentAction","name":"Comment","target":["https:\/\/kapitalis.com\/tunisie\/2023\/05\/18\/haythem-el-mekki-convoque-par-la-brigade-criminelle-del-gorjani\/#respond"]}]},{"@type":"WebPage","@id":"https:\/\/kapitalis.com\/tunisie\/2023\/05\/18\/haythem-el-mekki-convoque-par-la-brigade-criminelle-del-gorjani\/","url":"https:\/\/kapitalis.com\/tunisie\/2023\/05\/18\/haythem-el-mekki-convoque-par-la-brigade-criminelle-del-gorjani\/","name":"Haythem El Mekki convoqu\u00e9 par la brigade criminelle d'El-Gorjani - Kapitalis","isPartOf":{"@id":"https:\/\/kapitalis.com\/tunisie\/#website"},"primaryImageOfPage":{"@id":"https:\/\/kapitalis.com\/tunisie\/2023\/05\/18\/haythem-el-mekki-convoque-par-la-brigade-criminelle-del-gorjani\/#primaryimage"},"image":{"@id":"https:\/\/kapitalis.com\/tunisie\/2023\/05\/18\/haythem-el-mekki-convoque-par-la-brigade-criminelle-del-gorjani\/#primaryimage"},"thumbnailUrl":"https:\/\/kapitalis.com\/tunisie\/wp-content\/uploads\/2023\/05\/Haythem-El-Mekki.jpg","datePublished":"2023-05-18T19:21:56+00:00","dateModified":"2023-05-19T07:57:39+00:00","description":"Haythem El Mekki chroniqueur \u00e0 la radio Mosa\u00efque FM a annonc\u00e9, dans la soir\u00e9e de ce jeudi 18 mai 2023, avoir re\u00e7u une convocation pour \u00eatre entendu par la brigade criminelle d'El-Gorjani.","breadcrumb":{"@id":"https:\/\/kapitalis.com\/tunisie\/2023\/05\/18\/haythem-el-mekki-convoque-par-la-brigade-criminelle-del-gorjani\/#breadcrumb"},"inLanguage":"fr-FR","potentialAction":[{"@type":"ReadAction","target":["https:\/\/kapitalis.com\/tunisie\/2023\/05\/18\/haythem-el-mekki-convoque-par-la-brigade-criminelle-del-gorjani\/"]}]},{"@type":"ImageObject","inLanguage":"fr-FR","@id":"https:\/\/kapitalis.com\/tunisie\/2023\/05\/18\/haythem-el-mekki-convoque-par-la-brigade-criminelle-del-gorjani\/#primaryimage","url":"https:\/\/kapitalis.com\/tunisie\/wp-content\/uploads\/2023\/05\/Haythem-El-Mekki.jpg","contentUrl":"https:\/\/kapitalis.com\/tunisie\/wp-content\/uploads\/2023\/05\/Haythem-El-Mekki.jpg","width":1200,"height":630},{"@type":"BreadcrumbList","@id":"https:\/\/kapitalis.com\/tunisie\/2023\/05\/18\/haythem-el-mekki-convoque-par-la-brigade-criminelle-del-gorjani\/#breadcrumb","itemListElement":[{"@type":"ListItem","position":1,"name":"Accueil","item":"https:\/\/kapitalis.com\/tunisie\/"},{"@type":"ListItem","position":2,"name":"Haythem El Mekki convoqu\u00e9 par la brigade criminelle d&rsquo;El-Gorjani"}]},{"@type":"WebSite","@id":"https:\/\/kapitalis.com\/tunisie\/#website","url":"https:\/\/kapitalis.com\/tunisie\/","name":"Kapitalis","description":"L&#039;actualit\u00e9 en Tunisie et dans le monde","publisher":{"@id":"https:\/\/kapitalis.com\/tunisie\/#organization"},"potentialAction":[{"@type":"SearchAction","target":{"@type":"EntryPoint","urlTemplate":"https:\/\/kapitalis.com\/tunisie\/?s={search_term_string}"},"query-input":{"@type":"PropertyValueSpecification","valueRequired":true,"valueName":"search_term_string"}}],"inLanguage":"fr-FR"},{"@type":"Organization","@id":"https:\/\/kapitalis.com\/tunisie\/#organization","name":"Kapitalis","url":"https:\/\/kapitalis.com\/tunisie\/","logo":{"@type":"ImageObject","inLanguage":"fr-FR","@id":"https:\/\/kapitalis.com\/tunisie\/#\/schema\/logo\/image\/","url":"https:\/\/kapitalis.com\/tunisie\/wp-content\/uploads\/2022\/05\/Kapitalis-big-size.png","contentUrl":"https:\/\/kapitalis.com\/tunisie\/wp-content\/uploads\/2022\/05\/Kapitalis-big-size.png","width":5000,"height":1500,"caption":"Kapitalis"},"image":{"@id":"https:\/\/kapitalis.com\/tunisie\/#\/schema\/logo\/image\/"},"sameAs":["https:\/\/www.facebook.com\/KapitalisInfo\/","https:\/\/x.com\/KapitalisInfo","https:\/\/www.youtube.com\/channel\/UC-yDYrHyfFBWWZaOw3FPg9Q"]},{"@type":"Person","@id":"https:\/\/kapitalis.com\/tunisie\/#\/schema\/person\/74bbde0154d49d790a92aaeac5bc01d5","name":"Yusra NY","url":"https:\/\/kapitalis.com\/tunisie\/author\/yuza_adam\/"}]}},"_links":{"self":[{"href":"https:\/\/kapitalis.com\/tunisie\/wp-json\/wp\/v2\/posts\/7975777","targetHints":{"allow":["GET"]}}],"collection":[{"href":"https:\/\/kapitalis.com\/tunisie\/wp-json\/wp\/v2\/posts"}],"about":[{"href":"https:\/\/kapitalis.com\/tunisie\/wp-json\/wp\/v2\/types\/post"}],"author":[{"embeddable":true,"href":"https:\/\/kapitalis.com\/tunisie\/wp-json\/wp\/v2\/users\/6"}],"replies":[{"embeddable":true,"href":"https:\/\/kapitalis.com\/tunisie\/wp-json\/wp\/v2\/comments?post=7975777"}],"version-history":[{"count":4,"href":"https:\/\/kapitalis.com\/tunisie\/wp-json\/wp\/v2\/posts\/7975777\/revisions"}],"predecessor-version":[{"id":7978690,"href":"https:\/\/kapitalis.com\/tunisie\/wp-json\/wp\/v2\/posts\/7975777\/revisions\/7978690"}],"wp:featuredmedia":[{"embeddable":true,"href":"https:\/\/kapitalis.com\/tunisie\/wp-json\/wp\/v2\/media\/7975800"}],"wp:attachment":[{"href":"https:\/\/kapitalis.com\/tunisie\/wp-json\/wp\/v2\/media?parent=7975777"}],"wp:term":[{"taxonomy":"category","embeddable":true,"href":"https:\/\/kapitalis.com\/tunisie\/wp-json\/wp\/v2\/categories?post=7975777"},{"taxonomy":"post_tag","embeddable":true,"href":"https:\/\/kapitalis.com\/tunisie\/wp-json\/wp\/v2\/tags?post=7975777"}],"curies":[{"name":"wp","href":"https:\/\/api.w.org\/{rel}","templated":true}]}}