{"id":7980147,"date":"2023-05-19T12:46:25","date_gmt":"2023-05-19T11:46:25","guid":{"rendered":"https:\/\/kapitalis.com\/tunisie\/?p=7980147"},"modified":"2023-05-19T12:46:26","modified_gmt":"2023-05-19T11:46:26","slug":"premiere-rencontre-kais-saied-bachar-assad-a-djeddah","status":"publish","type":"post","link":"https:\/\/kapitalis.com\/tunisie\/2023\/05\/19\/premiere-rencontre-kais-saied-bachar-assad-a-djeddah\/","title":{"rendered":"Premi\u00e8re rencontre Ka\u00efs Sa\u00efed &#8211; Bachar Assad \u00e0 Djeddah \u00a0"},"content":{"rendered":"\n<p><strong><em>Le pr\u00e9sident de la r\u00e9publique Ka\u00efs Sa\u00efed s\u2019est entretenu vendredi 19 mai 2023, \u00e0 son lieu de r\u00e9sidence \u00e0 Djeddah, avec son homologue syrien Bachar Assad, en marge du 32<sup>e<\/sup> sommet de la Ligue arabe.<\/em><\/strong><\/p>\n\n\n\n<!--more-->\n\n\n\n<p>Sa\u00efed a qualifi\u00e9 d\u2019historique cette rencontre qui, a-t-il soulign\u00e9, refl\u00e8te la solidit\u00e9 des relations de fraternit\u00e9 \u00e9tablies entre les deux pays. <em>\u00abCeux qui avaient pr\u00e9tendu \u00eatre amis de la Syrie n\u2019ont fait qu\u2019accro\u00eetre la souffrance de son peuple durant de longues ann\u00e9es\u00bb<\/em>, a ajout\u00e9 le pr\u00e9sident tunisien, ironisant sur la Conf\u00e9rence internationale des amis de la Syrie, tenue \u00e0 Tunis, le 24 f\u00e9vrier 2012, sous l\u2019\u00e9gide des Etats-Unis, pour examiner les moyens d\u2019acc\u00e9l\u00e9rer la chute du r\u00e9gime de Bachar Al-Assad.<\/p>\n\n\n\n<p>Sa\u00efed s\u2019est f\u00e9licit\u00e9 du retour de la Syrie dans la Ligue arabe, mettant l\u2019accent sur la n\u00e9cessit\u00e9 pour ce pays fr\u00e8re de se redresser et de pr\u00e9server son unit\u00e9 et sa stabilit\u00e9 et pour son peuple de d\u00e9cider seul de son sort loin des ing\u00e9rences \u00e9trang\u00e8res. Il a aussi exprim\u00e9 le v\u0153u\u00a0de voir la Syrie retrouver sa place comme \u00e9tant un haut lieu de rayonnement des sciences et de la culture et d\u2019assumer le r\u00f4le qui est le sien au niveau r\u00e9gional et international.<\/p>\n\n\n\n<p>L\u2019entretien a \u00e9t\u00e9 l\u2019occasion de passer en revue les liens forts et historiques entre les deux pays et de mettre en avant le besoin de les \u00e9largir aux domaines prometteurs sur la base de visions innovantes.<\/p>\n\n\n\n<p>Les deux pr\u00e9sidents sont convenus d\u2019intensifier les opportunit\u00e9s de rencontre, de concertation et de coordination \u00e0 diff\u00e9rents niveaux.<\/p>\n\n\n\n<p>La rencontre entre le pr\u00e9sident Ka\u00efs Sa\u00efed et son homologue syrien a permis, \u00e9galement, d\u2019\u00e9changer les vues sur les questions r\u00e9gionales et internationales d\u2019int\u00e9r\u00eat commun et d\u2019aborder les th\u00e8mes inscrits \u00e0 l\u2019ordre du jour Sommet arabe.<\/p>\n\n\n\n<figure class=\"wp-block-embed is-type-wp-embed is-provider-kapitalis wp-block-embed-kapitalis\"><div class=\"wp-block-embed__wrapper\">\n<blockquote class=\"wp-embedded-content\" data-secret=\"8tnGNSngtn\"><a href=\"https:\/\/kapitalis.com\/tunisie\/2023\/05\/19\/la-tunisie-perdue-dans-un-monde-arabe-qui-se-cherche\/\">La Tunisie perdue dans un monde arabe qui se cherche<\/a><\/blockquote><iframe loading=\"lazy\" class=\"wp-embedded-content\" sandbox=\"allow-scripts\" security=\"restricted\" style=\"position: absolute; clip: rect(1px, 1px, 1px, 1px);\" title=\"\u00ab\u00a0La Tunisie perdue dans un monde arabe qui se cherche\u00a0\u00bb &#8212; Kapitalis\" src=\"https:\/\/kapitalis.com\/tunisie\/2023\/05\/19\/la-tunisie-perdue-dans-un-monde-arabe-qui-se-cherche\/embed\/#?secret=lTBOBXDgjT#?secret=8tnGNSngtn\" data-secret=\"8tnGNSngtn\" width=\"600\" height=\"338\" frameborder=\"0\" marginwidth=\"0\" marginheight=\"0\" scrolling=\"no\"><\/iframe>\n<\/div><\/figure>\n\n\n\n<p><br><\/p>\n","protected":false},"excerpt":{"rendered":"<p>Ka\u00efs Sa\u00efed s\u2019est f\u00e9licit\u00e9 du retour de la Syrie dans la Ligue arabe. <\/p>\n","protected":false},"author":8,"featured_media":7980185,"comment_status":"open","ping_status":"open","sticky":false,"template":"","format":"standard","meta":{"footnotes":""},"categories":[997,2433],"tags":[2638,80567,10300,76012,4988,873,62643],"class_list":["post-7980147","post","type-post","status-publish","format-standard","has-post-thumbnail","hentry","category-politique","category-tunisie","tag-arabie-saoudite","tag-bachar-assad","tag-djeddah","tag-kais-saied-2","tag-ligue-arabe","tag-syrie","tag-tunisie"],"yoast_head":"<!-- This site is optimized with the Yoast SEO plugin v26.6 - https:\/\/yoast.com\/wordpress\/plugins\/seo\/ -->\n<title>Premi\u00e8re rencontre Ka\u00efs Sa\u00efed - Bachar Assad \u00e0 Djeddah \u00a0 - Kapitalis<\/title>\n<meta name=\"robots\" content=\"index, follow, max-snippet:-1, max-image-preview:large, max-video-preview:-1\" \/>\n<link rel=\"canonical\" href=\"https:\/\/kapitalis.com\/tunisie\/2023\/05\/19\/premiere-rencontre-kais-saied-bachar-assad-a-djeddah\/\" \/>\n<meta property=\"og:locale\" content=\"fr_FR\" \/>\n<meta property=\"og:type\" content=\"article\" \/>\n<meta property=\"og:title\" content=\"Premi\u00e8re rencontre Ka\u00efs Sa\u00efed - Bachar Assad \u00e0 Djeddah \u00a0 - Kapitalis\" \/>\n<meta property=\"og:description\" content=\"Ka\u00efs Sa\u00efed s\u2019est f\u00e9licit\u00e9 du retour de la Syrie dans la Ligue arabe.\" \/>\n<meta property=\"og:url\" content=\"https:\/\/kapitalis.com\/tunisie\/2023\/05\/19\/premiere-rencontre-kais-saied-bachar-assad-a-djeddah\/\" \/>\n<meta property=\"og:site_name\" content=\"Kapitalis\" \/>\n<meta property=\"article:publisher\" content=\"https:\/\/www.facebook.com\/KapitalisInfo\/\" \/>\n<meta property=\"article:published_time\" content=\"2023-05-19T11:46:25+00:00\" \/>\n<meta property=\"article:modified_time\" content=\"2023-05-19T11:46:26+00:00\" \/>\n<meta property=\"og:image\" content=\"https:\/\/kapitalis.com\/tunisie\/wp-content\/uploads\/2023\/05\/Kais-Saied-Bachar-Assad.jpg\" \/>\n\t<meta property=\"og:image:width\" content=\"1200\" \/>\n\t<meta property=\"og:image:height\" content=\"630\" \/>\n\t<meta property=\"og:image:type\" content=\"image\/jpeg\" \/>\n<meta name=\"author\" content=\"webmaster kapitalis\" \/>\n<meta name=\"twitter:card\" content=\"summary_large_image\" \/>\n<meta name=\"twitter:creator\" content=\"@KapitalisInfo\" \/>\n<meta name=\"twitter:site\" content=\"@KapitalisInfo\" \/>\n<meta name=\"twitter:label1\" content=\"\u00c9crit par\" \/>\n\t<meta name=\"twitter:data1\" content=\"webmaster kapitalis\" \/>\n\t<meta name=\"twitter:label2\" content=\"Dur\u00e9e de lecture estim\u00e9e\" \/>\n\t<meta name=\"twitter:data2\" content=\"2 minutes\" \/>\n<script type=\"application\/ld+json\" class=\"yoast-schema-graph\">{\"@context\":\"https:\/\/schema.org\",\"@graph\":[{\"@type\":\"Article\",\"@id\":\"https:\/\/kapitalis.com\/tunisie\/2023\/05\/19\/premiere-rencontre-kais-saied-bachar-assad-a-djeddah\/#article\",\"isPartOf\":{\"@id\":\"https:\/\/kapitalis.com\/tunisie\/2023\/05\/19\/premiere-rencontre-kais-saied-bachar-assad-a-djeddah\/\"},\"author\":{\"name\":\"webmaster kapitalis\",\"@id\":\"https:\/\/kapitalis.com\/tunisie\/#\/schema\/person\/d71f33a9ca44f7bad4698210b480c8e9\"},\"headline\":\"Premi\u00e8re rencontre Ka\u00efs Sa\u00efed &#8211; Bachar Assad \u00e0 Djeddah \u00a0\",\"datePublished\":\"2023-05-19T11:46:25+00:00\",\"dateModified\":\"2023-05-19T11:46:26+00:00\",\"mainEntityOfPage\":{\"@id\":\"https:\/\/kapitalis.com\/tunisie\/2023\/05\/19\/premiere-rencontre-kais-saied-bachar-assad-a-djeddah\/\"},\"wordCount\":350,\"commentCount\":7,\"publisher\":{\"@id\":\"https:\/\/kapitalis.com\/tunisie\/#organization\"},\"image\":{\"@id\":\"https:\/\/kapitalis.com\/tunisie\/2023\/05\/19\/premiere-rencontre-kais-saied-bachar-assad-a-djeddah\/#primaryimage\"},\"thumbnailUrl\":\"https:\/\/kapitalis.com\/tunisie\/wp-content\/uploads\/2023\/05\/Kais-Saied-Bachar-Assad.jpg\",\"keywords\":[\"Arabie saoudite\",\"Bachar Assad\",\"Djeddah\",\"Ka\u00efs Sa\u00efed\",\"ligue arabe\",\"Syrie\",\"Tunisie\"],\"articleSection\":[\"POLITIQUE\",\"Tunisie\"],\"inLanguage\":\"fr-FR\",\"potentialAction\":[{\"@type\":\"CommentAction\",\"name\":\"Comment\",\"target\":[\"https:\/\/kapitalis.com\/tunisie\/2023\/05\/19\/premiere-rencontre-kais-saied-bachar-assad-a-djeddah\/#respond\"]}]},{\"@type\":\"WebPage\",\"@id\":\"https:\/\/kapitalis.com\/tunisie\/2023\/05\/19\/premiere-rencontre-kais-saied-bachar-assad-a-djeddah\/\",\"url\":\"https:\/\/kapitalis.com\/tunisie\/2023\/05\/19\/premiere-rencontre-kais-saied-bachar-assad-a-djeddah\/\",\"name\":\"Premi\u00e8re rencontre Ka\u00efs Sa\u00efed - Bachar Assad \u00e0 Djeddah \u00a0 - Kapitalis\",\"isPartOf\":{\"@id\":\"https:\/\/kapitalis.com\/tunisie\/#website\"},\"primaryImageOfPage\":{\"@id\":\"https:\/\/kapitalis.com\/tunisie\/2023\/05\/19\/premiere-rencontre-kais-saied-bachar-assad-a-djeddah\/#primaryimage\"},\"image\":{\"@id\":\"https:\/\/kapitalis.com\/tunisie\/2023\/05\/19\/premiere-rencontre-kais-saied-bachar-assad-a-djeddah\/#primaryimage\"},\"thumbnailUrl\":\"https:\/\/kapitalis.com\/tunisie\/wp-content\/uploads\/2023\/05\/Kais-Saied-Bachar-Assad.jpg\",\"datePublished\":\"2023-05-19T11:46:25+00:00\",\"dateModified\":\"2023-05-19T11:46:26+00:00\",\"breadcrumb\":{\"@id\":\"https:\/\/kapitalis.com\/tunisie\/2023\/05\/19\/premiere-rencontre-kais-saied-bachar-assad-a-djeddah\/#breadcrumb\"},\"inLanguage\":\"fr-FR\",\"potentialAction\":[{\"@type\":\"ReadAction\",\"target\":[\"https:\/\/kapitalis.com\/tunisie\/2023\/05\/19\/premiere-rencontre-kais-saied-bachar-assad-a-djeddah\/\"]}]},{\"@type\":\"ImageObject\",\"inLanguage\":\"fr-FR\",\"@id\":\"https:\/\/kapitalis.com\/tunisie\/2023\/05\/19\/premiere-rencontre-kais-saied-bachar-assad-a-djeddah\/#primaryimage\",\"url\":\"https:\/\/kapitalis.com\/tunisie\/wp-content\/uploads\/2023\/05\/Kais-Saied-Bachar-Assad.jpg\",\"contentUrl\":\"https:\/\/kapitalis.com\/tunisie\/wp-content\/uploads\/2023\/05\/Kais-Saied-Bachar-Assad.jpg\",\"width\":1200,\"height\":630},{\"@type\":\"BreadcrumbList\",\"@id\":\"https:\/\/kapitalis.com\/tunisie\/2023\/05\/19\/premiere-rencontre-kais-saied-bachar-assad-a-djeddah\/#breadcrumb\",\"itemListElement\":[{\"@type\":\"ListItem\",\"position\":1,\"name\":\"Accueil\",\"item\":\"https:\/\/kapitalis.com\/tunisie\/\"},{\"@type\":\"ListItem\",\"position\":2,\"name\":\"Premi\u00e8re rencontre Ka\u00efs Sa\u00efed &#8211; Bachar Assad \u00e0 Djeddah \u00a0\"}]},{\"@type\":\"WebSite\",\"@id\":\"https:\/\/kapitalis.com\/tunisie\/#website\",\"url\":\"https:\/\/kapitalis.com\/tunisie\/\",\"name\":\"Kapitalis\",\"description\":\"L&#039;actualit\u00e9 en Tunisie et dans le monde\",\"publisher\":{\"@id\":\"https:\/\/kapitalis.com\/tunisie\/#organization\"},\"potentialAction\":[{\"@type\":\"SearchAction\",\"target\":{\"@type\":\"EntryPoint\",\"urlTemplate\":\"https:\/\/kapitalis.com\/tunisie\/?s={search_term_string}\"},\"query-input\":{\"@type\":\"PropertyValueSpecification\",\"valueRequired\":true,\"valueName\":\"search_term_string\"}}],\"inLanguage\":\"fr-FR\"},{\"@type\":\"Organization\",\"@id\":\"https:\/\/kapitalis.com\/tunisie\/#organization\",\"name\":\"Kapitalis\",\"url\":\"https:\/\/kapitalis.com\/tunisie\/\",\"logo\":{\"@type\":\"ImageObject\",\"inLanguage\":\"fr-FR\",\"@id\":\"https:\/\/kapitalis.com\/tunisie\/#\/schema\/logo\/image\/\",\"url\":\"https:\/\/kapitalis.com\/tunisie\/wp-content\/uploads\/2022\/05\/Kapitalis-big-size.png\",\"contentUrl\":\"https:\/\/kapitalis.com\/tunisie\/wp-content\/uploads\/2022\/05\/Kapitalis-big-size.png\",\"width\":5000,\"height\":1500,\"caption\":\"Kapitalis\"},\"image\":{\"@id\":\"https:\/\/kapitalis.com\/tunisie\/#\/schema\/logo\/image\/\"},\"sameAs\":[\"https:\/\/www.facebook.com\/KapitalisInfo\/\",\"https:\/\/x.com\/KapitalisInfo\",\"https:\/\/www.youtube.com\/channel\/UC-yDYrHyfFBWWZaOw3FPg9Q\"]},{\"@type\":\"Person\",\"@id\":\"https:\/\/kapitalis.com\/tunisie\/#\/schema\/person\/d71f33a9ca44f7bad4698210b480c8e9\",\"name\":\"webmaster kapitalis\",\"url\":\"https:\/\/kapitalis.com\/tunisie\/author\/webmaster-kapitalis\/\"}]}<\/script>\n<!-- \/ Yoast SEO plugin. -->","yoast_head_json":{"title":"Premi\u00e8re rencontre Ka\u00efs Sa\u00efed - Bachar Assad \u00e0 Djeddah \u00a0 - Kapitalis","robots":{"index":"index","follow":"follow","max-snippet":"max-snippet:-1","max-image-preview":"max-image-preview:large","max-video-preview":"max-video-preview:-1"},"canonical":"https:\/\/kapitalis.com\/tunisie\/2023\/05\/19\/premiere-rencontre-kais-saied-bachar-assad-a-djeddah\/","og_locale":"fr_FR","og_type":"article","og_title":"Premi\u00e8re rencontre Ka\u00efs Sa\u00efed - Bachar Assad \u00e0 Djeddah \u00a0 - Kapitalis","og_description":"Ka\u00efs Sa\u00efed s\u2019est f\u00e9licit\u00e9 du retour de la Syrie dans la Ligue arabe.","og_url":"https:\/\/kapitalis.com\/tunisie\/2023\/05\/19\/premiere-rencontre-kais-saied-bachar-assad-a-djeddah\/","og_site_name":"Kapitalis","article_publisher":"https:\/\/www.facebook.com\/KapitalisInfo\/","article_published_time":"2023-05-19T11:46:25+00:00","article_modified_time":"2023-05-19T11:46:26+00:00","og_image":[{"width":1200,"height":630,"url":"https:\/\/kapitalis.com\/tunisie\/wp-content\/uploads\/2023\/05\/Kais-Saied-Bachar-Assad.jpg","type":"image\/jpeg"}],"author":"webmaster kapitalis","twitter_card":"summary_large_image","twitter_creator":"@KapitalisInfo","twitter_site":"@KapitalisInfo","twitter_misc":{"\u00c9crit par":"webmaster kapitalis","Dur\u00e9e de lecture estim\u00e9e":"2 minutes"},"schema":{"@context":"https:\/\/schema.org","@graph":[{"@type":"Article","@id":"https:\/\/kapitalis.com\/tunisie\/2023\/05\/19\/premiere-rencontre-kais-saied-bachar-assad-a-djeddah\/#article","isPartOf":{"@id":"https:\/\/kapitalis.com\/tunisie\/2023\/05\/19\/premiere-rencontre-kais-saied-bachar-assad-a-djeddah\/"},"author":{"name":"webmaster kapitalis","@id":"https:\/\/kapitalis.com\/tunisie\/#\/schema\/person\/d71f33a9ca44f7bad4698210b480c8e9"},"headline":"Premi\u00e8re rencontre Ka\u00efs Sa\u00efed &#8211; Bachar Assad \u00e0 Djeddah \u00a0","datePublished":"2023-05-19T11:46:25+00:00","dateModified":"2023-05-19T11:46:26+00:00","mainEntityOfPage":{"@id":"https:\/\/kapitalis.com\/tunisie\/2023\/05\/19\/premiere-rencontre-kais-saied-bachar-assad-a-djeddah\/"},"wordCount":350,"commentCount":7,"publisher":{"@id":"https:\/\/kapitalis.com\/tunisie\/#organization"},"image":{"@id":"https:\/\/kapitalis.com\/tunisie\/2023\/05\/19\/premiere-rencontre-kais-saied-bachar-assad-a-djeddah\/#primaryimage"},"thumbnailUrl":"https:\/\/kapitalis.com\/tunisie\/wp-content\/uploads\/2023\/05\/Kais-Saied-Bachar-Assad.jpg","keywords":["Arabie saoudite","Bachar Assad","Djeddah","Ka\u00efs Sa\u00efed","ligue arabe","Syrie","Tunisie"],"articleSection":["POLITIQUE","Tunisie"],"inLanguage":"fr-FR","potentialAction":[{"@type":"CommentAction","name":"Comment","target":["https:\/\/kapitalis.com\/tunisie\/2023\/05\/19\/premiere-rencontre-kais-saied-bachar-assad-a-djeddah\/#respond"]}]},{"@type":"WebPage","@id":"https:\/\/kapitalis.com\/tunisie\/2023\/05\/19\/premiere-rencontre-kais-saied-bachar-assad-a-djeddah\/","url":"https:\/\/kapitalis.com\/tunisie\/2023\/05\/19\/premiere-rencontre-kais-saied-bachar-assad-a-djeddah\/","name":"Premi\u00e8re rencontre Ka\u00efs Sa\u00efed - Bachar Assad \u00e0 Djeddah \u00a0 - Kapitalis","isPartOf":{"@id":"https:\/\/kapitalis.com\/tunisie\/#website"},"primaryImageOfPage":{"@id":"https:\/\/kapitalis.com\/tunisie\/2023\/05\/19\/premiere-rencontre-kais-saied-bachar-assad-a-djeddah\/#primaryimage"},"image":{"@id":"https:\/\/kapitalis.com\/tunisie\/2023\/05\/19\/premiere-rencontre-kais-saied-bachar-assad-a-djeddah\/#primaryimage"},"thumbnailUrl":"https:\/\/kapitalis.com\/tunisie\/wp-content\/uploads\/2023\/05\/Kais-Saied-Bachar-Assad.jpg","datePublished":"2023-05-19T11:46:25+00:00","dateModified":"2023-05-19T11:46:26+00:00","breadcrumb":{"@id":"https:\/\/kapitalis.com\/tunisie\/2023\/05\/19\/premiere-rencontre-kais-saied-bachar-assad-a-djeddah\/#breadcrumb"},"inLanguage":"fr-FR","potentialAction":[{"@type":"ReadAction","target":["https:\/\/kapitalis.com\/tunisie\/2023\/05\/19\/premiere-rencontre-kais-saied-bachar-assad-a-djeddah\/"]}]},{"@type":"ImageObject","inLanguage":"fr-FR","@id":"https:\/\/kapitalis.com\/tunisie\/2023\/05\/19\/premiere-rencontre-kais-saied-bachar-assad-a-djeddah\/#primaryimage","url":"https:\/\/kapitalis.com\/tunisie\/wp-content\/uploads\/2023\/05\/Kais-Saied-Bachar-Assad.jpg","contentUrl":"https:\/\/kapitalis.com\/tunisie\/wp-content\/uploads\/2023\/05\/Kais-Saied-Bachar-Assad.jpg","width":1200,"height":630},{"@type":"BreadcrumbList","@id":"https:\/\/kapitalis.com\/tunisie\/2023\/05\/19\/premiere-rencontre-kais-saied-bachar-assad-a-djeddah\/#breadcrumb","itemListElement":[{"@type":"ListItem","position":1,"name":"Accueil","item":"https:\/\/kapitalis.com\/tunisie\/"},{"@type":"ListItem","position":2,"name":"Premi\u00e8re rencontre Ka\u00efs Sa\u00efed &#8211; Bachar Assad \u00e0 Djeddah \u00a0"}]},{"@type":"WebSite","@id":"https:\/\/kapitalis.com\/tunisie\/#website","url":"https:\/\/kapitalis.com\/tunisie\/","name":"Kapitalis","description":"L&#039;actualit\u00e9 en Tunisie et dans le monde","publisher":{"@id":"https:\/\/kapitalis.com\/tunisie\/#organization"},"potentialAction":[{"@type":"SearchAction","target":{"@type":"EntryPoint","urlTemplate":"https:\/\/kapitalis.com\/tunisie\/?s={search_term_string}"},"query-input":{"@type":"PropertyValueSpecification","valueRequired":true,"valueName":"search_term_string"}}],"inLanguage":"fr-FR"},{"@type":"Organization","@id":"https:\/\/kapitalis.com\/tunisie\/#organization","name":"Kapitalis","url":"https:\/\/kapitalis.com\/tunisie\/","logo":{"@type":"ImageObject","inLanguage":"fr-FR","@id":"https:\/\/kapitalis.com\/tunisie\/#\/schema\/logo\/image\/","url":"https:\/\/kapitalis.com\/tunisie\/wp-content\/uploads\/2022\/05\/Kapitalis-big-size.png","contentUrl":"https:\/\/kapitalis.com\/tunisie\/wp-content\/uploads\/2022\/05\/Kapitalis-big-size.png","width":5000,"height":1500,"caption":"Kapitalis"},"image":{"@id":"https:\/\/kapitalis.com\/tunisie\/#\/schema\/logo\/image\/"},"sameAs":["https:\/\/www.facebook.com\/KapitalisInfo\/","https:\/\/x.com\/KapitalisInfo","https:\/\/www.youtube.com\/channel\/UC-yDYrHyfFBWWZaOw3FPg9Q"]},{"@type":"Person","@id":"https:\/\/kapitalis.com\/tunisie\/#\/schema\/person\/d71f33a9ca44f7bad4698210b480c8e9","name":"webmaster kapitalis","url":"https:\/\/kapitalis.com\/tunisie\/author\/webmaster-kapitalis\/"}]}},"_links":{"self":[{"href":"https:\/\/kapitalis.com\/tunisie\/wp-json\/wp\/v2\/posts\/7980147","targetHints":{"allow":["GET"]}}],"collection":[{"href":"https:\/\/kapitalis.com\/tunisie\/wp-json\/wp\/v2\/posts"}],"about":[{"href":"https:\/\/kapitalis.com\/tunisie\/wp-json\/wp\/v2\/types\/post"}],"author":[{"embeddable":true,"href":"https:\/\/kapitalis.com\/tunisie\/wp-json\/wp\/v2\/users\/8"}],"replies":[{"embeddable":true,"href":"https:\/\/kapitalis.com\/tunisie\/wp-json\/wp\/v2\/comments?post=7980147"}],"version-history":[{"count":1,"href":"https:\/\/kapitalis.com\/tunisie\/wp-json\/wp\/v2\/posts\/7980147\/revisions"}],"predecessor-version":[{"id":7980197,"href":"https:\/\/kapitalis.com\/tunisie\/wp-json\/wp\/v2\/posts\/7980147\/revisions\/7980197"}],"wp:featuredmedia":[{"embeddable":true,"href":"https:\/\/kapitalis.com\/tunisie\/wp-json\/wp\/v2\/media\/7980185"}],"wp:attachment":[{"href":"https:\/\/kapitalis.com\/tunisie\/wp-json\/wp\/v2\/media?parent=7980147"}],"wp:term":[{"taxonomy":"category","embeddable":true,"href":"https:\/\/kapitalis.com\/tunisie\/wp-json\/wp\/v2\/categories?post=7980147"},{"taxonomy":"post_tag","embeddable":true,"href":"https:\/\/kapitalis.com\/tunisie\/wp-json\/wp\/v2\/tags?post=7980147"}],"curies":[{"name":"wp","href":"https:\/\/api.w.org\/{rel}","templated":true}]}}