{"id":79857,"date":"2017-01-20T17:42:33","date_gmt":"2017-01-20T16:42:33","guid":{"rendered":"http:\/\/kapitalis.com\/tunisie\/?p=79857"},"modified":"2017-01-20T17:42:33","modified_gmt":"2017-01-20T16:42:33","slug":"omar-leleve-qui-vend-des-sachets-au-marche-de-jendouba","status":"publish","type":"post","link":"https:\/\/kapitalis.com\/tunisie\/2017\/01\/20\/omar-leleve-qui-vend-des-sachets-au-marche-de-jendouba\/","title":{"rendered":"Omar, l&rsquo;\u00e9l\u00e8ve qui vend des sachets au march\u00e9 de Jendouba"},"content":{"rendered":"<p style=\"text-align: center;\"><img loading=\"lazy\" decoding=\"async\" class=\"alignnone size-full wp-image-79860\" src=\"http:\/\/kapitalis.com\/tunisie\/wp-content\/uploads\/2017\/01\/Jendouba-Omar-eleve-vend-sachet-souk.jpg\" alt=\"\" width=\"626\" height=\"380\" \/><\/p>\n<p><em><strong>La protection de l\u2019enfance a \u00e9t\u00e9 alert\u00e9e sur le cas d\u2019Omar, un \u00e9l\u00e8ve de 7 ans, qui fait 20km par jour pour aller vendre des sachets au march\u00e9 de Jendouba.<\/strong><\/em><\/p>\n<p><!--more--><\/p>\n<p>Hatem Hwaoui, enseignant de son \u00e9tat et activiste de la soci\u00e9t\u00e9 civile, a donn\u00e9 l\u2019alerte apr\u00e8s avoir rencontr\u00e9 Omar au march\u00e9 municipal de Jendouba.<\/p>\n<p>Selon l\u2019enseignant,\u00a0cet\u00a0\u00e9l\u00e8ve inscrit en 2e ann\u00e9e \u00e0 l\u2019\u00e9cole primaire Echafa\u00efi, habite \u00e0 10 km de Jendouba. Aussi soup\u00e7onne-t-il l&rsquo;existence\u00a0d\u2019un r\u00e9seau qui fait travailler\u00a0des enfants et se charge de leur transport.<\/p>\n<p>\u00ab<em>J\u2019ai trouv\u00e9 Omar, les pieds tremp\u00e9s par la pluie, et pas suffisamment habill\u00e9 pour \u00eatre prot\u00e9g\u00e9 de la vague de\u00a0froid de cette semaine. Qui l\u2019a emmen\u00e9 jusqu\u2019ici\u00a0pour l\u2019exploiter\u00a0?\u00bb,<\/em> s\u2019interroge l\u2019enseignant.<\/p>\n<p>Selon Mehdi, un habitant de Jendouba, qui a reconnu l&rsquo;enfant, Omar est issu d\u2019une famille nombreuse et tr\u00e8s pauvre. Son p\u00e8re, Salah, est au ch\u00f4mage. L\u2019\u00e9l\u00e8ve est en vacances et ce sont ses parents qui lui ont demand\u00e9 de vendre des sachets en plastique au march\u00e9 de Jendouba.<\/p>\n<p>Rappelons qu&rsquo;en Tunisie, le travail des enfants de moins de 16 ans\u00a0est strictement interdit. L\u2019article 26 du code de protection de l&rsquo;enfance interdit <em>\u00abl\u2019exploitation \u00e9conomique\u00bb<\/em> de\u00a0l&rsquo;enfant, c&rsquo;est-\u00e0-dire<em> \u00abl\u2019exposition de l\u2019enfant \u00e0 la mendicit\u00e9, ou son\u00a0<\/em><em>emploi dans des conditions contraires \u00e0 la loi, ou le fait de le charger d\u2019un travail susceptible de le priver de sa scolarit\u00e9, ou qui soit nuisible \u00e0 sa sant\u00e9, ou son int\u00e9grit\u00e9 physique ou morale\u00bb<\/em>.<\/p>\n<p>Par ailleurs, l&rsquo;article 54 du code p\u00e9nal pr\u00e9cise que <em>\u00abl&#8217;emploi des enfants peut \u00eatre autoris\u00e9 dans des \u00e9tablissements, sous l&rsquo;autorit\u00e9 du p\u00e8re, de la m\u00e8re ou du tuteur, \u00e0 condition que l&#8217;emploi de ces enfants n&rsquo;ait aucun effet n\u00e9gatif sur leur sant\u00e9, leur d\u00e9veloppement physique et mental et leur scolarit\u00e9.\u00bb<\/em><\/p>\n<p style=\"text-align: right;\"><strong>Y. N.<\/strong><\/p>\n","protected":false},"excerpt":{"rendered":"<p>La protection de l\u2019enfance a \u00e9t\u00e9 alert\u00e9e sur le cas d\u2019Omar, un \u00e9l\u00e8ve de 7 ans, qui fait 20km par jour pour aller vendre des sachets au march\u00e9 de Jendouba.<\/p>\n","protected":false},"author":6,"featured_media":79860,"comment_status":"open","ping_status":"open","sticky":false,"template":"","format":"standard","meta":{"footnotes":""},"categories":[998,2433],"tags":[314,319,11867,1420,4771,3272],"class_list":["post-79857","post","type-post","status-publish","format-standard","has-post-thumbnail","hentry","category-societe","category-tunisie","tag-eleve","tag-enfant","tag-ensignant","tag-exploitation","tag-pauvrete","tag-protection-enfance"],"yoast_head":"<!-- This site is optimized with the Yoast SEO plugin v26.6 - https:\/\/yoast.com\/wordpress\/plugins\/seo\/ -->\n<title>Omar, l&#039;\u00e9l\u00e8ve qui vend des sachets au march\u00e9 de Jendouba - Kapitalis<\/title>\n<meta name=\"robots\" content=\"index, follow, max-snippet:-1, max-image-preview:large, max-video-preview:-1\" \/>\n<link rel=\"canonical\" href=\"https:\/\/kapitalis.com\/tunisie\/2017\/01\/20\/omar-leleve-qui-vend-des-sachets-au-marche-de-jendouba\/\" \/>\n<meta property=\"og:locale\" content=\"fr_FR\" \/>\n<meta property=\"og:type\" content=\"article\" \/>\n<meta property=\"og:title\" content=\"Omar, l&#039;\u00e9l\u00e8ve qui vend des sachets au march\u00e9 de Jendouba - Kapitalis\" \/>\n<meta property=\"og:description\" content=\"La protection de l\u2019enfance a \u00e9t\u00e9 alert\u00e9e sur le cas d\u2019Omar, un \u00e9l\u00e8ve de 7 ans, qui fait 20km par jour pour aller vendre des sachets au march\u00e9 de Jendouba.\" \/>\n<meta property=\"og:url\" content=\"https:\/\/kapitalis.com\/tunisie\/2017\/01\/20\/omar-leleve-qui-vend-des-sachets-au-marche-de-jendouba\/\" \/>\n<meta property=\"og:site_name\" content=\"Kapitalis\" \/>\n<meta property=\"article:publisher\" content=\"https:\/\/www.facebook.com\/KapitalisInfo\/\" \/>\n<meta property=\"article:published_time\" content=\"2017-01-20T16:42:33+00:00\" \/>\n<meta property=\"og:image\" content=\"https:\/\/kapitalis.com\/tunisie\/wp-content\/uploads\/2022\/05\/kapitalis-logo-fb.png\" \/>\n\t<meta property=\"og:image:width\" content=\"1200\" \/>\n\t<meta property=\"og:image:height\" content=\"630\" \/>\n\t<meta property=\"og:image:type\" content=\"image\/png\" \/>\n<meta name=\"author\" content=\"Yusra NY\" \/>\n<meta name=\"twitter:card\" content=\"summary_large_image\" \/>\n<meta name=\"twitter:creator\" content=\"@KapitalisInfo\" \/>\n<meta name=\"twitter:site\" content=\"@KapitalisInfo\" \/>\n<meta name=\"twitter:label1\" content=\"\u00c9crit par\" \/>\n\t<meta name=\"twitter:data1\" content=\"Yusra NY\" \/>\n\t<meta name=\"twitter:label2\" content=\"Dur\u00e9e de lecture estim\u00e9e\" \/>\n\t<meta name=\"twitter:data2\" content=\"2 minutes\" \/>\n<script type=\"application\/ld+json\" class=\"yoast-schema-graph\">{\"@context\":\"https:\/\/schema.org\",\"@graph\":[{\"@type\":\"Article\",\"@id\":\"https:\/\/kapitalis.com\/tunisie\/2017\/01\/20\/omar-leleve-qui-vend-des-sachets-au-marche-de-jendouba\/#article\",\"isPartOf\":{\"@id\":\"https:\/\/kapitalis.com\/tunisie\/2017\/01\/20\/omar-leleve-qui-vend-des-sachets-au-marche-de-jendouba\/\"},\"author\":{\"name\":\"Yusra NY\",\"@id\":\"https:\/\/kapitalis.com\/tunisie\/#\/schema\/person\/74bbde0154d49d790a92aaeac5bc01d5\"},\"headline\":\"Omar, l&rsquo;\u00e9l\u00e8ve qui vend des sachets au march\u00e9 de Jendouba\",\"datePublished\":\"2017-01-20T16:42:33+00:00\",\"mainEntityOfPage\":{\"@id\":\"https:\/\/kapitalis.com\/tunisie\/2017\/01\/20\/omar-leleve-qui-vend-des-sachets-au-marche-de-jendouba\/\"},\"wordCount\":336,\"commentCount\":1,\"publisher\":{\"@id\":\"https:\/\/kapitalis.com\/tunisie\/#organization\"},\"image\":{\"@id\":\"https:\/\/kapitalis.com\/tunisie\/2017\/01\/20\/omar-leleve-qui-vend-des-sachets-au-marche-de-jendouba\/#primaryimage\"},\"thumbnailUrl\":\"\",\"keywords\":[\"\u00e9l\u00e8ve\",\"enfant\",\"ensignant\",\"exploitation\",\"pauvret\u00e9\",\"protection enfance\"],\"articleSection\":[\"SOCIETE\",\"Tunisie\"],\"inLanguage\":\"fr-FR\",\"potentialAction\":[{\"@type\":\"CommentAction\",\"name\":\"Comment\",\"target\":[\"https:\/\/kapitalis.com\/tunisie\/2017\/01\/20\/omar-leleve-qui-vend-des-sachets-au-marche-de-jendouba\/#respond\"]}]},{\"@type\":\"WebPage\",\"@id\":\"https:\/\/kapitalis.com\/tunisie\/2017\/01\/20\/omar-leleve-qui-vend-des-sachets-au-marche-de-jendouba\/\",\"url\":\"https:\/\/kapitalis.com\/tunisie\/2017\/01\/20\/omar-leleve-qui-vend-des-sachets-au-marche-de-jendouba\/\",\"name\":\"Omar, l'\u00e9l\u00e8ve qui vend des sachets au march\u00e9 de Jendouba - Kapitalis\",\"isPartOf\":{\"@id\":\"https:\/\/kapitalis.com\/tunisie\/#website\"},\"primaryImageOfPage\":{\"@id\":\"https:\/\/kapitalis.com\/tunisie\/2017\/01\/20\/omar-leleve-qui-vend-des-sachets-au-marche-de-jendouba\/#primaryimage\"},\"image\":{\"@id\":\"https:\/\/kapitalis.com\/tunisie\/2017\/01\/20\/omar-leleve-qui-vend-des-sachets-au-marche-de-jendouba\/#primaryimage\"},\"thumbnailUrl\":\"\",\"datePublished\":\"2017-01-20T16:42:33+00:00\",\"breadcrumb\":{\"@id\":\"https:\/\/kapitalis.com\/tunisie\/2017\/01\/20\/omar-leleve-qui-vend-des-sachets-au-marche-de-jendouba\/#breadcrumb\"},\"inLanguage\":\"fr-FR\",\"potentialAction\":[{\"@type\":\"ReadAction\",\"target\":[\"https:\/\/kapitalis.com\/tunisie\/2017\/01\/20\/omar-leleve-qui-vend-des-sachets-au-marche-de-jendouba\/\"]}]},{\"@type\":\"ImageObject\",\"inLanguage\":\"fr-FR\",\"@id\":\"https:\/\/kapitalis.com\/tunisie\/2017\/01\/20\/omar-leleve-qui-vend-des-sachets-au-marche-de-jendouba\/#primaryimage\",\"url\":\"\",\"contentUrl\":\"\"},{\"@type\":\"BreadcrumbList\",\"@id\":\"https:\/\/kapitalis.com\/tunisie\/2017\/01\/20\/omar-leleve-qui-vend-des-sachets-au-marche-de-jendouba\/#breadcrumb\",\"itemListElement\":[{\"@type\":\"ListItem\",\"position\":1,\"name\":\"Accueil\",\"item\":\"https:\/\/kapitalis.com\/tunisie\/\"},{\"@type\":\"ListItem\",\"position\":2,\"name\":\"Omar, l&rsquo;\u00e9l\u00e8ve qui vend des sachets au march\u00e9 de Jendouba\"}]},{\"@type\":\"WebSite\",\"@id\":\"https:\/\/kapitalis.com\/tunisie\/#website\",\"url\":\"https:\/\/kapitalis.com\/tunisie\/\",\"name\":\"Kapitalis\",\"description\":\"L&#039;actualit\u00e9 en Tunisie et dans le monde\",\"publisher\":{\"@id\":\"https:\/\/kapitalis.com\/tunisie\/#organization\"},\"potentialAction\":[{\"@type\":\"SearchAction\",\"target\":{\"@type\":\"EntryPoint\",\"urlTemplate\":\"https:\/\/kapitalis.com\/tunisie\/?s={search_term_string}\"},\"query-input\":{\"@type\":\"PropertyValueSpecification\",\"valueRequired\":true,\"valueName\":\"search_term_string\"}}],\"inLanguage\":\"fr-FR\"},{\"@type\":\"Organization\",\"@id\":\"https:\/\/kapitalis.com\/tunisie\/#organization\",\"name\":\"Kapitalis\",\"url\":\"https:\/\/kapitalis.com\/tunisie\/\",\"logo\":{\"@type\":\"ImageObject\",\"inLanguage\":\"fr-FR\",\"@id\":\"https:\/\/kapitalis.com\/tunisie\/#\/schema\/logo\/image\/\",\"url\":\"https:\/\/kapitalis.com\/tunisie\/wp-content\/uploads\/2022\/05\/Kapitalis-big-size.png\",\"contentUrl\":\"https:\/\/kapitalis.com\/tunisie\/wp-content\/uploads\/2022\/05\/Kapitalis-big-size.png\",\"width\":5000,\"height\":1500,\"caption\":\"Kapitalis\"},\"image\":{\"@id\":\"https:\/\/kapitalis.com\/tunisie\/#\/schema\/logo\/image\/\"},\"sameAs\":[\"https:\/\/www.facebook.com\/KapitalisInfo\/\",\"https:\/\/x.com\/KapitalisInfo\",\"https:\/\/www.youtube.com\/channel\/UC-yDYrHyfFBWWZaOw3FPg9Q\"]},{\"@type\":\"Person\",\"@id\":\"https:\/\/kapitalis.com\/tunisie\/#\/schema\/person\/74bbde0154d49d790a92aaeac5bc01d5\",\"name\":\"Yusra NY\",\"url\":\"https:\/\/kapitalis.com\/tunisie\/author\/yuza_adam\/\"}]}<\/script>\n<!-- \/ Yoast SEO plugin. -->","yoast_head_json":{"title":"Omar, l'\u00e9l\u00e8ve qui vend des sachets au march\u00e9 de Jendouba - Kapitalis","robots":{"index":"index","follow":"follow","max-snippet":"max-snippet:-1","max-image-preview":"max-image-preview:large","max-video-preview":"max-video-preview:-1"},"canonical":"https:\/\/kapitalis.com\/tunisie\/2017\/01\/20\/omar-leleve-qui-vend-des-sachets-au-marche-de-jendouba\/","og_locale":"fr_FR","og_type":"article","og_title":"Omar, l'\u00e9l\u00e8ve qui vend des sachets au march\u00e9 de Jendouba - Kapitalis","og_description":"La protection de l\u2019enfance a \u00e9t\u00e9 alert\u00e9e sur le cas d\u2019Omar, un \u00e9l\u00e8ve de 7 ans, qui fait 20km par jour pour aller vendre des sachets au march\u00e9 de Jendouba.","og_url":"https:\/\/kapitalis.com\/tunisie\/2017\/01\/20\/omar-leleve-qui-vend-des-sachets-au-marche-de-jendouba\/","og_site_name":"Kapitalis","article_publisher":"https:\/\/www.facebook.com\/KapitalisInfo\/","article_published_time":"2017-01-20T16:42:33+00:00","og_image":[{"width":1200,"height":630,"url":"https:\/\/kapitalis.com\/tunisie\/wp-content\/uploads\/2022\/05\/kapitalis-logo-fb.png","type":"image\/png"}],"author":"Yusra NY","twitter_card":"summary_large_image","twitter_creator":"@KapitalisInfo","twitter_site":"@KapitalisInfo","twitter_misc":{"\u00c9crit par":"Yusra NY","Dur\u00e9e de lecture estim\u00e9e":"2 minutes"},"schema":{"@context":"https:\/\/schema.org","@graph":[{"@type":"Article","@id":"https:\/\/kapitalis.com\/tunisie\/2017\/01\/20\/omar-leleve-qui-vend-des-sachets-au-marche-de-jendouba\/#article","isPartOf":{"@id":"https:\/\/kapitalis.com\/tunisie\/2017\/01\/20\/omar-leleve-qui-vend-des-sachets-au-marche-de-jendouba\/"},"author":{"name":"Yusra NY","@id":"https:\/\/kapitalis.com\/tunisie\/#\/schema\/person\/74bbde0154d49d790a92aaeac5bc01d5"},"headline":"Omar, l&rsquo;\u00e9l\u00e8ve qui vend des sachets au march\u00e9 de Jendouba","datePublished":"2017-01-20T16:42:33+00:00","mainEntityOfPage":{"@id":"https:\/\/kapitalis.com\/tunisie\/2017\/01\/20\/omar-leleve-qui-vend-des-sachets-au-marche-de-jendouba\/"},"wordCount":336,"commentCount":1,"publisher":{"@id":"https:\/\/kapitalis.com\/tunisie\/#organization"},"image":{"@id":"https:\/\/kapitalis.com\/tunisie\/2017\/01\/20\/omar-leleve-qui-vend-des-sachets-au-marche-de-jendouba\/#primaryimage"},"thumbnailUrl":"","keywords":["\u00e9l\u00e8ve","enfant","ensignant","exploitation","pauvret\u00e9","protection enfance"],"articleSection":["SOCIETE","Tunisie"],"inLanguage":"fr-FR","potentialAction":[{"@type":"CommentAction","name":"Comment","target":["https:\/\/kapitalis.com\/tunisie\/2017\/01\/20\/omar-leleve-qui-vend-des-sachets-au-marche-de-jendouba\/#respond"]}]},{"@type":"WebPage","@id":"https:\/\/kapitalis.com\/tunisie\/2017\/01\/20\/omar-leleve-qui-vend-des-sachets-au-marche-de-jendouba\/","url":"https:\/\/kapitalis.com\/tunisie\/2017\/01\/20\/omar-leleve-qui-vend-des-sachets-au-marche-de-jendouba\/","name":"Omar, l'\u00e9l\u00e8ve qui vend des sachets au march\u00e9 de Jendouba - Kapitalis","isPartOf":{"@id":"https:\/\/kapitalis.com\/tunisie\/#website"},"primaryImageOfPage":{"@id":"https:\/\/kapitalis.com\/tunisie\/2017\/01\/20\/omar-leleve-qui-vend-des-sachets-au-marche-de-jendouba\/#primaryimage"},"image":{"@id":"https:\/\/kapitalis.com\/tunisie\/2017\/01\/20\/omar-leleve-qui-vend-des-sachets-au-marche-de-jendouba\/#primaryimage"},"thumbnailUrl":"","datePublished":"2017-01-20T16:42:33+00:00","breadcrumb":{"@id":"https:\/\/kapitalis.com\/tunisie\/2017\/01\/20\/omar-leleve-qui-vend-des-sachets-au-marche-de-jendouba\/#breadcrumb"},"inLanguage":"fr-FR","potentialAction":[{"@type":"ReadAction","target":["https:\/\/kapitalis.com\/tunisie\/2017\/01\/20\/omar-leleve-qui-vend-des-sachets-au-marche-de-jendouba\/"]}]},{"@type":"ImageObject","inLanguage":"fr-FR","@id":"https:\/\/kapitalis.com\/tunisie\/2017\/01\/20\/omar-leleve-qui-vend-des-sachets-au-marche-de-jendouba\/#primaryimage","url":"","contentUrl":""},{"@type":"BreadcrumbList","@id":"https:\/\/kapitalis.com\/tunisie\/2017\/01\/20\/omar-leleve-qui-vend-des-sachets-au-marche-de-jendouba\/#breadcrumb","itemListElement":[{"@type":"ListItem","position":1,"name":"Accueil","item":"https:\/\/kapitalis.com\/tunisie\/"},{"@type":"ListItem","position":2,"name":"Omar, l&rsquo;\u00e9l\u00e8ve qui vend des sachets au march\u00e9 de Jendouba"}]},{"@type":"WebSite","@id":"https:\/\/kapitalis.com\/tunisie\/#website","url":"https:\/\/kapitalis.com\/tunisie\/","name":"Kapitalis","description":"L&#039;actualit\u00e9 en Tunisie et dans le monde","publisher":{"@id":"https:\/\/kapitalis.com\/tunisie\/#organization"},"potentialAction":[{"@type":"SearchAction","target":{"@type":"EntryPoint","urlTemplate":"https:\/\/kapitalis.com\/tunisie\/?s={search_term_string}"},"query-input":{"@type":"PropertyValueSpecification","valueRequired":true,"valueName":"search_term_string"}}],"inLanguage":"fr-FR"},{"@type":"Organization","@id":"https:\/\/kapitalis.com\/tunisie\/#organization","name":"Kapitalis","url":"https:\/\/kapitalis.com\/tunisie\/","logo":{"@type":"ImageObject","inLanguage":"fr-FR","@id":"https:\/\/kapitalis.com\/tunisie\/#\/schema\/logo\/image\/","url":"https:\/\/kapitalis.com\/tunisie\/wp-content\/uploads\/2022\/05\/Kapitalis-big-size.png","contentUrl":"https:\/\/kapitalis.com\/tunisie\/wp-content\/uploads\/2022\/05\/Kapitalis-big-size.png","width":5000,"height":1500,"caption":"Kapitalis"},"image":{"@id":"https:\/\/kapitalis.com\/tunisie\/#\/schema\/logo\/image\/"},"sameAs":["https:\/\/www.facebook.com\/KapitalisInfo\/","https:\/\/x.com\/KapitalisInfo","https:\/\/www.youtube.com\/channel\/UC-yDYrHyfFBWWZaOw3FPg9Q"]},{"@type":"Person","@id":"https:\/\/kapitalis.com\/tunisie\/#\/schema\/person\/74bbde0154d49d790a92aaeac5bc01d5","name":"Yusra NY","url":"https:\/\/kapitalis.com\/tunisie\/author\/yuza_adam\/"}]}},"_links":{"self":[{"href":"https:\/\/kapitalis.com\/tunisie\/wp-json\/wp\/v2\/posts\/79857","targetHints":{"allow":["GET"]}}],"collection":[{"href":"https:\/\/kapitalis.com\/tunisie\/wp-json\/wp\/v2\/posts"}],"about":[{"href":"https:\/\/kapitalis.com\/tunisie\/wp-json\/wp\/v2\/types\/post"}],"author":[{"embeddable":true,"href":"https:\/\/kapitalis.com\/tunisie\/wp-json\/wp\/v2\/users\/6"}],"replies":[{"embeddable":true,"href":"https:\/\/kapitalis.com\/tunisie\/wp-json\/wp\/v2\/comments?post=79857"}],"version-history":[{"count":0,"href":"https:\/\/kapitalis.com\/tunisie\/wp-json\/wp\/v2\/posts\/79857\/revisions"}],"wp:featuredmedia":[{"embeddable":true,"href":"https:\/\/kapitalis.com\/tunisie\/wp-json\/wp\/v2\/media\/79860"}],"wp:attachment":[{"href":"https:\/\/kapitalis.com\/tunisie\/wp-json\/wp\/v2\/media?parent=79857"}],"wp:term":[{"taxonomy":"category","embeddable":true,"href":"https:\/\/kapitalis.com\/tunisie\/wp-json\/wp\/v2\/categories?post=79857"},{"taxonomy":"post_tag","embeddable":true,"href":"https:\/\/kapitalis.com\/tunisie\/wp-json\/wp\/v2\/tags?post=79857"}],"curies":[{"name":"wp","href":"https:\/\/api.w.org\/{rel}","templated":true}]}}