{"id":7991288,"date":"2023-05-20T08:34:01","date_gmt":"2023-05-20T07:34:01","guid":{"rendered":"https:\/\/kapitalis.com\/tunisie\/?p=7991288"},"modified":"2023-05-20T08:34:03","modified_gmt":"2023-05-20T07:34:03","slug":"kais-saied-panarabiste-au-sommet-arabe","status":"publish","type":"post","link":"https:\/\/kapitalis.com\/tunisie\/2023\/05\/20\/kais-saied-panarabiste-au-sommet-arabe\/","title":{"rendered":"Ka\u00efs Sa\u00efed, panarabiste au sommet arabe"},"content":{"rendered":"\n<p><strong><em>Ka\u00efs Sa\u00efed n\u2019a pas forc\u00e9 son talent pour retrouver sa verve souverainiste et panarabiste, en prenant part au 32<sup>e<\/sup> sommet de la Ligue des Etats arabes, ouvert hier, vendredi 19 mai 2023, \u00e0 Djeddah, en Arabie saoudite. <\/em><\/strong><em>(Illustration: entretien Ka\u00efs Sa\u00efed avec Mohamed Ben Salmane)<\/em>.  <\/p>\n\n\n\n<!--more-->\n\n\n\n<p>La Tunisie ne sera jamais impliqu\u00e9e dans la politique des axes, conform\u00e9ment \u00e0 ses constantes ind\u00e9fectibles et aux dispositions de la Constitution du 25 juillet 2022, a d\u00e9clar\u00e9 le pr\u00e9sident de la r\u00e9publique.<\/p>\n\n\n\n<p>Dans une d\u00e9claration accord\u00e9e \u00e0 l\u2019agence Tap, en marge de sa participation aux travaux du sommet de Djeddah, Sa\u00efed a soulign\u00e9 que ce sommet est celui de <em>\u00abla r\u00e9unification arabe qui a commenc\u00e9 \u00e0 se concr\u00e9tiser depuis le sommet d\u2019Alger\u00bb<\/em>, en novembre 2022, faisant ainsi au passage une fleur au pr\u00e9sident Abdelmadjid Tebboune.<\/p>\n\n\n\n<p>Toute en affirmant que le <a href=\"https:\/\/kapitalis.com\/tunisie\/2023\/05\/19\/premiere-rencontre-kais-saied-bachar-assad-a-djeddah\/\" target=\"_blank\" rel=\"noreferrer noopener\">retour de la Syrie<\/a> \u00e0 la Ligue arabe intervient apr\u00e8s 12 ans de <em>\u00abdestruction\u00bb<\/em> de ce pays \u2013 o\u00f9 la Tunisie a jou\u00e9 un r\u00f4le que le pr\u00e9sident syrien Bachar Assad, pr\u00e9sent au sommet, se chargera d\u2019ailleurs de rappeler dans une d\u00e9claration aux m\u00e9dias tunisiens \u2013, le chef de l\u2019Etat a, par ailleurs, r\u00e9affirm\u00e9 que la juste cause du peuple palestinien demeure imprescriptible, d\u00e9non\u00e7ant le mutisme des \u00c9tats qui se pr\u00e9sentent comme des d\u00e9fenseurs acharn\u00e9s des droits de l\u2019Homme, face aux massacre commis contre les Palestiniens. Il adresse ici sa critique aux pays occidentaux, tr\u00e8s complaisants \u00e0 l\u2019\u00e9gard d\u2019Isra\u00ebl, et dont il a toujours rejet\u00e9 les diktats, en agitant \u00e0 chaque fois le sacro-saint principe de la souverainet\u00e9 des peuples.<\/p>\n\n\n\n<figure class=\"wp-block-embed is-type-wp-embed is-provider-kapitalis wp-block-embed-kapitalis\"><div class=\"wp-block-embed__wrapper\">\n<blockquote class=\"wp-embedded-content\" data-secret=\"BXMuJpzCrV\"><a href=\"https:\/\/kapitalis.com\/tunisie\/2023\/05\/20\/ci-git-le-printemps-arabe\/\">Sommet de Djeddah : Ci-git le printemps arabe\u00a0!<\/a><\/blockquote><iframe loading=\"lazy\" class=\"wp-embedded-content\" sandbox=\"allow-scripts\" security=\"restricted\" style=\"position: absolute; clip: rect(1px, 1px, 1px, 1px);\" title=\"\u00ab\u00a0Sommet de Djeddah : Ci-git le printemps arabe\u00a0!\u00a0\u00bb &#8212; Kapitalis\" src=\"https:\/\/kapitalis.com\/tunisie\/2023\/05\/20\/ci-git-le-printemps-arabe\/embed\/#?secret=mZ0QqTAmKN#?secret=BXMuJpzCrV\" data-secret=\"BXMuJpzCrV\" width=\"600\" height=\"338\" frameborder=\"0\" marginwidth=\"0\" marginheight=\"0\" scrolling=\"no\"><\/iframe>\n<\/div><\/figure>\n\n\n\n<p><em>\u00abNous refusons d\u2019\u00eatre une nouvelle fois victimes d\u2019un nouveau syst\u00e8me mondial dont nous \u00e0 la mise en place duquel nous ne participons pas\u00bb<\/em>, a affirm\u00e9, dans ce cadre, le pr\u00e9sident Sa\u00efed lors d\u2019une allocution prononc\u00e9e devant ses pairs arabes, ajoutant que <em>\u00able monde est aujourd\u2019hui en train de se reconstituer, mais cela ne doit aucunement se faire aux d\u00e9pens du monde arabe et des capacit\u00e9s de ses peuples\u00bb<\/em>.<\/p>\n\n\n\n<p>Le chef de l\u2019Etat a, \u00e0 cette occasion, plaid\u00e9 pour un r\u00e9gime mondial fond\u00e9 sur la justice sociale, l\u2019\u00e9quit\u00e9, la stabilit\u00e9 et la paix sociale, appelants \u00e0 \u0153uvrer \u00e0 \u00e9radiquer la pauvret\u00e9.<\/p>\n\n\n\n<p>De grands d\u00e9fis se dressent aujourd\u2019hui devant les pays de la r\u00e9gion dont, en premier lieu, la pr\u00e9servation des Etats et des institutions, a-t-il affirm\u00e9, mettant en garde contre <em>\u00abdes tentatives de fragmenter la r\u00e9gion et de comploter contre ses int\u00e9r\u00eats\u00bb<\/em>.<\/p>\n\n\n\n<p>La Tunisie, a-t-il poursuivi, est attach\u00e9e \u00e0 ses principes, notamment l\u2019ind\u00e9pendance de la d\u00e9cision nationale et la non-ing\u00e9rence dans les affaires d\u2019autrui, conform\u00e9ment \u00e0 sa constitution. <em>\u00abLe peuple tunisien est \u00e9galement attach\u00e9 \u00e0 sa libert\u00e9 et sa dignit\u00e9\u00bb<\/em>, a-t-il ajout\u00e9.<\/p>\n\n\n\n<p>Sur un autre plan, et tout en se f\u00e9licitant du retour de la Syrie \u00e0 la Ligue arabe, estimant que <em>\u00able succ\u00e8s de cette r\u00e9union de la famille arabe est le r\u00e9sultat de la mise en \u00e9chec d\u2019un important complot contre la Syrie\u00bb<\/em>, le pr\u00e9sident tunisien a appel\u00e9 \u00e0 tout mettre en \u0153uvre pour aider le Y\u00e9men et le Soudan, deux pays ravag\u00e9s par la guerre civile, \u00e0 pr\u00e9server leur unit\u00e9 territoriale. <\/p>\n\n\n\n<p class=\"has-text-align-right\"><strong>I. B.<\/strong><\/p>\n\n\n\n<figure class=\"wp-block-embed is-type-wp-embed is-provider-kapitalis wp-block-embed-kapitalis\"><div class=\"wp-block-embed__wrapper\">\n<blockquote class=\"wp-embedded-content\" data-secret=\"ZFsLtETWQO\"><a href=\"https:\/\/kapitalis.com\/tunisie\/2023\/05\/19\/la-tunisie-perdue-dans-un-monde-arabe-qui-se-cherche\/\">La Tunisie perdue dans un monde arabe qui se cherche<\/a><\/blockquote><iframe loading=\"lazy\" class=\"wp-embedded-content\" sandbox=\"allow-scripts\" security=\"restricted\" style=\"position: absolute; clip: rect(1px, 1px, 1px, 1px);\" title=\"\u00ab\u00a0La Tunisie perdue dans un monde arabe qui se cherche\u00a0\u00bb &#8212; Kapitalis\" src=\"https:\/\/kapitalis.com\/tunisie\/2023\/05\/19\/la-tunisie-perdue-dans-un-monde-arabe-qui-se-cherche\/embed\/#?secret=EUfZOkyHAH#?secret=ZFsLtETWQO\" data-secret=\"ZFsLtETWQO\" width=\"600\" height=\"338\" frameborder=\"0\" marginwidth=\"0\" marginheight=\"0\" scrolling=\"no\"><\/iframe>\n<\/div><\/figure>\n","protected":false},"excerpt":{"rendered":"<p>Ka\u00efs Sa\u00efed n\u2019a pas forc\u00e9 son talent pour retrouver sa verve souverainiste et panarabiste au 32e sommet arabe. <\/p>\n","protected":false},"author":8,"featured_media":7991366,"comment_status":"open","ping_status":"open","sticky":false,"template":"","format":"standard","meta":{"footnotes":""},"categories":[997,2433],"tags":[2638,80567,10300,75135,104069,9953,873,62643,5443],"class_list":["post-7991288","post","type-post","status-publish","format-standard","has-post-thumbnail","hentry","category-politique","category-tunisie","tag-arabie-saoudite","tag-bachar-assad","tag-djeddah","tag-mohammed-ben-salmane","tag-sommet-arabe","tag-soudan","tag-syrie","tag-tunisie","tag-yemen"],"yoast_head":"<!-- This site is optimized with the Yoast SEO plugin v26.6 - https:\/\/yoast.com\/wordpress\/plugins\/seo\/ -->\n<title>Ka\u00efs Sa\u00efed, panarabiste au sommet arabe - Kapitalis<\/title>\n<meta name=\"robots\" content=\"index, follow, max-snippet:-1, max-image-preview:large, max-video-preview:-1\" \/>\n<link rel=\"canonical\" href=\"https:\/\/kapitalis.com\/tunisie\/2023\/05\/20\/kais-saied-panarabiste-au-sommet-arabe\/\" \/>\n<meta property=\"og:locale\" content=\"fr_FR\" \/>\n<meta property=\"og:type\" content=\"article\" \/>\n<meta property=\"og:title\" content=\"Ka\u00efs Sa\u00efed, panarabiste au sommet arabe - Kapitalis\" \/>\n<meta property=\"og:description\" content=\"Ka\u00efs Sa\u00efed n\u2019a pas forc\u00e9 son talent pour retrouver sa verve souverainiste et panarabiste au 32e sommet arabe.\" \/>\n<meta property=\"og:url\" content=\"https:\/\/kapitalis.com\/tunisie\/2023\/05\/20\/kais-saied-panarabiste-au-sommet-arabe\/\" \/>\n<meta property=\"og:site_name\" content=\"Kapitalis\" \/>\n<meta property=\"article:publisher\" content=\"https:\/\/www.facebook.com\/KapitalisInfo\/\" \/>\n<meta property=\"article:published_time\" content=\"2023-05-20T07:34:01+00:00\" \/>\n<meta property=\"article:modified_time\" content=\"2023-05-20T07:34:03+00:00\" \/>\n<meta property=\"og:image\" content=\"https:\/\/kapitalis.com\/tunisie\/wp-content\/uploads\/2023\/05\/Kais-Saied-Mohammed-Ben-Salmane.gif\" \/>\n\t<meta property=\"og:image:width\" content=\"1200\" \/>\n\t<meta property=\"og:image:height\" content=\"630\" \/>\n\t<meta property=\"og:image:type\" content=\"image\/gif\" \/>\n<meta name=\"author\" content=\"webmaster kapitalis\" \/>\n<meta name=\"twitter:card\" content=\"summary_large_image\" \/>\n<meta name=\"twitter:creator\" content=\"@KapitalisInfo\" \/>\n<meta name=\"twitter:site\" content=\"@KapitalisInfo\" \/>\n<meta name=\"twitter:label1\" content=\"\u00c9crit par\" \/>\n\t<meta name=\"twitter:data1\" content=\"webmaster kapitalis\" \/>\n\t<meta name=\"twitter:label2\" content=\"Dur\u00e9e de lecture estim\u00e9e\" \/>\n\t<meta name=\"twitter:data2\" content=\"3 minutes\" \/>\n<script type=\"application\/ld+json\" class=\"yoast-schema-graph\">{\"@context\":\"https:\/\/schema.org\",\"@graph\":[{\"@type\":\"Article\",\"@id\":\"https:\/\/kapitalis.com\/tunisie\/2023\/05\/20\/kais-saied-panarabiste-au-sommet-arabe\/#article\",\"isPartOf\":{\"@id\":\"https:\/\/kapitalis.com\/tunisie\/2023\/05\/20\/kais-saied-panarabiste-au-sommet-arabe\/\"},\"author\":{\"name\":\"webmaster kapitalis\",\"@id\":\"https:\/\/kapitalis.com\/tunisie\/#\/schema\/person\/d71f33a9ca44f7bad4698210b480c8e9\"},\"headline\":\"Ka\u00efs Sa\u00efed, panarabiste au sommet arabe\",\"datePublished\":\"2023-05-20T07:34:01+00:00\",\"dateModified\":\"2023-05-20T07:34:03+00:00\",\"mainEntityOfPage\":{\"@id\":\"https:\/\/kapitalis.com\/tunisie\/2023\/05\/20\/kais-saied-panarabiste-au-sommet-arabe\/\"},\"wordCount\":578,\"commentCount\":2,\"publisher\":{\"@id\":\"https:\/\/kapitalis.com\/tunisie\/#organization\"},\"image\":{\"@id\":\"https:\/\/kapitalis.com\/tunisie\/2023\/05\/20\/kais-saied-panarabiste-au-sommet-arabe\/#primaryimage\"},\"thumbnailUrl\":\"https:\/\/kapitalis.com\/tunisie\/wp-content\/uploads\/2023\/05\/Kais-Saied-Mohammed-Ben-Salmane.gif\",\"keywords\":[\"Arabie saoudite\",\"Bachar Assad\",\"Djeddah\",\"Mohammed Ben Salmane\",\"sommet arabe\",\"Soudan\",\"Syrie\",\"Tunisie\",\"Y\u00e9men\"],\"articleSection\":[\"POLITIQUE\",\"Tunisie\"],\"inLanguage\":\"fr-FR\",\"potentialAction\":[{\"@type\":\"CommentAction\",\"name\":\"Comment\",\"target\":[\"https:\/\/kapitalis.com\/tunisie\/2023\/05\/20\/kais-saied-panarabiste-au-sommet-arabe\/#respond\"]}]},{\"@type\":\"WebPage\",\"@id\":\"https:\/\/kapitalis.com\/tunisie\/2023\/05\/20\/kais-saied-panarabiste-au-sommet-arabe\/\",\"url\":\"https:\/\/kapitalis.com\/tunisie\/2023\/05\/20\/kais-saied-panarabiste-au-sommet-arabe\/\",\"name\":\"Ka\u00efs Sa\u00efed, panarabiste au sommet arabe - Kapitalis\",\"isPartOf\":{\"@id\":\"https:\/\/kapitalis.com\/tunisie\/#website\"},\"primaryImageOfPage\":{\"@id\":\"https:\/\/kapitalis.com\/tunisie\/2023\/05\/20\/kais-saied-panarabiste-au-sommet-arabe\/#primaryimage\"},\"image\":{\"@id\":\"https:\/\/kapitalis.com\/tunisie\/2023\/05\/20\/kais-saied-panarabiste-au-sommet-arabe\/#primaryimage\"},\"thumbnailUrl\":\"https:\/\/kapitalis.com\/tunisie\/wp-content\/uploads\/2023\/05\/Kais-Saied-Mohammed-Ben-Salmane.gif\",\"datePublished\":\"2023-05-20T07:34:01+00:00\",\"dateModified\":\"2023-05-20T07:34:03+00:00\",\"breadcrumb\":{\"@id\":\"https:\/\/kapitalis.com\/tunisie\/2023\/05\/20\/kais-saied-panarabiste-au-sommet-arabe\/#breadcrumb\"},\"inLanguage\":\"fr-FR\",\"potentialAction\":[{\"@type\":\"ReadAction\",\"target\":[\"https:\/\/kapitalis.com\/tunisie\/2023\/05\/20\/kais-saied-panarabiste-au-sommet-arabe\/\"]}]},{\"@type\":\"ImageObject\",\"inLanguage\":\"fr-FR\",\"@id\":\"https:\/\/kapitalis.com\/tunisie\/2023\/05\/20\/kais-saied-panarabiste-au-sommet-arabe\/#primaryimage\",\"url\":\"https:\/\/kapitalis.com\/tunisie\/wp-content\/uploads\/2023\/05\/Kais-Saied-Mohammed-Ben-Salmane.gif\",\"contentUrl\":\"https:\/\/kapitalis.com\/tunisie\/wp-content\/uploads\/2023\/05\/Kais-Saied-Mohammed-Ben-Salmane.gif\",\"width\":1200,\"height\":630},{\"@type\":\"BreadcrumbList\",\"@id\":\"https:\/\/kapitalis.com\/tunisie\/2023\/05\/20\/kais-saied-panarabiste-au-sommet-arabe\/#breadcrumb\",\"itemListElement\":[{\"@type\":\"ListItem\",\"position\":1,\"name\":\"Accueil\",\"item\":\"https:\/\/kapitalis.com\/tunisie\/\"},{\"@type\":\"ListItem\",\"position\":2,\"name\":\"Ka\u00efs Sa\u00efed, panarabiste au sommet arabe\"}]},{\"@type\":\"WebSite\",\"@id\":\"https:\/\/kapitalis.com\/tunisie\/#website\",\"url\":\"https:\/\/kapitalis.com\/tunisie\/\",\"name\":\"Kapitalis\",\"description\":\"L&#039;actualit\u00e9 en Tunisie et dans le monde\",\"publisher\":{\"@id\":\"https:\/\/kapitalis.com\/tunisie\/#organization\"},\"potentialAction\":[{\"@type\":\"SearchAction\",\"target\":{\"@type\":\"EntryPoint\",\"urlTemplate\":\"https:\/\/kapitalis.com\/tunisie\/?s={search_term_string}\"},\"query-input\":{\"@type\":\"PropertyValueSpecification\",\"valueRequired\":true,\"valueName\":\"search_term_string\"}}],\"inLanguage\":\"fr-FR\"},{\"@type\":\"Organization\",\"@id\":\"https:\/\/kapitalis.com\/tunisie\/#organization\",\"name\":\"Kapitalis\",\"url\":\"https:\/\/kapitalis.com\/tunisie\/\",\"logo\":{\"@type\":\"ImageObject\",\"inLanguage\":\"fr-FR\",\"@id\":\"https:\/\/kapitalis.com\/tunisie\/#\/schema\/logo\/image\/\",\"url\":\"https:\/\/kapitalis.com\/tunisie\/wp-content\/uploads\/2022\/05\/Kapitalis-big-size.png\",\"contentUrl\":\"https:\/\/kapitalis.com\/tunisie\/wp-content\/uploads\/2022\/05\/Kapitalis-big-size.png\",\"width\":5000,\"height\":1500,\"caption\":\"Kapitalis\"},\"image\":{\"@id\":\"https:\/\/kapitalis.com\/tunisie\/#\/schema\/logo\/image\/\"},\"sameAs\":[\"https:\/\/www.facebook.com\/KapitalisInfo\/\",\"https:\/\/x.com\/KapitalisInfo\",\"https:\/\/www.youtube.com\/channel\/UC-yDYrHyfFBWWZaOw3FPg9Q\"]},{\"@type\":\"Person\",\"@id\":\"https:\/\/kapitalis.com\/tunisie\/#\/schema\/person\/d71f33a9ca44f7bad4698210b480c8e9\",\"name\":\"webmaster kapitalis\",\"url\":\"https:\/\/kapitalis.com\/tunisie\/author\/webmaster-kapitalis\/\"}]}<\/script>\n<!-- \/ Yoast SEO plugin. -->","yoast_head_json":{"title":"Ka\u00efs Sa\u00efed, panarabiste au sommet arabe - Kapitalis","robots":{"index":"index","follow":"follow","max-snippet":"max-snippet:-1","max-image-preview":"max-image-preview:large","max-video-preview":"max-video-preview:-1"},"canonical":"https:\/\/kapitalis.com\/tunisie\/2023\/05\/20\/kais-saied-panarabiste-au-sommet-arabe\/","og_locale":"fr_FR","og_type":"article","og_title":"Ka\u00efs Sa\u00efed, panarabiste au sommet arabe - Kapitalis","og_description":"Ka\u00efs Sa\u00efed n\u2019a pas forc\u00e9 son talent pour retrouver sa verve souverainiste et panarabiste au 32e sommet arabe.","og_url":"https:\/\/kapitalis.com\/tunisie\/2023\/05\/20\/kais-saied-panarabiste-au-sommet-arabe\/","og_site_name":"Kapitalis","article_publisher":"https:\/\/www.facebook.com\/KapitalisInfo\/","article_published_time":"2023-05-20T07:34:01+00:00","article_modified_time":"2023-05-20T07:34:03+00:00","og_image":[{"width":1200,"height":630,"url":"https:\/\/kapitalis.com\/tunisie\/wp-content\/uploads\/2023\/05\/Kais-Saied-Mohammed-Ben-Salmane.gif","type":"image\/gif"}],"author":"webmaster kapitalis","twitter_card":"summary_large_image","twitter_creator":"@KapitalisInfo","twitter_site":"@KapitalisInfo","twitter_misc":{"\u00c9crit par":"webmaster kapitalis","Dur\u00e9e de lecture estim\u00e9e":"3 minutes"},"schema":{"@context":"https:\/\/schema.org","@graph":[{"@type":"Article","@id":"https:\/\/kapitalis.com\/tunisie\/2023\/05\/20\/kais-saied-panarabiste-au-sommet-arabe\/#article","isPartOf":{"@id":"https:\/\/kapitalis.com\/tunisie\/2023\/05\/20\/kais-saied-panarabiste-au-sommet-arabe\/"},"author":{"name":"webmaster kapitalis","@id":"https:\/\/kapitalis.com\/tunisie\/#\/schema\/person\/d71f33a9ca44f7bad4698210b480c8e9"},"headline":"Ka\u00efs Sa\u00efed, panarabiste au sommet arabe","datePublished":"2023-05-20T07:34:01+00:00","dateModified":"2023-05-20T07:34:03+00:00","mainEntityOfPage":{"@id":"https:\/\/kapitalis.com\/tunisie\/2023\/05\/20\/kais-saied-panarabiste-au-sommet-arabe\/"},"wordCount":578,"commentCount":2,"publisher":{"@id":"https:\/\/kapitalis.com\/tunisie\/#organization"},"image":{"@id":"https:\/\/kapitalis.com\/tunisie\/2023\/05\/20\/kais-saied-panarabiste-au-sommet-arabe\/#primaryimage"},"thumbnailUrl":"https:\/\/kapitalis.com\/tunisie\/wp-content\/uploads\/2023\/05\/Kais-Saied-Mohammed-Ben-Salmane.gif","keywords":["Arabie saoudite","Bachar Assad","Djeddah","Mohammed Ben Salmane","sommet arabe","Soudan","Syrie","Tunisie","Y\u00e9men"],"articleSection":["POLITIQUE","Tunisie"],"inLanguage":"fr-FR","potentialAction":[{"@type":"CommentAction","name":"Comment","target":["https:\/\/kapitalis.com\/tunisie\/2023\/05\/20\/kais-saied-panarabiste-au-sommet-arabe\/#respond"]}]},{"@type":"WebPage","@id":"https:\/\/kapitalis.com\/tunisie\/2023\/05\/20\/kais-saied-panarabiste-au-sommet-arabe\/","url":"https:\/\/kapitalis.com\/tunisie\/2023\/05\/20\/kais-saied-panarabiste-au-sommet-arabe\/","name":"Ka\u00efs Sa\u00efed, panarabiste au sommet arabe - Kapitalis","isPartOf":{"@id":"https:\/\/kapitalis.com\/tunisie\/#website"},"primaryImageOfPage":{"@id":"https:\/\/kapitalis.com\/tunisie\/2023\/05\/20\/kais-saied-panarabiste-au-sommet-arabe\/#primaryimage"},"image":{"@id":"https:\/\/kapitalis.com\/tunisie\/2023\/05\/20\/kais-saied-panarabiste-au-sommet-arabe\/#primaryimage"},"thumbnailUrl":"https:\/\/kapitalis.com\/tunisie\/wp-content\/uploads\/2023\/05\/Kais-Saied-Mohammed-Ben-Salmane.gif","datePublished":"2023-05-20T07:34:01+00:00","dateModified":"2023-05-20T07:34:03+00:00","breadcrumb":{"@id":"https:\/\/kapitalis.com\/tunisie\/2023\/05\/20\/kais-saied-panarabiste-au-sommet-arabe\/#breadcrumb"},"inLanguage":"fr-FR","potentialAction":[{"@type":"ReadAction","target":["https:\/\/kapitalis.com\/tunisie\/2023\/05\/20\/kais-saied-panarabiste-au-sommet-arabe\/"]}]},{"@type":"ImageObject","inLanguage":"fr-FR","@id":"https:\/\/kapitalis.com\/tunisie\/2023\/05\/20\/kais-saied-panarabiste-au-sommet-arabe\/#primaryimage","url":"https:\/\/kapitalis.com\/tunisie\/wp-content\/uploads\/2023\/05\/Kais-Saied-Mohammed-Ben-Salmane.gif","contentUrl":"https:\/\/kapitalis.com\/tunisie\/wp-content\/uploads\/2023\/05\/Kais-Saied-Mohammed-Ben-Salmane.gif","width":1200,"height":630},{"@type":"BreadcrumbList","@id":"https:\/\/kapitalis.com\/tunisie\/2023\/05\/20\/kais-saied-panarabiste-au-sommet-arabe\/#breadcrumb","itemListElement":[{"@type":"ListItem","position":1,"name":"Accueil","item":"https:\/\/kapitalis.com\/tunisie\/"},{"@type":"ListItem","position":2,"name":"Ka\u00efs Sa\u00efed, panarabiste au sommet arabe"}]},{"@type":"WebSite","@id":"https:\/\/kapitalis.com\/tunisie\/#website","url":"https:\/\/kapitalis.com\/tunisie\/","name":"Kapitalis","description":"L&#039;actualit\u00e9 en Tunisie et dans le monde","publisher":{"@id":"https:\/\/kapitalis.com\/tunisie\/#organization"},"potentialAction":[{"@type":"SearchAction","target":{"@type":"EntryPoint","urlTemplate":"https:\/\/kapitalis.com\/tunisie\/?s={search_term_string}"},"query-input":{"@type":"PropertyValueSpecification","valueRequired":true,"valueName":"search_term_string"}}],"inLanguage":"fr-FR"},{"@type":"Organization","@id":"https:\/\/kapitalis.com\/tunisie\/#organization","name":"Kapitalis","url":"https:\/\/kapitalis.com\/tunisie\/","logo":{"@type":"ImageObject","inLanguage":"fr-FR","@id":"https:\/\/kapitalis.com\/tunisie\/#\/schema\/logo\/image\/","url":"https:\/\/kapitalis.com\/tunisie\/wp-content\/uploads\/2022\/05\/Kapitalis-big-size.png","contentUrl":"https:\/\/kapitalis.com\/tunisie\/wp-content\/uploads\/2022\/05\/Kapitalis-big-size.png","width":5000,"height":1500,"caption":"Kapitalis"},"image":{"@id":"https:\/\/kapitalis.com\/tunisie\/#\/schema\/logo\/image\/"},"sameAs":["https:\/\/www.facebook.com\/KapitalisInfo\/","https:\/\/x.com\/KapitalisInfo","https:\/\/www.youtube.com\/channel\/UC-yDYrHyfFBWWZaOw3FPg9Q"]},{"@type":"Person","@id":"https:\/\/kapitalis.com\/tunisie\/#\/schema\/person\/d71f33a9ca44f7bad4698210b480c8e9","name":"webmaster kapitalis","url":"https:\/\/kapitalis.com\/tunisie\/author\/webmaster-kapitalis\/"}]}},"_links":{"self":[{"href":"https:\/\/kapitalis.com\/tunisie\/wp-json\/wp\/v2\/posts\/7991288","targetHints":{"allow":["GET"]}}],"collection":[{"href":"https:\/\/kapitalis.com\/tunisie\/wp-json\/wp\/v2\/posts"}],"about":[{"href":"https:\/\/kapitalis.com\/tunisie\/wp-json\/wp\/v2\/types\/post"}],"author":[{"embeddable":true,"href":"https:\/\/kapitalis.com\/tunisie\/wp-json\/wp\/v2\/users\/8"}],"replies":[{"embeddable":true,"href":"https:\/\/kapitalis.com\/tunisie\/wp-json\/wp\/v2\/comments?post=7991288"}],"version-history":[{"count":1,"href":"https:\/\/kapitalis.com\/tunisie\/wp-json\/wp\/v2\/posts\/7991288\/revisions"}],"predecessor-version":[{"id":7991374,"href":"https:\/\/kapitalis.com\/tunisie\/wp-json\/wp\/v2\/posts\/7991288\/revisions\/7991374"}],"wp:featuredmedia":[{"embeddable":true,"href":"https:\/\/kapitalis.com\/tunisie\/wp-json\/wp\/v2\/media\/7991366"}],"wp:attachment":[{"href":"https:\/\/kapitalis.com\/tunisie\/wp-json\/wp\/v2\/media?parent=7991288"}],"wp:term":[{"taxonomy":"category","embeddable":true,"href":"https:\/\/kapitalis.com\/tunisie\/wp-json\/wp\/v2\/categories?post=7991288"},{"taxonomy":"post_tag","embeddable":true,"href":"https:\/\/kapitalis.com\/tunisie\/wp-json\/wp\/v2\/tags?post=7991288"}],"curies":[{"name":"wp","href":"https:\/\/api.w.org\/{rel}","templated":true}]}}