{"id":79957,"date":"2017-01-21T13:31:35","date_gmt":"2017-01-21T12:31:35","guid":{"rendered":"http:\/\/kapitalis.com\/tunisie\/?p=79957"},"modified":"2017-01-21T13:56:06","modified_gmt":"2017-01-21T12:56:06","slug":"hopital-de-tajerouine-enquete-sur-le-deces-dun-enfant","status":"publish","type":"post","link":"https:\/\/kapitalis.com\/tunisie\/2017\/01\/21\/hopital-de-tajerouine-enquete-sur-le-deces-dun-enfant\/","title":{"rendered":"H\u00f4pital de Tajerouine: Enqu\u00eate sur le d\u00e9c\u00e8s d\u2019un enfant"},"content":{"rendered":"<p style=\"text-align: center;\"><img loading=\"lazy\" decoding=\"async\" class=\"alignnone size-full wp-image-79959\" src=\"http:\/\/kapitalis.com\/tunisie\/wp-content\/uploads\/2017\/01\/Kef-Tejrouine-d\u00e9c\u00e8s-hopital-enfant.jpg\" alt=\"\" width=\"626\" height=\"380\" \/><\/p>\n<p><em><strong>\u00a0<\/strong><\/em><em><strong>La famille de Mohamed Amine Ben Ali (8 ans) accuse\u00a0l&rsquo;h\u00f4pital de Tajerouine (Kef)\u00a0<\/strong><\/em><em><strong>de n\u00e9gligence ayant caus\u00e9 le\u00a0d\u00e9c\u00e8s de leur enfant.\u00a0<\/strong><\/em><\/p>\n<p>Par<strong> Y\u00fcsra Nemlaghi<\/strong><\/p>\n<p><!--more--><\/p>\n<p>C\u2019est ce qu\u2019a indiqu\u00e9, aujourd\u2019hui, \u00e0 Kapitalis, Hanene, maman d&rsquo;Amine, qui avait \u00e9t\u00e9 pris en charge, mardi 17 janvier 2017, pour une forte fi\u00e8vre due \u00e0 une grippe, par l&rsquo;h\u00f4pital de\u00a0Tajerouine, avant d\u2019\u00eatre transf\u00e9r\u00e9 \u00e0 celui du Kef puis\u00a0\u00e0 celui d&rsquo;Habib Thameur de\u00a0Tunis, o\u00f9 il rendit l\u2019\u00e2me, le jeudi 19 janvier.<\/p>\n<p>\u00ab<em>Mohamed Amine a pr\u00e9sent\u00e9 les sympt\u00f4mes de la\u00a0grippe lundi et nous l\u2019avons emmen\u00e9, mardi, \u00e0 l\u2019h\u00f4pital de Tajerouine, o\u00f9 on lui a prescrit des m\u00e9dicaments. Son \u00e9tat ne s\u2019\u00e9tant pas am\u00e9lior\u00e9, nous l\u2019avons emmen\u00e9 de nouveau aux urgences, mardi soir. Il avait alors 41 de fi\u00e8vre<\/em>\u00bb, raconte Hanene, ajoutant qu\u2019on a admis l&rsquo;enfant dans une chambre, en lui\u00a0branchant\u00a0du\u00a0s\u00e9rum et en lui administrant\u00a0des m\u00e9dicaments.<\/p>\n<p>Mohamed Amine a alors commenc\u00e9 \u00e0 saigner du nez et de la bouche, et malgr\u00e9 les appels incessants de la maman, les infirmi\u00e8res ne se sont pas inqui\u00e9t\u00e9es outre mesure.\u00a0\u00ab<em>Il a fallu que je crie au secours, appelant \u00e0 l\u2019aide, en disant que mon fils allait mourir, pour qu\u2019on r\u00e9ponde enfin \u00e0 mes appels; et c\u2019est l\u00e0 qu\u2019on s\u2019est aper\u00e7u qu\u2019il perdait trop de sang\u00a0et qu&rsquo;on a d\u00e9cid\u00e9\u00a0de le\u00a0transf\u00e9rer \u00e0 l\u2019h\u00f4pital r\u00e9gional du Kef, o\u00f9 il est arriv\u00e9 vers 23h30\u00bb,\u00a0<\/em>poursuit Hanene. Et d&rsquo;encha\u00eener\u00a0:<em> \u00abAu Kef, on m\u2019a dit que son cas est inqui\u00e9tant et que les m\u00e9decins ont d\u00e9cid\u00e9 son transfert \u00e0 l&rsquo;h\u00f4pital Habib Thameur \u00e0 Tunis vers 2h du matin car il saignait encore beaucoup<\/em>\u00bb.<\/p>\n<p>A\u00a0son arriv\u00e9e \u00e0 Tunis, l\u2019enfant a \u00e9t\u00e9 pris en charge imm\u00e9diatement par les m\u00e9decins, qui n\u2019ont pas donn\u00e9 d\u2019explication \u00e0 la famille, se contentant d&rsquo;indiquer qu\u2019il ne fallait pas perdre du temps et qu&rsquo;on devait le traiter d&rsquo;urgence.<\/p>\n<p>Selon Hanene, les m\u00e9decins l\u2019ont rassur\u00e9e et lui ont m\u00eame indiqu\u00e9 que le traitement a \u00e9t\u00e9 bien administr\u00e9. Mais Mohamed Amine rendit l\u2019\u00e2me en r\u00e9animation\u00a0et\u00a0les responsables de l&rsquo;h\u00f4pital se content\u00e8rent de\u00a0pr\u00e9ciser \u00e0 la famille que l&rsquo;autopsie r\u00e9v\u00e9lera les circonstances exactes du d\u00e9c\u00e8s.<\/p>\n<p>\u00ab<em>Les m\u00e9decins de Tajerouine nous on fait perdre beaucoup de temps et ont pris \u00e0 la l\u00e9g\u00e8re l&rsquo;\u00e9tat\u00a0de mon fils. Peut-\u00eatre que s\u2019il avait \u00e9t\u00e9 pris en charge rapidement, il aurait pu \u00eatre\u00a0sauv\u00e9. Les responsables de ce laxisme meurtrier doivent \u00eatre identifi\u00e9s et sanctionn\u00e9s pour que pareil drame ne se reproduise plus avec d\u2019autres patients<\/em>\u00bb, a conclu la maman.<\/p>\n<p>Cette affaire a \u00e9t\u00e9 prise en charge par Moncef Wahani, directeur r\u00e9gional de la Sant\u00e9 au Kef, qui a pr\u00e9cis\u00e9 \u00e0 Kapitalis que les premiers \u00e9l\u00e9ments de l\u2019enqu\u00eate ne prouvent pas de manquement de la part du personnel de\u00a0l\u2019h\u00f4pital de Tajerouine, ajoutant que les investigations qui seront men\u00e9es, d\u00e8s lundi, en coordination avec l\u2019h\u00f4pital Habib Tameur, o\u00f9 Amine est d\u00e9c\u00e9d\u00e9, permettront de conna\u00eetre les causes r\u00e9elles de cette mort.<\/p>\n<p>\u00ab<em>Je vais recevoir la famille du d\u00e9funt et nous m\u00e8nerons l\u2019enqu\u00eate comme il se doit pour r\u00e9v\u00e9ler la v\u00e9rit\u00e9<\/em>\u00bb, a promis Moncef Wahani, qui affirme prendre cette affaire tr\u00e8s au s\u00e9rieux.<\/p>\n<p style=\"text-align: right;\">\n","protected":false},"excerpt":{"rendered":"<p>\u00a0La famille de Mohamed Amine Ben Ali (8 ans) accuse\u00a0l&rsquo;h\u00f4pital de Tajerouine (Kef)\u00a0de n\u00e9gligence ayant caus\u00e9 le\u00a0d\u00e9c\u00e8s de leur enfant.\u00a0 Par Y\u00fcsra Nemlaghi<\/p>\n","protected":false},"author":6,"featured_media":79959,"comment_status":"open","ping_status":"open","sticky":false,"template":"","format":"standard","meta":{"footnotes":""},"categories":[992,998,2433],"tags":[8167,527],"class_list":["post-79957","post","type-post","status-publish","format-standard","has-post-thumbnail","hentry","category-a-la-une","category-societe","category-tunisie","tag-grippe","tag-kef"],"yoast_head":"<!-- This site is optimized with the Yoast SEO plugin v26.6 - https:\/\/yoast.com\/wordpress\/plugins\/seo\/ -->\n<title>H\u00f4pital de Tajerouine: Enqu\u00eate sur le d\u00e9c\u00e8s d\u2019un enfant - Kapitalis<\/title>\n<meta name=\"robots\" content=\"index, follow, max-snippet:-1, max-image-preview:large, max-video-preview:-1\" \/>\n<link rel=\"canonical\" href=\"https:\/\/kapitalis.com\/tunisie\/2017\/01\/21\/hopital-de-tajerouine-enquete-sur-le-deces-dun-enfant\/\" \/>\n<meta property=\"og:locale\" content=\"fr_FR\" \/>\n<meta property=\"og:type\" content=\"article\" \/>\n<meta property=\"og:title\" content=\"H\u00f4pital de Tajerouine: Enqu\u00eate sur le d\u00e9c\u00e8s d\u2019un enfant - Kapitalis\" \/>\n<meta property=\"og:description\" content=\"\u00a0La famille de Mohamed Amine Ben Ali (8 ans) accuse\u00a0l&rsquo;h\u00f4pital de Tajerouine (Kef)\u00a0de n\u00e9gligence ayant caus\u00e9 le\u00a0d\u00e9c\u00e8s de leur enfant.\u00a0 Par Y\u00fcsra Nemlaghi\" \/>\n<meta property=\"og:url\" content=\"https:\/\/kapitalis.com\/tunisie\/2017\/01\/21\/hopital-de-tajerouine-enquete-sur-le-deces-dun-enfant\/\" \/>\n<meta property=\"og:site_name\" content=\"Kapitalis\" \/>\n<meta property=\"article:publisher\" content=\"https:\/\/www.facebook.com\/KapitalisInfo\/\" \/>\n<meta property=\"article:published_time\" content=\"2017-01-21T12:31:35+00:00\" \/>\n<meta property=\"article:modified_time\" content=\"2017-01-21T12:56:06+00:00\" \/>\n<meta property=\"og:image\" content=\"https:\/\/kapitalis.com\/tunisie\/wp-content\/uploads\/2022\/05\/kapitalis-logo-fb.png\" \/>\n\t<meta property=\"og:image:width\" content=\"1200\" \/>\n\t<meta property=\"og:image:height\" content=\"630\" \/>\n\t<meta property=\"og:image:type\" content=\"image\/png\" \/>\n<meta name=\"author\" content=\"Yusra NY\" \/>\n<meta name=\"twitter:card\" content=\"summary_large_image\" \/>\n<meta name=\"twitter:creator\" content=\"@KapitalisInfo\" \/>\n<meta name=\"twitter:site\" content=\"@KapitalisInfo\" \/>\n<meta name=\"twitter:label1\" content=\"\u00c9crit par\" \/>\n\t<meta name=\"twitter:data1\" content=\"Yusra NY\" \/>\n\t<meta name=\"twitter:label2\" content=\"Dur\u00e9e de lecture estim\u00e9e\" \/>\n\t<meta name=\"twitter:data2\" content=\"3 minutes\" \/>\n<script type=\"application\/ld+json\" class=\"yoast-schema-graph\">{\"@context\":\"https:\/\/schema.org\",\"@graph\":[{\"@type\":\"Article\",\"@id\":\"https:\/\/kapitalis.com\/tunisie\/2017\/01\/21\/hopital-de-tajerouine-enquete-sur-le-deces-dun-enfant\/#article\",\"isPartOf\":{\"@id\":\"https:\/\/kapitalis.com\/tunisie\/2017\/01\/21\/hopital-de-tajerouine-enquete-sur-le-deces-dun-enfant\/\"},\"author\":{\"name\":\"Yusra NY\",\"@id\":\"https:\/\/kapitalis.com\/tunisie\/#\/schema\/person\/74bbde0154d49d790a92aaeac5bc01d5\"},\"headline\":\"H\u00f4pital de Tajerouine: Enqu\u00eate sur le d\u00e9c\u00e8s d\u2019un enfant\",\"datePublished\":\"2017-01-21T12:31:35+00:00\",\"dateModified\":\"2017-01-21T12:56:06+00:00\",\"mainEntityOfPage\":{\"@id\":\"https:\/\/kapitalis.com\/tunisie\/2017\/01\/21\/hopital-de-tajerouine-enquete-sur-le-deces-dun-enfant\/\"},\"wordCount\":609,\"commentCount\":5,\"publisher\":{\"@id\":\"https:\/\/kapitalis.com\/tunisie\/#organization\"},\"image\":{\"@id\":\"https:\/\/kapitalis.com\/tunisie\/2017\/01\/21\/hopital-de-tajerouine-enquete-sur-le-deces-dun-enfant\/#primaryimage\"},\"thumbnailUrl\":\"\",\"keywords\":[\"Grippe\",\"Kef\"],\"articleSection\":[\"A LA UNE\",\"SOCIETE\",\"Tunisie\"],\"inLanguage\":\"fr-FR\",\"potentialAction\":[{\"@type\":\"CommentAction\",\"name\":\"Comment\",\"target\":[\"https:\/\/kapitalis.com\/tunisie\/2017\/01\/21\/hopital-de-tajerouine-enquete-sur-le-deces-dun-enfant\/#respond\"]}]},{\"@type\":\"WebPage\",\"@id\":\"https:\/\/kapitalis.com\/tunisie\/2017\/01\/21\/hopital-de-tajerouine-enquete-sur-le-deces-dun-enfant\/\",\"url\":\"https:\/\/kapitalis.com\/tunisie\/2017\/01\/21\/hopital-de-tajerouine-enquete-sur-le-deces-dun-enfant\/\",\"name\":\"H\u00f4pital de Tajerouine: Enqu\u00eate sur le d\u00e9c\u00e8s d\u2019un enfant - Kapitalis\",\"isPartOf\":{\"@id\":\"https:\/\/kapitalis.com\/tunisie\/#website\"},\"primaryImageOfPage\":{\"@id\":\"https:\/\/kapitalis.com\/tunisie\/2017\/01\/21\/hopital-de-tajerouine-enquete-sur-le-deces-dun-enfant\/#primaryimage\"},\"image\":{\"@id\":\"https:\/\/kapitalis.com\/tunisie\/2017\/01\/21\/hopital-de-tajerouine-enquete-sur-le-deces-dun-enfant\/#primaryimage\"},\"thumbnailUrl\":\"\",\"datePublished\":\"2017-01-21T12:31:35+00:00\",\"dateModified\":\"2017-01-21T12:56:06+00:00\",\"breadcrumb\":{\"@id\":\"https:\/\/kapitalis.com\/tunisie\/2017\/01\/21\/hopital-de-tajerouine-enquete-sur-le-deces-dun-enfant\/#breadcrumb\"},\"inLanguage\":\"fr-FR\",\"potentialAction\":[{\"@type\":\"ReadAction\",\"target\":[\"https:\/\/kapitalis.com\/tunisie\/2017\/01\/21\/hopital-de-tajerouine-enquete-sur-le-deces-dun-enfant\/\"]}]},{\"@type\":\"ImageObject\",\"inLanguage\":\"fr-FR\",\"@id\":\"https:\/\/kapitalis.com\/tunisie\/2017\/01\/21\/hopital-de-tajerouine-enquete-sur-le-deces-dun-enfant\/#primaryimage\",\"url\":\"\",\"contentUrl\":\"\"},{\"@type\":\"BreadcrumbList\",\"@id\":\"https:\/\/kapitalis.com\/tunisie\/2017\/01\/21\/hopital-de-tajerouine-enquete-sur-le-deces-dun-enfant\/#breadcrumb\",\"itemListElement\":[{\"@type\":\"ListItem\",\"position\":1,\"name\":\"Accueil\",\"item\":\"https:\/\/kapitalis.com\/tunisie\/\"},{\"@type\":\"ListItem\",\"position\":2,\"name\":\"H\u00f4pital de Tajerouine: Enqu\u00eate sur le d\u00e9c\u00e8s d\u2019un enfant\"}]},{\"@type\":\"WebSite\",\"@id\":\"https:\/\/kapitalis.com\/tunisie\/#website\",\"url\":\"https:\/\/kapitalis.com\/tunisie\/\",\"name\":\"Kapitalis\",\"description\":\"L&#039;actualit\u00e9 en Tunisie et dans le monde\",\"publisher\":{\"@id\":\"https:\/\/kapitalis.com\/tunisie\/#organization\"},\"potentialAction\":[{\"@type\":\"SearchAction\",\"target\":{\"@type\":\"EntryPoint\",\"urlTemplate\":\"https:\/\/kapitalis.com\/tunisie\/?s={search_term_string}\"},\"query-input\":{\"@type\":\"PropertyValueSpecification\",\"valueRequired\":true,\"valueName\":\"search_term_string\"}}],\"inLanguage\":\"fr-FR\"},{\"@type\":\"Organization\",\"@id\":\"https:\/\/kapitalis.com\/tunisie\/#organization\",\"name\":\"Kapitalis\",\"url\":\"https:\/\/kapitalis.com\/tunisie\/\",\"logo\":{\"@type\":\"ImageObject\",\"inLanguage\":\"fr-FR\",\"@id\":\"https:\/\/kapitalis.com\/tunisie\/#\/schema\/logo\/image\/\",\"url\":\"https:\/\/kapitalis.com\/tunisie\/wp-content\/uploads\/2022\/05\/Kapitalis-big-size.png\",\"contentUrl\":\"https:\/\/kapitalis.com\/tunisie\/wp-content\/uploads\/2022\/05\/Kapitalis-big-size.png\",\"width\":5000,\"height\":1500,\"caption\":\"Kapitalis\"},\"image\":{\"@id\":\"https:\/\/kapitalis.com\/tunisie\/#\/schema\/logo\/image\/\"},\"sameAs\":[\"https:\/\/www.facebook.com\/KapitalisInfo\/\",\"https:\/\/x.com\/KapitalisInfo\",\"https:\/\/www.youtube.com\/channel\/UC-yDYrHyfFBWWZaOw3FPg9Q\"]},{\"@type\":\"Person\",\"@id\":\"https:\/\/kapitalis.com\/tunisie\/#\/schema\/person\/74bbde0154d49d790a92aaeac5bc01d5\",\"name\":\"Yusra NY\",\"url\":\"https:\/\/kapitalis.com\/tunisie\/author\/yuza_adam\/\"}]}<\/script>\n<!-- \/ Yoast SEO plugin. -->","yoast_head_json":{"title":"H\u00f4pital de Tajerouine: Enqu\u00eate sur le d\u00e9c\u00e8s d\u2019un enfant - Kapitalis","robots":{"index":"index","follow":"follow","max-snippet":"max-snippet:-1","max-image-preview":"max-image-preview:large","max-video-preview":"max-video-preview:-1"},"canonical":"https:\/\/kapitalis.com\/tunisie\/2017\/01\/21\/hopital-de-tajerouine-enquete-sur-le-deces-dun-enfant\/","og_locale":"fr_FR","og_type":"article","og_title":"H\u00f4pital de Tajerouine: Enqu\u00eate sur le d\u00e9c\u00e8s d\u2019un enfant - Kapitalis","og_description":"\u00a0La famille de Mohamed Amine Ben Ali (8 ans) accuse\u00a0l&rsquo;h\u00f4pital de Tajerouine (Kef)\u00a0de n\u00e9gligence ayant caus\u00e9 le\u00a0d\u00e9c\u00e8s de leur enfant.\u00a0 Par Y\u00fcsra Nemlaghi","og_url":"https:\/\/kapitalis.com\/tunisie\/2017\/01\/21\/hopital-de-tajerouine-enquete-sur-le-deces-dun-enfant\/","og_site_name":"Kapitalis","article_publisher":"https:\/\/www.facebook.com\/KapitalisInfo\/","article_published_time":"2017-01-21T12:31:35+00:00","article_modified_time":"2017-01-21T12:56:06+00:00","og_image":[{"width":1200,"height":630,"url":"https:\/\/kapitalis.com\/tunisie\/wp-content\/uploads\/2022\/05\/kapitalis-logo-fb.png","type":"image\/png"}],"author":"Yusra NY","twitter_card":"summary_large_image","twitter_creator":"@KapitalisInfo","twitter_site":"@KapitalisInfo","twitter_misc":{"\u00c9crit par":"Yusra NY","Dur\u00e9e de lecture estim\u00e9e":"3 minutes"},"schema":{"@context":"https:\/\/schema.org","@graph":[{"@type":"Article","@id":"https:\/\/kapitalis.com\/tunisie\/2017\/01\/21\/hopital-de-tajerouine-enquete-sur-le-deces-dun-enfant\/#article","isPartOf":{"@id":"https:\/\/kapitalis.com\/tunisie\/2017\/01\/21\/hopital-de-tajerouine-enquete-sur-le-deces-dun-enfant\/"},"author":{"name":"Yusra NY","@id":"https:\/\/kapitalis.com\/tunisie\/#\/schema\/person\/74bbde0154d49d790a92aaeac5bc01d5"},"headline":"H\u00f4pital de Tajerouine: Enqu\u00eate sur le d\u00e9c\u00e8s d\u2019un enfant","datePublished":"2017-01-21T12:31:35+00:00","dateModified":"2017-01-21T12:56:06+00:00","mainEntityOfPage":{"@id":"https:\/\/kapitalis.com\/tunisie\/2017\/01\/21\/hopital-de-tajerouine-enquete-sur-le-deces-dun-enfant\/"},"wordCount":609,"commentCount":5,"publisher":{"@id":"https:\/\/kapitalis.com\/tunisie\/#organization"},"image":{"@id":"https:\/\/kapitalis.com\/tunisie\/2017\/01\/21\/hopital-de-tajerouine-enquete-sur-le-deces-dun-enfant\/#primaryimage"},"thumbnailUrl":"","keywords":["Grippe","Kef"],"articleSection":["A LA UNE","SOCIETE","Tunisie"],"inLanguage":"fr-FR","potentialAction":[{"@type":"CommentAction","name":"Comment","target":["https:\/\/kapitalis.com\/tunisie\/2017\/01\/21\/hopital-de-tajerouine-enquete-sur-le-deces-dun-enfant\/#respond"]}]},{"@type":"WebPage","@id":"https:\/\/kapitalis.com\/tunisie\/2017\/01\/21\/hopital-de-tajerouine-enquete-sur-le-deces-dun-enfant\/","url":"https:\/\/kapitalis.com\/tunisie\/2017\/01\/21\/hopital-de-tajerouine-enquete-sur-le-deces-dun-enfant\/","name":"H\u00f4pital de Tajerouine: Enqu\u00eate sur le d\u00e9c\u00e8s d\u2019un enfant - Kapitalis","isPartOf":{"@id":"https:\/\/kapitalis.com\/tunisie\/#website"},"primaryImageOfPage":{"@id":"https:\/\/kapitalis.com\/tunisie\/2017\/01\/21\/hopital-de-tajerouine-enquete-sur-le-deces-dun-enfant\/#primaryimage"},"image":{"@id":"https:\/\/kapitalis.com\/tunisie\/2017\/01\/21\/hopital-de-tajerouine-enquete-sur-le-deces-dun-enfant\/#primaryimage"},"thumbnailUrl":"","datePublished":"2017-01-21T12:31:35+00:00","dateModified":"2017-01-21T12:56:06+00:00","breadcrumb":{"@id":"https:\/\/kapitalis.com\/tunisie\/2017\/01\/21\/hopital-de-tajerouine-enquete-sur-le-deces-dun-enfant\/#breadcrumb"},"inLanguage":"fr-FR","potentialAction":[{"@type":"ReadAction","target":["https:\/\/kapitalis.com\/tunisie\/2017\/01\/21\/hopital-de-tajerouine-enquete-sur-le-deces-dun-enfant\/"]}]},{"@type":"ImageObject","inLanguage":"fr-FR","@id":"https:\/\/kapitalis.com\/tunisie\/2017\/01\/21\/hopital-de-tajerouine-enquete-sur-le-deces-dun-enfant\/#primaryimage","url":"","contentUrl":""},{"@type":"BreadcrumbList","@id":"https:\/\/kapitalis.com\/tunisie\/2017\/01\/21\/hopital-de-tajerouine-enquete-sur-le-deces-dun-enfant\/#breadcrumb","itemListElement":[{"@type":"ListItem","position":1,"name":"Accueil","item":"https:\/\/kapitalis.com\/tunisie\/"},{"@type":"ListItem","position":2,"name":"H\u00f4pital de Tajerouine: Enqu\u00eate sur le d\u00e9c\u00e8s d\u2019un enfant"}]},{"@type":"WebSite","@id":"https:\/\/kapitalis.com\/tunisie\/#website","url":"https:\/\/kapitalis.com\/tunisie\/","name":"Kapitalis","description":"L&#039;actualit\u00e9 en Tunisie et dans le monde","publisher":{"@id":"https:\/\/kapitalis.com\/tunisie\/#organization"},"potentialAction":[{"@type":"SearchAction","target":{"@type":"EntryPoint","urlTemplate":"https:\/\/kapitalis.com\/tunisie\/?s={search_term_string}"},"query-input":{"@type":"PropertyValueSpecification","valueRequired":true,"valueName":"search_term_string"}}],"inLanguage":"fr-FR"},{"@type":"Organization","@id":"https:\/\/kapitalis.com\/tunisie\/#organization","name":"Kapitalis","url":"https:\/\/kapitalis.com\/tunisie\/","logo":{"@type":"ImageObject","inLanguage":"fr-FR","@id":"https:\/\/kapitalis.com\/tunisie\/#\/schema\/logo\/image\/","url":"https:\/\/kapitalis.com\/tunisie\/wp-content\/uploads\/2022\/05\/Kapitalis-big-size.png","contentUrl":"https:\/\/kapitalis.com\/tunisie\/wp-content\/uploads\/2022\/05\/Kapitalis-big-size.png","width":5000,"height":1500,"caption":"Kapitalis"},"image":{"@id":"https:\/\/kapitalis.com\/tunisie\/#\/schema\/logo\/image\/"},"sameAs":["https:\/\/www.facebook.com\/KapitalisInfo\/","https:\/\/x.com\/KapitalisInfo","https:\/\/www.youtube.com\/channel\/UC-yDYrHyfFBWWZaOw3FPg9Q"]},{"@type":"Person","@id":"https:\/\/kapitalis.com\/tunisie\/#\/schema\/person\/74bbde0154d49d790a92aaeac5bc01d5","name":"Yusra NY","url":"https:\/\/kapitalis.com\/tunisie\/author\/yuza_adam\/"}]}},"_links":{"self":[{"href":"https:\/\/kapitalis.com\/tunisie\/wp-json\/wp\/v2\/posts\/79957","targetHints":{"allow":["GET"]}}],"collection":[{"href":"https:\/\/kapitalis.com\/tunisie\/wp-json\/wp\/v2\/posts"}],"about":[{"href":"https:\/\/kapitalis.com\/tunisie\/wp-json\/wp\/v2\/types\/post"}],"author":[{"embeddable":true,"href":"https:\/\/kapitalis.com\/tunisie\/wp-json\/wp\/v2\/users\/6"}],"replies":[{"embeddable":true,"href":"https:\/\/kapitalis.com\/tunisie\/wp-json\/wp\/v2\/comments?post=79957"}],"version-history":[{"count":0,"href":"https:\/\/kapitalis.com\/tunisie\/wp-json\/wp\/v2\/posts\/79957\/revisions"}],"wp:featuredmedia":[{"embeddable":true,"href":"https:\/\/kapitalis.com\/tunisie\/wp-json\/wp\/v2\/media\/79959"}],"wp:attachment":[{"href":"https:\/\/kapitalis.com\/tunisie\/wp-json\/wp\/v2\/media?parent=79957"}],"wp:term":[{"taxonomy":"category","embeddable":true,"href":"https:\/\/kapitalis.com\/tunisie\/wp-json\/wp\/v2\/categories?post=79957"},{"taxonomy":"post_tag","embeddable":true,"href":"https:\/\/kapitalis.com\/tunisie\/wp-json\/wp\/v2\/tags?post=79957"}],"curies":[{"name":"wp","href":"https:\/\/api.w.org\/{rel}","templated":true}]}}