{"id":80040,"date":"2017-01-22T12:29:40","date_gmt":"2017-01-22T11:29:40","guid":{"rendered":"http:\/\/kapitalis.com\/tunisie\/?p=80040"},"modified":"2017-01-22T12:41:29","modified_gmt":"2017-01-22T11:41:29","slug":"youssef-chahed-face-au-miroir-aux-alouettes","status":"publish","type":"post","link":"https:\/\/kapitalis.com\/tunisie\/2017\/01\/22\/youssef-chahed-face-au-miroir-aux-alouettes\/","title":{"rendered":"Youssef Chahed face au miroir aux alouettes"},"content":{"rendered":"<p><img loading=\"lazy\" decoding=\"async\" class=\"alignnone size-full wp-image-80041 aligncenter\" src=\"http:\/\/kapitalis.com\/tunisie\/wp-content\/uploads\/2017\/01\/Youssef-Chahed.jpg\" alt=\"\" width=\"626\" height=\"380\" \/><\/p>\n<p><em><strong>Outre la difficult\u00e9 de r\u00e9pondre aux besoins de la soci\u00e9t\u00e9, Youssef Chahed doit composer avec un chef d\u2019Etat qui se comporte comme l\u2019authentique repr\u00e9sentant d\u2019un r\u00e9gime pr\u00e9sidentiel.<\/strong> <\/em><\/p>\n<p>Par <strong>Yassine Essid<\/strong><\/p>\n<p><!--more--><\/p>\n<p>A quoi pense Youssef Chahed quand il se rase le matin? A rien. Il est engag\u00e9 sous contrat \u00e0 dur\u00e9e d\u00e9termin\u00e9e (CDD) qui ne laisse esp\u00e9rer aucune garantie d\u2019emploi pour l\u2019avenir et n\u2019autorise aucunement au chef de gouvernement de s\u2019\u00e9lever \u00e0 une plus grande place en d\u00e9pit de la volont\u00e9 de puissance qui semble l\u2019animer en permanence.<\/p>\n<p>Dans la mesure o\u00f9, politiquement, il est encore au stade du miroir, que voit-il quand il se regarde dans la glace? La reconnaissance de son soi \u00e9videmment, et surtout le bonheur qu\u2019il a \u00e0 contempler sa propre image au point de se prendre pour l\u2019homme providentiel, g\u00e9opoliticien et visionnaire, en possession du charisme n\u00e9cessaire \u00e0 la capacit\u00e9 d\u2019entra\u00eener. Le voil\u00e0 incarnant \u00e0 lui seul un monde, dans une Tunisie inqui\u00e8te.<\/p>\n<p><strong>La gymnastique des apparences trompeuses<\/strong><\/p>\n<p>Certes, son propre reflet, les expressions de son visage, la voix et les gestes restent inchang\u00e9s, mais la conscience de lui-m\u00eame est empreinte de ressentis, model\u00e9e par ses \u00e9motions, d\u00e9form\u00e9e par le regard des autres, m\u00e9dias et public, autant que par ses propres fantasmes et par la reproduction interne des ph\u00e9nom\u00e8nes ext\u00e9rieurs: la mani\u00e8re de se faire comprendre, ob\u00e9ir, \u00e9ventuellement de se faire aimer et surtout \u00e0 la fa\u00e7on de se conforter dans l\u2019illusion qu\u2019il a bien une politique qui r\u00e9soudra efficacement tous les probl\u00e8mes d\u2019organisation de la soci\u00e9t\u00e9, pr\u00e9sents et \u00e0 venir.<\/p>\n<p style=\"text-align: center;\"><img loading=\"lazy\" decoding=\"async\" class=\"alignnone wp-image-80045\" src=\"http:\/\/kapitalis.com\/tunisie\/wp-content\/uploads\/2017\/01\/Youssef-Chahed-Etudiants.jpg\" width=\"500\" height=\"333\" \/><\/p>\n<p style=\"text-align: center;\"><em>Youssef Chahed\u00a0s&rsquo;adresse \u00e0 des jeunes \u00e9tudiants enthousiastes.<\/em><\/p>\n<p>Les choses ne sont en r\u00e9alit\u00e9 pas si simples : il n\u2019y a pas notre moi d\u2019un c\u00f4t\u00e9 et la r\u00e9alit\u00e9 complexe et mouvante de l\u2019autre. Les images que le Premier ministre a de lui-m\u00eame constituent au contraire la substance m\u00eame de l\u2019absence d\u2019une prise de conscience d\u2019une r\u00e9alit\u00e9 objective, tangible, commune \u00e0 tous, \u00e0 la port\u00e9e des strat\u00e8ges en management public. Il faut cependant reconna\u00eetre qu\u2019il n\u2019est pas le seul \u00e0 pratiquer la gymnastique des opinions fausses et des apparences trompeuses. D\u2019autres vivent comme lui dans la perception erron\u00e9e qu\u2019ils poss\u00e8dent la possibilit\u00e9 effective de r\u00e9pondre aux besoins de la soci\u00e9t\u00e9. Leur adh\u00e9sion pass\u00e9e \u00e0 l\u2019alliance passag\u00e8re, exag\u00e9r\u00e9ment baptis\u00e9e alors \u00ab<em>union nationale<\/em>\u00bb, leur offrit l\u2019immense soulagement d\u2019abdiquer toute initiative au petit caprice d\u2019un pr\u00e9sident sous influence dans le choix d\u2019un na\u00eff qui sort de l\u2019\u0153uf, choisi par hasard pour faire de son mieux. Vitalit\u00e9 et dynamisme suffisaient, dit-on, \u00e0 valoriser sa jeunesse li\u00e9e \u00e0 l\u2019avenir, deux qualit\u00e9s r\u00e9unies pour servir de support \u00e0 une revendication de d\u00e9mocratie et de progr\u00e8s. <em>\u00abUn Premier ministre jeune pour une Tunisie moderne<\/em>\u00bb pourrait parfaitement passer pour le slogan politique des deux derni\u00e8res ann\u00e9es du mandat de B\u00e9ji Ca\u00efd Essebsi qui, en revanche, n\u2019a ni pass\u00e9 d\u00e9mocratique ni avenir politique.<\/p>\n<p><strong>La certitude d\u2019avoir toujours raison<\/strong><\/p>\n<p>Le dernier discours de Youssef Chahed, adress\u00e9 \u00e0 de jeunes \u00e9tudiants enthousiastes, prouve qu\u2019il y a encore un doctrinaire parmi nous. Un \u00eatre platonique, un pur esprit contemplatif, une individualit\u00e9 extra-sociale qui, lorsqu\u2019il lui arrive de penser, il pense \u00e0 c\u00f4t\u00e9 des r\u00e9alit\u00e9s, ne daigne pas s\u2019abaisser aux choses triviales que chacun voit, mais uniquement \u00e0 ce qu\u2019il voit tout seul. Alors il cr\u00e9e un monde pour lui, celui des id\u00e9es, qu\u2019il gouverne \u00e0 sa fa\u00e7on. Et dans la mesure o\u00f9 il ne s\u2019aper\u00e7oit d\u2019aucun des changements, il passe au travers de cet autre monde v\u00e9cu, \u00e0 la fois agit\u00e9, d\u00e9sordonn\u00e9, al\u00e9atoire, travers\u00e9 de par et d\u2019autre et en permanence par les vicissitudes d\u2019un quotidien qui pr\u00e9occupe l\u2019ensemble de l\u2019humanit\u00e9.<\/p>\n<p>Toujours est-il que notre doctrinaire ne se pr\u00e9occupe point de ce qui est mais plus volontiers de ce qui n\u2019est pas. Il s\u2019ensuit qu\u2019il se cr\u00e9e un monde \u00e0 lui \u00e0 travers sa doctrine appel\u00e9e \u00e0 rendre au pays sa prosp\u00e9rit\u00e9 et au peuple son bien-\u00eatre. Des id\u00e9es st\u00e9riles enrob\u00e9es sous des paroles majestueuses qu\u2019applaudiraient volontairement les technocrates born\u00e9s et obtus qui ne comprennent rien \u00e0 la soci\u00e9t\u00e9 mais qui ont la certitude d\u2019avoir toujours raison.<\/p>\n<p style=\"text-align: center;\"><img loading=\"lazy\" decoding=\"async\" class=\"alignnone wp-image-80046\" src=\"http:\/\/kapitalis.com\/tunisie\/wp-content\/uploads\/2017\/01\/Youssef-Chahed-Jendouba-1.jpg\" width=\"500\" height=\"333\" \/><\/p>\n<p style=\"text-align: center;\"><em>Un doctrinaire face aux vicissitudes d\u2019un quotidien trivial et t\u00eatu.\u00a0<\/em><\/p>\n<p>Face \u00e0 l\u2019\u00e9chec, \u00e0 ses yeux av\u00e9r\u00e9, de toutes les politiques \u00e9conomiques entreprises \u00e0 ce jour et bien que ne disposant que d\u2019un tr\u00e8s court terme, sa vision sera fond\u00e9e sur l\u2019\u00e9tablissement pur et simple d\u2019un nouveau mod\u00e8le de soci\u00e9t\u00e9, dont il serait le seul \u00e0 ma\u00eetriser les tenants et les aboutissants, et dans lequel se combineraient l\u2019\u00e9conomie de march\u00e9 avec un certain degr\u00e9 d\u2019intervention de l\u2019Etat. Il lui suffit donc d\u2019imaginer ce qui doit \u00eatre et les \u00e9v\u00e9nements humains se plieront sous sa raison souveraine.<\/p>\n<p>Or, quoiqu\u2019il dise ou fasse, l\u2019avenir en commun part de la soci\u00e9t\u00e9 elle-m\u00eame, d\u2019en bas et pas d\u2019en haut. C\u2019est le propre des r\u00e9volutions citoyennes, cens\u00e9es faire assumer \u00e0 la soci\u00e9t\u00e9 la responsabilit\u00e9 de tous. Si la r\u00e9volution avait en elle d\u2019immenses cons\u00e9quences \u00e0 provoquer, la doctrine de M. Chahed les d\u00e9truira pour les remplacer par des r\u00e9sultats imaginaires.<\/p>\n<p>Or, aujourd\u2019hui, l\u2019activit\u00e9 du gouvernement est plus que jamais d\u00e9termin\u00e9e par le quotidien, fait de monotone banalit\u00e9 et de r\u00e9p\u00e9titivit\u00e9 lassante, exclu du domaine des sciences politiques car il fait obstacle \u00e0 la cr\u00e9ation, au changement. Il repr\u00e9sente pourtant la r\u00e9alit\u00e9 toute crue, humaine, fonctionnelle, sans parti-pris politique ni discrimination.<\/p>\n<p><strong>L\u2019irresponsabilit\u00e9 jointe \u00e0 l\u2019incomp\u00e9tence <\/strong><\/p>\n<p>En d\u00e9pit des nombreuses campagnes engag\u00e9es contre ceci ou cela, rest\u00e9es sans suite, et malgr\u00e9 les menaces de sanctions, rien n\u2019a vraiment alt\u00e9r\u00e9 la passivit\u00e9 organis\u00e9e. C\u2019est qu\u2019au-del\u00e0 des trains de mesures adopt\u00e9es jamais abouties, il y a la vie quotidienne, ce lieu des insignifiances, dans laquelle les institutions sociales et la mentalit\u00e9 collective trouvent leurs racines et leur signification. On y trouve de tout : l\u2019irresponsabilit\u00e9 jointe \u00e0 l\u2019incomp\u00e9tence, une situation \u00e9conomique et morale d\u00e9sastreuse, la d\u00e9gradation du syst\u00e8me \u00e9ducatif, l\u2019insupportable ch\u00f4mage des jeunes, le d\u00e9mant\u00e8lement programm\u00e9 des structures administratives, l\u2019absence de r\u00e9formes structurelles, le cafouillage gouvernemental, la hausse insupportable des prix \u00e0 la consommation, la crise du logement, une classe moyenne en voie de paup\u00e9risation dont on continue cependant \u00e0 flatter les penchants consum\u00e9ristes, la d\u00e9sagr\u00e9gation des r\u00e8gles d&rsquo;honn\u00eatet\u00e9 courante et le d\u00e9litement des relations sociales, l\u2019explosion de la d\u00e9linquance, l\u2019ins\u00e9curit\u00e9 et le trafic de drogues en progr\u00e8s, la menace terroriste, la d\u00e9sorganisation des services publics, les p\u00e9nuries intermittentes de certaines denr\u00e9es, la corruption, apanage des Etats en voie d\u2019effondrement, l\u2019extension de la pr\u00e9carit\u00e9 dans un pays qui donne de moins en moins confiance aux investisseurs \u00e9trangers.<\/p>\n<p>Les id\u00e9es, les valeurs et les repr\u00e9sentations de la r\u00e9alit\u00e9 sociale, constituent \u00e9galement une dimension importante du fonctionnement du syst\u00e8me \u00e9conomique au quotidien d\u00e9fini comme le concret, le v\u00e9cu, et ne peut que donner lieu \u00e0 des pratiques communes que rejettent les dogmes de la pens\u00e9e savante: l\u2019\u00e9change informel, la corruption, la contrebande, la petite et la grande d\u00e9linquance ne sauraient alors int\u00e9grer le cadre de l&rsquo;\u00e9conomie de march\u00e9.<\/p>\n<p>D\u2019autant plus qu\u2019avec le temps, ces normes et valeurs d\u2019un monde devenu ordinaire ont acquis un caract\u00e8re \u00e9vident et m\u00eame habituel. C\u2019est spontan\u00e9ment qu\u2019elles sont appliqu\u00e9es et suivies. Elles constituent une \u00abseconde nature\u00bb des agents \u00e9conomiques. Aucune politique, si g\u00e9niale et prometteuse soit-elle, ne pourrait s\u2019affranchir de ces normes qu\u2019on est forc\u00e9s de reconna\u00eetre comme allant de soi.<\/p>\n<p style=\"text-align: center;\"><img loading=\"lazy\" decoding=\"async\" class=\"alignnone wp-image-80048\" src=\"http:\/\/kapitalis.com\/tunisie\/wp-content\/uploads\/2017\/01\/Caid-Essebsi-Gafsa.jpg\" alt=\"Caid Essebsi Gafsa\" width=\"500\" height=\"377\" \/><\/p>\n<p style=\"text-align: center;\"><em>B\u00e9ji Caid Essebsi joue les Papa No\u00ebl \u00e0 Gafsa.<\/em><\/p>\n<p><strong>Mille projets pour Gafsa<\/strong><\/p>\n<p>C\u2019est dans ce cadre de vie, \u00e0 travers les pratiques journali\u00e8res du monde ordinaire, fait d\u2019arrangements, de tractations et de petites combines, de d\u00e9tournement de la r\u00e9glementation, de d\u00e9brouillardises n\u00e9cessaires pour se d\u00e9gager des difficult\u00e9s complexes, ou tirer parti des failles du syst\u00e8me pour am\u00e9liorer ses moyens d\u2019existence, que se pense toute politique. C\u2019est cet ensemble parcellis\u00e9 des fonctionnalit\u00e9s de la soci\u00e9t\u00e9, qui forment des domaines en apparences isol\u00e9s et distincts, qui constitue l\u2019arri\u00e8re plan incontournable des r\u00e9formes envisag\u00e9es.<\/p>\n<p>Enfin, pour r\u00e9aliser son programme, Youssef Chahed doit surtout composer avec un chef d\u2019Etat de plus en plus volatile, impr\u00e9visible et qui se comporte comme l\u2019authentique repr\u00e9sentant d\u2019un r\u00e9gime pr\u00e9sidentiel. Ne voulant pas arriver les mains vides, B\u00e9ji Ca\u00efd Essebsi avait promis contre toute attente 1000 projets aux habitants de Gafsa.<\/p>\n<p>Un chiffre s\u00fbrement concoct\u00e9 \u00e0 mille lieux de sa destination. Et d\u2019abord pourquoi avoir attendu si longtemps pour l\u2019annoncer? Et pourquoi 1000? Pourquoi pas 800 ou 2200? C\u2019est que le chiffre mille est un chiffre qui revient fr\u00e9quemment et manifeste un sens symbolique. On pr\u00e9tend m\u00eame qu\u2019il poss\u00e8de une signification mystique et revient 4 fois dans le Coran. Symbole de multitude, il est souvent utilis\u00e9 pour \u00e9voquer une quantit\u00e9 ind\u00e9finie. On envoie mille amiti\u00e9s, on exprime mille excuses, on transmet mille respects, on rencontre mille difficult\u00e9s, on souffre mille maux, on prend mille pr\u00e9caution et on fini par promettre\u2026 mille projets !<\/p>\n","protected":false},"excerpt":{"rendered":"<p>Outre la difficult\u00e9 de r\u00e9pondre aux besoins de la soci\u00e9t\u00e9, Youssef Chahed doit composer avec un chef d\u2019Etat qui se comporte comme l\u2019authentique repr\u00e9sentant d\u2019un r\u00e9gime pr\u00e9sidentiel. Par Yassine Essid<\/p>\n","protected":false},"author":8,"featured_media":80041,"comment_status":"open","ping_status":"open","sticky":false,"template":"","format":"standard","meta":{"footnotes":""},"categories":[992,997,2433],"tags":[],"class_list":["post-80040","post","type-post","status-publish","format-standard","has-post-thumbnail","hentry","category-a-la-une","category-politique","category-tunisie"],"yoast_head":"<!-- This site is optimized with the Yoast SEO plugin v26.6 - https:\/\/yoast.com\/wordpress\/plugins\/seo\/ -->\n<title>Youssef Chahed face au miroir aux alouettes - Kapitalis<\/title>\n<meta name=\"robots\" content=\"index, follow, max-snippet:-1, max-image-preview:large, max-video-preview:-1\" \/>\n<link rel=\"canonical\" href=\"https:\/\/kapitalis.com\/tunisie\/2017\/01\/22\/youssef-chahed-face-au-miroir-aux-alouettes\/\" \/>\n<meta property=\"og:locale\" content=\"fr_FR\" \/>\n<meta property=\"og:type\" content=\"article\" \/>\n<meta property=\"og:title\" content=\"Youssef Chahed face au miroir aux alouettes - Kapitalis\" \/>\n<meta property=\"og:description\" content=\"Outre la difficult\u00e9 de r\u00e9pondre aux besoins de la soci\u00e9t\u00e9, Youssef Chahed doit composer avec un chef d\u2019Etat qui se comporte comme l\u2019authentique repr\u00e9sentant d\u2019un r\u00e9gime pr\u00e9sidentiel. Par Yassine Essid\" \/>\n<meta property=\"og:url\" content=\"https:\/\/kapitalis.com\/tunisie\/2017\/01\/22\/youssef-chahed-face-au-miroir-aux-alouettes\/\" \/>\n<meta property=\"og:site_name\" content=\"Kapitalis\" \/>\n<meta property=\"article:publisher\" content=\"https:\/\/www.facebook.com\/KapitalisInfo\/\" \/>\n<meta property=\"article:published_time\" content=\"2017-01-22T11:29:40+00:00\" \/>\n<meta property=\"article:modified_time\" content=\"2017-01-22T11:41:29+00:00\" \/>\n<meta property=\"og:image\" content=\"https:\/\/kapitalis.com\/tunisie\/wp-content\/uploads\/2022\/05\/kapitalis-logo-fb.png\" \/>\n\t<meta property=\"og:image:width\" content=\"1200\" \/>\n\t<meta property=\"og:image:height\" content=\"630\" \/>\n\t<meta property=\"og:image:type\" content=\"image\/png\" \/>\n<meta name=\"author\" content=\"webmaster kapitalis\" \/>\n<meta name=\"twitter:card\" content=\"summary_large_image\" \/>\n<meta name=\"twitter:creator\" content=\"@KapitalisInfo\" \/>\n<meta name=\"twitter:site\" content=\"@KapitalisInfo\" \/>\n<meta name=\"twitter:label1\" content=\"\u00c9crit par\" \/>\n\t<meta name=\"twitter:data1\" content=\"webmaster kapitalis\" \/>\n\t<meta name=\"twitter:label2\" content=\"Dur\u00e9e de lecture estim\u00e9e\" \/>\n\t<meta name=\"twitter:data2\" content=\"8 minutes\" \/>\n<script type=\"application\/ld+json\" class=\"yoast-schema-graph\">{\"@context\":\"https:\/\/schema.org\",\"@graph\":[{\"@type\":\"Article\",\"@id\":\"https:\/\/kapitalis.com\/tunisie\/2017\/01\/22\/youssef-chahed-face-au-miroir-aux-alouettes\/#article\",\"isPartOf\":{\"@id\":\"https:\/\/kapitalis.com\/tunisie\/2017\/01\/22\/youssef-chahed-face-au-miroir-aux-alouettes\/\"},\"author\":{\"name\":\"webmaster kapitalis\",\"@id\":\"https:\/\/kapitalis.com\/tunisie\/#\/schema\/person\/d71f33a9ca44f7bad4698210b480c8e9\"},\"headline\":\"Youssef Chahed face au miroir aux alouettes\",\"datePublished\":\"2017-01-22T11:29:40+00:00\",\"dateModified\":\"2017-01-22T11:41:29+00:00\",\"mainEntityOfPage\":{\"@id\":\"https:\/\/kapitalis.com\/tunisie\/2017\/01\/22\/youssef-chahed-face-au-miroir-aux-alouettes\/\"},\"wordCount\":1684,\"commentCount\":2,\"publisher\":{\"@id\":\"https:\/\/kapitalis.com\/tunisie\/#organization\"},\"image\":{\"@id\":\"https:\/\/kapitalis.com\/tunisie\/2017\/01\/22\/youssef-chahed-face-au-miroir-aux-alouettes\/#primaryimage\"},\"thumbnailUrl\":\"\",\"articleSection\":[\"A LA UNE\",\"POLITIQUE\",\"Tunisie\"],\"inLanguage\":\"fr-FR\",\"potentialAction\":[{\"@type\":\"CommentAction\",\"name\":\"Comment\",\"target\":[\"https:\/\/kapitalis.com\/tunisie\/2017\/01\/22\/youssef-chahed-face-au-miroir-aux-alouettes\/#respond\"]}]},{\"@type\":\"WebPage\",\"@id\":\"https:\/\/kapitalis.com\/tunisie\/2017\/01\/22\/youssef-chahed-face-au-miroir-aux-alouettes\/\",\"url\":\"https:\/\/kapitalis.com\/tunisie\/2017\/01\/22\/youssef-chahed-face-au-miroir-aux-alouettes\/\",\"name\":\"Youssef Chahed face au miroir aux alouettes - Kapitalis\",\"isPartOf\":{\"@id\":\"https:\/\/kapitalis.com\/tunisie\/#website\"},\"primaryImageOfPage\":{\"@id\":\"https:\/\/kapitalis.com\/tunisie\/2017\/01\/22\/youssef-chahed-face-au-miroir-aux-alouettes\/#primaryimage\"},\"image\":{\"@id\":\"https:\/\/kapitalis.com\/tunisie\/2017\/01\/22\/youssef-chahed-face-au-miroir-aux-alouettes\/#primaryimage\"},\"thumbnailUrl\":\"\",\"datePublished\":\"2017-01-22T11:29:40+00:00\",\"dateModified\":\"2017-01-22T11:41:29+00:00\",\"breadcrumb\":{\"@id\":\"https:\/\/kapitalis.com\/tunisie\/2017\/01\/22\/youssef-chahed-face-au-miroir-aux-alouettes\/#breadcrumb\"},\"inLanguage\":\"fr-FR\",\"potentialAction\":[{\"@type\":\"ReadAction\",\"target\":[\"https:\/\/kapitalis.com\/tunisie\/2017\/01\/22\/youssef-chahed-face-au-miroir-aux-alouettes\/\"]}]},{\"@type\":\"ImageObject\",\"inLanguage\":\"fr-FR\",\"@id\":\"https:\/\/kapitalis.com\/tunisie\/2017\/01\/22\/youssef-chahed-face-au-miroir-aux-alouettes\/#primaryimage\",\"url\":\"\",\"contentUrl\":\"\"},{\"@type\":\"BreadcrumbList\",\"@id\":\"https:\/\/kapitalis.com\/tunisie\/2017\/01\/22\/youssef-chahed-face-au-miroir-aux-alouettes\/#breadcrumb\",\"itemListElement\":[{\"@type\":\"ListItem\",\"position\":1,\"name\":\"Accueil\",\"item\":\"https:\/\/kapitalis.com\/tunisie\/\"},{\"@type\":\"ListItem\",\"position\":2,\"name\":\"Youssef Chahed face au miroir aux alouettes\"}]},{\"@type\":\"WebSite\",\"@id\":\"https:\/\/kapitalis.com\/tunisie\/#website\",\"url\":\"https:\/\/kapitalis.com\/tunisie\/\",\"name\":\"Kapitalis\",\"description\":\"L&#039;actualit\u00e9 en Tunisie et dans le monde\",\"publisher\":{\"@id\":\"https:\/\/kapitalis.com\/tunisie\/#organization\"},\"potentialAction\":[{\"@type\":\"SearchAction\",\"target\":{\"@type\":\"EntryPoint\",\"urlTemplate\":\"https:\/\/kapitalis.com\/tunisie\/?s={search_term_string}\"},\"query-input\":{\"@type\":\"PropertyValueSpecification\",\"valueRequired\":true,\"valueName\":\"search_term_string\"}}],\"inLanguage\":\"fr-FR\"},{\"@type\":\"Organization\",\"@id\":\"https:\/\/kapitalis.com\/tunisie\/#organization\",\"name\":\"Kapitalis\",\"url\":\"https:\/\/kapitalis.com\/tunisie\/\",\"logo\":{\"@type\":\"ImageObject\",\"inLanguage\":\"fr-FR\",\"@id\":\"https:\/\/kapitalis.com\/tunisie\/#\/schema\/logo\/image\/\",\"url\":\"https:\/\/kapitalis.com\/tunisie\/wp-content\/uploads\/2022\/05\/Kapitalis-big-size.png\",\"contentUrl\":\"https:\/\/kapitalis.com\/tunisie\/wp-content\/uploads\/2022\/05\/Kapitalis-big-size.png\",\"width\":5000,\"height\":1500,\"caption\":\"Kapitalis\"},\"image\":{\"@id\":\"https:\/\/kapitalis.com\/tunisie\/#\/schema\/logo\/image\/\"},\"sameAs\":[\"https:\/\/www.facebook.com\/KapitalisInfo\/\",\"https:\/\/x.com\/KapitalisInfo\",\"https:\/\/www.youtube.com\/channel\/UC-yDYrHyfFBWWZaOw3FPg9Q\"]},{\"@type\":\"Person\",\"@id\":\"https:\/\/kapitalis.com\/tunisie\/#\/schema\/person\/d71f33a9ca44f7bad4698210b480c8e9\",\"name\":\"webmaster kapitalis\",\"url\":\"https:\/\/kapitalis.com\/tunisie\/author\/webmaster-kapitalis\/\"}]}<\/script>\n<!-- \/ Yoast SEO plugin. -->","yoast_head_json":{"title":"Youssef Chahed face au miroir aux alouettes - Kapitalis","robots":{"index":"index","follow":"follow","max-snippet":"max-snippet:-1","max-image-preview":"max-image-preview:large","max-video-preview":"max-video-preview:-1"},"canonical":"https:\/\/kapitalis.com\/tunisie\/2017\/01\/22\/youssef-chahed-face-au-miroir-aux-alouettes\/","og_locale":"fr_FR","og_type":"article","og_title":"Youssef Chahed face au miroir aux alouettes - Kapitalis","og_description":"Outre la difficult\u00e9 de r\u00e9pondre aux besoins de la soci\u00e9t\u00e9, Youssef Chahed doit composer avec un chef d\u2019Etat qui se comporte comme l\u2019authentique repr\u00e9sentant d\u2019un r\u00e9gime pr\u00e9sidentiel. Par Yassine Essid","og_url":"https:\/\/kapitalis.com\/tunisie\/2017\/01\/22\/youssef-chahed-face-au-miroir-aux-alouettes\/","og_site_name":"Kapitalis","article_publisher":"https:\/\/www.facebook.com\/KapitalisInfo\/","article_published_time":"2017-01-22T11:29:40+00:00","article_modified_time":"2017-01-22T11:41:29+00:00","og_image":[{"width":1200,"height":630,"url":"https:\/\/kapitalis.com\/tunisie\/wp-content\/uploads\/2022\/05\/kapitalis-logo-fb.png","type":"image\/png"}],"author":"webmaster kapitalis","twitter_card":"summary_large_image","twitter_creator":"@KapitalisInfo","twitter_site":"@KapitalisInfo","twitter_misc":{"\u00c9crit par":"webmaster kapitalis","Dur\u00e9e de lecture estim\u00e9e":"8 minutes"},"schema":{"@context":"https:\/\/schema.org","@graph":[{"@type":"Article","@id":"https:\/\/kapitalis.com\/tunisie\/2017\/01\/22\/youssef-chahed-face-au-miroir-aux-alouettes\/#article","isPartOf":{"@id":"https:\/\/kapitalis.com\/tunisie\/2017\/01\/22\/youssef-chahed-face-au-miroir-aux-alouettes\/"},"author":{"name":"webmaster kapitalis","@id":"https:\/\/kapitalis.com\/tunisie\/#\/schema\/person\/d71f33a9ca44f7bad4698210b480c8e9"},"headline":"Youssef Chahed face au miroir aux alouettes","datePublished":"2017-01-22T11:29:40+00:00","dateModified":"2017-01-22T11:41:29+00:00","mainEntityOfPage":{"@id":"https:\/\/kapitalis.com\/tunisie\/2017\/01\/22\/youssef-chahed-face-au-miroir-aux-alouettes\/"},"wordCount":1684,"commentCount":2,"publisher":{"@id":"https:\/\/kapitalis.com\/tunisie\/#organization"},"image":{"@id":"https:\/\/kapitalis.com\/tunisie\/2017\/01\/22\/youssef-chahed-face-au-miroir-aux-alouettes\/#primaryimage"},"thumbnailUrl":"","articleSection":["A LA UNE","POLITIQUE","Tunisie"],"inLanguage":"fr-FR","potentialAction":[{"@type":"CommentAction","name":"Comment","target":["https:\/\/kapitalis.com\/tunisie\/2017\/01\/22\/youssef-chahed-face-au-miroir-aux-alouettes\/#respond"]}]},{"@type":"WebPage","@id":"https:\/\/kapitalis.com\/tunisie\/2017\/01\/22\/youssef-chahed-face-au-miroir-aux-alouettes\/","url":"https:\/\/kapitalis.com\/tunisie\/2017\/01\/22\/youssef-chahed-face-au-miroir-aux-alouettes\/","name":"Youssef Chahed face au miroir aux alouettes - Kapitalis","isPartOf":{"@id":"https:\/\/kapitalis.com\/tunisie\/#website"},"primaryImageOfPage":{"@id":"https:\/\/kapitalis.com\/tunisie\/2017\/01\/22\/youssef-chahed-face-au-miroir-aux-alouettes\/#primaryimage"},"image":{"@id":"https:\/\/kapitalis.com\/tunisie\/2017\/01\/22\/youssef-chahed-face-au-miroir-aux-alouettes\/#primaryimage"},"thumbnailUrl":"","datePublished":"2017-01-22T11:29:40+00:00","dateModified":"2017-01-22T11:41:29+00:00","breadcrumb":{"@id":"https:\/\/kapitalis.com\/tunisie\/2017\/01\/22\/youssef-chahed-face-au-miroir-aux-alouettes\/#breadcrumb"},"inLanguage":"fr-FR","potentialAction":[{"@type":"ReadAction","target":["https:\/\/kapitalis.com\/tunisie\/2017\/01\/22\/youssef-chahed-face-au-miroir-aux-alouettes\/"]}]},{"@type":"ImageObject","inLanguage":"fr-FR","@id":"https:\/\/kapitalis.com\/tunisie\/2017\/01\/22\/youssef-chahed-face-au-miroir-aux-alouettes\/#primaryimage","url":"","contentUrl":""},{"@type":"BreadcrumbList","@id":"https:\/\/kapitalis.com\/tunisie\/2017\/01\/22\/youssef-chahed-face-au-miroir-aux-alouettes\/#breadcrumb","itemListElement":[{"@type":"ListItem","position":1,"name":"Accueil","item":"https:\/\/kapitalis.com\/tunisie\/"},{"@type":"ListItem","position":2,"name":"Youssef Chahed face au miroir aux alouettes"}]},{"@type":"WebSite","@id":"https:\/\/kapitalis.com\/tunisie\/#website","url":"https:\/\/kapitalis.com\/tunisie\/","name":"Kapitalis","description":"L&#039;actualit\u00e9 en Tunisie et dans le monde","publisher":{"@id":"https:\/\/kapitalis.com\/tunisie\/#organization"},"potentialAction":[{"@type":"SearchAction","target":{"@type":"EntryPoint","urlTemplate":"https:\/\/kapitalis.com\/tunisie\/?s={search_term_string}"},"query-input":{"@type":"PropertyValueSpecification","valueRequired":true,"valueName":"search_term_string"}}],"inLanguage":"fr-FR"},{"@type":"Organization","@id":"https:\/\/kapitalis.com\/tunisie\/#organization","name":"Kapitalis","url":"https:\/\/kapitalis.com\/tunisie\/","logo":{"@type":"ImageObject","inLanguage":"fr-FR","@id":"https:\/\/kapitalis.com\/tunisie\/#\/schema\/logo\/image\/","url":"https:\/\/kapitalis.com\/tunisie\/wp-content\/uploads\/2022\/05\/Kapitalis-big-size.png","contentUrl":"https:\/\/kapitalis.com\/tunisie\/wp-content\/uploads\/2022\/05\/Kapitalis-big-size.png","width":5000,"height":1500,"caption":"Kapitalis"},"image":{"@id":"https:\/\/kapitalis.com\/tunisie\/#\/schema\/logo\/image\/"},"sameAs":["https:\/\/www.facebook.com\/KapitalisInfo\/","https:\/\/x.com\/KapitalisInfo","https:\/\/www.youtube.com\/channel\/UC-yDYrHyfFBWWZaOw3FPg9Q"]},{"@type":"Person","@id":"https:\/\/kapitalis.com\/tunisie\/#\/schema\/person\/d71f33a9ca44f7bad4698210b480c8e9","name":"webmaster kapitalis","url":"https:\/\/kapitalis.com\/tunisie\/author\/webmaster-kapitalis\/"}]}},"_links":{"self":[{"href":"https:\/\/kapitalis.com\/tunisie\/wp-json\/wp\/v2\/posts\/80040","targetHints":{"allow":["GET"]}}],"collection":[{"href":"https:\/\/kapitalis.com\/tunisie\/wp-json\/wp\/v2\/posts"}],"about":[{"href":"https:\/\/kapitalis.com\/tunisie\/wp-json\/wp\/v2\/types\/post"}],"author":[{"embeddable":true,"href":"https:\/\/kapitalis.com\/tunisie\/wp-json\/wp\/v2\/users\/8"}],"replies":[{"embeddable":true,"href":"https:\/\/kapitalis.com\/tunisie\/wp-json\/wp\/v2\/comments?post=80040"}],"version-history":[{"count":0,"href":"https:\/\/kapitalis.com\/tunisie\/wp-json\/wp\/v2\/posts\/80040\/revisions"}],"wp:featuredmedia":[{"embeddable":true,"href":"https:\/\/kapitalis.com\/tunisie\/wp-json\/wp\/v2\/media\/80041"}],"wp:attachment":[{"href":"https:\/\/kapitalis.com\/tunisie\/wp-json\/wp\/v2\/media?parent=80040"}],"wp:term":[{"taxonomy":"category","embeddable":true,"href":"https:\/\/kapitalis.com\/tunisie\/wp-json\/wp\/v2\/categories?post=80040"},{"taxonomy":"post_tag","embeddable":true,"href":"https:\/\/kapitalis.com\/tunisie\/wp-json\/wp\/v2\/tags?post=80040"}],"curies":[{"name":"wp","href":"https:\/\/api.w.org\/{rel}","templated":true}]}}