{"id":80286,"date":"2017-01-24T07:58:22","date_gmt":"2017-01-24T06:58:22","guid":{"rendered":"http:\/\/kapitalis.com\/tunisie\/?p=80286"},"modified":"2017-01-24T08:01:58","modified_gmt":"2017-01-24T07:01:58","slug":"habillement-signature-dun-partenariat-entre-le-gpch-et-mmmm","status":"publish","type":"post","link":"https:\/\/kapitalis.com\/tunisie\/2017\/01\/24\/habillement-signature-dun-partenariat-entre-le-gpch-et-mmmm\/","title":{"rendered":"Habillement : Signature d\u2019un partenariat entre le GPCH et MMMM"},"content":{"rendered":"<p><img loading=\"lazy\" decoding=\"async\" class=\"alignnone size-full wp-image-80287 aligncenter\" src=\"http:\/\/kapitalis.com\/tunisie\/wp-content\/uploads\/2017\/01\/GPCH-et-MMMM.jpg\" alt=\"\" width=\"626\" height=\"380\" \/><\/p>\n<p><em><strong>Le Groupement professionnel de la confection et de l\u2019habillement de la Conect (GPCH) a sign\u00e9 une convention de partenariat avec la Maison m\u00e9diterran\u00e9enne des m\u00e9tiers de la mode (MMMM).<\/strong> <\/em><\/p>\n<p><!--more--><\/p>\n<p>La convention, qui vise \u00e0 renforcer le secteur textile-habillement en Tunisie, a \u00e9t\u00e9 sign\u00e9e dimanche 22 janvier 2017, par Samir Ben Abdallah, pr\u00e9sident du GPCH, et Matthieu Gamet, pr\u00e9sident de la MMMM, en marge du Salon Interfili\u00e8re, au parc des expositions de la Porte de Versailles, \u00e0 Paris, en pr\u00e9sence d\u2019Anis Saadaoui, attach\u00e9 commercial de l\u2019ambassade de Tunisie en France.<\/p>\n<p>L\u2019accord porte sur la promotion des jeunes cr\u00e9ateurs et le d\u00e9veloppement de l\u2019image de l\u2019habillement en Tunisie, dans le cadre d\u2019une strat\u00e9gie d\u2019encouragement \u00e0 l\u2019innovation. Il a aussi pour objectif de contribuer au redressement comp\u00e9titif du secteur et au d\u00e9veloppement de ses exportations et d\u2019aider les entreprises tunisiennes \u00e0 diversifier leurs produits et \u00e0 d\u00e9velopper leur offre innovante.<\/p>\n<p style=\"text-align: center;\"><img loading=\"lazy\" decoding=\"async\" class=\"alignnone wp-image-80290\" src=\"http:\/\/kapitalis.com\/tunisie\/wp-content\/uploads\/2017\/01\/GPCH-MMMM-2.jpg\" width=\"500\" height=\"281\" \/><\/p>\n<p>L\u2019application de cette convention d\u00e9butera avec l\u2019organisation du Festival des jeunes cr\u00e9ateurs de la mode, dont la prochaine \u00e9dition est pr\u00e9vue le 18 mai 2017 et dont les laur\u00e9ats auront, gr\u00e2ce \u00e0 cette convention, un meilleur rayonnement international.<\/p>\n<p>Outre MMMM, qui a une grande expertise dans le domaine de la formation, de l\u2019accompagnement et du soutien aux jeunes cr\u00e9ateurs, le GPCH a nou\u00e9, \u00e0 l\u2019occasion du salon Interfili\u00e8re, plusieurs autres partenariats, notamment avec la CNA-Federmoda en Italie et l\u2019Iktib en Turquie.<\/p>\n<p style=\"text-align: right;\"><strong>I. B.<\/strong> (avec communiqu\u00e9).<\/p>\n","protected":false},"excerpt":{"rendered":"<p>Le Groupement professionnel de la confection et de l\u2019habillement de la Conect (GPCH) a sign\u00e9 une convention de partenariat avec la Maison m\u00e9diterran\u00e9enne des m\u00e9tiers de la mode (MMMM).<\/p>\n","protected":false},"author":8,"featured_media":80287,"comment_status":"open","ping_status":"open","sticky":false,"template":"","format":"standard","meta":{"footnotes":""},"categories":[995,2433],"tags":[2144,5763],"class_list":["post-80286","post","type-post","status-publish","format-standard","has-post-thumbnail","hentry","category-economie","category-tunisie","tag-conect","tag-textile-habillement"],"yoast_head":"<!-- This site is optimized with the Yoast SEO plugin v26.6 - https:\/\/yoast.com\/wordpress\/plugins\/seo\/ -->\n<title>Habillement : Signature d\u2019un partenariat entre le GPCH et MMMM - Kapitalis<\/title>\n<meta name=\"robots\" content=\"index, follow, max-snippet:-1, max-image-preview:large, max-video-preview:-1\" \/>\n<link rel=\"canonical\" href=\"https:\/\/kapitalis.com\/tunisie\/2017\/01\/24\/habillement-signature-dun-partenariat-entre-le-gpch-et-mmmm\/\" \/>\n<meta property=\"og:locale\" content=\"fr_FR\" \/>\n<meta property=\"og:type\" content=\"article\" \/>\n<meta property=\"og:title\" content=\"Habillement : Signature d\u2019un partenariat entre le GPCH et MMMM - Kapitalis\" \/>\n<meta property=\"og:description\" content=\"Le Groupement professionnel de la confection et de l\u2019habillement de la Conect (GPCH) a sign\u00e9 une convention de partenariat avec la Maison m\u00e9diterran\u00e9enne des m\u00e9tiers de la mode (MMMM).\" \/>\n<meta property=\"og:url\" content=\"https:\/\/kapitalis.com\/tunisie\/2017\/01\/24\/habillement-signature-dun-partenariat-entre-le-gpch-et-mmmm\/\" \/>\n<meta property=\"og:site_name\" content=\"Kapitalis\" \/>\n<meta property=\"article:publisher\" content=\"https:\/\/www.facebook.com\/KapitalisInfo\/\" \/>\n<meta property=\"article:published_time\" content=\"2017-01-24T06:58:22+00:00\" \/>\n<meta property=\"article:modified_time\" content=\"2017-01-24T07:01:58+00:00\" \/>\n<meta property=\"og:image\" content=\"https:\/\/kapitalis.com\/tunisie\/wp-content\/uploads\/2022\/05\/kapitalis-logo-fb.png\" \/>\n\t<meta property=\"og:image:width\" content=\"1200\" \/>\n\t<meta property=\"og:image:height\" content=\"630\" \/>\n\t<meta property=\"og:image:type\" content=\"image\/png\" \/>\n<meta name=\"author\" content=\"webmaster kapitalis\" \/>\n<meta name=\"twitter:card\" content=\"summary_large_image\" \/>\n<meta name=\"twitter:creator\" content=\"@KapitalisInfo\" \/>\n<meta name=\"twitter:site\" content=\"@KapitalisInfo\" \/>\n<meta name=\"twitter:label1\" content=\"\u00c9crit par\" \/>\n\t<meta name=\"twitter:data1\" content=\"webmaster kapitalis\" \/>\n\t<meta name=\"twitter:label2\" content=\"Dur\u00e9e de lecture estim\u00e9e\" \/>\n\t<meta name=\"twitter:data2\" content=\"1 minute\" \/>\n<script type=\"application\/ld+json\" class=\"yoast-schema-graph\">{\"@context\":\"https:\/\/schema.org\",\"@graph\":[{\"@type\":\"Article\",\"@id\":\"https:\/\/kapitalis.com\/tunisie\/2017\/01\/24\/habillement-signature-dun-partenariat-entre-le-gpch-et-mmmm\/#article\",\"isPartOf\":{\"@id\":\"https:\/\/kapitalis.com\/tunisie\/2017\/01\/24\/habillement-signature-dun-partenariat-entre-le-gpch-et-mmmm\/\"},\"author\":{\"name\":\"webmaster kapitalis\",\"@id\":\"https:\/\/kapitalis.com\/tunisie\/#\/schema\/person\/d71f33a9ca44f7bad4698210b480c8e9\"},\"headline\":\"Habillement : Signature d\u2019un partenariat entre le GPCH et MMMM\",\"datePublished\":\"2017-01-24T06:58:22+00:00\",\"dateModified\":\"2017-01-24T07:01:58+00:00\",\"mainEntityOfPage\":{\"@id\":\"https:\/\/kapitalis.com\/tunisie\/2017\/01\/24\/habillement-signature-dun-partenariat-entre-le-gpch-et-mmmm\/\"},\"wordCount\":267,\"commentCount\":0,\"publisher\":{\"@id\":\"https:\/\/kapitalis.com\/tunisie\/#organization\"},\"image\":{\"@id\":\"https:\/\/kapitalis.com\/tunisie\/2017\/01\/24\/habillement-signature-dun-partenariat-entre-le-gpch-et-mmmm\/#primaryimage\"},\"thumbnailUrl\":\"\",\"keywords\":[\"Conect\",\"textile-habillement\"],\"articleSection\":[\"ECONOMIE\",\"Tunisie\"],\"inLanguage\":\"fr-FR\",\"potentialAction\":[{\"@type\":\"CommentAction\",\"name\":\"Comment\",\"target\":[\"https:\/\/kapitalis.com\/tunisie\/2017\/01\/24\/habillement-signature-dun-partenariat-entre-le-gpch-et-mmmm\/#respond\"]}]},{\"@type\":\"WebPage\",\"@id\":\"https:\/\/kapitalis.com\/tunisie\/2017\/01\/24\/habillement-signature-dun-partenariat-entre-le-gpch-et-mmmm\/\",\"url\":\"https:\/\/kapitalis.com\/tunisie\/2017\/01\/24\/habillement-signature-dun-partenariat-entre-le-gpch-et-mmmm\/\",\"name\":\"Habillement : Signature d\u2019un partenariat entre le GPCH et MMMM - Kapitalis\",\"isPartOf\":{\"@id\":\"https:\/\/kapitalis.com\/tunisie\/#website\"},\"primaryImageOfPage\":{\"@id\":\"https:\/\/kapitalis.com\/tunisie\/2017\/01\/24\/habillement-signature-dun-partenariat-entre-le-gpch-et-mmmm\/#primaryimage\"},\"image\":{\"@id\":\"https:\/\/kapitalis.com\/tunisie\/2017\/01\/24\/habillement-signature-dun-partenariat-entre-le-gpch-et-mmmm\/#primaryimage\"},\"thumbnailUrl\":\"\",\"datePublished\":\"2017-01-24T06:58:22+00:00\",\"dateModified\":\"2017-01-24T07:01:58+00:00\",\"breadcrumb\":{\"@id\":\"https:\/\/kapitalis.com\/tunisie\/2017\/01\/24\/habillement-signature-dun-partenariat-entre-le-gpch-et-mmmm\/#breadcrumb\"},\"inLanguage\":\"fr-FR\",\"potentialAction\":[{\"@type\":\"ReadAction\",\"target\":[\"https:\/\/kapitalis.com\/tunisie\/2017\/01\/24\/habillement-signature-dun-partenariat-entre-le-gpch-et-mmmm\/\"]}]},{\"@type\":\"ImageObject\",\"inLanguage\":\"fr-FR\",\"@id\":\"https:\/\/kapitalis.com\/tunisie\/2017\/01\/24\/habillement-signature-dun-partenariat-entre-le-gpch-et-mmmm\/#primaryimage\",\"url\":\"\",\"contentUrl\":\"\"},{\"@type\":\"BreadcrumbList\",\"@id\":\"https:\/\/kapitalis.com\/tunisie\/2017\/01\/24\/habillement-signature-dun-partenariat-entre-le-gpch-et-mmmm\/#breadcrumb\",\"itemListElement\":[{\"@type\":\"ListItem\",\"position\":1,\"name\":\"Accueil\",\"item\":\"https:\/\/kapitalis.com\/tunisie\/\"},{\"@type\":\"ListItem\",\"position\":2,\"name\":\"Habillement : Signature d\u2019un partenariat entre le GPCH et MMMM\"}]},{\"@type\":\"WebSite\",\"@id\":\"https:\/\/kapitalis.com\/tunisie\/#website\",\"url\":\"https:\/\/kapitalis.com\/tunisie\/\",\"name\":\"Kapitalis\",\"description\":\"L&#039;actualit\u00e9 en Tunisie et dans le monde\",\"publisher\":{\"@id\":\"https:\/\/kapitalis.com\/tunisie\/#organization\"},\"potentialAction\":[{\"@type\":\"SearchAction\",\"target\":{\"@type\":\"EntryPoint\",\"urlTemplate\":\"https:\/\/kapitalis.com\/tunisie\/?s={search_term_string}\"},\"query-input\":{\"@type\":\"PropertyValueSpecification\",\"valueRequired\":true,\"valueName\":\"search_term_string\"}}],\"inLanguage\":\"fr-FR\"},{\"@type\":\"Organization\",\"@id\":\"https:\/\/kapitalis.com\/tunisie\/#organization\",\"name\":\"Kapitalis\",\"url\":\"https:\/\/kapitalis.com\/tunisie\/\",\"logo\":{\"@type\":\"ImageObject\",\"inLanguage\":\"fr-FR\",\"@id\":\"https:\/\/kapitalis.com\/tunisie\/#\/schema\/logo\/image\/\",\"url\":\"https:\/\/kapitalis.com\/tunisie\/wp-content\/uploads\/2022\/05\/Kapitalis-big-size.png\",\"contentUrl\":\"https:\/\/kapitalis.com\/tunisie\/wp-content\/uploads\/2022\/05\/Kapitalis-big-size.png\",\"width\":5000,\"height\":1500,\"caption\":\"Kapitalis\"},\"image\":{\"@id\":\"https:\/\/kapitalis.com\/tunisie\/#\/schema\/logo\/image\/\"},\"sameAs\":[\"https:\/\/www.facebook.com\/KapitalisInfo\/\",\"https:\/\/x.com\/KapitalisInfo\",\"https:\/\/www.youtube.com\/channel\/UC-yDYrHyfFBWWZaOw3FPg9Q\"]},{\"@type\":\"Person\",\"@id\":\"https:\/\/kapitalis.com\/tunisie\/#\/schema\/person\/d71f33a9ca44f7bad4698210b480c8e9\",\"name\":\"webmaster kapitalis\",\"url\":\"https:\/\/kapitalis.com\/tunisie\/author\/webmaster-kapitalis\/\"}]}<\/script>\n<!-- \/ Yoast SEO plugin. -->","yoast_head_json":{"title":"Habillement : Signature d\u2019un partenariat entre le GPCH et MMMM - Kapitalis","robots":{"index":"index","follow":"follow","max-snippet":"max-snippet:-1","max-image-preview":"max-image-preview:large","max-video-preview":"max-video-preview:-1"},"canonical":"https:\/\/kapitalis.com\/tunisie\/2017\/01\/24\/habillement-signature-dun-partenariat-entre-le-gpch-et-mmmm\/","og_locale":"fr_FR","og_type":"article","og_title":"Habillement : Signature d\u2019un partenariat entre le GPCH et MMMM - Kapitalis","og_description":"Le Groupement professionnel de la confection et de l\u2019habillement de la Conect (GPCH) a sign\u00e9 une convention de partenariat avec la Maison m\u00e9diterran\u00e9enne des m\u00e9tiers de la mode (MMMM).","og_url":"https:\/\/kapitalis.com\/tunisie\/2017\/01\/24\/habillement-signature-dun-partenariat-entre-le-gpch-et-mmmm\/","og_site_name":"Kapitalis","article_publisher":"https:\/\/www.facebook.com\/KapitalisInfo\/","article_published_time":"2017-01-24T06:58:22+00:00","article_modified_time":"2017-01-24T07:01:58+00:00","og_image":[{"width":1200,"height":630,"url":"https:\/\/kapitalis.com\/tunisie\/wp-content\/uploads\/2022\/05\/kapitalis-logo-fb.png","type":"image\/png"}],"author":"webmaster kapitalis","twitter_card":"summary_large_image","twitter_creator":"@KapitalisInfo","twitter_site":"@KapitalisInfo","twitter_misc":{"\u00c9crit par":"webmaster kapitalis","Dur\u00e9e de lecture estim\u00e9e":"1 minute"},"schema":{"@context":"https:\/\/schema.org","@graph":[{"@type":"Article","@id":"https:\/\/kapitalis.com\/tunisie\/2017\/01\/24\/habillement-signature-dun-partenariat-entre-le-gpch-et-mmmm\/#article","isPartOf":{"@id":"https:\/\/kapitalis.com\/tunisie\/2017\/01\/24\/habillement-signature-dun-partenariat-entre-le-gpch-et-mmmm\/"},"author":{"name":"webmaster kapitalis","@id":"https:\/\/kapitalis.com\/tunisie\/#\/schema\/person\/d71f33a9ca44f7bad4698210b480c8e9"},"headline":"Habillement : Signature d\u2019un partenariat entre le GPCH et MMMM","datePublished":"2017-01-24T06:58:22+00:00","dateModified":"2017-01-24T07:01:58+00:00","mainEntityOfPage":{"@id":"https:\/\/kapitalis.com\/tunisie\/2017\/01\/24\/habillement-signature-dun-partenariat-entre-le-gpch-et-mmmm\/"},"wordCount":267,"commentCount":0,"publisher":{"@id":"https:\/\/kapitalis.com\/tunisie\/#organization"},"image":{"@id":"https:\/\/kapitalis.com\/tunisie\/2017\/01\/24\/habillement-signature-dun-partenariat-entre-le-gpch-et-mmmm\/#primaryimage"},"thumbnailUrl":"","keywords":["Conect","textile-habillement"],"articleSection":["ECONOMIE","Tunisie"],"inLanguage":"fr-FR","potentialAction":[{"@type":"CommentAction","name":"Comment","target":["https:\/\/kapitalis.com\/tunisie\/2017\/01\/24\/habillement-signature-dun-partenariat-entre-le-gpch-et-mmmm\/#respond"]}]},{"@type":"WebPage","@id":"https:\/\/kapitalis.com\/tunisie\/2017\/01\/24\/habillement-signature-dun-partenariat-entre-le-gpch-et-mmmm\/","url":"https:\/\/kapitalis.com\/tunisie\/2017\/01\/24\/habillement-signature-dun-partenariat-entre-le-gpch-et-mmmm\/","name":"Habillement : Signature d\u2019un partenariat entre le GPCH et MMMM - Kapitalis","isPartOf":{"@id":"https:\/\/kapitalis.com\/tunisie\/#website"},"primaryImageOfPage":{"@id":"https:\/\/kapitalis.com\/tunisie\/2017\/01\/24\/habillement-signature-dun-partenariat-entre-le-gpch-et-mmmm\/#primaryimage"},"image":{"@id":"https:\/\/kapitalis.com\/tunisie\/2017\/01\/24\/habillement-signature-dun-partenariat-entre-le-gpch-et-mmmm\/#primaryimage"},"thumbnailUrl":"","datePublished":"2017-01-24T06:58:22+00:00","dateModified":"2017-01-24T07:01:58+00:00","breadcrumb":{"@id":"https:\/\/kapitalis.com\/tunisie\/2017\/01\/24\/habillement-signature-dun-partenariat-entre-le-gpch-et-mmmm\/#breadcrumb"},"inLanguage":"fr-FR","potentialAction":[{"@type":"ReadAction","target":["https:\/\/kapitalis.com\/tunisie\/2017\/01\/24\/habillement-signature-dun-partenariat-entre-le-gpch-et-mmmm\/"]}]},{"@type":"ImageObject","inLanguage":"fr-FR","@id":"https:\/\/kapitalis.com\/tunisie\/2017\/01\/24\/habillement-signature-dun-partenariat-entre-le-gpch-et-mmmm\/#primaryimage","url":"","contentUrl":""},{"@type":"BreadcrumbList","@id":"https:\/\/kapitalis.com\/tunisie\/2017\/01\/24\/habillement-signature-dun-partenariat-entre-le-gpch-et-mmmm\/#breadcrumb","itemListElement":[{"@type":"ListItem","position":1,"name":"Accueil","item":"https:\/\/kapitalis.com\/tunisie\/"},{"@type":"ListItem","position":2,"name":"Habillement : Signature d\u2019un partenariat entre le GPCH et MMMM"}]},{"@type":"WebSite","@id":"https:\/\/kapitalis.com\/tunisie\/#website","url":"https:\/\/kapitalis.com\/tunisie\/","name":"Kapitalis","description":"L&#039;actualit\u00e9 en Tunisie et dans le monde","publisher":{"@id":"https:\/\/kapitalis.com\/tunisie\/#organization"},"potentialAction":[{"@type":"SearchAction","target":{"@type":"EntryPoint","urlTemplate":"https:\/\/kapitalis.com\/tunisie\/?s={search_term_string}"},"query-input":{"@type":"PropertyValueSpecification","valueRequired":true,"valueName":"search_term_string"}}],"inLanguage":"fr-FR"},{"@type":"Organization","@id":"https:\/\/kapitalis.com\/tunisie\/#organization","name":"Kapitalis","url":"https:\/\/kapitalis.com\/tunisie\/","logo":{"@type":"ImageObject","inLanguage":"fr-FR","@id":"https:\/\/kapitalis.com\/tunisie\/#\/schema\/logo\/image\/","url":"https:\/\/kapitalis.com\/tunisie\/wp-content\/uploads\/2022\/05\/Kapitalis-big-size.png","contentUrl":"https:\/\/kapitalis.com\/tunisie\/wp-content\/uploads\/2022\/05\/Kapitalis-big-size.png","width":5000,"height":1500,"caption":"Kapitalis"},"image":{"@id":"https:\/\/kapitalis.com\/tunisie\/#\/schema\/logo\/image\/"},"sameAs":["https:\/\/www.facebook.com\/KapitalisInfo\/","https:\/\/x.com\/KapitalisInfo","https:\/\/www.youtube.com\/channel\/UC-yDYrHyfFBWWZaOw3FPg9Q"]},{"@type":"Person","@id":"https:\/\/kapitalis.com\/tunisie\/#\/schema\/person\/d71f33a9ca44f7bad4698210b480c8e9","name":"webmaster kapitalis","url":"https:\/\/kapitalis.com\/tunisie\/author\/webmaster-kapitalis\/"}]}},"_links":{"self":[{"href":"https:\/\/kapitalis.com\/tunisie\/wp-json\/wp\/v2\/posts\/80286","targetHints":{"allow":["GET"]}}],"collection":[{"href":"https:\/\/kapitalis.com\/tunisie\/wp-json\/wp\/v2\/posts"}],"about":[{"href":"https:\/\/kapitalis.com\/tunisie\/wp-json\/wp\/v2\/types\/post"}],"author":[{"embeddable":true,"href":"https:\/\/kapitalis.com\/tunisie\/wp-json\/wp\/v2\/users\/8"}],"replies":[{"embeddable":true,"href":"https:\/\/kapitalis.com\/tunisie\/wp-json\/wp\/v2\/comments?post=80286"}],"version-history":[{"count":0,"href":"https:\/\/kapitalis.com\/tunisie\/wp-json\/wp\/v2\/posts\/80286\/revisions"}],"wp:featuredmedia":[{"embeddable":true,"href":"https:\/\/kapitalis.com\/tunisie\/wp-json\/wp\/v2\/media\/80287"}],"wp:attachment":[{"href":"https:\/\/kapitalis.com\/tunisie\/wp-json\/wp\/v2\/media?parent=80286"}],"wp:term":[{"taxonomy":"category","embeddable":true,"href":"https:\/\/kapitalis.com\/tunisie\/wp-json\/wp\/v2\/categories?post=80286"},{"taxonomy":"post_tag","embeddable":true,"href":"https:\/\/kapitalis.com\/tunisie\/wp-json\/wp\/v2\/tags?post=80286"}],"curies":[{"name":"wp","href":"https:\/\/api.w.org\/{rel}","templated":true}]}}