{"id":8034423,"date":"2023-05-24T08:54:08","date_gmt":"2023-05-24T07:54:08","guid":{"rendered":"https:\/\/kapitalis.com\/tunisie\/?p=8034423"},"modified":"2023-05-24T08:54:10","modified_gmt":"2023-05-24T07:54:10","slug":"etude-du-ftdes-sur-la-crispation-anti-migrants-subsahariens-en-tunisie","status":"publish","type":"post","link":"https:\/\/kapitalis.com\/tunisie\/2023\/05\/24\/etude-du-ftdes-sur-la-crispation-anti-migrants-subsahariens-en-tunisie\/","title":{"rendered":"Etude du FTDES sur la crispation anti-migrants subsahariens en Tunisie"},"content":{"rendered":"\n<p><strong><em>Le Forum tunisien pour les droits \u00e9conomiques et sociaux (FTDES) vient de publier une \u00e9tude sur le th\u00e8me\u00a0: \u00abCrispation anti-migrants subsahariens en Tunisie : discours et violences\u00bb.<\/em><\/strong><\/p>\n\n\n\n<!--more-->\n\n\n\n<p>L\u2019\u00e9tude, r\u00e9alis\u00e9e par Maram Tebini, pr\u00e9sente, d\u00e9crit et analyse le ph\u00e9nom\u00e8ne de la migration et cherche \u00e0 apporter des \u00e9l\u00e9ments de r\u00e9ponse aux questions suivantes : quelles sont les caract\u00e9ristiques des discours complotistes anti-migrant.e.s en Tunisie? Comment ces discours sont-ils l\u00e9gitim\u00e9s? Qu\u2019est ce qui a motiv\u00e9 la cr\u00e9ation du Parti nationaliste tunisien? Quelles sont ses lignes directrices et que m\u00e8ne-t-il comme actions? Comment l\u2019Etat tunisien cautionne-t-il le racisme? Quel est le sens donn\u00e9 aux discours anti-migrant.e.s pour la population? Qu\u2019est-ce qui motive l\u2019\u00e9mergence d\u2019une telle orientation politique ? Quelle a \u00e9t\u00e9 la r\u00e9ponse antiraciste \u00e0 ces \u00e9v\u00e9nements? Quelle \u00e9tait la place des migrant.e.s dans tout cela?\u00a0<\/p>\n\n\n\n<p>Nous reproduisons ci-dessous la conclusion de l\u2019\u00e9tude&nbsp;:<\/p>\n\n\n\n<p>Dans son article <em>\u00abAntillais et Africains\u00bb<\/em>, Franz Fanon \u00e9crivant&nbsp;: <em>\u00abLes histoires raciales ne sont qu\u2019une superstructure, qu\u2019un manteau, qu\u2019une lourde \u00e9manation id\u00e9ologique, rev\u00eatant une r\u00e9alit\u00e9 \u00e9conomique. \u00bb<\/em>. La justesse de ses propos se confirme \u00e0 travers le ph\u00e9nom\u00e8ne observ\u00e9 en Tunisie au d\u00e9but de l\u2019ann\u00e9e 2023.<\/p>\n\n\n\n<p>En effet, pour analyser les structures fondamentales de la domination et de l\u2019oppression, les mouvances anti- migrants, sp\u00e9cifiquement anti-migrants Noirs sont charg\u00e9es de sens.<\/p>\n\n\n\n<p>La multiplication des discours qui ont vis\u00e9 ce groupe social \u2013 marginalis\u00e9 et syst\u00e9matiquement opprim\u00e9 en Tunisie \u2013 a \u00e9t\u00e9 aliment\u00e9e par une contextualit\u00e9 particuli\u00e8re. La crise \u00e9conomique, les angoisses collectives, le traumatisme colonial non g\u00e9r\u00e9 par une partie de la population, et le poids des politiques de l\u2019externalisation des fronti\u00e8res en Tunisie ont jou\u00e9 un r\u00f4le pour construire un discours, qui a \u00e9t\u00e9 d\u2019abord v\u00e9hicul\u00e9 par un parti se disant nationaliste, puis appropri\u00e9 par le pr\u00e9sident de la r\u00e9publique et d\u00e9fendu par le ministre des Affaires \u00e9trang\u00e8res.<\/p>\n\n\n\n<p>Les r\u00e9percussions de ces discours ont \u00e9t\u00e9 d\u00e9sastreuses pour les migrants. Elles et ils ont \u00e9t\u00e9 pendant plusieurs jours constamment violent\u00e9s, insult\u00e9s, expuls\u00e9s et maltrait\u00e9s sur les espaces publics et sur les r\u00e9seaux sociaux. La souffrance qui a r\u00e9sult\u00e9 de cette violence a \u00e9t\u00e9 prot\u00e9iforme. L\u2019ins\u00e9curit\u00e9, la peur, la hogra et l\u2019impuissance se sont accrues chez cette population, les poussant vers la fuite ou la paralysation.<\/p>\n\n\n\n<p>Parall\u00e8lement \u00e0 ces r\u00e9percussions, nous avons observ\u00e9 une vague de solidarit\u00e9, en r\u00e9sistance \u00e0 l\u2019injustice v\u00e9cue par les migrants. R\u00e9prim\u00e9e par l\u2019autorit\u00e9, ces manifestations se sont poursuivies en tenant compte des entraves et des contraintes.<\/p>\n\n\n\n<p>Ainsi, alors que la situation des migrants subsaharienne se rapproche d\u2019une situation de crise humanitaire, il semble que <a href=\"https:\/\/kapitalis.com\/tunisie\/2023\/03\/15\/pourquoi-le-president-kais-saied-sen-prend-il-aux-migrants-subsahariens\/\" target=\"_blank\" rel=\"noreferrer noopener\">le populisme dans lequel plonge l\u2019Etat <\/a>modulera les actions et les r\u00e9actions des acteurs sociaux.<\/p>\n\n\n\n<p>Lire la\u00a0version compl\u00e8te de l\u2019\u00e9tude sur le <a href=\"https:\/\/ftdes.net\/ar\/etude-crispation-anti-migrants-subsahariens-en-tunisie-discours-et-violences\/\" target=\"_blank\" rel=\"noreferrer noopener\">site web du FTDES<\/a>.<\/p>\n\n\n\n<figure class=\"wp-block-embed is-type-wp-embed is-provider-kapitalis wp-block-embed-kapitalis\"><div class=\"wp-block-embed__wrapper\">\n<blockquote class=\"wp-embedded-content\" data-secret=\"hJIllqtH6c\"><a href=\"https:\/\/kapitalis.com\/tunisie\/2023\/04\/04\/onu-la-tunisie-doit-mettre-fin-aux-discours-de-haine-contre-les-migrants-subsahariens\/\">Onu\u00a0: La Tunisie doit mettre fin aux discours de haine contre les migrants subsahariens<\/a><\/blockquote><iframe loading=\"lazy\" class=\"wp-embedded-content\" sandbox=\"allow-scripts\" security=\"restricted\" style=\"position: absolute; clip: rect(1px, 1px, 1px, 1px);\" title=\"\u00ab\u00a0Onu\u00a0: La Tunisie doit mettre fin aux discours de haine contre les migrants subsahariens\u00a0\u00bb &#8212; Kapitalis\" src=\"https:\/\/kapitalis.com\/tunisie\/2023\/04\/04\/onu-la-tunisie-doit-mettre-fin-aux-discours-de-haine-contre-les-migrants-subsahariens\/embed\/#?secret=CJnie3eoe4#?secret=hJIllqtH6c\" data-secret=\"hJIllqtH6c\" width=\"600\" height=\"338\" frameborder=\"0\" marginwidth=\"0\" marginheight=\"0\" scrolling=\"no\"><\/iframe>\n<\/div><\/figure>\n","protected":false},"excerpt":{"rendered":"<p>Crispation anti-migrants subsahariens en Tunisie : discours et violences. <\/p>\n","protected":false},"author":8,"featured_media":8034479,"comment_status":"open","ping_status":"open","sticky":false,"template":"","format":"standard","meta":{"footnotes":""},"categories":[998,2433],"tags":[108868,85766,108869,6726,62643],"class_list":["post-8034423","post","type-post","status-publish","format-standard","has-post-thumbnail","hentry","category-societe","category-tunisie","tag-maram-tebini","tag-migrants-subsahariens","tag-parti-nationaliste-tunisien","tag-racisme","tag-tunisie"],"yoast_head":"<!-- This site is optimized with the Yoast SEO plugin v26.6 - https:\/\/yoast.com\/wordpress\/plugins\/seo\/ -->\n<title>Etude du FTDES sur la crispation anti-migrants subsahariens en Tunisie - Kapitalis<\/title>\n<meta name=\"robots\" content=\"index, follow, max-snippet:-1, max-image-preview:large, max-video-preview:-1\" \/>\n<link rel=\"canonical\" href=\"https:\/\/kapitalis.com\/tunisie\/2023\/05\/24\/etude-du-ftdes-sur-la-crispation-anti-migrants-subsahariens-en-tunisie\/\" \/>\n<meta property=\"og:locale\" content=\"fr_FR\" \/>\n<meta property=\"og:type\" content=\"article\" \/>\n<meta property=\"og:title\" content=\"Etude du FTDES sur la crispation anti-migrants subsahariens en Tunisie - Kapitalis\" \/>\n<meta property=\"og:description\" content=\"Crispation anti-migrants subsahariens en Tunisie : discours et violences.\" \/>\n<meta property=\"og:url\" content=\"https:\/\/kapitalis.com\/tunisie\/2023\/05\/24\/etude-du-ftdes-sur-la-crispation-anti-migrants-subsahariens-en-tunisie\/\" \/>\n<meta property=\"og:site_name\" content=\"Kapitalis\" \/>\n<meta property=\"article:publisher\" content=\"https:\/\/www.facebook.com\/KapitalisInfo\/\" \/>\n<meta property=\"article:published_time\" content=\"2023-05-24T07:54:08+00:00\" \/>\n<meta property=\"article:modified_time\" content=\"2023-05-24T07:54:10+00:00\" \/>\n<meta property=\"og:image\" content=\"https:\/\/kapitalis.com\/tunisie\/wp-content\/uploads\/2023\/05\/Migrants-subsahariens-FTDES.jpg\" \/>\n\t<meta property=\"og:image:width\" content=\"1200\" \/>\n\t<meta property=\"og:image:height\" content=\"630\" \/>\n\t<meta property=\"og:image:type\" content=\"image\/jpeg\" \/>\n<meta name=\"author\" content=\"webmaster kapitalis\" \/>\n<meta name=\"twitter:card\" content=\"summary_large_image\" \/>\n<meta name=\"twitter:creator\" content=\"@KapitalisInfo\" \/>\n<meta name=\"twitter:site\" content=\"@KapitalisInfo\" \/>\n<meta name=\"twitter:label1\" content=\"\u00c9crit par\" \/>\n\t<meta name=\"twitter:data1\" content=\"webmaster kapitalis\" \/>\n\t<meta name=\"twitter:label2\" content=\"Dur\u00e9e de lecture estim\u00e9e\" \/>\n\t<meta name=\"twitter:data2\" content=\"3 minutes\" \/>\n<script type=\"application\/ld+json\" class=\"yoast-schema-graph\">{\"@context\":\"https:\/\/schema.org\",\"@graph\":[{\"@type\":\"Article\",\"@id\":\"https:\/\/kapitalis.com\/tunisie\/2023\/05\/24\/etude-du-ftdes-sur-la-crispation-anti-migrants-subsahariens-en-tunisie\/#article\",\"isPartOf\":{\"@id\":\"https:\/\/kapitalis.com\/tunisie\/2023\/05\/24\/etude-du-ftdes-sur-la-crispation-anti-migrants-subsahariens-en-tunisie\/\"},\"author\":{\"name\":\"webmaster kapitalis\",\"@id\":\"https:\/\/kapitalis.com\/tunisie\/#\/schema\/person\/d71f33a9ca44f7bad4698210b480c8e9\"},\"headline\":\"Etude du FTDES sur la crispation anti-migrants subsahariens en Tunisie\",\"datePublished\":\"2023-05-24T07:54:08+00:00\",\"dateModified\":\"2023-05-24T07:54:10+00:00\",\"mainEntityOfPage\":{\"@id\":\"https:\/\/kapitalis.com\/tunisie\/2023\/05\/24\/etude-du-ftdes-sur-la-crispation-anti-migrants-subsahariens-en-tunisie\/\"},\"wordCount\":530,\"commentCount\":0,\"publisher\":{\"@id\":\"https:\/\/kapitalis.com\/tunisie\/#organization\"},\"image\":{\"@id\":\"https:\/\/kapitalis.com\/tunisie\/2023\/05\/24\/etude-du-ftdes-sur-la-crispation-anti-migrants-subsahariens-en-tunisie\/#primaryimage\"},\"thumbnailUrl\":\"https:\/\/kapitalis.com\/tunisie\/wp-content\/uploads\/2023\/05\/Migrants-subsahariens-FTDES.jpg\",\"keywords\":[\"Maram Tebini\",\"migrants subsahariens\",\"Parti nationaliste tunisien\",\"Racisme\",\"Tunisie\"],\"articleSection\":[\"SOCIETE\",\"Tunisie\"],\"inLanguage\":\"fr-FR\",\"potentialAction\":[{\"@type\":\"CommentAction\",\"name\":\"Comment\",\"target\":[\"https:\/\/kapitalis.com\/tunisie\/2023\/05\/24\/etude-du-ftdes-sur-la-crispation-anti-migrants-subsahariens-en-tunisie\/#respond\"]}]},{\"@type\":\"WebPage\",\"@id\":\"https:\/\/kapitalis.com\/tunisie\/2023\/05\/24\/etude-du-ftdes-sur-la-crispation-anti-migrants-subsahariens-en-tunisie\/\",\"url\":\"https:\/\/kapitalis.com\/tunisie\/2023\/05\/24\/etude-du-ftdes-sur-la-crispation-anti-migrants-subsahariens-en-tunisie\/\",\"name\":\"Etude du FTDES sur la crispation anti-migrants subsahariens en Tunisie - Kapitalis\",\"isPartOf\":{\"@id\":\"https:\/\/kapitalis.com\/tunisie\/#website\"},\"primaryImageOfPage\":{\"@id\":\"https:\/\/kapitalis.com\/tunisie\/2023\/05\/24\/etude-du-ftdes-sur-la-crispation-anti-migrants-subsahariens-en-tunisie\/#primaryimage\"},\"image\":{\"@id\":\"https:\/\/kapitalis.com\/tunisie\/2023\/05\/24\/etude-du-ftdes-sur-la-crispation-anti-migrants-subsahariens-en-tunisie\/#primaryimage\"},\"thumbnailUrl\":\"https:\/\/kapitalis.com\/tunisie\/wp-content\/uploads\/2023\/05\/Migrants-subsahariens-FTDES.jpg\",\"datePublished\":\"2023-05-24T07:54:08+00:00\",\"dateModified\":\"2023-05-24T07:54:10+00:00\",\"breadcrumb\":{\"@id\":\"https:\/\/kapitalis.com\/tunisie\/2023\/05\/24\/etude-du-ftdes-sur-la-crispation-anti-migrants-subsahariens-en-tunisie\/#breadcrumb\"},\"inLanguage\":\"fr-FR\",\"potentialAction\":[{\"@type\":\"ReadAction\",\"target\":[\"https:\/\/kapitalis.com\/tunisie\/2023\/05\/24\/etude-du-ftdes-sur-la-crispation-anti-migrants-subsahariens-en-tunisie\/\"]}]},{\"@type\":\"ImageObject\",\"inLanguage\":\"fr-FR\",\"@id\":\"https:\/\/kapitalis.com\/tunisie\/2023\/05\/24\/etude-du-ftdes-sur-la-crispation-anti-migrants-subsahariens-en-tunisie\/#primaryimage\",\"url\":\"https:\/\/kapitalis.com\/tunisie\/wp-content\/uploads\/2023\/05\/Migrants-subsahariens-FTDES.jpg\",\"contentUrl\":\"https:\/\/kapitalis.com\/tunisie\/wp-content\/uploads\/2023\/05\/Migrants-subsahariens-FTDES.jpg\",\"width\":1200,\"height\":630},{\"@type\":\"BreadcrumbList\",\"@id\":\"https:\/\/kapitalis.com\/tunisie\/2023\/05\/24\/etude-du-ftdes-sur-la-crispation-anti-migrants-subsahariens-en-tunisie\/#breadcrumb\",\"itemListElement\":[{\"@type\":\"ListItem\",\"position\":1,\"name\":\"Accueil\",\"item\":\"https:\/\/kapitalis.com\/tunisie\/\"},{\"@type\":\"ListItem\",\"position\":2,\"name\":\"Etude du FTDES sur la crispation anti-migrants subsahariens en Tunisie\"}]},{\"@type\":\"WebSite\",\"@id\":\"https:\/\/kapitalis.com\/tunisie\/#website\",\"url\":\"https:\/\/kapitalis.com\/tunisie\/\",\"name\":\"Kapitalis\",\"description\":\"L&#039;actualit\u00e9 en Tunisie et dans le monde\",\"publisher\":{\"@id\":\"https:\/\/kapitalis.com\/tunisie\/#organization\"},\"potentialAction\":[{\"@type\":\"SearchAction\",\"target\":{\"@type\":\"EntryPoint\",\"urlTemplate\":\"https:\/\/kapitalis.com\/tunisie\/?s={search_term_string}\"},\"query-input\":{\"@type\":\"PropertyValueSpecification\",\"valueRequired\":true,\"valueName\":\"search_term_string\"}}],\"inLanguage\":\"fr-FR\"},{\"@type\":\"Organization\",\"@id\":\"https:\/\/kapitalis.com\/tunisie\/#organization\",\"name\":\"Kapitalis\",\"url\":\"https:\/\/kapitalis.com\/tunisie\/\",\"logo\":{\"@type\":\"ImageObject\",\"inLanguage\":\"fr-FR\",\"@id\":\"https:\/\/kapitalis.com\/tunisie\/#\/schema\/logo\/image\/\",\"url\":\"https:\/\/kapitalis.com\/tunisie\/wp-content\/uploads\/2022\/05\/Kapitalis-big-size.png\",\"contentUrl\":\"https:\/\/kapitalis.com\/tunisie\/wp-content\/uploads\/2022\/05\/Kapitalis-big-size.png\",\"width\":5000,\"height\":1500,\"caption\":\"Kapitalis\"},\"image\":{\"@id\":\"https:\/\/kapitalis.com\/tunisie\/#\/schema\/logo\/image\/\"},\"sameAs\":[\"https:\/\/www.facebook.com\/KapitalisInfo\/\",\"https:\/\/x.com\/KapitalisInfo\",\"https:\/\/www.youtube.com\/channel\/UC-yDYrHyfFBWWZaOw3FPg9Q\"]},{\"@type\":\"Person\",\"@id\":\"https:\/\/kapitalis.com\/tunisie\/#\/schema\/person\/d71f33a9ca44f7bad4698210b480c8e9\",\"name\":\"webmaster kapitalis\",\"url\":\"https:\/\/kapitalis.com\/tunisie\/author\/webmaster-kapitalis\/\"}]}<\/script>\n<!-- \/ Yoast SEO plugin. -->","yoast_head_json":{"title":"Etude du FTDES sur la crispation anti-migrants subsahariens en Tunisie - Kapitalis","robots":{"index":"index","follow":"follow","max-snippet":"max-snippet:-1","max-image-preview":"max-image-preview:large","max-video-preview":"max-video-preview:-1"},"canonical":"https:\/\/kapitalis.com\/tunisie\/2023\/05\/24\/etude-du-ftdes-sur-la-crispation-anti-migrants-subsahariens-en-tunisie\/","og_locale":"fr_FR","og_type":"article","og_title":"Etude du FTDES sur la crispation anti-migrants subsahariens en Tunisie - Kapitalis","og_description":"Crispation anti-migrants subsahariens en Tunisie : discours et violences.","og_url":"https:\/\/kapitalis.com\/tunisie\/2023\/05\/24\/etude-du-ftdes-sur-la-crispation-anti-migrants-subsahariens-en-tunisie\/","og_site_name":"Kapitalis","article_publisher":"https:\/\/www.facebook.com\/KapitalisInfo\/","article_published_time":"2023-05-24T07:54:08+00:00","article_modified_time":"2023-05-24T07:54:10+00:00","og_image":[{"width":1200,"height":630,"url":"https:\/\/kapitalis.com\/tunisie\/wp-content\/uploads\/2023\/05\/Migrants-subsahariens-FTDES.jpg","type":"image\/jpeg"}],"author":"webmaster kapitalis","twitter_card":"summary_large_image","twitter_creator":"@KapitalisInfo","twitter_site":"@KapitalisInfo","twitter_misc":{"\u00c9crit par":"webmaster kapitalis","Dur\u00e9e de lecture estim\u00e9e":"3 minutes"},"schema":{"@context":"https:\/\/schema.org","@graph":[{"@type":"Article","@id":"https:\/\/kapitalis.com\/tunisie\/2023\/05\/24\/etude-du-ftdes-sur-la-crispation-anti-migrants-subsahariens-en-tunisie\/#article","isPartOf":{"@id":"https:\/\/kapitalis.com\/tunisie\/2023\/05\/24\/etude-du-ftdes-sur-la-crispation-anti-migrants-subsahariens-en-tunisie\/"},"author":{"name":"webmaster kapitalis","@id":"https:\/\/kapitalis.com\/tunisie\/#\/schema\/person\/d71f33a9ca44f7bad4698210b480c8e9"},"headline":"Etude du FTDES sur la crispation anti-migrants subsahariens en Tunisie","datePublished":"2023-05-24T07:54:08+00:00","dateModified":"2023-05-24T07:54:10+00:00","mainEntityOfPage":{"@id":"https:\/\/kapitalis.com\/tunisie\/2023\/05\/24\/etude-du-ftdes-sur-la-crispation-anti-migrants-subsahariens-en-tunisie\/"},"wordCount":530,"commentCount":0,"publisher":{"@id":"https:\/\/kapitalis.com\/tunisie\/#organization"},"image":{"@id":"https:\/\/kapitalis.com\/tunisie\/2023\/05\/24\/etude-du-ftdes-sur-la-crispation-anti-migrants-subsahariens-en-tunisie\/#primaryimage"},"thumbnailUrl":"https:\/\/kapitalis.com\/tunisie\/wp-content\/uploads\/2023\/05\/Migrants-subsahariens-FTDES.jpg","keywords":["Maram Tebini","migrants subsahariens","Parti nationaliste tunisien","Racisme","Tunisie"],"articleSection":["SOCIETE","Tunisie"],"inLanguage":"fr-FR","potentialAction":[{"@type":"CommentAction","name":"Comment","target":["https:\/\/kapitalis.com\/tunisie\/2023\/05\/24\/etude-du-ftdes-sur-la-crispation-anti-migrants-subsahariens-en-tunisie\/#respond"]}]},{"@type":"WebPage","@id":"https:\/\/kapitalis.com\/tunisie\/2023\/05\/24\/etude-du-ftdes-sur-la-crispation-anti-migrants-subsahariens-en-tunisie\/","url":"https:\/\/kapitalis.com\/tunisie\/2023\/05\/24\/etude-du-ftdes-sur-la-crispation-anti-migrants-subsahariens-en-tunisie\/","name":"Etude du FTDES sur la crispation anti-migrants subsahariens en Tunisie - Kapitalis","isPartOf":{"@id":"https:\/\/kapitalis.com\/tunisie\/#website"},"primaryImageOfPage":{"@id":"https:\/\/kapitalis.com\/tunisie\/2023\/05\/24\/etude-du-ftdes-sur-la-crispation-anti-migrants-subsahariens-en-tunisie\/#primaryimage"},"image":{"@id":"https:\/\/kapitalis.com\/tunisie\/2023\/05\/24\/etude-du-ftdes-sur-la-crispation-anti-migrants-subsahariens-en-tunisie\/#primaryimage"},"thumbnailUrl":"https:\/\/kapitalis.com\/tunisie\/wp-content\/uploads\/2023\/05\/Migrants-subsahariens-FTDES.jpg","datePublished":"2023-05-24T07:54:08+00:00","dateModified":"2023-05-24T07:54:10+00:00","breadcrumb":{"@id":"https:\/\/kapitalis.com\/tunisie\/2023\/05\/24\/etude-du-ftdes-sur-la-crispation-anti-migrants-subsahariens-en-tunisie\/#breadcrumb"},"inLanguage":"fr-FR","potentialAction":[{"@type":"ReadAction","target":["https:\/\/kapitalis.com\/tunisie\/2023\/05\/24\/etude-du-ftdes-sur-la-crispation-anti-migrants-subsahariens-en-tunisie\/"]}]},{"@type":"ImageObject","inLanguage":"fr-FR","@id":"https:\/\/kapitalis.com\/tunisie\/2023\/05\/24\/etude-du-ftdes-sur-la-crispation-anti-migrants-subsahariens-en-tunisie\/#primaryimage","url":"https:\/\/kapitalis.com\/tunisie\/wp-content\/uploads\/2023\/05\/Migrants-subsahariens-FTDES.jpg","contentUrl":"https:\/\/kapitalis.com\/tunisie\/wp-content\/uploads\/2023\/05\/Migrants-subsahariens-FTDES.jpg","width":1200,"height":630},{"@type":"BreadcrumbList","@id":"https:\/\/kapitalis.com\/tunisie\/2023\/05\/24\/etude-du-ftdes-sur-la-crispation-anti-migrants-subsahariens-en-tunisie\/#breadcrumb","itemListElement":[{"@type":"ListItem","position":1,"name":"Accueil","item":"https:\/\/kapitalis.com\/tunisie\/"},{"@type":"ListItem","position":2,"name":"Etude du FTDES sur la crispation anti-migrants subsahariens en Tunisie"}]},{"@type":"WebSite","@id":"https:\/\/kapitalis.com\/tunisie\/#website","url":"https:\/\/kapitalis.com\/tunisie\/","name":"Kapitalis","description":"L&#039;actualit\u00e9 en Tunisie et dans le monde","publisher":{"@id":"https:\/\/kapitalis.com\/tunisie\/#organization"},"potentialAction":[{"@type":"SearchAction","target":{"@type":"EntryPoint","urlTemplate":"https:\/\/kapitalis.com\/tunisie\/?s={search_term_string}"},"query-input":{"@type":"PropertyValueSpecification","valueRequired":true,"valueName":"search_term_string"}}],"inLanguage":"fr-FR"},{"@type":"Organization","@id":"https:\/\/kapitalis.com\/tunisie\/#organization","name":"Kapitalis","url":"https:\/\/kapitalis.com\/tunisie\/","logo":{"@type":"ImageObject","inLanguage":"fr-FR","@id":"https:\/\/kapitalis.com\/tunisie\/#\/schema\/logo\/image\/","url":"https:\/\/kapitalis.com\/tunisie\/wp-content\/uploads\/2022\/05\/Kapitalis-big-size.png","contentUrl":"https:\/\/kapitalis.com\/tunisie\/wp-content\/uploads\/2022\/05\/Kapitalis-big-size.png","width":5000,"height":1500,"caption":"Kapitalis"},"image":{"@id":"https:\/\/kapitalis.com\/tunisie\/#\/schema\/logo\/image\/"},"sameAs":["https:\/\/www.facebook.com\/KapitalisInfo\/","https:\/\/x.com\/KapitalisInfo","https:\/\/www.youtube.com\/channel\/UC-yDYrHyfFBWWZaOw3FPg9Q"]},{"@type":"Person","@id":"https:\/\/kapitalis.com\/tunisie\/#\/schema\/person\/d71f33a9ca44f7bad4698210b480c8e9","name":"webmaster kapitalis","url":"https:\/\/kapitalis.com\/tunisie\/author\/webmaster-kapitalis\/"}]}},"_links":{"self":[{"href":"https:\/\/kapitalis.com\/tunisie\/wp-json\/wp\/v2\/posts\/8034423","targetHints":{"allow":["GET"]}}],"collection":[{"href":"https:\/\/kapitalis.com\/tunisie\/wp-json\/wp\/v2\/posts"}],"about":[{"href":"https:\/\/kapitalis.com\/tunisie\/wp-json\/wp\/v2\/types\/post"}],"author":[{"embeddable":true,"href":"https:\/\/kapitalis.com\/tunisie\/wp-json\/wp\/v2\/users\/8"}],"replies":[{"embeddable":true,"href":"https:\/\/kapitalis.com\/tunisie\/wp-json\/wp\/v2\/comments?post=8034423"}],"version-history":[{"count":1,"href":"https:\/\/kapitalis.com\/tunisie\/wp-json\/wp\/v2\/posts\/8034423\/revisions"}],"predecessor-version":[{"id":8034510,"href":"https:\/\/kapitalis.com\/tunisie\/wp-json\/wp\/v2\/posts\/8034423\/revisions\/8034510"}],"wp:featuredmedia":[{"embeddable":true,"href":"https:\/\/kapitalis.com\/tunisie\/wp-json\/wp\/v2\/media\/8034479"}],"wp:attachment":[{"href":"https:\/\/kapitalis.com\/tunisie\/wp-json\/wp\/v2\/media?parent=8034423"}],"wp:term":[{"taxonomy":"category","embeddable":true,"href":"https:\/\/kapitalis.com\/tunisie\/wp-json\/wp\/v2\/categories?post=8034423"},{"taxonomy":"post_tag","embeddable":true,"href":"https:\/\/kapitalis.com\/tunisie\/wp-json\/wp\/v2\/tags?post=8034423"}],"curies":[{"name":"wp","href":"https:\/\/api.w.org\/{rel}","templated":true}]}}