{"id":8035994,"date":"2023-05-24T12:25:19","date_gmt":"2023-05-24T11:25:19","guid":{"rendered":"https:\/\/kapitalis.com\/tunisie\/?p=8035994"},"modified":"2023-05-24T12:25:22","modified_gmt":"2023-05-24T11:25:22","slug":"la-palestine-et-largentine-invitees-dhonneur-des-journees-dart-contemporain-de-carthage","status":"publish","type":"post","link":"https:\/\/kapitalis.com\/tunisie\/2023\/05\/24\/la-palestine-et-largentine-invitees-dhonneur-des-journees-dart-contemporain-de-carthage\/","title":{"rendered":"La Palestine et l&rsquo;Argentine invit\u00e9es d&rsquo;honneur des Journ\u00e9es d&rsquo;Art contemporain de Carthage"},"content":{"rendered":"\n<p><strong><em>La 3<sup>e<\/sup> \u00e9dition des Journ\u00e9es d\u2019Art contemporain de Carthage (JACC 2023) auront lieu du 26 au 30 mai sous la nouvelle direction de Samira Turki Torjman. Les invit\u00e9s d\u2019honneur de cette \u00e9dition sont la Palestine et l\u2019Argentine.<\/em><\/strong><\/p>\n\n\n\n<!--more-->\n\n\n\n<p>Apr\u00e8s une absence de plus de trois ann\u00e9es, les Journ\u00e9es d\u2019Art contemporain de Carthage seront de retour \u00e0 partir de ce vendredi. Cette nouvelle \u00e9dition plac\u00e9e sous le th\u00e8me \u00ab\u00a0<em>L\u2019art, un chemin<\/em>\u00a0\u00bb comptera la participation de 200 artistes dont 150 artistes tunisiens.<\/p>\n\n\n\n<p>23 pays seront repr\u00e9sent\u00e9s cette ann\u00e9e \u00e0 travers une soixantaine d\u2019\u0153uvres qui seront expos\u00e9es dans les diff\u00e9rentes galeries de la Cit\u00e9 de la Culture \u00e0 Tunis et de la Maison des Arts du Belv\u00e9d\u00e8re.<\/p>\n\n\n\n<p>Parmi ces pays, figurent la Palestine et l\u2019Argentine qui ont \u00e9t\u00e9 choisies comme invit\u00e9s d\u2019honneur et auxquels le festival consacrera deux pavillons \u00e0 part.<\/p>\n\n\n\n<p class=\"has-text-align-right\"><strong>F.B<\/strong><\/p>\n","protected":false},"excerpt":{"rendered":"<p>La 3e \u00e9dition des Journ\u00e9es d\u2019Art contemporain de Carthage (JACC 2023) auront lieu du 26 au 30 mai sous la nouvelle direction de Samira Turki Torjman. Les invit\u00e9s d\u2019honneur de cette \u00e9dition sont la Palestine et l\u2019Argentine.<\/p>\n","protected":false},"author":26,"featured_media":6625842,"comment_status":"open","ping_status":"open","sticky":false,"template":"","format":"standard","meta":{"footnotes":""},"categories":[994,2433],"tags":[2767,88,106929,106810,4026,108871,62643],"class_list":["post-8035994","post","type-post","status-publish","format-standard","has-post-thumbnail","hentry","category-culture","category-tunisie","tag-argentine","tag-art-contemporain","tag-jacc-2023","tag-journees-dart-contemporain-de-carthage","tag-palestine","tag-samia-turki-torjman","tag-tunisie"],"yoast_head":"<!-- This site is optimized with the Yoast SEO plugin v26.6 - https:\/\/yoast.com\/wordpress\/plugins\/seo\/ -->\n<title>La Palestine et l&#039;Argentine invit\u00e9es d&#039;honneur des Journ\u00e9es d&#039;Art contemporain de Carthage - Kapitalis<\/title>\n<meta name=\"robots\" content=\"index, follow, max-snippet:-1, max-image-preview:large, max-video-preview:-1\" \/>\n<link rel=\"canonical\" href=\"https:\/\/kapitalis.com\/tunisie\/2023\/05\/24\/la-palestine-et-largentine-invitees-dhonneur-des-journees-dart-contemporain-de-carthage\/\" \/>\n<meta property=\"og:locale\" content=\"fr_FR\" \/>\n<meta property=\"og:type\" content=\"article\" \/>\n<meta property=\"og:title\" content=\"La Palestine et l&#039;Argentine invit\u00e9es d&#039;honneur des Journ\u00e9es d&#039;Art contemporain de Carthage - Kapitalis\" \/>\n<meta property=\"og:description\" content=\"La 3e \u00e9dition des Journ\u00e9es d\u2019Art contemporain de Carthage (JACC 2023) auront lieu du 26 au 30 mai sous la nouvelle direction de Samira Turki Torjman. Les invit\u00e9s d\u2019honneur de cette \u00e9dition sont la Palestine et l\u2019Argentine.\" \/>\n<meta property=\"og:url\" content=\"https:\/\/kapitalis.com\/tunisie\/2023\/05\/24\/la-palestine-et-largentine-invitees-dhonneur-des-journees-dart-contemporain-de-carthage\/\" \/>\n<meta property=\"og:site_name\" content=\"Kapitalis\" \/>\n<meta property=\"article:publisher\" content=\"https:\/\/www.facebook.com\/KapitalisInfo\/\" \/>\n<meta property=\"article:published_time\" content=\"2023-05-24T11:25:19+00:00\" \/>\n<meta property=\"article:modified_time\" content=\"2023-05-24T11:25:22+00:00\" \/>\n<meta property=\"og:image\" content=\"https:\/\/kapitalis.com\/tunisie\/wp-content\/uploads\/2023\/02\/Journees-dart-contemporain-de-Carthage.jpg\" \/>\n\t<meta property=\"og:image:width\" content=\"1200\" \/>\n\t<meta property=\"og:image:height\" content=\"630\" \/>\n\t<meta property=\"og:image:type\" content=\"image\/jpeg\" \/>\n<meta name=\"author\" content=\"Fawz BenAli\" \/>\n<meta name=\"twitter:card\" content=\"summary_large_image\" \/>\n<meta name=\"twitter:creator\" content=\"@KapitalisInfo\" \/>\n<meta name=\"twitter:site\" content=\"@KapitalisInfo\" \/>\n<meta name=\"twitter:label1\" content=\"\u00c9crit par\" \/>\n\t<meta name=\"twitter:data1\" content=\"Fawz BenAli\" \/>\n\t<meta name=\"twitter:label2\" content=\"Dur\u00e9e de lecture estim\u00e9e\" \/>\n\t<meta name=\"twitter:data2\" content=\"1 minute\" \/>\n<script type=\"application\/ld+json\" class=\"yoast-schema-graph\">{\"@context\":\"https:\/\/schema.org\",\"@graph\":[{\"@type\":\"Article\",\"@id\":\"https:\/\/kapitalis.com\/tunisie\/2023\/05\/24\/la-palestine-et-largentine-invitees-dhonneur-des-journees-dart-contemporain-de-carthage\/#article\",\"isPartOf\":{\"@id\":\"https:\/\/kapitalis.com\/tunisie\/2023\/05\/24\/la-palestine-et-largentine-invitees-dhonneur-des-journees-dart-contemporain-de-carthage\/\"},\"author\":{\"name\":\"Fawz BenAli\",\"@id\":\"https:\/\/kapitalis.com\/tunisie\/#\/schema\/person\/73a5ecc1f6ae540c6ed91342eadca948\"},\"headline\":\"La Palestine et l&rsquo;Argentine invit\u00e9es d&rsquo;honneur des Journ\u00e9es d&rsquo;Art contemporain de Carthage\",\"datePublished\":\"2023-05-24T11:25:19+00:00\",\"dateModified\":\"2023-05-24T11:25:22+00:00\",\"mainEntityOfPage\":{\"@id\":\"https:\/\/kapitalis.com\/tunisie\/2023\/05\/24\/la-palestine-et-largentine-invitees-dhonneur-des-journees-dart-contemporain-de-carthage\/\"},\"wordCount\":166,\"commentCount\":0,\"publisher\":{\"@id\":\"https:\/\/kapitalis.com\/tunisie\/#organization\"},\"image\":{\"@id\":\"https:\/\/kapitalis.com\/tunisie\/2023\/05\/24\/la-palestine-et-largentine-invitees-dhonneur-des-journees-dart-contemporain-de-carthage\/#primaryimage\"},\"thumbnailUrl\":\"https:\/\/kapitalis.com\/tunisie\/wp-content\/uploads\/2023\/02\/Journees-dart-contemporain-de-Carthage.jpg\",\"keywords\":[\"Argentine\",\"art contemporain\",\"JACC 2023\",\"Journ\u00e9es d&#039;Art contemporain de Carthage\",\"Palestine\",\"Samia Turki Torjman\",\"Tunisie\"],\"articleSection\":[\"CULTURE\",\"Tunisie\"],\"inLanguage\":\"fr-FR\",\"potentialAction\":[{\"@type\":\"CommentAction\",\"name\":\"Comment\",\"target\":[\"https:\/\/kapitalis.com\/tunisie\/2023\/05\/24\/la-palestine-et-largentine-invitees-dhonneur-des-journees-dart-contemporain-de-carthage\/#respond\"]}]},{\"@type\":\"WebPage\",\"@id\":\"https:\/\/kapitalis.com\/tunisie\/2023\/05\/24\/la-palestine-et-largentine-invitees-dhonneur-des-journees-dart-contemporain-de-carthage\/\",\"url\":\"https:\/\/kapitalis.com\/tunisie\/2023\/05\/24\/la-palestine-et-largentine-invitees-dhonneur-des-journees-dart-contemporain-de-carthage\/\",\"name\":\"La Palestine et l'Argentine invit\u00e9es d'honneur des Journ\u00e9es d'Art contemporain de Carthage - Kapitalis\",\"isPartOf\":{\"@id\":\"https:\/\/kapitalis.com\/tunisie\/#website\"},\"primaryImageOfPage\":{\"@id\":\"https:\/\/kapitalis.com\/tunisie\/2023\/05\/24\/la-palestine-et-largentine-invitees-dhonneur-des-journees-dart-contemporain-de-carthage\/#primaryimage\"},\"image\":{\"@id\":\"https:\/\/kapitalis.com\/tunisie\/2023\/05\/24\/la-palestine-et-largentine-invitees-dhonneur-des-journees-dart-contemporain-de-carthage\/#primaryimage\"},\"thumbnailUrl\":\"https:\/\/kapitalis.com\/tunisie\/wp-content\/uploads\/2023\/02\/Journees-dart-contemporain-de-Carthage.jpg\",\"datePublished\":\"2023-05-24T11:25:19+00:00\",\"dateModified\":\"2023-05-24T11:25:22+00:00\",\"breadcrumb\":{\"@id\":\"https:\/\/kapitalis.com\/tunisie\/2023\/05\/24\/la-palestine-et-largentine-invitees-dhonneur-des-journees-dart-contemporain-de-carthage\/#breadcrumb\"},\"inLanguage\":\"fr-FR\",\"potentialAction\":[{\"@type\":\"ReadAction\",\"target\":[\"https:\/\/kapitalis.com\/tunisie\/2023\/05\/24\/la-palestine-et-largentine-invitees-dhonneur-des-journees-dart-contemporain-de-carthage\/\"]}]},{\"@type\":\"ImageObject\",\"inLanguage\":\"fr-FR\",\"@id\":\"https:\/\/kapitalis.com\/tunisie\/2023\/05\/24\/la-palestine-et-largentine-invitees-dhonneur-des-journees-dart-contemporain-de-carthage\/#primaryimage\",\"url\":\"https:\/\/kapitalis.com\/tunisie\/wp-content\/uploads\/2023\/02\/Journees-dart-contemporain-de-Carthage.jpg\",\"contentUrl\":\"https:\/\/kapitalis.com\/tunisie\/wp-content\/uploads\/2023\/02\/Journees-dart-contemporain-de-Carthage.jpg\",\"width\":1200,\"height\":630},{\"@type\":\"BreadcrumbList\",\"@id\":\"https:\/\/kapitalis.com\/tunisie\/2023\/05\/24\/la-palestine-et-largentine-invitees-dhonneur-des-journees-dart-contemporain-de-carthage\/#breadcrumb\",\"itemListElement\":[{\"@type\":\"ListItem\",\"position\":1,\"name\":\"Accueil\",\"item\":\"https:\/\/kapitalis.com\/tunisie\/\"},{\"@type\":\"ListItem\",\"position\":2,\"name\":\"La Palestine et l&rsquo;Argentine invit\u00e9es d&rsquo;honneur des Journ\u00e9es d&rsquo;Art contemporain de Carthage\"}]},{\"@type\":\"WebSite\",\"@id\":\"https:\/\/kapitalis.com\/tunisie\/#website\",\"url\":\"https:\/\/kapitalis.com\/tunisie\/\",\"name\":\"Kapitalis\",\"description\":\"L&#039;actualit\u00e9 en Tunisie et dans le monde\",\"publisher\":{\"@id\":\"https:\/\/kapitalis.com\/tunisie\/#organization\"},\"potentialAction\":[{\"@type\":\"SearchAction\",\"target\":{\"@type\":\"EntryPoint\",\"urlTemplate\":\"https:\/\/kapitalis.com\/tunisie\/?s={search_term_string}\"},\"query-input\":{\"@type\":\"PropertyValueSpecification\",\"valueRequired\":true,\"valueName\":\"search_term_string\"}}],\"inLanguage\":\"fr-FR\"},{\"@type\":\"Organization\",\"@id\":\"https:\/\/kapitalis.com\/tunisie\/#organization\",\"name\":\"Kapitalis\",\"url\":\"https:\/\/kapitalis.com\/tunisie\/\",\"logo\":{\"@type\":\"ImageObject\",\"inLanguage\":\"fr-FR\",\"@id\":\"https:\/\/kapitalis.com\/tunisie\/#\/schema\/logo\/image\/\",\"url\":\"https:\/\/kapitalis.com\/tunisie\/wp-content\/uploads\/2022\/05\/Kapitalis-big-size.png\",\"contentUrl\":\"https:\/\/kapitalis.com\/tunisie\/wp-content\/uploads\/2022\/05\/Kapitalis-big-size.png\",\"width\":5000,\"height\":1500,\"caption\":\"Kapitalis\"},\"image\":{\"@id\":\"https:\/\/kapitalis.com\/tunisie\/#\/schema\/logo\/image\/\"},\"sameAs\":[\"https:\/\/www.facebook.com\/KapitalisInfo\/\",\"https:\/\/x.com\/KapitalisInfo\",\"https:\/\/www.youtube.com\/channel\/UC-yDYrHyfFBWWZaOw3FPg9Q\"]},{\"@type\":\"Person\",\"@id\":\"https:\/\/kapitalis.com\/tunisie\/#\/schema\/person\/73a5ecc1f6ae540c6ed91342eadca948\",\"name\":\"Fawz BenAli\",\"url\":\"https:\/\/kapitalis.com\/tunisie\/author\/fawz\/\"}]}<\/script>\n<!-- \/ Yoast SEO plugin. -->","yoast_head_json":{"title":"La Palestine et l'Argentine invit\u00e9es d'honneur des Journ\u00e9es d'Art contemporain de Carthage - Kapitalis","robots":{"index":"index","follow":"follow","max-snippet":"max-snippet:-1","max-image-preview":"max-image-preview:large","max-video-preview":"max-video-preview:-1"},"canonical":"https:\/\/kapitalis.com\/tunisie\/2023\/05\/24\/la-palestine-et-largentine-invitees-dhonneur-des-journees-dart-contemporain-de-carthage\/","og_locale":"fr_FR","og_type":"article","og_title":"La Palestine et l'Argentine invit\u00e9es d'honneur des Journ\u00e9es d'Art contemporain de Carthage - Kapitalis","og_description":"La 3e \u00e9dition des Journ\u00e9es d\u2019Art contemporain de Carthage (JACC 2023) auront lieu du 26 au 30 mai sous la nouvelle direction de Samira Turki Torjman. Les invit\u00e9s d\u2019honneur de cette \u00e9dition sont la Palestine et l\u2019Argentine.","og_url":"https:\/\/kapitalis.com\/tunisie\/2023\/05\/24\/la-palestine-et-largentine-invitees-dhonneur-des-journees-dart-contemporain-de-carthage\/","og_site_name":"Kapitalis","article_publisher":"https:\/\/www.facebook.com\/KapitalisInfo\/","article_published_time":"2023-05-24T11:25:19+00:00","article_modified_time":"2023-05-24T11:25:22+00:00","og_image":[{"width":1200,"height":630,"url":"https:\/\/kapitalis.com\/tunisie\/wp-content\/uploads\/2023\/02\/Journees-dart-contemporain-de-Carthage.jpg","type":"image\/jpeg"}],"author":"Fawz BenAli","twitter_card":"summary_large_image","twitter_creator":"@KapitalisInfo","twitter_site":"@KapitalisInfo","twitter_misc":{"\u00c9crit par":"Fawz BenAli","Dur\u00e9e de lecture estim\u00e9e":"1 minute"},"schema":{"@context":"https:\/\/schema.org","@graph":[{"@type":"Article","@id":"https:\/\/kapitalis.com\/tunisie\/2023\/05\/24\/la-palestine-et-largentine-invitees-dhonneur-des-journees-dart-contemporain-de-carthage\/#article","isPartOf":{"@id":"https:\/\/kapitalis.com\/tunisie\/2023\/05\/24\/la-palestine-et-largentine-invitees-dhonneur-des-journees-dart-contemporain-de-carthage\/"},"author":{"name":"Fawz BenAli","@id":"https:\/\/kapitalis.com\/tunisie\/#\/schema\/person\/73a5ecc1f6ae540c6ed91342eadca948"},"headline":"La Palestine et l&rsquo;Argentine invit\u00e9es d&rsquo;honneur des Journ\u00e9es d&rsquo;Art contemporain de Carthage","datePublished":"2023-05-24T11:25:19+00:00","dateModified":"2023-05-24T11:25:22+00:00","mainEntityOfPage":{"@id":"https:\/\/kapitalis.com\/tunisie\/2023\/05\/24\/la-palestine-et-largentine-invitees-dhonneur-des-journees-dart-contemporain-de-carthage\/"},"wordCount":166,"commentCount":0,"publisher":{"@id":"https:\/\/kapitalis.com\/tunisie\/#organization"},"image":{"@id":"https:\/\/kapitalis.com\/tunisie\/2023\/05\/24\/la-palestine-et-largentine-invitees-dhonneur-des-journees-dart-contemporain-de-carthage\/#primaryimage"},"thumbnailUrl":"https:\/\/kapitalis.com\/tunisie\/wp-content\/uploads\/2023\/02\/Journees-dart-contemporain-de-Carthage.jpg","keywords":["Argentine","art contemporain","JACC 2023","Journ\u00e9es d&#039;Art contemporain de Carthage","Palestine","Samia Turki Torjman","Tunisie"],"articleSection":["CULTURE","Tunisie"],"inLanguage":"fr-FR","potentialAction":[{"@type":"CommentAction","name":"Comment","target":["https:\/\/kapitalis.com\/tunisie\/2023\/05\/24\/la-palestine-et-largentine-invitees-dhonneur-des-journees-dart-contemporain-de-carthage\/#respond"]}]},{"@type":"WebPage","@id":"https:\/\/kapitalis.com\/tunisie\/2023\/05\/24\/la-palestine-et-largentine-invitees-dhonneur-des-journees-dart-contemporain-de-carthage\/","url":"https:\/\/kapitalis.com\/tunisie\/2023\/05\/24\/la-palestine-et-largentine-invitees-dhonneur-des-journees-dart-contemporain-de-carthage\/","name":"La Palestine et l'Argentine invit\u00e9es d'honneur des Journ\u00e9es d'Art contemporain de Carthage - Kapitalis","isPartOf":{"@id":"https:\/\/kapitalis.com\/tunisie\/#website"},"primaryImageOfPage":{"@id":"https:\/\/kapitalis.com\/tunisie\/2023\/05\/24\/la-palestine-et-largentine-invitees-dhonneur-des-journees-dart-contemporain-de-carthage\/#primaryimage"},"image":{"@id":"https:\/\/kapitalis.com\/tunisie\/2023\/05\/24\/la-palestine-et-largentine-invitees-dhonneur-des-journees-dart-contemporain-de-carthage\/#primaryimage"},"thumbnailUrl":"https:\/\/kapitalis.com\/tunisie\/wp-content\/uploads\/2023\/02\/Journees-dart-contemporain-de-Carthage.jpg","datePublished":"2023-05-24T11:25:19+00:00","dateModified":"2023-05-24T11:25:22+00:00","breadcrumb":{"@id":"https:\/\/kapitalis.com\/tunisie\/2023\/05\/24\/la-palestine-et-largentine-invitees-dhonneur-des-journees-dart-contemporain-de-carthage\/#breadcrumb"},"inLanguage":"fr-FR","potentialAction":[{"@type":"ReadAction","target":["https:\/\/kapitalis.com\/tunisie\/2023\/05\/24\/la-palestine-et-largentine-invitees-dhonneur-des-journees-dart-contemporain-de-carthage\/"]}]},{"@type":"ImageObject","inLanguage":"fr-FR","@id":"https:\/\/kapitalis.com\/tunisie\/2023\/05\/24\/la-palestine-et-largentine-invitees-dhonneur-des-journees-dart-contemporain-de-carthage\/#primaryimage","url":"https:\/\/kapitalis.com\/tunisie\/wp-content\/uploads\/2023\/02\/Journees-dart-contemporain-de-Carthage.jpg","contentUrl":"https:\/\/kapitalis.com\/tunisie\/wp-content\/uploads\/2023\/02\/Journees-dart-contemporain-de-Carthage.jpg","width":1200,"height":630},{"@type":"BreadcrumbList","@id":"https:\/\/kapitalis.com\/tunisie\/2023\/05\/24\/la-palestine-et-largentine-invitees-dhonneur-des-journees-dart-contemporain-de-carthage\/#breadcrumb","itemListElement":[{"@type":"ListItem","position":1,"name":"Accueil","item":"https:\/\/kapitalis.com\/tunisie\/"},{"@type":"ListItem","position":2,"name":"La Palestine et l&rsquo;Argentine invit\u00e9es d&rsquo;honneur des Journ\u00e9es d&rsquo;Art contemporain de Carthage"}]},{"@type":"WebSite","@id":"https:\/\/kapitalis.com\/tunisie\/#website","url":"https:\/\/kapitalis.com\/tunisie\/","name":"Kapitalis","description":"L&#039;actualit\u00e9 en Tunisie et dans le monde","publisher":{"@id":"https:\/\/kapitalis.com\/tunisie\/#organization"},"potentialAction":[{"@type":"SearchAction","target":{"@type":"EntryPoint","urlTemplate":"https:\/\/kapitalis.com\/tunisie\/?s={search_term_string}"},"query-input":{"@type":"PropertyValueSpecification","valueRequired":true,"valueName":"search_term_string"}}],"inLanguage":"fr-FR"},{"@type":"Organization","@id":"https:\/\/kapitalis.com\/tunisie\/#organization","name":"Kapitalis","url":"https:\/\/kapitalis.com\/tunisie\/","logo":{"@type":"ImageObject","inLanguage":"fr-FR","@id":"https:\/\/kapitalis.com\/tunisie\/#\/schema\/logo\/image\/","url":"https:\/\/kapitalis.com\/tunisie\/wp-content\/uploads\/2022\/05\/Kapitalis-big-size.png","contentUrl":"https:\/\/kapitalis.com\/tunisie\/wp-content\/uploads\/2022\/05\/Kapitalis-big-size.png","width":5000,"height":1500,"caption":"Kapitalis"},"image":{"@id":"https:\/\/kapitalis.com\/tunisie\/#\/schema\/logo\/image\/"},"sameAs":["https:\/\/www.facebook.com\/KapitalisInfo\/","https:\/\/x.com\/KapitalisInfo","https:\/\/www.youtube.com\/channel\/UC-yDYrHyfFBWWZaOw3FPg9Q"]},{"@type":"Person","@id":"https:\/\/kapitalis.com\/tunisie\/#\/schema\/person\/73a5ecc1f6ae540c6ed91342eadca948","name":"Fawz BenAli","url":"https:\/\/kapitalis.com\/tunisie\/author\/fawz\/"}]}},"_links":{"self":[{"href":"https:\/\/kapitalis.com\/tunisie\/wp-json\/wp\/v2\/posts\/8035994","targetHints":{"allow":["GET"]}}],"collection":[{"href":"https:\/\/kapitalis.com\/tunisie\/wp-json\/wp\/v2\/posts"}],"about":[{"href":"https:\/\/kapitalis.com\/tunisie\/wp-json\/wp\/v2\/types\/post"}],"author":[{"embeddable":true,"href":"https:\/\/kapitalis.com\/tunisie\/wp-json\/wp\/v2\/users\/26"}],"replies":[{"embeddable":true,"href":"https:\/\/kapitalis.com\/tunisie\/wp-json\/wp\/v2\/comments?post=8035994"}],"version-history":[{"count":1,"href":"https:\/\/kapitalis.com\/tunisie\/wp-json\/wp\/v2\/posts\/8035994\/revisions"}],"predecessor-version":[{"id":8036402,"href":"https:\/\/kapitalis.com\/tunisie\/wp-json\/wp\/v2\/posts\/8035994\/revisions\/8036402"}],"wp:featuredmedia":[{"embeddable":true,"href":"https:\/\/kapitalis.com\/tunisie\/wp-json\/wp\/v2\/media\/6625842"}],"wp:attachment":[{"href":"https:\/\/kapitalis.com\/tunisie\/wp-json\/wp\/v2\/media?parent=8035994"}],"wp:term":[{"taxonomy":"category","embeddable":true,"href":"https:\/\/kapitalis.com\/tunisie\/wp-json\/wp\/v2\/categories?post=8035994"},{"taxonomy":"post_tag","embeddable":true,"href":"https:\/\/kapitalis.com\/tunisie\/wp-json\/wp\/v2\/tags?post=8035994"}],"curies":[{"name":"wp","href":"https:\/\/api.w.org\/{rel}","templated":true}]}}