{"id":803783,"date":"2022-05-18T10:32:41","date_gmt":"2022-05-18T08:32:41","guid":{"rendered":"https:\/\/kapitalis.com\/tunisie\/?p=803783"},"modified":"2022-05-18T10:32:43","modified_gmt":"2022-05-18T08:32:43","slug":"tunisie-telecom-fait-son-cinema-a-gabes","status":"publish","type":"post","link":"https:\/\/kapitalis.com\/tunisie\/2022\/05\/18\/tunisie-telecom-fait-son-cinema-a-gabes\/","title":{"rendered":"Tunisie T\u00e9l\u00e9com\u00a0fait son cin\u00e9ma \u00e0 Gab\u00e8s"},"content":{"rendered":"\n<p><em><strong>Gab\u00e8s Cin\u00e9ma Fen 2022, qui s\u2019est d\u00e9roul\u00e9 du 6 au 12 mai 2022 est entr\u00e9 cette ann\u00e9e dans sa quatri\u00e8me \u00e9dition.<\/strong><\/em> <strong><em>D\u00e9di\u00e9 aux films issus du monde arabe et de la diaspora, ce festival est organis\u00e9 pour amorcer le projet d\u2019une tradition culturelle p\u00e9renne \u00e0 Gab\u00e8s.<\/em><\/strong><\/p>\n\n\n\n<!--more-->\n\n\n\n<p>La quatri\u00e8me \u00e9dition de \u00ab\u00a0Gab\u00e8s Cin\u00e9ma Fen\u00a0\u00bb a offert une fen\u00eatre sur le monde, pos\u00e9 des probl\u00e9matiques \u00e9cologiques et tendu la main \u00e0 un \u00ab\u00a0Cin\u00e9ma Promesse\u00a0\u00bb. Elle \u00e9tait un lieu de rencontre et d\u2019\u00e9change autour des \u0153uvres filmiques et des th\u00e8mes culturels qui en d\u00e9coulent.<\/p>\n\n\n\n<p>Emanant de sa responsabilit\u00e9 soci\u00e9tale qui repose sur l\u2019inclusion culturelle et la proximit\u00e9 avec les Tunisiens l\u00e0 o\u00f9 qu\u2019ils soient, Tunisie Telecom\u00a0a renouvel\u00e9 son engagement de\u00a0partenaire officiel\u00a0de\u00a0Gab\u00e9s Cin\u00e9ma Fen\u00a0pour la quatri\u00e8me ann\u00e9e cons\u00e9cutive \u00e0 travers un soutien technique et\u00a0financier.<\/p>\n\n\n\n<div class=\"wp-block-image\"><figure class=\"aligncenter size-full is-resized\"><img decoding=\"async\" src=\"https:\/\/kapitalis.com\/tunisie\/wp-content\/uploads\/2022\/05\/Gabes-Cinema-Fen-2.jpg\" alt=\"\" class=\"wp-image-804273\" width=\"500\" srcset=\"https:\/\/kapitalis.com\/tunisie\/wp-content\/uploads\/2022\/05\/Gabes-Cinema-Fen-2.jpg 605w, https:\/\/kapitalis.com\/tunisie\/wp-content\/uploads\/2022\/05\/Gabes-Cinema-Fen-2-300x225.jpg 300w, https:\/\/kapitalis.com\/tunisie\/wp-content\/uploads\/2022\/05\/Gabes-Cinema-Fen-2-580x435.jpg 580w\" sizes=\"(max-width: 605px) 100vw, 605px\" \/><\/figure><\/div>\n\n\n\n<p>Originalit\u00e9, proximit\u00e9 et adaptation culturelle \u00e9taient les mots cl\u00e9s de cette action de sponsoring. En effet, l\u2019op\u00e9rateur national a fait vivre aux habitants de Gab\u00e8s une exp\u00e9rience adapt\u00e9e \u00e0 leur mode de vie en leur permettant de suivre les films non pas dans les salles de cin\u00e9ma mais en profitant du beau ciel gabessien.<\/p>\n\n\n\n<p>L\u2019op\u00e9rateur\u00a0a mobilis\u00e9 un Cin\u00e9 Bus pour assurer des projections de\u00a0courts m\u00e9trages tunisiens pour faire profiter les habitants de Souk el Menzel et de Corniche Gab\u00e8s d\u2019une\u00a0belle escapade culturelle et\u00a0d\u2019une immersion dans le show du cin\u00e9ma, dans le confort de leurs quartiers.<\/p>\n\n\n\n<p>Tunisie T\u00e9l\u00e9com l\u2019acteur majeur\u00a0du sponsoring culturel, depuis des d\u00e9cennies r\u00e9affirme encore une fois la\u00a0place privil\u00e9gi\u00e9e qu\u2019il accorde \u00e0 la culture et \u00e0 la satisfaction des attentes de sa client\u00e8le dans toutes les r\u00e9gions.<\/p>\n\n\n\n<p><strong><em>S<\/em><\/strong><em><strong>ource : <\/strong><\/em>Communiqu\u00e9.<\/p>\n","protected":false},"excerpt":{"rendered":"<p>Gab\u00e8s Cin\u00e9ma Fen 2022, qui s\u2019est d\u00e9roul\u00e9 du 6 au 12 mai 2022 est entr\u00e9 cette ann\u00e9e dans sa quatri\u00e8me \u00e9dition. D\u00e9di\u00e9 aux films issus du monde arabe et de la diaspora, ce festival est organis\u00e9 pour amorcer le projet d\u2019une tradition culturelle p\u00e9renne \u00e0 Gab\u00e8s.<\/p>\n","protected":false},"author":24,"featured_media":804261,"comment_status":"open","ping_status":"open","sticky":false,"template":"","format":"standard","meta":{"footnotes":""},"categories":[994,2433],"tags":[77697,84528],"class_list":["post-803783","post","type-post","status-publish","format-standard","has-post-thumbnail","hentry","category-culture","category-tunisie","tag-gabes-cinema-fen-3","tag-tunisie-telecom-2"],"yoast_head":"<!-- This site is optimized with the Yoast SEO plugin v26.6 - https:\/\/yoast.com\/wordpress\/plugins\/seo\/ -->\n<title>Tunisie T\u00e9l\u00e9com\u00a0fait son cin\u00e9ma \u00e0 Gab\u00e8s - Kapitalis<\/title>\n<meta name=\"robots\" content=\"index, follow, max-snippet:-1, max-image-preview:large, max-video-preview:-1\" \/>\n<link rel=\"canonical\" href=\"https:\/\/kapitalis.com\/tunisie\/2022\/05\/18\/tunisie-telecom-fait-son-cinema-a-gabes\/\" \/>\n<meta property=\"og:locale\" content=\"fr_FR\" \/>\n<meta property=\"og:type\" content=\"article\" \/>\n<meta property=\"og:title\" content=\"Tunisie T\u00e9l\u00e9com\u00a0fait son cin\u00e9ma \u00e0 Gab\u00e8s - Kapitalis\" \/>\n<meta property=\"og:description\" content=\"Gab\u00e8s Cin\u00e9ma Fen 2022, qui s\u2019est d\u00e9roul\u00e9 du 6 au 12 mai 2022 est entr\u00e9 cette ann\u00e9e dans sa quatri\u00e8me \u00e9dition. D\u00e9di\u00e9 aux films issus du monde arabe et de la diaspora, ce festival est organis\u00e9 pour amorcer le projet d\u2019une tradition culturelle p\u00e9renne \u00e0 Gab\u00e8s.\" \/>\n<meta property=\"og:url\" content=\"https:\/\/kapitalis.com\/tunisie\/2022\/05\/18\/tunisie-telecom-fait-son-cinema-a-gabes\/\" \/>\n<meta property=\"og:site_name\" content=\"Kapitalis\" \/>\n<meta property=\"article:publisher\" content=\"https:\/\/www.facebook.com\/KapitalisInfo\/\" \/>\n<meta property=\"article:published_time\" content=\"2022-05-18T08:32:41+00:00\" \/>\n<meta property=\"article:modified_time\" content=\"2022-05-18T08:32:43+00:00\" \/>\n<meta property=\"og:image\" content=\"https:\/\/kapitalis.com\/tunisie\/wp-content\/uploads\/2022\/05\/gabes-cinema-fen-1.jpg\" \/>\n\t<meta property=\"og:image:width\" content=\"1200\" \/>\n\t<meta property=\"og:image:height\" content=\"630\" \/>\n\t<meta property=\"og:image:type\" content=\"image\/jpeg\" \/>\n<meta name=\"author\" content=\"Cherif Benyounes\" \/>\n<meta name=\"twitter:card\" content=\"summary_large_image\" \/>\n<meta name=\"twitter:creator\" content=\"@KapitalisInfo\" \/>\n<meta name=\"twitter:site\" content=\"@KapitalisInfo\" \/>\n<meta name=\"twitter:label1\" content=\"\u00c9crit par\" \/>\n\t<meta name=\"twitter:data1\" content=\"Cherif Benyounes\" \/>\n\t<meta name=\"twitter:label2\" content=\"Dur\u00e9e de lecture estim\u00e9e\" \/>\n\t<meta name=\"twitter:data2\" content=\"2 minutes\" \/>\n<script type=\"application\/ld+json\" class=\"yoast-schema-graph\">{\"@context\":\"https:\/\/schema.org\",\"@graph\":[{\"@type\":\"Article\",\"@id\":\"https:\/\/kapitalis.com\/tunisie\/2022\/05\/18\/tunisie-telecom-fait-son-cinema-a-gabes\/#article\",\"isPartOf\":{\"@id\":\"https:\/\/kapitalis.com\/tunisie\/2022\/05\/18\/tunisie-telecom-fait-son-cinema-a-gabes\/\"},\"author\":{\"name\":\"Cherif Benyounes\",\"@id\":\"https:\/\/kapitalis.com\/tunisie\/#\/schema\/person\/b35b8d631961131107263178aeb8019e\"},\"headline\":\"Tunisie T\u00e9l\u00e9com\u00a0fait son cin\u00e9ma \u00e0 Gab\u00e8s\",\"datePublished\":\"2022-05-18T08:32:41+00:00\",\"dateModified\":\"2022-05-18T08:32:43+00:00\",\"mainEntityOfPage\":{\"@id\":\"https:\/\/kapitalis.com\/tunisie\/2022\/05\/18\/tunisie-telecom-fait-son-cinema-a-gabes\/\"},\"wordCount\":324,\"commentCount\":0,\"publisher\":{\"@id\":\"https:\/\/kapitalis.com\/tunisie\/#organization\"},\"image\":{\"@id\":\"https:\/\/kapitalis.com\/tunisie\/2022\/05\/18\/tunisie-telecom-fait-son-cinema-a-gabes\/#primaryimage\"},\"thumbnailUrl\":\"https:\/\/kapitalis.com\/tunisie\/wp-content\/uploads\/2022\/05\/gabes-cinema-fen-1.jpg\",\"keywords\":[\"Gab\u00e8s Cin\u00e9ma Fen\",\"Tunisie t\u00e9l\u00e9com\"],\"articleSection\":[\"CULTURE\",\"Tunisie\"],\"inLanguage\":\"fr-FR\",\"potentialAction\":[{\"@type\":\"CommentAction\",\"name\":\"Comment\",\"target\":[\"https:\/\/kapitalis.com\/tunisie\/2022\/05\/18\/tunisie-telecom-fait-son-cinema-a-gabes\/#respond\"]}]},{\"@type\":\"WebPage\",\"@id\":\"https:\/\/kapitalis.com\/tunisie\/2022\/05\/18\/tunisie-telecom-fait-son-cinema-a-gabes\/\",\"url\":\"https:\/\/kapitalis.com\/tunisie\/2022\/05\/18\/tunisie-telecom-fait-son-cinema-a-gabes\/\",\"name\":\"Tunisie T\u00e9l\u00e9com\u00a0fait son cin\u00e9ma \u00e0 Gab\u00e8s - Kapitalis\",\"isPartOf\":{\"@id\":\"https:\/\/kapitalis.com\/tunisie\/#website\"},\"primaryImageOfPage\":{\"@id\":\"https:\/\/kapitalis.com\/tunisie\/2022\/05\/18\/tunisie-telecom-fait-son-cinema-a-gabes\/#primaryimage\"},\"image\":{\"@id\":\"https:\/\/kapitalis.com\/tunisie\/2022\/05\/18\/tunisie-telecom-fait-son-cinema-a-gabes\/#primaryimage\"},\"thumbnailUrl\":\"https:\/\/kapitalis.com\/tunisie\/wp-content\/uploads\/2022\/05\/gabes-cinema-fen-1.jpg\",\"datePublished\":\"2022-05-18T08:32:41+00:00\",\"dateModified\":\"2022-05-18T08:32:43+00:00\",\"breadcrumb\":{\"@id\":\"https:\/\/kapitalis.com\/tunisie\/2022\/05\/18\/tunisie-telecom-fait-son-cinema-a-gabes\/#breadcrumb\"},\"inLanguage\":\"fr-FR\",\"potentialAction\":[{\"@type\":\"ReadAction\",\"target\":[\"https:\/\/kapitalis.com\/tunisie\/2022\/05\/18\/tunisie-telecom-fait-son-cinema-a-gabes\/\"]}]},{\"@type\":\"ImageObject\",\"inLanguage\":\"fr-FR\",\"@id\":\"https:\/\/kapitalis.com\/tunisie\/2022\/05\/18\/tunisie-telecom-fait-son-cinema-a-gabes\/#primaryimage\",\"url\":\"https:\/\/kapitalis.com\/tunisie\/wp-content\/uploads\/2022\/05\/gabes-cinema-fen-1.jpg\",\"contentUrl\":\"https:\/\/kapitalis.com\/tunisie\/wp-content\/uploads\/2022\/05\/gabes-cinema-fen-1.jpg\",\"width\":1200,\"height\":630},{\"@type\":\"BreadcrumbList\",\"@id\":\"https:\/\/kapitalis.com\/tunisie\/2022\/05\/18\/tunisie-telecom-fait-son-cinema-a-gabes\/#breadcrumb\",\"itemListElement\":[{\"@type\":\"ListItem\",\"position\":1,\"name\":\"Accueil\",\"item\":\"https:\/\/kapitalis.com\/tunisie\/\"},{\"@type\":\"ListItem\",\"position\":2,\"name\":\"Tunisie T\u00e9l\u00e9com\u00a0fait son cin\u00e9ma \u00e0 Gab\u00e8s\"}]},{\"@type\":\"WebSite\",\"@id\":\"https:\/\/kapitalis.com\/tunisie\/#website\",\"url\":\"https:\/\/kapitalis.com\/tunisie\/\",\"name\":\"Kapitalis\",\"description\":\"L&#039;actualit\u00e9 en Tunisie et dans le monde\",\"publisher\":{\"@id\":\"https:\/\/kapitalis.com\/tunisie\/#organization\"},\"potentialAction\":[{\"@type\":\"SearchAction\",\"target\":{\"@type\":\"EntryPoint\",\"urlTemplate\":\"https:\/\/kapitalis.com\/tunisie\/?s={search_term_string}\"},\"query-input\":{\"@type\":\"PropertyValueSpecification\",\"valueRequired\":true,\"valueName\":\"search_term_string\"}}],\"inLanguage\":\"fr-FR\"},{\"@type\":\"Organization\",\"@id\":\"https:\/\/kapitalis.com\/tunisie\/#organization\",\"name\":\"Kapitalis\",\"url\":\"https:\/\/kapitalis.com\/tunisie\/\",\"logo\":{\"@type\":\"ImageObject\",\"inLanguage\":\"fr-FR\",\"@id\":\"https:\/\/kapitalis.com\/tunisie\/#\/schema\/logo\/image\/\",\"url\":\"https:\/\/kapitalis.com\/tunisie\/wp-content\/uploads\/2022\/05\/Kapitalis-big-size.png\",\"contentUrl\":\"https:\/\/kapitalis.com\/tunisie\/wp-content\/uploads\/2022\/05\/Kapitalis-big-size.png\",\"width\":5000,\"height\":1500,\"caption\":\"Kapitalis\"},\"image\":{\"@id\":\"https:\/\/kapitalis.com\/tunisie\/#\/schema\/logo\/image\/\"},\"sameAs\":[\"https:\/\/www.facebook.com\/KapitalisInfo\/\",\"https:\/\/x.com\/KapitalisInfo\",\"https:\/\/www.youtube.com\/channel\/UC-yDYrHyfFBWWZaOw3FPg9Q\"]},{\"@type\":\"Person\",\"@id\":\"https:\/\/kapitalis.com\/tunisie\/#\/schema\/person\/b35b8d631961131107263178aeb8019e\",\"name\":\"Cherif Benyounes\",\"url\":\"https:\/\/kapitalis.com\/tunisie\/author\/cherif\/\"}]}<\/script>\n<!-- \/ Yoast SEO plugin. -->","yoast_head_json":{"title":"Tunisie T\u00e9l\u00e9com\u00a0fait son cin\u00e9ma \u00e0 Gab\u00e8s - Kapitalis","robots":{"index":"index","follow":"follow","max-snippet":"max-snippet:-1","max-image-preview":"max-image-preview:large","max-video-preview":"max-video-preview:-1"},"canonical":"https:\/\/kapitalis.com\/tunisie\/2022\/05\/18\/tunisie-telecom-fait-son-cinema-a-gabes\/","og_locale":"fr_FR","og_type":"article","og_title":"Tunisie T\u00e9l\u00e9com\u00a0fait son cin\u00e9ma \u00e0 Gab\u00e8s - Kapitalis","og_description":"Gab\u00e8s Cin\u00e9ma Fen 2022, qui s\u2019est d\u00e9roul\u00e9 du 6 au 12 mai 2022 est entr\u00e9 cette ann\u00e9e dans sa quatri\u00e8me \u00e9dition. D\u00e9di\u00e9 aux films issus du monde arabe et de la diaspora, ce festival est organis\u00e9 pour amorcer le projet d\u2019une tradition culturelle p\u00e9renne \u00e0 Gab\u00e8s.","og_url":"https:\/\/kapitalis.com\/tunisie\/2022\/05\/18\/tunisie-telecom-fait-son-cinema-a-gabes\/","og_site_name":"Kapitalis","article_publisher":"https:\/\/www.facebook.com\/KapitalisInfo\/","article_published_time":"2022-05-18T08:32:41+00:00","article_modified_time":"2022-05-18T08:32:43+00:00","og_image":[{"width":1200,"height":630,"url":"https:\/\/kapitalis.com\/tunisie\/wp-content\/uploads\/2022\/05\/gabes-cinema-fen-1.jpg","type":"image\/jpeg"}],"author":"Cherif Benyounes","twitter_card":"summary_large_image","twitter_creator":"@KapitalisInfo","twitter_site":"@KapitalisInfo","twitter_misc":{"\u00c9crit par":"Cherif Benyounes","Dur\u00e9e de lecture estim\u00e9e":"2 minutes"},"schema":{"@context":"https:\/\/schema.org","@graph":[{"@type":"Article","@id":"https:\/\/kapitalis.com\/tunisie\/2022\/05\/18\/tunisie-telecom-fait-son-cinema-a-gabes\/#article","isPartOf":{"@id":"https:\/\/kapitalis.com\/tunisie\/2022\/05\/18\/tunisie-telecom-fait-son-cinema-a-gabes\/"},"author":{"name":"Cherif Benyounes","@id":"https:\/\/kapitalis.com\/tunisie\/#\/schema\/person\/b35b8d631961131107263178aeb8019e"},"headline":"Tunisie T\u00e9l\u00e9com\u00a0fait son cin\u00e9ma \u00e0 Gab\u00e8s","datePublished":"2022-05-18T08:32:41+00:00","dateModified":"2022-05-18T08:32:43+00:00","mainEntityOfPage":{"@id":"https:\/\/kapitalis.com\/tunisie\/2022\/05\/18\/tunisie-telecom-fait-son-cinema-a-gabes\/"},"wordCount":324,"commentCount":0,"publisher":{"@id":"https:\/\/kapitalis.com\/tunisie\/#organization"},"image":{"@id":"https:\/\/kapitalis.com\/tunisie\/2022\/05\/18\/tunisie-telecom-fait-son-cinema-a-gabes\/#primaryimage"},"thumbnailUrl":"https:\/\/kapitalis.com\/tunisie\/wp-content\/uploads\/2022\/05\/gabes-cinema-fen-1.jpg","keywords":["Gab\u00e8s Cin\u00e9ma Fen","Tunisie t\u00e9l\u00e9com"],"articleSection":["CULTURE","Tunisie"],"inLanguage":"fr-FR","potentialAction":[{"@type":"CommentAction","name":"Comment","target":["https:\/\/kapitalis.com\/tunisie\/2022\/05\/18\/tunisie-telecom-fait-son-cinema-a-gabes\/#respond"]}]},{"@type":"WebPage","@id":"https:\/\/kapitalis.com\/tunisie\/2022\/05\/18\/tunisie-telecom-fait-son-cinema-a-gabes\/","url":"https:\/\/kapitalis.com\/tunisie\/2022\/05\/18\/tunisie-telecom-fait-son-cinema-a-gabes\/","name":"Tunisie T\u00e9l\u00e9com\u00a0fait son cin\u00e9ma \u00e0 Gab\u00e8s - Kapitalis","isPartOf":{"@id":"https:\/\/kapitalis.com\/tunisie\/#website"},"primaryImageOfPage":{"@id":"https:\/\/kapitalis.com\/tunisie\/2022\/05\/18\/tunisie-telecom-fait-son-cinema-a-gabes\/#primaryimage"},"image":{"@id":"https:\/\/kapitalis.com\/tunisie\/2022\/05\/18\/tunisie-telecom-fait-son-cinema-a-gabes\/#primaryimage"},"thumbnailUrl":"https:\/\/kapitalis.com\/tunisie\/wp-content\/uploads\/2022\/05\/gabes-cinema-fen-1.jpg","datePublished":"2022-05-18T08:32:41+00:00","dateModified":"2022-05-18T08:32:43+00:00","breadcrumb":{"@id":"https:\/\/kapitalis.com\/tunisie\/2022\/05\/18\/tunisie-telecom-fait-son-cinema-a-gabes\/#breadcrumb"},"inLanguage":"fr-FR","potentialAction":[{"@type":"ReadAction","target":["https:\/\/kapitalis.com\/tunisie\/2022\/05\/18\/tunisie-telecom-fait-son-cinema-a-gabes\/"]}]},{"@type":"ImageObject","inLanguage":"fr-FR","@id":"https:\/\/kapitalis.com\/tunisie\/2022\/05\/18\/tunisie-telecom-fait-son-cinema-a-gabes\/#primaryimage","url":"https:\/\/kapitalis.com\/tunisie\/wp-content\/uploads\/2022\/05\/gabes-cinema-fen-1.jpg","contentUrl":"https:\/\/kapitalis.com\/tunisie\/wp-content\/uploads\/2022\/05\/gabes-cinema-fen-1.jpg","width":1200,"height":630},{"@type":"BreadcrumbList","@id":"https:\/\/kapitalis.com\/tunisie\/2022\/05\/18\/tunisie-telecom-fait-son-cinema-a-gabes\/#breadcrumb","itemListElement":[{"@type":"ListItem","position":1,"name":"Accueil","item":"https:\/\/kapitalis.com\/tunisie\/"},{"@type":"ListItem","position":2,"name":"Tunisie T\u00e9l\u00e9com\u00a0fait son cin\u00e9ma \u00e0 Gab\u00e8s"}]},{"@type":"WebSite","@id":"https:\/\/kapitalis.com\/tunisie\/#website","url":"https:\/\/kapitalis.com\/tunisie\/","name":"Kapitalis","description":"L&#039;actualit\u00e9 en Tunisie et dans le monde","publisher":{"@id":"https:\/\/kapitalis.com\/tunisie\/#organization"},"potentialAction":[{"@type":"SearchAction","target":{"@type":"EntryPoint","urlTemplate":"https:\/\/kapitalis.com\/tunisie\/?s={search_term_string}"},"query-input":{"@type":"PropertyValueSpecification","valueRequired":true,"valueName":"search_term_string"}}],"inLanguage":"fr-FR"},{"@type":"Organization","@id":"https:\/\/kapitalis.com\/tunisie\/#organization","name":"Kapitalis","url":"https:\/\/kapitalis.com\/tunisie\/","logo":{"@type":"ImageObject","inLanguage":"fr-FR","@id":"https:\/\/kapitalis.com\/tunisie\/#\/schema\/logo\/image\/","url":"https:\/\/kapitalis.com\/tunisie\/wp-content\/uploads\/2022\/05\/Kapitalis-big-size.png","contentUrl":"https:\/\/kapitalis.com\/tunisie\/wp-content\/uploads\/2022\/05\/Kapitalis-big-size.png","width":5000,"height":1500,"caption":"Kapitalis"},"image":{"@id":"https:\/\/kapitalis.com\/tunisie\/#\/schema\/logo\/image\/"},"sameAs":["https:\/\/www.facebook.com\/KapitalisInfo\/","https:\/\/x.com\/KapitalisInfo","https:\/\/www.youtube.com\/channel\/UC-yDYrHyfFBWWZaOw3FPg9Q"]},{"@type":"Person","@id":"https:\/\/kapitalis.com\/tunisie\/#\/schema\/person\/b35b8d631961131107263178aeb8019e","name":"Cherif Benyounes","url":"https:\/\/kapitalis.com\/tunisie\/author\/cherif\/"}]}},"_links":{"self":[{"href":"https:\/\/kapitalis.com\/tunisie\/wp-json\/wp\/v2\/posts\/803783","targetHints":{"allow":["GET"]}}],"collection":[{"href":"https:\/\/kapitalis.com\/tunisie\/wp-json\/wp\/v2\/posts"}],"about":[{"href":"https:\/\/kapitalis.com\/tunisie\/wp-json\/wp\/v2\/types\/post"}],"author":[{"embeddable":true,"href":"https:\/\/kapitalis.com\/tunisie\/wp-json\/wp\/v2\/users\/24"}],"replies":[{"embeddable":true,"href":"https:\/\/kapitalis.com\/tunisie\/wp-json\/wp\/v2\/comments?post=803783"}],"version-history":[{"count":0,"href":"https:\/\/kapitalis.com\/tunisie\/wp-json\/wp\/v2\/posts\/803783\/revisions"}],"wp:featuredmedia":[{"embeddable":true,"href":"https:\/\/kapitalis.com\/tunisie\/wp-json\/wp\/v2\/media\/804261"}],"wp:attachment":[{"href":"https:\/\/kapitalis.com\/tunisie\/wp-json\/wp\/v2\/media?parent=803783"}],"wp:term":[{"taxonomy":"category","embeddable":true,"href":"https:\/\/kapitalis.com\/tunisie\/wp-json\/wp\/v2\/categories?post=803783"},{"taxonomy":"post_tag","embeddable":true,"href":"https:\/\/kapitalis.com\/tunisie\/wp-json\/wp\/v2\/tags?post=803783"}],"curies":[{"name":"wp","href":"https:\/\/api.w.org\/{rel}","templated":true}]}}