{"id":8040,"date":"2015-07-27T07:47:44","date_gmt":"2015-07-27T06:47:44","guid":{"rendered":"http:\/\/kapitalis.com\/tunisie\/?p=8040"},"modified":"2015-07-27T07:48:18","modified_gmt":"2015-07-27T06:48:18","slug":"la-tunisie-alloue-des-fonds-supplementaires-aux-forces-de-securite","status":"publish","type":"post","link":"https:\/\/kapitalis.com\/tunisie\/2015\/07\/27\/la-tunisie-alloue-des-fonds-supplementaires-aux-forces-de-securite\/","title":{"rendered":"La Tunisie alloue des fonds suppl\u00e9mentaires aux forces de s\u00e9curit\u00e9"},"content":{"rendered":"<p><img loading=\"lazy\" decoding=\"async\" class=\"aligncenter size-full wp-image-8041\" src=\"http:\/\/kapitalis.com\/tunisie\/wp-content\/uploads\/2015\/07\/Armee-tunisienne-copie-21.jpg\" alt=\"Armee-tunisienne copie 2\" width=\"626\" height=\"380\" \/><\/p>\n<p><em><strong>Pour faire face au terrorisme, le gouvernement tunisien va allouer des fonds compl\u00e9mentaires \u00e0 l\u2019arm\u00e9e, la police et la douane. \u00a0<\/strong><\/em><\/p>\n<p><!--more--><\/p>\n<p>Le projet de loi de finances compl\u00e9mentaire pour 2015 propose d&rsquo;allouer une enveloppe suppl\u00e9mentaire de 306 millions de dinars (MD) aux minist\u00e8res de la D\u00e9fense nationale et de l&rsquo;Int\u00e9rieur, afin de consolider les capacit\u00e9s et les \u00e9quipements des forces de l&rsquo;ordre, de l\u2019arm\u00e9e et de la douane dans la lutte contre le terrorisme.<\/p>\n<p>Il s&rsquo;agit d\u2019aider \u00e0 la mise en route des mesures de d\u00e9fense, de construire et am\u00e9nager des locaux pour les forces de s\u00e9curit\u00e9 et les postes frontaliers, et d&rsquo;acqu\u00e9rir des \u00e9quipements s\u00e9curitaires sophistiqu\u00e9s.<\/p>\n<p>Le gouvernement de Mehdi Jom\u00e2a avait pr\u00e9vu de consacrer 15% du budget de l&rsquo;Etat pour 2015 (soit 4.408 MD) aux minist\u00e8res de l&rsquo;Int\u00e9rieur (2.615 MD) et de la d\u00e9fense nationale (1.792 MD). 51% des recrutements pr\u00e9vus dans la fonction publique seront r\u00e9serv\u00e9s \u00e0 ces minist\u00e8res, pour soutenir leurs efforts dans la lutte contre le terrorisme, le crime et la contrebande.<\/p>\n<p>Parmi les 22.600 agents qui seront recrut\u00e9s, 10.000 devront remplacer des fonctionnaires partis \u00e0 la retraite, soit 12.600 recrutements nets (8 .000 militaires et 3.000 policiers).<\/p>\n<p>Rappelons aussi que, suite \u00e0 l&rsquo;attaque terroriste au mus\u00e9e du Bardo, le 18 mars 2015, le chef du gouvernement Habib Essid s&rsquo;\u00e9tait engag\u00e9, lui aussi, \u00e0 augmenter le budget des institutions s\u00e9curitaire et militaire.<\/p>\n<p style=\"text-align: right;\"><strong>I. B.<\/strong> (avec Tap).<\/p>\n","protected":false},"excerpt":{"rendered":"<p>Pour faire face au terrorisme, le gouvernement tunisien va allouer des fonds compl\u00e9mentaires \u00e0 l\u2019arm\u00e9e, la police et la douane. \u00a0<\/p>\n","protected":false},"author":5,"featured_media":8041,"comment_status":"open","ping_status":"open","sticky":false,"template":"","format":"standard","meta":{"footnotes":""},"categories":[997,2433],"tags":[80,289,301,3332],"class_list":["post-8040","post","type-post","status-publish","format-standard","has-post-thumbnail","hentry","category-politique","category-tunisie","tag-armee","tag-douane","tag-economie","tag-loi-de-finances-complementaire"],"yoast_head":"<!-- This site is optimized with the Yoast SEO plugin v26.6 - https:\/\/yoast.com\/wordpress\/plugins\/seo\/ -->\n<title>La Tunisie alloue des fonds suppl\u00e9mentaires aux forces de s\u00e9curit\u00e9 - Kapitalis<\/title>\n<meta name=\"robots\" content=\"index, follow, max-snippet:-1, max-image-preview:large, max-video-preview:-1\" \/>\n<link rel=\"canonical\" href=\"https:\/\/kapitalis.com\/tunisie\/2015\/07\/27\/la-tunisie-alloue-des-fonds-supplementaires-aux-forces-de-securite\/\" \/>\n<meta property=\"og:locale\" content=\"fr_FR\" \/>\n<meta property=\"og:type\" content=\"article\" \/>\n<meta property=\"og:title\" content=\"La Tunisie alloue des fonds suppl\u00e9mentaires aux forces de s\u00e9curit\u00e9 - Kapitalis\" \/>\n<meta property=\"og:description\" content=\"Pour faire face au terrorisme, le gouvernement tunisien va allouer des fonds compl\u00e9mentaires \u00e0 l\u2019arm\u00e9e, la police et la douane. \u00a0\" \/>\n<meta property=\"og:url\" content=\"https:\/\/kapitalis.com\/tunisie\/2015\/07\/27\/la-tunisie-alloue-des-fonds-supplementaires-aux-forces-de-securite\/\" \/>\n<meta property=\"og:site_name\" content=\"Kapitalis\" \/>\n<meta property=\"article:publisher\" content=\"https:\/\/www.facebook.com\/KapitalisInfo\/\" \/>\n<meta property=\"article:published_time\" content=\"2015-07-27T06:47:44+00:00\" \/>\n<meta property=\"article:modified_time\" content=\"2015-07-27T06:48:18+00:00\" \/>\n<meta property=\"og:image\" content=\"https:\/\/kapitalis.com\/tunisie\/wp-content\/uploads\/2022\/05\/kapitalis-logo-fb.png\" \/>\n\t<meta property=\"og:image:width\" content=\"1200\" \/>\n\t<meta property=\"og:image:height\" content=\"630\" \/>\n\t<meta property=\"og:image:type\" content=\"image\/png\" \/>\n<meta name=\"author\" content=\"Ridha Elkefi\" \/>\n<meta name=\"twitter:card\" content=\"summary_large_image\" \/>\n<meta name=\"twitter:creator\" content=\"@KapitalisInfo\" \/>\n<meta name=\"twitter:site\" content=\"@KapitalisInfo\" \/>\n<meta name=\"twitter:label1\" content=\"\u00c9crit par\" \/>\n\t<meta name=\"twitter:data1\" content=\"Ridha Elkefi\" \/>\n\t<meta name=\"twitter:label2\" content=\"Dur\u00e9e de lecture estim\u00e9e\" \/>\n\t<meta name=\"twitter:data2\" content=\"1 minute\" \/>\n<script type=\"application\/ld+json\" class=\"yoast-schema-graph\">{\"@context\":\"https:\/\/schema.org\",\"@graph\":[{\"@type\":\"Article\",\"@id\":\"https:\/\/kapitalis.com\/tunisie\/2015\/07\/27\/la-tunisie-alloue-des-fonds-supplementaires-aux-forces-de-securite\/#article\",\"isPartOf\":{\"@id\":\"https:\/\/kapitalis.com\/tunisie\/2015\/07\/27\/la-tunisie-alloue-des-fonds-supplementaires-aux-forces-de-securite\/\"},\"author\":{\"name\":\"Ridha Elkefi\",\"@id\":\"https:\/\/kapitalis.com\/tunisie\/#\/schema\/person\/16627fc9b2fc0116230e88af071eebab\"},\"headline\":\"La Tunisie alloue des fonds suppl\u00e9mentaires aux forces de s\u00e9curit\u00e9\",\"datePublished\":\"2015-07-27T06:47:44+00:00\",\"dateModified\":\"2015-07-27T06:48:18+00:00\",\"mainEntityOfPage\":{\"@id\":\"https:\/\/kapitalis.com\/tunisie\/2015\/07\/27\/la-tunisie-alloue-des-fonds-supplementaires-aux-forces-de-securite\/\"},\"wordCount\":251,\"commentCount\":0,\"publisher\":{\"@id\":\"https:\/\/kapitalis.com\/tunisie\/#organization\"},\"image\":{\"@id\":\"https:\/\/kapitalis.com\/tunisie\/2015\/07\/27\/la-tunisie-alloue-des-fonds-supplementaires-aux-forces-de-securite\/#primaryimage\"},\"thumbnailUrl\":\"\",\"keywords\":[\"arm\u00e9e\",\"Douane\",\"\u00e9conomie\",\"Loi de finances compl\u00e9mentaire\"],\"articleSection\":[\"POLITIQUE\",\"Tunisie\"],\"inLanguage\":\"fr-FR\",\"potentialAction\":[{\"@type\":\"CommentAction\",\"name\":\"Comment\",\"target\":[\"https:\/\/kapitalis.com\/tunisie\/2015\/07\/27\/la-tunisie-alloue-des-fonds-supplementaires-aux-forces-de-securite\/#respond\"]}]},{\"@type\":\"WebPage\",\"@id\":\"https:\/\/kapitalis.com\/tunisie\/2015\/07\/27\/la-tunisie-alloue-des-fonds-supplementaires-aux-forces-de-securite\/\",\"url\":\"https:\/\/kapitalis.com\/tunisie\/2015\/07\/27\/la-tunisie-alloue-des-fonds-supplementaires-aux-forces-de-securite\/\",\"name\":\"La Tunisie alloue des fonds suppl\u00e9mentaires aux forces de s\u00e9curit\u00e9 - Kapitalis\",\"isPartOf\":{\"@id\":\"https:\/\/kapitalis.com\/tunisie\/#website\"},\"primaryImageOfPage\":{\"@id\":\"https:\/\/kapitalis.com\/tunisie\/2015\/07\/27\/la-tunisie-alloue-des-fonds-supplementaires-aux-forces-de-securite\/#primaryimage\"},\"image\":{\"@id\":\"https:\/\/kapitalis.com\/tunisie\/2015\/07\/27\/la-tunisie-alloue-des-fonds-supplementaires-aux-forces-de-securite\/#primaryimage\"},\"thumbnailUrl\":\"\",\"datePublished\":\"2015-07-27T06:47:44+00:00\",\"dateModified\":\"2015-07-27T06:48:18+00:00\",\"breadcrumb\":{\"@id\":\"https:\/\/kapitalis.com\/tunisie\/2015\/07\/27\/la-tunisie-alloue-des-fonds-supplementaires-aux-forces-de-securite\/#breadcrumb\"},\"inLanguage\":\"fr-FR\",\"potentialAction\":[{\"@type\":\"ReadAction\",\"target\":[\"https:\/\/kapitalis.com\/tunisie\/2015\/07\/27\/la-tunisie-alloue-des-fonds-supplementaires-aux-forces-de-securite\/\"]}]},{\"@type\":\"ImageObject\",\"inLanguage\":\"fr-FR\",\"@id\":\"https:\/\/kapitalis.com\/tunisie\/2015\/07\/27\/la-tunisie-alloue-des-fonds-supplementaires-aux-forces-de-securite\/#primaryimage\",\"url\":\"\",\"contentUrl\":\"\"},{\"@type\":\"BreadcrumbList\",\"@id\":\"https:\/\/kapitalis.com\/tunisie\/2015\/07\/27\/la-tunisie-alloue-des-fonds-supplementaires-aux-forces-de-securite\/#breadcrumb\",\"itemListElement\":[{\"@type\":\"ListItem\",\"position\":1,\"name\":\"Accueil\",\"item\":\"https:\/\/kapitalis.com\/tunisie\/\"},{\"@type\":\"ListItem\",\"position\":2,\"name\":\"La Tunisie alloue des fonds suppl\u00e9mentaires aux forces de s\u00e9curit\u00e9\"}]},{\"@type\":\"WebSite\",\"@id\":\"https:\/\/kapitalis.com\/tunisie\/#website\",\"url\":\"https:\/\/kapitalis.com\/tunisie\/\",\"name\":\"Kapitalis\",\"description\":\"L&#039;actualit\u00e9 en Tunisie et dans le monde\",\"publisher\":{\"@id\":\"https:\/\/kapitalis.com\/tunisie\/#organization\"},\"potentialAction\":[{\"@type\":\"SearchAction\",\"target\":{\"@type\":\"EntryPoint\",\"urlTemplate\":\"https:\/\/kapitalis.com\/tunisie\/?s={search_term_string}\"},\"query-input\":{\"@type\":\"PropertyValueSpecification\",\"valueRequired\":true,\"valueName\":\"search_term_string\"}}],\"inLanguage\":\"fr-FR\"},{\"@type\":\"Organization\",\"@id\":\"https:\/\/kapitalis.com\/tunisie\/#organization\",\"name\":\"Kapitalis\",\"url\":\"https:\/\/kapitalis.com\/tunisie\/\",\"logo\":{\"@type\":\"ImageObject\",\"inLanguage\":\"fr-FR\",\"@id\":\"https:\/\/kapitalis.com\/tunisie\/#\/schema\/logo\/image\/\",\"url\":\"https:\/\/kapitalis.com\/tunisie\/wp-content\/uploads\/2022\/05\/Kapitalis-big-size.png\",\"contentUrl\":\"https:\/\/kapitalis.com\/tunisie\/wp-content\/uploads\/2022\/05\/Kapitalis-big-size.png\",\"width\":5000,\"height\":1500,\"caption\":\"Kapitalis\"},\"image\":{\"@id\":\"https:\/\/kapitalis.com\/tunisie\/#\/schema\/logo\/image\/\"},\"sameAs\":[\"https:\/\/www.facebook.com\/KapitalisInfo\/\",\"https:\/\/x.com\/KapitalisInfo\",\"https:\/\/www.youtube.com\/channel\/UC-yDYrHyfFBWWZaOw3FPg9Q\"]},{\"@type\":\"Person\",\"@id\":\"https:\/\/kapitalis.com\/tunisie\/#\/schema\/person\/16627fc9b2fc0116230e88af071eebab\",\"name\":\"Ridha Elkefi\",\"url\":\"https:\/\/kapitalis.com\/tunisie\/author\/ridha-kefi\/\"}]}<\/script>\n<!-- \/ Yoast SEO plugin. -->","yoast_head_json":{"title":"La Tunisie alloue des fonds suppl\u00e9mentaires aux forces de s\u00e9curit\u00e9 - Kapitalis","robots":{"index":"index","follow":"follow","max-snippet":"max-snippet:-1","max-image-preview":"max-image-preview:large","max-video-preview":"max-video-preview:-1"},"canonical":"https:\/\/kapitalis.com\/tunisie\/2015\/07\/27\/la-tunisie-alloue-des-fonds-supplementaires-aux-forces-de-securite\/","og_locale":"fr_FR","og_type":"article","og_title":"La Tunisie alloue des fonds suppl\u00e9mentaires aux forces de s\u00e9curit\u00e9 - Kapitalis","og_description":"Pour faire face au terrorisme, le gouvernement tunisien va allouer des fonds compl\u00e9mentaires \u00e0 l\u2019arm\u00e9e, la police et la douane. \u00a0","og_url":"https:\/\/kapitalis.com\/tunisie\/2015\/07\/27\/la-tunisie-alloue-des-fonds-supplementaires-aux-forces-de-securite\/","og_site_name":"Kapitalis","article_publisher":"https:\/\/www.facebook.com\/KapitalisInfo\/","article_published_time":"2015-07-27T06:47:44+00:00","article_modified_time":"2015-07-27T06:48:18+00:00","og_image":[{"width":1200,"height":630,"url":"https:\/\/kapitalis.com\/tunisie\/wp-content\/uploads\/2022\/05\/kapitalis-logo-fb.png","type":"image\/png"}],"author":"Ridha Elkefi","twitter_card":"summary_large_image","twitter_creator":"@KapitalisInfo","twitter_site":"@KapitalisInfo","twitter_misc":{"\u00c9crit par":"Ridha Elkefi","Dur\u00e9e de lecture estim\u00e9e":"1 minute"},"schema":{"@context":"https:\/\/schema.org","@graph":[{"@type":"Article","@id":"https:\/\/kapitalis.com\/tunisie\/2015\/07\/27\/la-tunisie-alloue-des-fonds-supplementaires-aux-forces-de-securite\/#article","isPartOf":{"@id":"https:\/\/kapitalis.com\/tunisie\/2015\/07\/27\/la-tunisie-alloue-des-fonds-supplementaires-aux-forces-de-securite\/"},"author":{"name":"Ridha Elkefi","@id":"https:\/\/kapitalis.com\/tunisie\/#\/schema\/person\/16627fc9b2fc0116230e88af071eebab"},"headline":"La Tunisie alloue des fonds suppl\u00e9mentaires aux forces de s\u00e9curit\u00e9","datePublished":"2015-07-27T06:47:44+00:00","dateModified":"2015-07-27T06:48:18+00:00","mainEntityOfPage":{"@id":"https:\/\/kapitalis.com\/tunisie\/2015\/07\/27\/la-tunisie-alloue-des-fonds-supplementaires-aux-forces-de-securite\/"},"wordCount":251,"commentCount":0,"publisher":{"@id":"https:\/\/kapitalis.com\/tunisie\/#organization"},"image":{"@id":"https:\/\/kapitalis.com\/tunisie\/2015\/07\/27\/la-tunisie-alloue-des-fonds-supplementaires-aux-forces-de-securite\/#primaryimage"},"thumbnailUrl":"","keywords":["arm\u00e9e","Douane","\u00e9conomie","Loi de finances compl\u00e9mentaire"],"articleSection":["POLITIQUE","Tunisie"],"inLanguage":"fr-FR","potentialAction":[{"@type":"CommentAction","name":"Comment","target":["https:\/\/kapitalis.com\/tunisie\/2015\/07\/27\/la-tunisie-alloue-des-fonds-supplementaires-aux-forces-de-securite\/#respond"]}]},{"@type":"WebPage","@id":"https:\/\/kapitalis.com\/tunisie\/2015\/07\/27\/la-tunisie-alloue-des-fonds-supplementaires-aux-forces-de-securite\/","url":"https:\/\/kapitalis.com\/tunisie\/2015\/07\/27\/la-tunisie-alloue-des-fonds-supplementaires-aux-forces-de-securite\/","name":"La Tunisie alloue des fonds suppl\u00e9mentaires aux forces de s\u00e9curit\u00e9 - Kapitalis","isPartOf":{"@id":"https:\/\/kapitalis.com\/tunisie\/#website"},"primaryImageOfPage":{"@id":"https:\/\/kapitalis.com\/tunisie\/2015\/07\/27\/la-tunisie-alloue-des-fonds-supplementaires-aux-forces-de-securite\/#primaryimage"},"image":{"@id":"https:\/\/kapitalis.com\/tunisie\/2015\/07\/27\/la-tunisie-alloue-des-fonds-supplementaires-aux-forces-de-securite\/#primaryimage"},"thumbnailUrl":"","datePublished":"2015-07-27T06:47:44+00:00","dateModified":"2015-07-27T06:48:18+00:00","breadcrumb":{"@id":"https:\/\/kapitalis.com\/tunisie\/2015\/07\/27\/la-tunisie-alloue-des-fonds-supplementaires-aux-forces-de-securite\/#breadcrumb"},"inLanguage":"fr-FR","potentialAction":[{"@type":"ReadAction","target":["https:\/\/kapitalis.com\/tunisie\/2015\/07\/27\/la-tunisie-alloue-des-fonds-supplementaires-aux-forces-de-securite\/"]}]},{"@type":"ImageObject","inLanguage":"fr-FR","@id":"https:\/\/kapitalis.com\/tunisie\/2015\/07\/27\/la-tunisie-alloue-des-fonds-supplementaires-aux-forces-de-securite\/#primaryimage","url":"","contentUrl":""},{"@type":"BreadcrumbList","@id":"https:\/\/kapitalis.com\/tunisie\/2015\/07\/27\/la-tunisie-alloue-des-fonds-supplementaires-aux-forces-de-securite\/#breadcrumb","itemListElement":[{"@type":"ListItem","position":1,"name":"Accueil","item":"https:\/\/kapitalis.com\/tunisie\/"},{"@type":"ListItem","position":2,"name":"La Tunisie alloue des fonds suppl\u00e9mentaires aux forces de s\u00e9curit\u00e9"}]},{"@type":"WebSite","@id":"https:\/\/kapitalis.com\/tunisie\/#website","url":"https:\/\/kapitalis.com\/tunisie\/","name":"Kapitalis","description":"L&#039;actualit\u00e9 en Tunisie et dans le monde","publisher":{"@id":"https:\/\/kapitalis.com\/tunisie\/#organization"},"potentialAction":[{"@type":"SearchAction","target":{"@type":"EntryPoint","urlTemplate":"https:\/\/kapitalis.com\/tunisie\/?s={search_term_string}"},"query-input":{"@type":"PropertyValueSpecification","valueRequired":true,"valueName":"search_term_string"}}],"inLanguage":"fr-FR"},{"@type":"Organization","@id":"https:\/\/kapitalis.com\/tunisie\/#organization","name":"Kapitalis","url":"https:\/\/kapitalis.com\/tunisie\/","logo":{"@type":"ImageObject","inLanguage":"fr-FR","@id":"https:\/\/kapitalis.com\/tunisie\/#\/schema\/logo\/image\/","url":"https:\/\/kapitalis.com\/tunisie\/wp-content\/uploads\/2022\/05\/Kapitalis-big-size.png","contentUrl":"https:\/\/kapitalis.com\/tunisie\/wp-content\/uploads\/2022\/05\/Kapitalis-big-size.png","width":5000,"height":1500,"caption":"Kapitalis"},"image":{"@id":"https:\/\/kapitalis.com\/tunisie\/#\/schema\/logo\/image\/"},"sameAs":["https:\/\/www.facebook.com\/KapitalisInfo\/","https:\/\/x.com\/KapitalisInfo","https:\/\/www.youtube.com\/channel\/UC-yDYrHyfFBWWZaOw3FPg9Q"]},{"@type":"Person","@id":"https:\/\/kapitalis.com\/tunisie\/#\/schema\/person\/16627fc9b2fc0116230e88af071eebab","name":"Ridha Elkefi","url":"https:\/\/kapitalis.com\/tunisie\/author\/ridha-kefi\/"}]}},"_links":{"self":[{"href":"https:\/\/kapitalis.com\/tunisie\/wp-json\/wp\/v2\/posts\/8040","targetHints":{"allow":["GET"]}}],"collection":[{"href":"https:\/\/kapitalis.com\/tunisie\/wp-json\/wp\/v2\/posts"}],"about":[{"href":"https:\/\/kapitalis.com\/tunisie\/wp-json\/wp\/v2\/types\/post"}],"author":[{"embeddable":true,"href":"https:\/\/kapitalis.com\/tunisie\/wp-json\/wp\/v2\/users\/5"}],"replies":[{"embeddable":true,"href":"https:\/\/kapitalis.com\/tunisie\/wp-json\/wp\/v2\/comments?post=8040"}],"version-history":[{"count":0,"href":"https:\/\/kapitalis.com\/tunisie\/wp-json\/wp\/v2\/posts\/8040\/revisions"}],"wp:featuredmedia":[{"embeddable":true,"href":"https:\/\/kapitalis.com\/tunisie\/wp-json\/wp\/v2\/media\/8041"}],"wp:attachment":[{"href":"https:\/\/kapitalis.com\/tunisie\/wp-json\/wp\/v2\/media?parent=8040"}],"wp:term":[{"taxonomy":"category","embeddable":true,"href":"https:\/\/kapitalis.com\/tunisie\/wp-json\/wp\/v2\/categories?post=8040"},{"taxonomy":"post_tag","embeddable":true,"href":"https:\/\/kapitalis.com\/tunisie\/wp-json\/wp\/v2\/tags?post=8040"}],"curies":[{"name":"wp","href":"https:\/\/api.w.org\/{rel}","templated":true}]}}