{"id":80419,"date":"2017-01-25T09:02:52","date_gmt":"2017-01-25T08:02:52","guid":{"rendered":"http:\/\/kapitalis.com\/tunisie\/?p=80419"},"modified":"2017-01-25T09:52:09","modified_gmt":"2017-01-25T08:52:09","slug":"demain-des-laube-de-lotfi-achour-portrait-dune-jeunesse-ecrasee","status":"publish","type":"post","link":"https:\/\/kapitalis.com\/tunisie\/2017\/01\/25\/demain-des-laube-de-lotfi-achour-portrait-dune-jeunesse-ecrasee\/","title":{"rendered":"\u2018\u2018Demain d\u00e8s l\u2019aube\u2019\u2019 de Lotfi Achour : Portrait d\u2019une jeunesse \u00e9cras\u00e9e"},"content":{"rendered":"<p><img loading=\"lazy\" decoding=\"async\" class=\"alignnone size-full wp-image-80420 aligncenter\" src=\"http:\/\/kapitalis.com\/tunisie\/wp-content\/uploads\/2017\/01\/Demain-des-laube-Lotfi-Achour.jpg\" alt=\"\" width=\"626\" height=\"380\" \/><\/p>\n<p><em><strong>\u2018\u2018Demain d\u00e8s l\u2019aube\u2019\u2019, premier long-m\u00e9trage fiction de Lotfi Achour, sort aujourd\u2019hui, mercredi 25 janvier 2017, dans les salles tunisiennes.<\/strong> <\/em><\/p>\n<p>Par <strong>Fawz Ben Ali<\/strong><\/p>\n<p><!--more--><\/p>\n<p>Le film avait \u00e9t\u00e9 en lice pour le Tanit, lors des derni\u00e8res Journ\u00e9es Cin\u00e9matographiques de Carthage (JCC 2016), aux c\u00f4t\u00e9s de 3 autres films tunisiens (<em>\u2018\u2018Thala mon amour\u2019\u2019, \u2018\u2018Zaineb n\u2019aime pas la neige\u2019\u2019<\/em> et <em>\u2018\u2018Chouf\u2019\u2019<\/em>).<\/p>\n<p>Entre mise en sc\u00e8ne th\u00e9\u00e2trale, r\u00e9alisation, production et \u00e9criture, Lotfi Achour s\u2019impose comme un artiste polyvalent qui, ces derniers temps, se consacre de plus en plus au 7e art, notamment avec des courts-m\u00e9trages mondialement connus, dont le dernier en date, \u2018<em>\u2018La laine sur le dos\u2019<\/em>\u2019, lui a valu une pr\u00e9sence au Festival de Cannes 2016.<\/p>\n<p>Son premier long-m\u00e9trage <em>\u2018\u2018Demain d\u00e8s l\u2019aube\u2019\u2019<\/em>, il l\u2019a co\u00e9crit avec son \u00e9pouse Natacha de Pontcharra et Anissa Daoud, \u00e9galement coproductrice et actrice principale du film, aux c\u00f4t\u00e9s de Doria Achour, la fille a\u00een\u00e9e de Lotfi Achour, plus connue en France qu\u2019en Tunisie, et qui commence \u00e0 suivre les pas de son p\u00e8re dans la r\u00e9alisation.<\/p>\n<p style=\"text-align: center;\"><img loading=\"lazy\" decoding=\"async\" class=\"alignnone wp-image-80423\" src=\"http:\/\/kapitalis.com\/tunisie\/wp-content\/uploads\/2017\/01\/Demain-des-laube-Lotfi-Achour-4.jpg\" alt=\"Demain d\u00e8s l'aube - Lotfi Achour\" width=\"500\" height=\"212\" \/><\/p>\n<p><strong>Un souvenir traumatique<\/strong><\/p>\n<p><em>\u00abEncore un film sur la r\u00e9volution\u00bb<\/em>, diront certains, qui commencent \u00e0 se lasser de ce sujet qui ne semble plus enthousiasmer le public, ni m\u00eame le jury des 27e JCC, puisqu\u2019aucun des films prim\u00e9s cette ann\u00e9e ne traite ni de pr\u00e8s ni loin de la R\u00e9volution tunisienne. Mais ne portons pas pr\u00e9judice \u00e0 ce film qui sort du lot aussi bien dans son \u00e9criture que dans sa r\u00e9alisation. D\u2019ailleurs, la nuit du fameux 14 janvier 2011 n\u2019est qu\u2019un point de d\u00e9part dans le long flash-back sur lequel repose l\u2019intrigue du film. Anissa Daoud estime m\u00eame que \u2018<em>\u2018<\/em><em>Demain d\u00e8s l\u2019aube\u2019\u2019 \u00abn\u2019est pas un film sur la R\u00e9volution\u00bb<\/em>.<\/p>\n<p>L\u2019histoire commence trois ans apr\u00e8s la r\u00e9volution, avec Zaineb, jou\u00e9e par Anissa Daoud, une journaliste qui m\u00e8ne jusque-l\u00e0 une vie visiblement paisible, mais le hasard fait qu\u2019un souvenir traumatique, qu\u2019elle croyait avoir enterr\u00e9, revienne la hanter. Elle appelle alors Elyssa, incarn\u00e9e par Doria Achour, une jeune Franco-tunisienne qui donne des cours de peinture \u00e0 des enfants sourds-muets. Les deux femmes ne s\u2019\u00e9taient pas revues depuis le jour de la r\u00e9volution, leur retrouvaille ravivera les blessures de cette journ\u00e9e inoubliable.<\/p>\n<p style=\"text-align: center;\"><img loading=\"lazy\" decoding=\"async\" class=\"alignnone wp-image-80424\" src=\"http:\/\/kapitalis.com\/tunisie\/wp-content\/uploads\/2017\/01\/Demain-des-laube-Lotfi-Achour-2.jpg\" alt=\"Demain d\u00e8s l'aube - Lotfi Achour\" width=\"500\" height=\"214\" \/><\/p>\n<p>De l\u00e0 on plonge dans un long flash-back qui nous place en pleine manifestation du 14 janvier, au moment o\u00f9 la police s\u2019\u00e9tait permis tous les exc\u00e8s, pourchassant les manifestants jusque dans les appartements.<\/p>\n<p>A ce moment l\u00e0, Zaineb et Elyssa ne se connaissaient pas encore, mais elles ont toutes les deux trouv\u00e9 refuge dans un appartement au c\u0153ur de la capitale avec une dizaine de personnes fuyant les policiers, qui s\u2019\u00e9taient montr\u00e9s particuli\u00e8rement violents ce jour-l\u00e0.<\/p>\n<p>D\u00e8s lors, une amiti\u00e9 improbable est n\u00e9e entre les deux jeunes femmes et un adolescent de 16 ans, issu des quartiers populaires de Tunis. Pris dans la tourmente de la r\u00e9volution, ces trois personnages, avec leur humour et leur vocabulaire particulier autant dans la trivialit\u00e9 que dans la conviction, sont \u00e0 l\u2019image d\u2019une Tunisie qui aspire \u00e0 la vie et \u00e0 la libert\u00e9.<\/p>\n<p style=\"text-align: center;\"><img loading=\"lazy\" decoding=\"async\" class=\"alignnone wp-image-80425\" src=\"http:\/\/kapitalis.com\/tunisie\/wp-content\/uploads\/2017\/01\/Demain-des-laube-Lotfi-Achour-3.jpg\" alt=\"Demain d\u00e8s l'aube - Lotfi Achour\" width=\"500\" height=\"212\" \/><\/p>\n<p>Suite \u00e0 l\u2019annonce du couvre-feu, ils montent sur le toit de l\u2019immeuble pour y passer la nuit. Avec les premi\u00e8res lueurs de l\u2019aube, alors que l\u2019avenue Habib Bourguiba sombrait dans un silence incertain, retentit une voix annon\u00e7ant que <em>\u00able peuple s\u2019est soulev\u00e9 et que Ben Ali s\u2019est enfui\u2026\u00bb<\/em>.<\/p>\n<p><strong>Les proc\u00e8s inachev\u00e9s <\/strong><\/p>\n<p>Zaineb, Elyssa et Houcine comprennent alors qu\u2019un nouveau chapitre de l\u2019histoire de la Tunisie est sur le point de s\u2019\u00e9crire. A peine commencent-ils \u00e0 imaginer un lendemain meilleur, que le jeune adolescent se fait rattraper par un policier endiabl\u00e9. La nuit tourne vite au cauchemar.<\/p>\n<p>Trois ans apr\u00e8s, Zaineb et Elyssa d\u00e9cident de retrouver le jeune gar\u00e7on et de mener une enqu\u00eate sur son agression, \u00e0 travers laquelle le film tentera de mettre la lumi\u00e8re sur les proc\u00e8s inachev\u00e9s de la r\u00e9volution et sur la justice transitionnelle qui peinait \u00e0 avancer.<\/p>\n<p style=\"text-align: center;\"><img loading=\"lazy\" decoding=\"async\" class=\"alignnone wp-image-80426\" src=\"http:\/\/kapitalis.com\/tunisie\/wp-content\/uploads\/2017\/01\/Demain-des-laube-Lotfi-Achour-5.jpg\" alt=\"Demain d\u00e8s l'aube - Lotfi Achour\" width=\"500\" height=\"189\" \/><\/p>\n<p>Construit entre deux temporalit\u00e9s, le film m\u00e8ne un jeu d\u2019aller-retour entre le pr\u00e9sent et le pass\u00e9 et nous fait passer par un labyrinthe d\u2019\u00e9v\u00e9nements tout en pr\u00e9servant une grande coh\u00e9rence cin\u00e9matographique et en alimentant le suspens autour de cette histoire qui vacille entre espoir et r\u00e9miniscences douloureuses.<\/p>\n<p>Tout en gardant une juste distance d\u2019un pays en pleine transformation politique et sociale, Lotfi Achour nous peint le portrait d\u2019une jeunesse \u00e9cras\u00e9e et d\u2019une Tunisie, qui, 6 ans apr\u00e8s le soul\u00e8vement de son peuple, se cherche encore.<\/p>\n","protected":false},"excerpt":{"rendered":"<p>\u2018\u2018Demain d\u00e8s l\u2019aube\u2019\u2019, premier long-m\u00e9trage fiction de Lotfi Achour, sort aujourd\u2019hui, mercredi 25 janvier 2017, dans les salles tunisiennes. Par Fawz Ben Ali<\/p>\n","protected":false},"author":8,"featured_media":80420,"comment_status":"open","ping_status":"open","sticky":false,"template":"","format":"standard","meta":{"footnotes":""},"categories":[992,994,2433],"tags":[11200,18215,16796],"class_list":["post-80419","post","type-post","status-publish","format-standard","has-post-thumbnail","hentry","category-a-la-une","category-culture","category-tunisie","tag-anissa-daoud","tag-jcc-2016","tag-lotfi-achour"],"yoast_head":"<!-- This site is optimized with the Yoast SEO plugin v26.6 - https:\/\/yoast.com\/wordpress\/plugins\/seo\/ -->\n<title>\u2018\u2018Demain d\u00e8s l\u2019aube\u2019\u2019 de Lotfi Achour : Portrait d\u2019une jeunesse \u00e9cras\u00e9e - Kapitalis<\/title>\n<meta name=\"robots\" content=\"index, follow, max-snippet:-1, max-image-preview:large, max-video-preview:-1\" \/>\n<link rel=\"canonical\" href=\"https:\/\/kapitalis.com\/tunisie\/2017\/01\/25\/demain-des-laube-de-lotfi-achour-portrait-dune-jeunesse-ecrasee\/\" \/>\n<meta property=\"og:locale\" content=\"fr_FR\" \/>\n<meta property=\"og:type\" content=\"article\" \/>\n<meta property=\"og:title\" content=\"\u2018\u2018Demain d\u00e8s l\u2019aube\u2019\u2019 de Lotfi Achour : Portrait d\u2019une jeunesse \u00e9cras\u00e9e - Kapitalis\" \/>\n<meta property=\"og:description\" content=\"\u2018\u2018Demain d\u00e8s l\u2019aube\u2019\u2019, premier long-m\u00e9trage fiction de Lotfi Achour, sort aujourd\u2019hui, mercredi 25 janvier 2017, dans les salles tunisiennes. Par Fawz Ben Ali\" \/>\n<meta property=\"og:url\" content=\"https:\/\/kapitalis.com\/tunisie\/2017\/01\/25\/demain-des-laube-de-lotfi-achour-portrait-dune-jeunesse-ecrasee\/\" \/>\n<meta property=\"og:site_name\" content=\"Kapitalis\" \/>\n<meta property=\"article:publisher\" content=\"https:\/\/www.facebook.com\/KapitalisInfo\/\" \/>\n<meta property=\"article:published_time\" content=\"2017-01-25T08:02:52+00:00\" \/>\n<meta property=\"article:modified_time\" content=\"2017-01-25T08:52:09+00:00\" \/>\n<meta property=\"og:image\" content=\"https:\/\/kapitalis.com\/tunisie\/wp-content\/uploads\/2022\/05\/kapitalis-logo-fb.png\" \/>\n\t<meta property=\"og:image:width\" content=\"1200\" \/>\n\t<meta property=\"og:image:height\" content=\"630\" \/>\n\t<meta property=\"og:image:type\" content=\"image\/png\" \/>\n<meta name=\"author\" content=\"webmaster kapitalis\" \/>\n<meta name=\"twitter:card\" content=\"summary_large_image\" \/>\n<meta name=\"twitter:creator\" content=\"@KapitalisInfo\" \/>\n<meta name=\"twitter:site\" content=\"@KapitalisInfo\" \/>\n<meta name=\"twitter:label1\" content=\"\u00c9crit par\" \/>\n\t<meta name=\"twitter:data1\" content=\"webmaster kapitalis\" \/>\n\t<meta name=\"twitter:label2\" content=\"Dur\u00e9e de lecture estim\u00e9e\" \/>\n\t<meta name=\"twitter:data2\" content=\"4 minutes\" \/>\n<script type=\"application\/ld+json\" class=\"yoast-schema-graph\">{\"@context\":\"https:\/\/schema.org\",\"@graph\":[{\"@type\":\"Article\",\"@id\":\"https:\/\/kapitalis.com\/tunisie\/2017\/01\/25\/demain-des-laube-de-lotfi-achour-portrait-dune-jeunesse-ecrasee\/#article\",\"isPartOf\":{\"@id\":\"https:\/\/kapitalis.com\/tunisie\/2017\/01\/25\/demain-des-laube-de-lotfi-achour-portrait-dune-jeunesse-ecrasee\/\"},\"author\":{\"name\":\"webmaster kapitalis\",\"@id\":\"https:\/\/kapitalis.com\/tunisie\/#\/schema\/person\/d71f33a9ca44f7bad4698210b480c8e9\"},\"headline\":\"\u2018\u2018Demain d\u00e8s l\u2019aube\u2019\u2019 de Lotfi Achour : Portrait d\u2019une jeunesse \u00e9cras\u00e9e\",\"datePublished\":\"2017-01-25T08:02:52+00:00\",\"dateModified\":\"2017-01-25T08:52:09+00:00\",\"mainEntityOfPage\":{\"@id\":\"https:\/\/kapitalis.com\/tunisie\/2017\/01\/25\/demain-des-laube-de-lotfi-achour-portrait-dune-jeunesse-ecrasee\/\"},\"wordCount\":822,\"commentCount\":0,\"publisher\":{\"@id\":\"https:\/\/kapitalis.com\/tunisie\/#organization\"},\"image\":{\"@id\":\"https:\/\/kapitalis.com\/tunisie\/2017\/01\/25\/demain-des-laube-de-lotfi-achour-portrait-dune-jeunesse-ecrasee\/#primaryimage\"},\"thumbnailUrl\":\"\",\"keywords\":[\"Anissa Daoud\",\"JCC 2016\",\"Lotfi Achour\"],\"articleSection\":[\"A LA UNE\",\"CULTURE\",\"Tunisie\"],\"inLanguage\":\"fr-FR\",\"potentialAction\":[{\"@type\":\"CommentAction\",\"name\":\"Comment\",\"target\":[\"https:\/\/kapitalis.com\/tunisie\/2017\/01\/25\/demain-des-laube-de-lotfi-achour-portrait-dune-jeunesse-ecrasee\/#respond\"]}]},{\"@type\":\"WebPage\",\"@id\":\"https:\/\/kapitalis.com\/tunisie\/2017\/01\/25\/demain-des-laube-de-lotfi-achour-portrait-dune-jeunesse-ecrasee\/\",\"url\":\"https:\/\/kapitalis.com\/tunisie\/2017\/01\/25\/demain-des-laube-de-lotfi-achour-portrait-dune-jeunesse-ecrasee\/\",\"name\":\"\u2018\u2018Demain d\u00e8s l\u2019aube\u2019\u2019 de Lotfi Achour : Portrait d\u2019une jeunesse \u00e9cras\u00e9e - Kapitalis\",\"isPartOf\":{\"@id\":\"https:\/\/kapitalis.com\/tunisie\/#website\"},\"primaryImageOfPage\":{\"@id\":\"https:\/\/kapitalis.com\/tunisie\/2017\/01\/25\/demain-des-laube-de-lotfi-achour-portrait-dune-jeunesse-ecrasee\/#primaryimage\"},\"image\":{\"@id\":\"https:\/\/kapitalis.com\/tunisie\/2017\/01\/25\/demain-des-laube-de-lotfi-achour-portrait-dune-jeunesse-ecrasee\/#primaryimage\"},\"thumbnailUrl\":\"\",\"datePublished\":\"2017-01-25T08:02:52+00:00\",\"dateModified\":\"2017-01-25T08:52:09+00:00\",\"breadcrumb\":{\"@id\":\"https:\/\/kapitalis.com\/tunisie\/2017\/01\/25\/demain-des-laube-de-lotfi-achour-portrait-dune-jeunesse-ecrasee\/#breadcrumb\"},\"inLanguage\":\"fr-FR\",\"potentialAction\":[{\"@type\":\"ReadAction\",\"target\":[\"https:\/\/kapitalis.com\/tunisie\/2017\/01\/25\/demain-des-laube-de-lotfi-achour-portrait-dune-jeunesse-ecrasee\/\"]}]},{\"@type\":\"ImageObject\",\"inLanguage\":\"fr-FR\",\"@id\":\"https:\/\/kapitalis.com\/tunisie\/2017\/01\/25\/demain-des-laube-de-lotfi-achour-portrait-dune-jeunesse-ecrasee\/#primaryimage\",\"url\":\"\",\"contentUrl\":\"\"},{\"@type\":\"BreadcrumbList\",\"@id\":\"https:\/\/kapitalis.com\/tunisie\/2017\/01\/25\/demain-des-laube-de-lotfi-achour-portrait-dune-jeunesse-ecrasee\/#breadcrumb\",\"itemListElement\":[{\"@type\":\"ListItem\",\"position\":1,\"name\":\"Accueil\",\"item\":\"https:\/\/kapitalis.com\/tunisie\/\"},{\"@type\":\"ListItem\",\"position\":2,\"name\":\"\u2018\u2018Demain d\u00e8s l\u2019aube\u2019\u2019 de Lotfi Achour : Portrait d\u2019une jeunesse \u00e9cras\u00e9e\"}]},{\"@type\":\"WebSite\",\"@id\":\"https:\/\/kapitalis.com\/tunisie\/#website\",\"url\":\"https:\/\/kapitalis.com\/tunisie\/\",\"name\":\"Kapitalis\",\"description\":\"L&#039;actualit\u00e9 en Tunisie et dans le monde\",\"publisher\":{\"@id\":\"https:\/\/kapitalis.com\/tunisie\/#organization\"},\"potentialAction\":[{\"@type\":\"SearchAction\",\"target\":{\"@type\":\"EntryPoint\",\"urlTemplate\":\"https:\/\/kapitalis.com\/tunisie\/?s={search_term_string}\"},\"query-input\":{\"@type\":\"PropertyValueSpecification\",\"valueRequired\":true,\"valueName\":\"search_term_string\"}}],\"inLanguage\":\"fr-FR\"},{\"@type\":\"Organization\",\"@id\":\"https:\/\/kapitalis.com\/tunisie\/#organization\",\"name\":\"Kapitalis\",\"url\":\"https:\/\/kapitalis.com\/tunisie\/\",\"logo\":{\"@type\":\"ImageObject\",\"inLanguage\":\"fr-FR\",\"@id\":\"https:\/\/kapitalis.com\/tunisie\/#\/schema\/logo\/image\/\",\"url\":\"https:\/\/kapitalis.com\/tunisie\/wp-content\/uploads\/2022\/05\/Kapitalis-big-size.png\",\"contentUrl\":\"https:\/\/kapitalis.com\/tunisie\/wp-content\/uploads\/2022\/05\/Kapitalis-big-size.png\",\"width\":5000,\"height\":1500,\"caption\":\"Kapitalis\"},\"image\":{\"@id\":\"https:\/\/kapitalis.com\/tunisie\/#\/schema\/logo\/image\/\"},\"sameAs\":[\"https:\/\/www.facebook.com\/KapitalisInfo\/\",\"https:\/\/x.com\/KapitalisInfo\",\"https:\/\/www.youtube.com\/channel\/UC-yDYrHyfFBWWZaOw3FPg9Q\"]},{\"@type\":\"Person\",\"@id\":\"https:\/\/kapitalis.com\/tunisie\/#\/schema\/person\/d71f33a9ca44f7bad4698210b480c8e9\",\"name\":\"webmaster kapitalis\",\"url\":\"https:\/\/kapitalis.com\/tunisie\/author\/webmaster-kapitalis\/\"}]}<\/script>\n<!-- \/ Yoast SEO plugin. -->","yoast_head_json":{"title":"\u2018\u2018Demain d\u00e8s l\u2019aube\u2019\u2019 de Lotfi Achour : Portrait d\u2019une jeunesse \u00e9cras\u00e9e - Kapitalis","robots":{"index":"index","follow":"follow","max-snippet":"max-snippet:-1","max-image-preview":"max-image-preview:large","max-video-preview":"max-video-preview:-1"},"canonical":"https:\/\/kapitalis.com\/tunisie\/2017\/01\/25\/demain-des-laube-de-lotfi-achour-portrait-dune-jeunesse-ecrasee\/","og_locale":"fr_FR","og_type":"article","og_title":"\u2018\u2018Demain d\u00e8s l\u2019aube\u2019\u2019 de Lotfi Achour : Portrait d\u2019une jeunesse \u00e9cras\u00e9e - Kapitalis","og_description":"\u2018\u2018Demain d\u00e8s l\u2019aube\u2019\u2019, premier long-m\u00e9trage fiction de Lotfi Achour, sort aujourd\u2019hui, mercredi 25 janvier 2017, dans les salles tunisiennes. Par Fawz Ben Ali","og_url":"https:\/\/kapitalis.com\/tunisie\/2017\/01\/25\/demain-des-laube-de-lotfi-achour-portrait-dune-jeunesse-ecrasee\/","og_site_name":"Kapitalis","article_publisher":"https:\/\/www.facebook.com\/KapitalisInfo\/","article_published_time":"2017-01-25T08:02:52+00:00","article_modified_time":"2017-01-25T08:52:09+00:00","og_image":[{"width":1200,"height":630,"url":"https:\/\/kapitalis.com\/tunisie\/wp-content\/uploads\/2022\/05\/kapitalis-logo-fb.png","type":"image\/png"}],"author":"webmaster kapitalis","twitter_card":"summary_large_image","twitter_creator":"@KapitalisInfo","twitter_site":"@KapitalisInfo","twitter_misc":{"\u00c9crit par":"webmaster kapitalis","Dur\u00e9e de lecture estim\u00e9e":"4 minutes"},"schema":{"@context":"https:\/\/schema.org","@graph":[{"@type":"Article","@id":"https:\/\/kapitalis.com\/tunisie\/2017\/01\/25\/demain-des-laube-de-lotfi-achour-portrait-dune-jeunesse-ecrasee\/#article","isPartOf":{"@id":"https:\/\/kapitalis.com\/tunisie\/2017\/01\/25\/demain-des-laube-de-lotfi-achour-portrait-dune-jeunesse-ecrasee\/"},"author":{"name":"webmaster kapitalis","@id":"https:\/\/kapitalis.com\/tunisie\/#\/schema\/person\/d71f33a9ca44f7bad4698210b480c8e9"},"headline":"\u2018\u2018Demain d\u00e8s l\u2019aube\u2019\u2019 de Lotfi Achour : Portrait d\u2019une jeunesse \u00e9cras\u00e9e","datePublished":"2017-01-25T08:02:52+00:00","dateModified":"2017-01-25T08:52:09+00:00","mainEntityOfPage":{"@id":"https:\/\/kapitalis.com\/tunisie\/2017\/01\/25\/demain-des-laube-de-lotfi-achour-portrait-dune-jeunesse-ecrasee\/"},"wordCount":822,"commentCount":0,"publisher":{"@id":"https:\/\/kapitalis.com\/tunisie\/#organization"},"image":{"@id":"https:\/\/kapitalis.com\/tunisie\/2017\/01\/25\/demain-des-laube-de-lotfi-achour-portrait-dune-jeunesse-ecrasee\/#primaryimage"},"thumbnailUrl":"","keywords":["Anissa Daoud","JCC 2016","Lotfi Achour"],"articleSection":["A LA UNE","CULTURE","Tunisie"],"inLanguage":"fr-FR","potentialAction":[{"@type":"CommentAction","name":"Comment","target":["https:\/\/kapitalis.com\/tunisie\/2017\/01\/25\/demain-des-laube-de-lotfi-achour-portrait-dune-jeunesse-ecrasee\/#respond"]}]},{"@type":"WebPage","@id":"https:\/\/kapitalis.com\/tunisie\/2017\/01\/25\/demain-des-laube-de-lotfi-achour-portrait-dune-jeunesse-ecrasee\/","url":"https:\/\/kapitalis.com\/tunisie\/2017\/01\/25\/demain-des-laube-de-lotfi-achour-portrait-dune-jeunesse-ecrasee\/","name":"\u2018\u2018Demain d\u00e8s l\u2019aube\u2019\u2019 de Lotfi Achour : Portrait d\u2019une jeunesse \u00e9cras\u00e9e - Kapitalis","isPartOf":{"@id":"https:\/\/kapitalis.com\/tunisie\/#website"},"primaryImageOfPage":{"@id":"https:\/\/kapitalis.com\/tunisie\/2017\/01\/25\/demain-des-laube-de-lotfi-achour-portrait-dune-jeunesse-ecrasee\/#primaryimage"},"image":{"@id":"https:\/\/kapitalis.com\/tunisie\/2017\/01\/25\/demain-des-laube-de-lotfi-achour-portrait-dune-jeunesse-ecrasee\/#primaryimage"},"thumbnailUrl":"","datePublished":"2017-01-25T08:02:52+00:00","dateModified":"2017-01-25T08:52:09+00:00","breadcrumb":{"@id":"https:\/\/kapitalis.com\/tunisie\/2017\/01\/25\/demain-des-laube-de-lotfi-achour-portrait-dune-jeunesse-ecrasee\/#breadcrumb"},"inLanguage":"fr-FR","potentialAction":[{"@type":"ReadAction","target":["https:\/\/kapitalis.com\/tunisie\/2017\/01\/25\/demain-des-laube-de-lotfi-achour-portrait-dune-jeunesse-ecrasee\/"]}]},{"@type":"ImageObject","inLanguage":"fr-FR","@id":"https:\/\/kapitalis.com\/tunisie\/2017\/01\/25\/demain-des-laube-de-lotfi-achour-portrait-dune-jeunesse-ecrasee\/#primaryimage","url":"","contentUrl":""},{"@type":"BreadcrumbList","@id":"https:\/\/kapitalis.com\/tunisie\/2017\/01\/25\/demain-des-laube-de-lotfi-achour-portrait-dune-jeunesse-ecrasee\/#breadcrumb","itemListElement":[{"@type":"ListItem","position":1,"name":"Accueil","item":"https:\/\/kapitalis.com\/tunisie\/"},{"@type":"ListItem","position":2,"name":"\u2018\u2018Demain d\u00e8s l\u2019aube\u2019\u2019 de Lotfi Achour : Portrait d\u2019une jeunesse \u00e9cras\u00e9e"}]},{"@type":"WebSite","@id":"https:\/\/kapitalis.com\/tunisie\/#website","url":"https:\/\/kapitalis.com\/tunisie\/","name":"Kapitalis","description":"L&#039;actualit\u00e9 en Tunisie et dans le monde","publisher":{"@id":"https:\/\/kapitalis.com\/tunisie\/#organization"},"potentialAction":[{"@type":"SearchAction","target":{"@type":"EntryPoint","urlTemplate":"https:\/\/kapitalis.com\/tunisie\/?s={search_term_string}"},"query-input":{"@type":"PropertyValueSpecification","valueRequired":true,"valueName":"search_term_string"}}],"inLanguage":"fr-FR"},{"@type":"Organization","@id":"https:\/\/kapitalis.com\/tunisie\/#organization","name":"Kapitalis","url":"https:\/\/kapitalis.com\/tunisie\/","logo":{"@type":"ImageObject","inLanguage":"fr-FR","@id":"https:\/\/kapitalis.com\/tunisie\/#\/schema\/logo\/image\/","url":"https:\/\/kapitalis.com\/tunisie\/wp-content\/uploads\/2022\/05\/Kapitalis-big-size.png","contentUrl":"https:\/\/kapitalis.com\/tunisie\/wp-content\/uploads\/2022\/05\/Kapitalis-big-size.png","width":5000,"height":1500,"caption":"Kapitalis"},"image":{"@id":"https:\/\/kapitalis.com\/tunisie\/#\/schema\/logo\/image\/"},"sameAs":["https:\/\/www.facebook.com\/KapitalisInfo\/","https:\/\/x.com\/KapitalisInfo","https:\/\/www.youtube.com\/channel\/UC-yDYrHyfFBWWZaOw3FPg9Q"]},{"@type":"Person","@id":"https:\/\/kapitalis.com\/tunisie\/#\/schema\/person\/d71f33a9ca44f7bad4698210b480c8e9","name":"webmaster kapitalis","url":"https:\/\/kapitalis.com\/tunisie\/author\/webmaster-kapitalis\/"}]}},"_links":{"self":[{"href":"https:\/\/kapitalis.com\/tunisie\/wp-json\/wp\/v2\/posts\/80419","targetHints":{"allow":["GET"]}}],"collection":[{"href":"https:\/\/kapitalis.com\/tunisie\/wp-json\/wp\/v2\/posts"}],"about":[{"href":"https:\/\/kapitalis.com\/tunisie\/wp-json\/wp\/v2\/types\/post"}],"author":[{"embeddable":true,"href":"https:\/\/kapitalis.com\/tunisie\/wp-json\/wp\/v2\/users\/8"}],"replies":[{"embeddable":true,"href":"https:\/\/kapitalis.com\/tunisie\/wp-json\/wp\/v2\/comments?post=80419"}],"version-history":[{"count":0,"href":"https:\/\/kapitalis.com\/tunisie\/wp-json\/wp\/v2\/posts\/80419\/revisions"}],"wp:featuredmedia":[{"embeddable":true,"href":"https:\/\/kapitalis.com\/tunisie\/wp-json\/wp\/v2\/media\/80420"}],"wp:attachment":[{"href":"https:\/\/kapitalis.com\/tunisie\/wp-json\/wp\/v2\/media?parent=80419"}],"wp:term":[{"taxonomy":"category","embeddable":true,"href":"https:\/\/kapitalis.com\/tunisie\/wp-json\/wp\/v2\/categories?post=80419"},{"taxonomy":"post_tag","embeddable":true,"href":"https:\/\/kapitalis.com\/tunisie\/wp-json\/wp\/v2\/tags?post=80419"}],"curies":[{"name":"wp","href":"https:\/\/api.w.org\/{rel}","templated":true}]}}