{"id":8042440,"date":"2023-05-24T21:49:51","date_gmt":"2023-05-24T20:49:51","guid":{"rendered":"https:\/\/kapitalis.com\/tunisie\/?p=8042440"},"modified":"2023-05-24T22:03:04","modified_gmt":"2023-05-24T21:03:04","slug":"deces-de-la-mere-de-famille-qui-a-mis-le-feu-a-son-corps-a-tozeur","status":"publish","type":"post","link":"https:\/\/kapitalis.com\/tunisie\/2023\/05\/24\/deces-de-la-mere-de-famille-qui-a-mis-le-feu-a-son-corps-a-tozeur\/","title":{"rendered":"D\u00e9c\u00e8s de la m\u00e8re de famille qui a mis le feu \u00e0 son corps \u00e0 Tozeur"},"content":{"rendered":"\n<p><strong><em>La m\u00e8re de famille, hospitalis\u00e9e dans un \u00e9tat grave depuis dimanche, apr\u00e8s avoir mis le feu \u00e0 son corps \u00e0 Tozeur, a rendu l&rsquo;\u00e2me ce mercredi 24 mai 2023.<\/em><\/strong><\/p>\n\n\n\n<!--more-->\n\n\n\n<p>C&rsquo;est ce qu&rsquo;a annonc\u00e9 la radio locale Djerid FM, citant les proches de la d\u00e9funte, qui \u00e9tait hospitalis\u00e9e au Centre des grands br\u00fbl\u00e9s \u00e0 Ben Arous (sud de Tunis).<\/p>\n\n\n\n<p>Rappelons que le minist\u00e8re de la Famille, de la Femme, de l\u2019Enfance et des personnes \u00e2g\u00e9es avait annonc\u00e9, dimanche, la prise en charge des deux enfants de la dame, qui ont assist\u00e9 \u00e0 ce drame et qui ont \u00e9t\u00e9 plac\u00e9s dans un centre d\u00e9di\u00e9 afin de b\u00e9n\u00e9ficier d&rsquo;un suivi par les sp\u00e9cialistes de l&rsquo;enfance.<\/p>\n\n\n\n<p class=\"has-text-align-right\"><strong>Y. N.<\/strong><\/p>\n\n\n\n<figure class=\"wp-block-embed is-type-wp-embed is-provider-kapitalis wp-block-embed-kapitalis\"><div class=\"wp-block-embed__wrapper\">\n<blockquote class=\"wp-embedded-content\" data-secret=\"NYKtyVYUex\"><a href=\"https:\/\/kapitalis.com\/tunisie\/2023\/05\/22\/tozeur-une-mere-de-famille-tente-de-se-tuer-en-mettant-le-feu-a-son-corps\/\">Tozeur : Une m\u00e8re de famille tente de se tuer en mettant le feu \u00e0 son corps<\/a><\/blockquote><iframe loading=\"lazy\" class=\"wp-embedded-content\" sandbox=\"allow-scripts\" security=\"restricted\" style=\"position: absolute; clip: rect(1px, 1px, 1px, 1px);\" title=\"\u00ab\u00a0Tozeur : Une m\u00e8re de famille tente de se tuer en mettant le feu \u00e0 son corps\u00a0\u00bb &#8212; Kapitalis\" src=\"https:\/\/kapitalis.com\/tunisie\/2023\/05\/22\/tozeur-une-mere-de-famille-tente-de-se-tuer-en-mettant-le-feu-a-son-corps\/embed\/#?secret=QH7oGbdIGB#?secret=NYKtyVYUex\" data-secret=\"NYKtyVYUex\" width=\"600\" height=\"338\" frameborder=\"0\" marginwidth=\"0\" marginheight=\"0\" scrolling=\"no\"><\/iframe>\n<\/div><\/figure>\n","protected":false},"excerpt":{"rendered":"<p>D\u00e9c\u00e8s de la m\u00e8re de famille qui a mis le feu \u00e0 son corps \u00e0 Tozeur<\/p>\n","protected":false},"author":6,"featured_media":6279597,"comment_status":"open","ping_status":"open","sticky":false,"template":"","format":"standard","meta":{"footnotes":""},"categories":[998,2433],"tags":[64263,108889,1289,12052,1208,62643],"class_list":["post-8042440","post","type-post","status-publish","format-standard","has-post-thumbnail","hentry","category-societe","category-tunisie","tag-deces","tag-fei-a-son-corps","tag-femme","tag-mere-de-famille","tag-tozeur","tag-tunisie"],"yoast_head":"<!-- This site is optimized with the Yoast SEO plugin v26.6 - https:\/\/yoast.com\/wordpress\/plugins\/seo\/ -->\n<title>D\u00e9c\u00e8s de la m\u00e8re de famille qui a mis le feu \u00e0 son corps \u00e0 Tozeur - Kapitalis<\/title>\n<meta name=\"description\" content=\"La m\u00e8re de famille, hospitalis\u00e9e dans un \u00e9tat grave depuis dimanche, apr\u00e8s avoir mis le feu \u00e0 son corps \u00e0 Tozeur, a rendu l&#039;\u00e2me ce mercredi 24 mai 2023.\" \/>\n<meta name=\"robots\" content=\"index, follow, max-snippet:-1, max-image-preview:large, max-video-preview:-1\" \/>\n<link rel=\"canonical\" href=\"https:\/\/kapitalis.com\/tunisie\/2023\/05\/24\/deces-de-la-mere-de-famille-qui-a-mis-le-feu-a-son-corps-a-tozeur\/\" \/>\n<meta property=\"og:locale\" content=\"fr_FR\" \/>\n<meta property=\"og:type\" content=\"article\" \/>\n<meta property=\"og:title\" content=\"D\u00e9c\u00e8s de la m\u00e8re de famille qui a mis le feu \u00e0 son corps \u00e0 Tozeur - Kapitalis\" \/>\n<meta property=\"og:description\" content=\"La m\u00e8re de famille, hospitalis\u00e9e dans un \u00e9tat grave depuis dimanche, apr\u00e8s avoir mis le feu \u00e0 son corps \u00e0 Tozeur, a rendu l&#039;\u00e2me ce mercredi 24 mai 2023.\" \/>\n<meta property=\"og:url\" content=\"https:\/\/kapitalis.com\/tunisie\/2023\/05\/24\/deces-de-la-mere-de-famille-qui-a-mis-le-feu-a-son-corps-a-tozeur\/\" \/>\n<meta property=\"og:site_name\" content=\"Kapitalis\" \/>\n<meta property=\"article:publisher\" content=\"https:\/\/www.facebook.com\/KapitalisInfo\/\" \/>\n<meta property=\"article:published_time\" content=\"2023-05-24T20:49:51+00:00\" \/>\n<meta property=\"article:modified_time\" content=\"2023-05-24T21:03:04+00:00\" \/>\n<meta property=\"og:image\" content=\"https:\/\/kapitalis.com\/tunisie\/wp-content\/uploads\/2023\/02\/deces-corps.jpg\" \/>\n\t<meta property=\"og:image:width\" content=\"1200\" \/>\n\t<meta property=\"og:image:height\" content=\"630\" \/>\n\t<meta property=\"og:image:type\" content=\"image\/jpeg\" \/>\n<meta name=\"author\" content=\"Yusra NY\" \/>\n<meta name=\"twitter:card\" content=\"summary_large_image\" \/>\n<meta name=\"twitter:creator\" content=\"@KapitalisInfo\" \/>\n<meta name=\"twitter:site\" content=\"@KapitalisInfo\" \/>\n<meta name=\"twitter:label1\" content=\"\u00c9crit par\" \/>\n\t<meta name=\"twitter:data1\" content=\"Yusra NY\" \/>\n\t<meta name=\"twitter:label2\" content=\"Dur\u00e9e de lecture estim\u00e9e\" \/>\n\t<meta name=\"twitter:data2\" content=\"1 minute\" \/>\n<script type=\"application\/ld+json\" class=\"yoast-schema-graph\">{\"@context\":\"https:\/\/schema.org\",\"@graph\":[{\"@type\":\"Article\",\"@id\":\"https:\/\/kapitalis.com\/tunisie\/2023\/05\/24\/deces-de-la-mere-de-famille-qui-a-mis-le-feu-a-son-corps-a-tozeur\/#article\",\"isPartOf\":{\"@id\":\"https:\/\/kapitalis.com\/tunisie\/2023\/05\/24\/deces-de-la-mere-de-famille-qui-a-mis-le-feu-a-son-corps-a-tozeur\/\"},\"author\":{\"name\":\"Yusra NY\",\"@id\":\"https:\/\/kapitalis.com\/tunisie\/#\/schema\/person\/74bbde0154d49d790a92aaeac5bc01d5\"},\"headline\":\"D\u00e9c\u00e8s de la m\u00e8re de famille qui a mis le feu \u00e0 son corps \u00e0 Tozeur\",\"datePublished\":\"2023-05-24T20:49:51+00:00\",\"dateModified\":\"2023-05-24T21:03:04+00:00\",\"mainEntityOfPage\":{\"@id\":\"https:\/\/kapitalis.com\/tunisie\/2023\/05\/24\/deces-de-la-mere-de-famille-qui-a-mis-le-feu-a-son-corps-a-tozeur\/\"},\"wordCount\":146,\"commentCount\":0,\"publisher\":{\"@id\":\"https:\/\/kapitalis.com\/tunisie\/#organization\"},\"image\":{\"@id\":\"https:\/\/kapitalis.com\/tunisie\/2023\/05\/24\/deces-de-la-mere-de-famille-qui-a-mis-le-feu-a-son-corps-a-tozeur\/#primaryimage\"},\"thumbnailUrl\":\"https:\/\/kapitalis.com\/tunisie\/wp-content\/uploads\/2023\/02\/deces-corps.jpg\",\"keywords\":[\"d\u00e9c\u00e8s\",\"fei \u00e0 son corps\",\"femme\",\"m\u00e8re de famille\",\"Tozeur\",\"Tunisie\"],\"articleSection\":[\"SOCIETE\",\"Tunisie\"],\"inLanguage\":\"fr-FR\",\"potentialAction\":[{\"@type\":\"CommentAction\",\"name\":\"Comment\",\"target\":[\"https:\/\/kapitalis.com\/tunisie\/2023\/05\/24\/deces-de-la-mere-de-famille-qui-a-mis-le-feu-a-son-corps-a-tozeur\/#respond\"]}]},{\"@type\":\"WebPage\",\"@id\":\"https:\/\/kapitalis.com\/tunisie\/2023\/05\/24\/deces-de-la-mere-de-famille-qui-a-mis-le-feu-a-son-corps-a-tozeur\/\",\"url\":\"https:\/\/kapitalis.com\/tunisie\/2023\/05\/24\/deces-de-la-mere-de-famille-qui-a-mis-le-feu-a-son-corps-a-tozeur\/\",\"name\":\"D\u00e9c\u00e8s de la m\u00e8re de famille qui a mis le feu \u00e0 son corps \u00e0 Tozeur - Kapitalis\",\"isPartOf\":{\"@id\":\"https:\/\/kapitalis.com\/tunisie\/#website\"},\"primaryImageOfPage\":{\"@id\":\"https:\/\/kapitalis.com\/tunisie\/2023\/05\/24\/deces-de-la-mere-de-famille-qui-a-mis-le-feu-a-son-corps-a-tozeur\/#primaryimage\"},\"image\":{\"@id\":\"https:\/\/kapitalis.com\/tunisie\/2023\/05\/24\/deces-de-la-mere-de-famille-qui-a-mis-le-feu-a-son-corps-a-tozeur\/#primaryimage\"},\"thumbnailUrl\":\"https:\/\/kapitalis.com\/tunisie\/wp-content\/uploads\/2023\/02\/deces-corps.jpg\",\"datePublished\":\"2023-05-24T20:49:51+00:00\",\"dateModified\":\"2023-05-24T21:03:04+00:00\",\"description\":\"La m\u00e8re de famille, hospitalis\u00e9e dans un \u00e9tat grave depuis dimanche, apr\u00e8s avoir mis le feu \u00e0 son corps \u00e0 Tozeur, a rendu l'\u00e2me ce mercredi 24 mai 2023.\",\"breadcrumb\":{\"@id\":\"https:\/\/kapitalis.com\/tunisie\/2023\/05\/24\/deces-de-la-mere-de-famille-qui-a-mis-le-feu-a-son-corps-a-tozeur\/#breadcrumb\"},\"inLanguage\":\"fr-FR\",\"potentialAction\":[{\"@type\":\"ReadAction\",\"target\":[\"https:\/\/kapitalis.com\/tunisie\/2023\/05\/24\/deces-de-la-mere-de-famille-qui-a-mis-le-feu-a-son-corps-a-tozeur\/\"]}]},{\"@type\":\"ImageObject\",\"inLanguage\":\"fr-FR\",\"@id\":\"https:\/\/kapitalis.com\/tunisie\/2023\/05\/24\/deces-de-la-mere-de-famille-qui-a-mis-le-feu-a-son-corps-a-tozeur\/#primaryimage\",\"url\":\"https:\/\/kapitalis.com\/tunisie\/wp-content\/uploads\/2023\/02\/deces-corps.jpg\",\"contentUrl\":\"https:\/\/kapitalis.com\/tunisie\/wp-content\/uploads\/2023\/02\/deces-corps.jpg\",\"width\":1200,\"height\":630},{\"@type\":\"BreadcrumbList\",\"@id\":\"https:\/\/kapitalis.com\/tunisie\/2023\/05\/24\/deces-de-la-mere-de-famille-qui-a-mis-le-feu-a-son-corps-a-tozeur\/#breadcrumb\",\"itemListElement\":[{\"@type\":\"ListItem\",\"position\":1,\"name\":\"Accueil\",\"item\":\"https:\/\/kapitalis.com\/tunisie\/\"},{\"@type\":\"ListItem\",\"position\":2,\"name\":\"D\u00e9c\u00e8s de la m\u00e8re de famille qui a mis le feu \u00e0 son corps \u00e0 Tozeur\"}]},{\"@type\":\"WebSite\",\"@id\":\"https:\/\/kapitalis.com\/tunisie\/#website\",\"url\":\"https:\/\/kapitalis.com\/tunisie\/\",\"name\":\"Kapitalis\",\"description\":\"L&#039;actualit\u00e9 en Tunisie et dans le monde\",\"publisher\":{\"@id\":\"https:\/\/kapitalis.com\/tunisie\/#organization\"},\"potentialAction\":[{\"@type\":\"SearchAction\",\"target\":{\"@type\":\"EntryPoint\",\"urlTemplate\":\"https:\/\/kapitalis.com\/tunisie\/?s={search_term_string}\"},\"query-input\":{\"@type\":\"PropertyValueSpecification\",\"valueRequired\":true,\"valueName\":\"search_term_string\"}}],\"inLanguage\":\"fr-FR\"},{\"@type\":\"Organization\",\"@id\":\"https:\/\/kapitalis.com\/tunisie\/#organization\",\"name\":\"Kapitalis\",\"url\":\"https:\/\/kapitalis.com\/tunisie\/\",\"logo\":{\"@type\":\"ImageObject\",\"inLanguage\":\"fr-FR\",\"@id\":\"https:\/\/kapitalis.com\/tunisie\/#\/schema\/logo\/image\/\",\"url\":\"https:\/\/kapitalis.com\/tunisie\/wp-content\/uploads\/2022\/05\/Kapitalis-big-size.png\",\"contentUrl\":\"https:\/\/kapitalis.com\/tunisie\/wp-content\/uploads\/2022\/05\/Kapitalis-big-size.png\",\"width\":5000,\"height\":1500,\"caption\":\"Kapitalis\"},\"image\":{\"@id\":\"https:\/\/kapitalis.com\/tunisie\/#\/schema\/logo\/image\/\"},\"sameAs\":[\"https:\/\/www.facebook.com\/KapitalisInfo\/\",\"https:\/\/x.com\/KapitalisInfo\",\"https:\/\/www.youtube.com\/channel\/UC-yDYrHyfFBWWZaOw3FPg9Q\"]},{\"@type\":\"Person\",\"@id\":\"https:\/\/kapitalis.com\/tunisie\/#\/schema\/person\/74bbde0154d49d790a92aaeac5bc01d5\",\"name\":\"Yusra NY\",\"url\":\"https:\/\/kapitalis.com\/tunisie\/author\/yuza_adam\/\"}]}<\/script>\n<!-- \/ Yoast SEO plugin. -->","yoast_head_json":{"title":"D\u00e9c\u00e8s de la m\u00e8re de famille qui a mis le feu \u00e0 son corps \u00e0 Tozeur - Kapitalis","description":"La m\u00e8re de famille, hospitalis\u00e9e dans un \u00e9tat grave depuis dimanche, apr\u00e8s avoir mis le feu \u00e0 son corps \u00e0 Tozeur, a rendu l'\u00e2me ce mercredi 24 mai 2023.","robots":{"index":"index","follow":"follow","max-snippet":"max-snippet:-1","max-image-preview":"max-image-preview:large","max-video-preview":"max-video-preview:-1"},"canonical":"https:\/\/kapitalis.com\/tunisie\/2023\/05\/24\/deces-de-la-mere-de-famille-qui-a-mis-le-feu-a-son-corps-a-tozeur\/","og_locale":"fr_FR","og_type":"article","og_title":"D\u00e9c\u00e8s de la m\u00e8re de famille qui a mis le feu \u00e0 son corps \u00e0 Tozeur - Kapitalis","og_description":"La m\u00e8re de famille, hospitalis\u00e9e dans un \u00e9tat grave depuis dimanche, apr\u00e8s avoir mis le feu \u00e0 son corps \u00e0 Tozeur, a rendu l'\u00e2me ce mercredi 24 mai 2023.","og_url":"https:\/\/kapitalis.com\/tunisie\/2023\/05\/24\/deces-de-la-mere-de-famille-qui-a-mis-le-feu-a-son-corps-a-tozeur\/","og_site_name":"Kapitalis","article_publisher":"https:\/\/www.facebook.com\/KapitalisInfo\/","article_published_time":"2023-05-24T20:49:51+00:00","article_modified_time":"2023-05-24T21:03:04+00:00","og_image":[{"width":1200,"height":630,"url":"https:\/\/kapitalis.com\/tunisie\/wp-content\/uploads\/2023\/02\/deces-corps.jpg","type":"image\/jpeg"}],"author":"Yusra NY","twitter_card":"summary_large_image","twitter_creator":"@KapitalisInfo","twitter_site":"@KapitalisInfo","twitter_misc":{"\u00c9crit par":"Yusra NY","Dur\u00e9e de lecture estim\u00e9e":"1 minute"},"schema":{"@context":"https:\/\/schema.org","@graph":[{"@type":"Article","@id":"https:\/\/kapitalis.com\/tunisie\/2023\/05\/24\/deces-de-la-mere-de-famille-qui-a-mis-le-feu-a-son-corps-a-tozeur\/#article","isPartOf":{"@id":"https:\/\/kapitalis.com\/tunisie\/2023\/05\/24\/deces-de-la-mere-de-famille-qui-a-mis-le-feu-a-son-corps-a-tozeur\/"},"author":{"name":"Yusra NY","@id":"https:\/\/kapitalis.com\/tunisie\/#\/schema\/person\/74bbde0154d49d790a92aaeac5bc01d5"},"headline":"D\u00e9c\u00e8s de la m\u00e8re de famille qui a mis le feu \u00e0 son corps \u00e0 Tozeur","datePublished":"2023-05-24T20:49:51+00:00","dateModified":"2023-05-24T21:03:04+00:00","mainEntityOfPage":{"@id":"https:\/\/kapitalis.com\/tunisie\/2023\/05\/24\/deces-de-la-mere-de-famille-qui-a-mis-le-feu-a-son-corps-a-tozeur\/"},"wordCount":146,"commentCount":0,"publisher":{"@id":"https:\/\/kapitalis.com\/tunisie\/#organization"},"image":{"@id":"https:\/\/kapitalis.com\/tunisie\/2023\/05\/24\/deces-de-la-mere-de-famille-qui-a-mis-le-feu-a-son-corps-a-tozeur\/#primaryimage"},"thumbnailUrl":"https:\/\/kapitalis.com\/tunisie\/wp-content\/uploads\/2023\/02\/deces-corps.jpg","keywords":["d\u00e9c\u00e8s","fei \u00e0 son corps","femme","m\u00e8re de famille","Tozeur","Tunisie"],"articleSection":["SOCIETE","Tunisie"],"inLanguage":"fr-FR","potentialAction":[{"@type":"CommentAction","name":"Comment","target":["https:\/\/kapitalis.com\/tunisie\/2023\/05\/24\/deces-de-la-mere-de-famille-qui-a-mis-le-feu-a-son-corps-a-tozeur\/#respond"]}]},{"@type":"WebPage","@id":"https:\/\/kapitalis.com\/tunisie\/2023\/05\/24\/deces-de-la-mere-de-famille-qui-a-mis-le-feu-a-son-corps-a-tozeur\/","url":"https:\/\/kapitalis.com\/tunisie\/2023\/05\/24\/deces-de-la-mere-de-famille-qui-a-mis-le-feu-a-son-corps-a-tozeur\/","name":"D\u00e9c\u00e8s de la m\u00e8re de famille qui a mis le feu \u00e0 son corps \u00e0 Tozeur - Kapitalis","isPartOf":{"@id":"https:\/\/kapitalis.com\/tunisie\/#website"},"primaryImageOfPage":{"@id":"https:\/\/kapitalis.com\/tunisie\/2023\/05\/24\/deces-de-la-mere-de-famille-qui-a-mis-le-feu-a-son-corps-a-tozeur\/#primaryimage"},"image":{"@id":"https:\/\/kapitalis.com\/tunisie\/2023\/05\/24\/deces-de-la-mere-de-famille-qui-a-mis-le-feu-a-son-corps-a-tozeur\/#primaryimage"},"thumbnailUrl":"https:\/\/kapitalis.com\/tunisie\/wp-content\/uploads\/2023\/02\/deces-corps.jpg","datePublished":"2023-05-24T20:49:51+00:00","dateModified":"2023-05-24T21:03:04+00:00","description":"La m\u00e8re de famille, hospitalis\u00e9e dans un \u00e9tat grave depuis dimanche, apr\u00e8s avoir mis le feu \u00e0 son corps \u00e0 Tozeur, a rendu l'\u00e2me ce mercredi 24 mai 2023.","breadcrumb":{"@id":"https:\/\/kapitalis.com\/tunisie\/2023\/05\/24\/deces-de-la-mere-de-famille-qui-a-mis-le-feu-a-son-corps-a-tozeur\/#breadcrumb"},"inLanguage":"fr-FR","potentialAction":[{"@type":"ReadAction","target":["https:\/\/kapitalis.com\/tunisie\/2023\/05\/24\/deces-de-la-mere-de-famille-qui-a-mis-le-feu-a-son-corps-a-tozeur\/"]}]},{"@type":"ImageObject","inLanguage":"fr-FR","@id":"https:\/\/kapitalis.com\/tunisie\/2023\/05\/24\/deces-de-la-mere-de-famille-qui-a-mis-le-feu-a-son-corps-a-tozeur\/#primaryimage","url":"https:\/\/kapitalis.com\/tunisie\/wp-content\/uploads\/2023\/02\/deces-corps.jpg","contentUrl":"https:\/\/kapitalis.com\/tunisie\/wp-content\/uploads\/2023\/02\/deces-corps.jpg","width":1200,"height":630},{"@type":"BreadcrumbList","@id":"https:\/\/kapitalis.com\/tunisie\/2023\/05\/24\/deces-de-la-mere-de-famille-qui-a-mis-le-feu-a-son-corps-a-tozeur\/#breadcrumb","itemListElement":[{"@type":"ListItem","position":1,"name":"Accueil","item":"https:\/\/kapitalis.com\/tunisie\/"},{"@type":"ListItem","position":2,"name":"D\u00e9c\u00e8s de la m\u00e8re de famille qui a mis le feu \u00e0 son corps \u00e0 Tozeur"}]},{"@type":"WebSite","@id":"https:\/\/kapitalis.com\/tunisie\/#website","url":"https:\/\/kapitalis.com\/tunisie\/","name":"Kapitalis","description":"L&#039;actualit\u00e9 en Tunisie et dans le monde","publisher":{"@id":"https:\/\/kapitalis.com\/tunisie\/#organization"},"potentialAction":[{"@type":"SearchAction","target":{"@type":"EntryPoint","urlTemplate":"https:\/\/kapitalis.com\/tunisie\/?s={search_term_string}"},"query-input":{"@type":"PropertyValueSpecification","valueRequired":true,"valueName":"search_term_string"}}],"inLanguage":"fr-FR"},{"@type":"Organization","@id":"https:\/\/kapitalis.com\/tunisie\/#organization","name":"Kapitalis","url":"https:\/\/kapitalis.com\/tunisie\/","logo":{"@type":"ImageObject","inLanguage":"fr-FR","@id":"https:\/\/kapitalis.com\/tunisie\/#\/schema\/logo\/image\/","url":"https:\/\/kapitalis.com\/tunisie\/wp-content\/uploads\/2022\/05\/Kapitalis-big-size.png","contentUrl":"https:\/\/kapitalis.com\/tunisie\/wp-content\/uploads\/2022\/05\/Kapitalis-big-size.png","width":5000,"height":1500,"caption":"Kapitalis"},"image":{"@id":"https:\/\/kapitalis.com\/tunisie\/#\/schema\/logo\/image\/"},"sameAs":["https:\/\/www.facebook.com\/KapitalisInfo\/","https:\/\/x.com\/KapitalisInfo","https:\/\/www.youtube.com\/channel\/UC-yDYrHyfFBWWZaOw3FPg9Q"]},{"@type":"Person","@id":"https:\/\/kapitalis.com\/tunisie\/#\/schema\/person\/74bbde0154d49d790a92aaeac5bc01d5","name":"Yusra NY","url":"https:\/\/kapitalis.com\/tunisie\/author\/yuza_adam\/"}]}},"_links":{"self":[{"href":"https:\/\/kapitalis.com\/tunisie\/wp-json\/wp\/v2\/posts\/8042440","targetHints":{"allow":["GET"]}}],"collection":[{"href":"https:\/\/kapitalis.com\/tunisie\/wp-json\/wp\/v2\/posts"}],"about":[{"href":"https:\/\/kapitalis.com\/tunisie\/wp-json\/wp\/v2\/types\/post"}],"author":[{"embeddable":true,"href":"https:\/\/kapitalis.com\/tunisie\/wp-json\/wp\/v2\/users\/6"}],"replies":[{"embeddable":true,"href":"https:\/\/kapitalis.com\/tunisie\/wp-json\/wp\/v2\/comments?post=8042440"}],"version-history":[{"count":5,"href":"https:\/\/kapitalis.com\/tunisie\/wp-json\/wp\/v2\/posts\/8042440\/revisions"}],"predecessor-version":[{"id":8042628,"href":"https:\/\/kapitalis.com\/tunisie\/wp-json\/wp\/v2\/posts\/8042440\/revisions\/8042628"}],"wp:featuredmedia":[{"embeddable":true,"href":"https:\/\/kapitalis.com\/tunisie\/wp-json\/wp\/v2\/media\/6279597"}],"wp:attachment":[{"href":"https:\/\/kapitalis.com\/tunisie\/wp-json\/wp\/v2\/media?parent=8042440"}],"wp:term":[{"taxonomy":"category","embeddable":true,"href":"https:\/\/kapitalis.com\/tunisie\/wp-json\/wp\/v2\/categories?post=8042440"},{"taxonomy":"post_tag","embeddable":true,"href":"https:\/\/kapitalis.com\/tunisie\/wp-json\/wp\/v2\/tags?post=8042440"}],"curies":[{"name":"wp","href":"https:\/\/api.w.org\/{rel}","templated":true}]}}