{"id":80440,"date":"2017-01-25T12:24:16","date_gmt":"2017-01-25T11:24:16","guid":{"rendered":"http:\/\/kapitalis.com\/tunisie\/?p=80440"},"modified":"2017-01-25T12:32:12","modified_gmt":"2017-01-25T11:32:12","slug":"bochra-repond-a-asma-touche-pas-a-mon-juif","status":"publish","type":"post","link":"https:\/\/kapitalis.com\/tunisie\/2017\/01\/25\/bochra-repond-a-asma-touche-pas-a-mon-juif\/","title":{"rendered":"Bochra r\u00e9pond \u00e0 Asma : \u00abTouche pas \u00e0 mon Juif!\u00bb"},"content":{"rendered":"<p style=\"text-align: center;\"><img loading=\"lazy\" decoding=\"async\" class=\"alignnone size-full wp-image-80470\" src=\"http:\/\/kapitalis.com\/tunisie\/wp-content\/uploads\/2017\/01\/Asma-Abou-Hana-et-Bochra-Belhaj-Hmida.jpg\" alt=\"\" width=\"626\" height=\"380\" \/><\/p>\n<p><em><strong>La d\u00e9put\u00e9e Bochra Belhaj Hmida a republi\u00e9 son ancien texte <a href=\"https:\/\/www.facebook.com\/bochra.belhadj.9\/posts\/376116649413606\">\u00abTouche pas \u00e0 mon Juif!\u00bb,<\/a>\u00a0pour\u00a0<\/strong><\/em><em><strong>r\u00e9pondre aux propos antis\u00e9mites de sa coll\u00e8gue Asma Abou Hana, d\u00e9put\u00e9e Nidaa Tounes.<\/strong><\/em><\/p>\n<p><!--more--><\/p>\n<p>Asma Abou Hana a commis une bourde, lundi 24 janvier 2017,\u00a0\u00e0 l\u2019Assembl\u00e9e des repr\u00e9sentants du peuple (ARP), en lan\u00e7ant \u00e0 ses coll\u00e8gues, en parlant des terres abandonn\u00e9es par les juifs au lendemain de l&rsquo;ind\u00e9pendance de la Tunisie, <em>\u00abLes juifs, que dieu vous en pr\u00e9serve\u00bb<\/em>. Suite au toll\u00e9 provoqu\u00e9 par ses propos, elle s&rsquo;est confondue en excuses\u00a0pour ce qu&rsquo;elle a qualifi\u00e9\u00a0de\u00a0lapsus, en assurant qu\u2019elle respecte toutes les religions. Cette explication,\u00a0l\u2019opinion publique tunisienne a cependant encore du mal \u00e0 l&rsquo;accepter et les attaques contre la jeune d\u00e9put\u00e9e se poursuivent sur les r\u00e9seaux sociaux.<\/p>\n<p>La d\u00e9put\u00e9e Bochra Belhaj Hmida, avocate et militante des droits de l&rsquo;homme, \u00e9lue elle aussi sur une liste de Nidaa Tounes avant de d\u00e9missionner de ce parti, a r\u00e9pondu \u00e0 sa coll\u00e8gue\u00a0en republiant un texte qu\u2019elle avait \u00e9crit en 2012 pour d\u00e9fendre la communaut\u00e9 juive tunisienne et d\u00e9noncer l\u2019antis\u00e9mitisme, le racisme et autres formes de d\u00e9nigrement dont elle fait l&rsquo;objet.<\/p>\n<p>\u00ab<em>Il est impardonnable qu&rsquo;on approuve par la parole ou par le silence toute atteinte \u00e0 nos concitoyens juifs, \u00e0 leurs biens ou \u00e0 leurs lieux de culte. Nous sommes appel\u00e9s \u00e0 jouer pleinement notre r\u00f4le pour qu&rsquo;ils se sentent en s\u00e9curit\u00e9\u00bb<\/em>, a-t-elle notamment \u00e9crit dans ce texte.\u00a0Elle a ajout\u00e9:<em>\u00a0\u00abA<\/em><em>ux Juifs tunisiens qui n&rsquo;ont pas quitt\u00e9 la Tunisie malgr\u00e9 les tentations et les pressions, je dis tout simplement : ici c&rsquo;est votre pays et personne n&rsquo;est plus Tunisien que vous.\u00bb<\/em><\/p>\n<p style=\"text-align: right;\"><strong>Y. N.\u00a0<\/strong><\/p>\n<p>&nbsp;<\/p>\n","protected":false},"excerpt":{"rendered":"<p>La d\u00e9put\u00e9e Bochra Belhaj Hmida a republi\u00e9 son ancien texte \u00abTouche pas \u00e0 mon Juif!\u00bb,\u00a0pour\u00a0r\u00e9pondre aux propos antis\u00e9mites de sa coll\u00e8gue Asma Abou Hana, d\u00e9put\u00e9e Nidaa Tounes.<\/p>\n","protected":false},"author":6,"featured_media":80447,"comment_status":"open","ping_status":"open","sticky":false,"template":"","format":"standard","meta":{"footnotes":""},"categories":[997,2433],"tags":[18438,1971],"class_list":["post-80440","post","type-post","status-publish","format-standard","has-post-thumbnail","hentry","category-politique","category-tunisie","tag-communaute-juive","tag-juifs"],"yoast_head":"<!-- This site is optimized with the Yoast SEO plugin v26.6 - https:\/\/yoast.com\/wordpress\/plugins\/seo\/ -->\n<title>Bochra r\u00e9pond \u00e0 Asma : \u00abTouche pas \u00e0 mon Juif!\u00bb - Kapitalis<\/title>\n<meta name=\"robots\" content=\"index, follow, max-snippet:-1, max-image-preview:large, max-video-preview:-1\" \/>\n<link rel=\"canonical\" href=\"https:\/\/kapitalis.com\/tunisie\/2017\/01\/25\/bochra-repond-a-asma-touche-pas-a-mon-juif\/\" \/>\n<meta property=\"og:locale\" content=\"fr_FR\" \/>\n<meta property=\"og:type\" content=\"article\" \/>\n<meta property=\"og:title\" content=\"Bochra r\u00e9pond \u00e0 Asma : \u00abTouche pas \u00e0 mon Juif!\u00bb - Kapitalis\" \/>\n<meta property=\"og:description\" content=\"La d\u00e9put\u00e9e Bochra Belhaj Hmida a republi\u00e9 son ancien texte \u00abTouche pas \u00e0 mon Juif!\u00bb,\u00a0pour\u00a0r\u00e9pondre aux propos antis\u00e9mites de sa coll\u00e8gue Asma Abou Hana, d\u00e9put\u00e9e Nidaa Tounes.\" \/>\n<meta property=\"og:url\" content=\"https:\/\/kapitalis.com\/tunisie\/2017\/01\/25\/bochra-repond-a-asma-touche-pas-a-mon-juif\/\" \/>\n<meta property=\"og:site_name\" content=\"Kapitalis\" \/>\n<meta property=\"article:publisher\" content=\"https:\/\/www.facebook.com\/KapitalisInfo\/\" \/>\n<meta property=\"article:published_time\" content=\"2017-01-25T11:24:16+00:00\" \/>\n<meta property=\"article:modified_time\" content=\"2017-01-25T11:32:12+00:00\" \/>\n<meta property=\"og:image\" content=\"https:\/\/kapitalis.com\/tunisie\/wp-content\/uploads\/2022\/05\/kapitalis-logo-fb.png\" \/>\n\t<meta property=\"og:image:width\" content=\"1200\" \/>\n\t<meta property=\"og:image:height\" content=\"630\" \/>\n\t<meta property=\"og:image:type\" content=\"image\/png\" \/>\n<meta name=\"author\" content=\"Yusra NY\" \/>\n<meta name=\"twitter:card\" content=\"summary_large_image\" \/>\n<meta name=\"twitter:creator\" content=\"@KapitalisInfo\" \/>\n<meta name=\"twitter:site\" content=\"@KapitalisInfo\" \/>\n<meta name=\"twitter:label1\" content=\"\u00c9crit par\" \/>\n\t<meta name=\"twitter:data1\" content=\"Yusra NY\" \/>\n\t<meta name=\"twitter:label2\" content=\"Dur\u00e9e de lecture estim\u00e9e\" \/>\n\t<meta name=\"twitter:data2\" content=\"1 minute\" \/>\n<script type=\"application\/ld+json\" class=\"yoast-schema-graph\">{\"@context\":\"https:\/\/schema.org\",\"@graph\":[{\"@type\":\"Article\",\"@id\":\"https:\/\/kapitalis.com\/tunisie\/2017\/01\/25\/bochra-repond-a-asma-touche-pas-a-mon-juif\/#article\",\"isPartOf\":{\"@id\":\"https:\/\/kapitalis.com\/tunisie\/2017\/01\/25\/bochra-repond-a-asma-touche-pas-a-mon-juif\/\"},\"author\":{\"name\":\"Yusra NY\",\"@id\":\"https:\/\/kapitalis.com\/tunisie\/#\/schema\/person\/74bbde0154d49d790a92aaeac5bc01d5\"},\"headline\":\"Bochra r\u00e9pond \u00e0 Asma : \u00abTouche pas \u00e0 mon Juif!\u00bb\",\"datePublished\":\"2017-01-25T11:24:16+00:00\",\"dateModified\":\"2017-01-25T11:32:12+00:00\",\"mainEntityOfPage\":{\"@id\":\"https:\/\/kapitalis.com\/tunisie\/2017\/01\/25\/bochra-repond-a-asma-touche-pas-a-mon-juif\/\"},\"wordCount\":300,\"commentCount\":13,\"publisher\":{\"@id\":\"https:\/\/kapitalis.com\/tunisie\/#organization\"},\"image\":{\"@id\":\"https:\/\/kapitalis.com\/tunisie\/2017\/01\/25\/bochra-repond-a-asma-touche-pas-a-mon-juif\/#primaryimage\"},\"thumbnailUrl\":\"\",\"keywords\":[\"communaut\u00e9 juive\",\"juifs\"],\"articleSection\":[\"POLITIQUE\",\"Tunisie\"],\"inLanguage\":\"fr-FR\",\"potentialAction\":[{\"@type\":\"CommentAction\",\"name\":\"Comment\",\"target\":[\"https:\/\/kapitalis.com\/tunisie\/2017\/01\/25\/bochra-repond-a-asma-touche-pas-a-mon-juif\/#respond\"]}]},{\"@type\":\"WebPage\",\"@id\":\"https:\/\/kapitalis.com\/tunisie\/2017\/01\/25\/bochra-repond-a-asma-touche-pas-a-mon-juif\/\",\"url\":\"https:\/\/kapitalis.com\/tunisie\/2017\/01\/25\/bochra-repond-a-asma-touche-pas-a-mon-juif\/\",\"name\":\"Bochra r\u00e9pond \u00e0 Asma : \u00abTouche pas \u00e0 mon Juif!\u00bb - Kapitalis\",\"isPartOf\":{\"@id\":\"https:\/\/kapitalis.com\/tunisie\/#website\"},\"primaryImageOfPage\":{\"@id\":\"https:\/\/kapitalis.com\/tunisie\/2017\/01\/25\/bochra-repond-a-asma-touche-pas-a-mon-juif\/#primaryimage\"},\"image\":{\"@id\":\"https:\/\/kapitalis.com\/tunisie\/2017\/01\/25\/bochra-repond-a-asma-touche-pas-a-mon-juif\/#primaryimage\"},\"thumbnailUrl\":\"\",\"datePublished\":\"2017-01-25T11:24:16+00:00\",\"dateModified\":\"2017-01-25T11:32:12+00:00\",\"breadcrumb\":{\"@id\":\"https:\/\/kapitalis.com\/tunisie\/2017\/01\/25\/bochra-repond-a-asma-touche-pas-a-mon-juif\/#breadcrumb\"},\"inLanguage\":\"fr-FR\",\"potentialAction\":[{\"@type\":\"ReadAction\",\"target\":[\"https:\/\/kapitalis.com\/tunisie\/2017\/01\/25\/bochra-repond-a-asma-touche-pas-a-mon-juif\/\"]}]},{\"@type\":\"ImageObject\",\"inLanguage\":\"fr-FR\",\"@id\":\"https:\/\/kapitalis.com\/tunisie\/2017\/01\/25\/bochra-repond-a-asma-touche-pas-a-mon-juif\/#primaryimage\",\"url\":\"\",\"contentUrl\":\"\"},{\"@type\":\"BreadcrumbList\",\"@id\":\"https:\/\/kapitalis.com\/tunisie\/2017\/01\/25\/bochra-repond-a-asma-touche-pas-a-mon-juif\/#breadcrumb\",\"itemListElement\":[{\"@type\":\"ListItem\",\"position\":1,\"name\":\"Accueil\",\"item\":\"https:\/\/kapitalis.com\/tunisie\/\"},{\"@type\":\"ListItem\",\"position\":2,\"name\":\"Bochra r\u00e9pond \u00e0 Asma : \u00abTouche pas \u00e0 mon Juif!\u00bb\"}]},{\"@type\":\"WebSite\",\"@id\":\"https:\/\/kapitalis.com\/tunisie\/#website\",\"url\":\"https:\/\/kapitalis.com\/tunisie\/\",\"name\":\"Kapitalis\",\"description\":\"L&#039;actualit\u00e9 en Tunisie et dans le monde\",\"publisher\":{\"@id\":\"https:\/\/kapitalis.com\/tunisie\/#organization\"},\"potentialAction\":[{\"@type\":\"SearchAction\",\"target\":{\"@type\":\"EntryPoint\",\"urlTemplate\":\"https:\/\/kapitalis.com\/tunisie\/?s={search_term_string}\"},\"query-input\":{\"@type\":\"PropertyValueSpecification\",\"valueRequired\":true,\"valueName\":\"search_term_string\"}}],\"inLanguage\":\"fr-FR\"},{\"@type\":\"Organization\",\"@id\":\"https:\/\/kapitalis.com\/tunisie\/#organization\",\"name\":\"Kapitalis\",\"url\":\"https:\/\/kapitalis.com\/tunisie\/\",\"logo\":{\"@type\":\"ImageObject\",\"inLanguage\":\"fr-FR\",\"@id\":\"https:\/\/kapitalis.com\/tunisie\/#\/schema\/logo\/image\/\",\"url\":\"https:\/\/kapitalis.com\/tunisie\/wp-content\/uploads\/2022\/05\/Kapitalis-big-size.png\",\"contentUrl\":\"https:\/\/kapitalis.com\/tunisie\/wp-content\/uploads\/2022\/05\/Kapitalis-big-size.png\",\"width\":5000,\"height\":1500,\"caption\":\"Kapitalis\"},\"image\":{\"@id\":\"https:\/\/kapitalis.com\/tunisie\/#\/schema\/logo\/image\/\"},\"sameAs\":[\"https:\/\/www.facebook.com\/KapitalisInfo\/\",\"https:\/\/x.com\/KapitalisInfo\",\"https:\/\/www.youtube.com\/channel\/UC-yDYrHyfFBWWZaOw3FPg9Q\"]},{\"@type\":\"Person\",\"@id\":\"https:\/\/kapitalis.com\/tunisie\/#\/schema\/person\/74bbde0154d49d790a92aaeac5bc01d5\",\"name\":\"Yusra NY\",\"url\":\"https:\/\/kapitalis.com\/tunisie\/author\/yuza_adam\/\"}]}<\/script>\n<!-- \/ Yoast SEO plugin. -->","yoast_head_json":{"title":"Bochra r\u00e9pond \u00e0 Asma : \u00abTouche pas \u00e0 mon Juif!\u00bb - Kapitalis","robots":{"index":"index","follow":"follow","max-snippet":"max-snippet:-1","max-image-preview":"max-image-preview:large","max-video-preview":"max-video-preview:-1"},"canonical":"https:\/\/kapitalis.com\/tunisie\/2017\/01\/25\/bochra-repond-a-asma-touche-pas-a-mon-juif\/","og_locale":"fr_FR","og_type":"article","og_title":"Bochra r\u00e9pond \u00e0 Asma : \u00abTouche pas \u00e0 mon Juif!\u00bb - Kapitalis","og_description":"La d\u00e9put\u00e9e Bochra Belhaj Hmida a republi\u00e9 son ancien texte \u00abTouche pas \u00e0 mon Juif!\u00bb,\u00a0pour\u00a0r\u00e9pondre aux propos antis\u00e9mites de sa coll\u00e8gue Asma Abou Hana, d\u00e9put\u00e9e Nidaa Tounes.","og_url":"https:\/\/kapitalis.com\/tunisie\/2017\/01\/25\/bochra-repond-a-asma-touche-pas-a-mon-juif\/","og_site_name":"Kapitalis","article_publisher":"https:\/\/www.facebook.com\/KapitalisInfo\/","article_published_time":"2017-01-25T11:24:16+00:00","article_modified_time":"2017-01-25T11:32:12+00:00","og_image":[{"width":1200,"height":630,"url":"https:\/\/kapitalis.com\/tunisie\/wp-content\/uploads\/2022\/05\/kapitalis-logo-fb.png","type":"image\/png"}],"author":"Yusra NY","twitter_card":"summary_large_image","twitter_creator":"@KapitalisInfo","twitter_site":"@KapitalisInfo","twitter_misc":{"\u00c9crit par":"Yusra NY","Dur\u00e9e de lecture estim\u00e9e":"1 minute"},"schema":{"@context":"https:\/\/schema.org","@graph":[{"@type":"Article","@id":"https:\/\/kapitalis.com\/tunisie\/2017\/01\/25\/bochra-repond-a-asma-touche-pas-a-mon-juif\/#article","isPartOf":{"@id":"https:\/\/kapitalis.com\/tunisie\/2017\/01\/25\/bochra-repond-a-asma-touche-pas-a-mon-juif\/"},"author":{"name":"Yusra NY","@id":"https:\/\/kapitalis.com\/tunisie\/#\/schema\/person\/74bbde0154d49d790a92aaeac5bc01d5"},"headline":"Bochra r\u00e9pond \u00e0 Asma : \u00abTouche pas \u00e0 mon Juif!\u00bb","datePublished":"2017-01-25T11:24:16+00:00","dateModified":"2017-01-25T11:32:12+00:00","mainEntityOfPage":{"@id":"https:\/\/kapitalis.com\/tunisie\/2017\/01\/25\/bochra-repond-a-asma-touche-pas-a-mon-juif\/"},"wordCount":300,"commentCount":13,"publisher":{"@id":"https:\/\/kapitalis.com\/tunisie\/#organization"},"image":{"@id":"https:\/\/kapitalis.com\/tunisie\/2017\/01\/25\/bochra-repond-a-asma-touche-pas-a-mon-juif\/#primaryimage"},"thumbnailUrl":"","keywords":["communaut\u00e9 juive","juifs"],"articleSection":["POLITIQUE","Tunisie"],"inLanguage":"fr-FR","potentialAction":[{"@type":"CommentAction","name":"Comment","target":["https:\/\/kapitalis.com\/tunisie\/2017\/01\/25\/bochra-repond-a-asma-touche-pas-a-mon-juif\/#respond"]}]},{"@type":"WebPage","@id":"https:\/\/kapitalis.com\/tunisie\/2017\/01\/25\/bochra-repond-a-asma-touche-pas-a-mon-juif\/","url":"https:\/\/kapitalis.com\/tunisie\/2017\/01\/25\/bochra-repond-a-asma-touche-pas-a-mon-juif\/","name":"Bochra r\u00e9pond \u00e0 Asma : \u00abTouche pas \u00e0 mon Juif!\u00bb - Kapitalis","isPartOf":{"@id":"https:\/\/kapitalis.com\/tunisie\/#website"},"primaryImageOfPage":{"@id":"https:\/\/kapitalis.com\/tunisie\/2017\/01\/25\/bochra-repond-a-asma-touche-pas-a-mon-juif\/#primaryimage"},"image":{"@id":"https:\/\/kapitalis.com\/tunisie\/2017\/01\/25\/bochra-repond-a-asma-touche-pas-a-mon-juif\/#primaryimage"},"thumbnailUrl":"","datePublished":"2017-01-25T11:24:16+00:00","dateModified":"2017-01-25T11:32:12+00:00","breadcrumb":{"@id":"https:\/\/kapitalis.com\/tunisie\/2017\/01\/25\/bochra-repond-a-asma-touche-pas-a-mon-juif\/#breadcrumb"},"inLanguage":"fr-FR","potentialAction":[{"@type":"ReadAction","target":["https:\/\/kapitalis.com\/tunisie\/2017\/01\/25\/bochra-repond-a-asma-touche-pas-a-mon-juif\/"]}]},{"@type":"ImageObject","inLanguage":"fr-FR","@id":"https:\/\/kapitalis.com\/tunisie\/2017\/01\/25\/bochra-repond-a-asma-touche-pas-a-mon-juif\/#primaryimage","url":"","contentUrl":""},{"@type":"BreadcrumbList","@id":"https:\/\/kapitalis.com\/tunisie\/2017\/01\/25\/bochra-repond-a-asma-touche-pas-a-mon-juif\/#breadcrumb","itemListElement":[{"@type":"ListItem","position":1,"name":"Accueil","item":"https:\/\/kapitalis.com\/tunisie\/"},{"@type":"ListItem","position":2,"name":"Bochra r\u00e9pond \u00e0 Asma : \u00abTouche pas \u00e0 mon Juif!\u00bb"}]},{"@type":"WebSite","@id":"https:\/\/kapitalis.com\/tunisie\/#website","url":"https:\/\/kapitalis.com\/tunisie\/","name":"Kapitalis","description":"L&#039;actualit\u00e9 en Tunisie et dans le monde","publisher":{"@id":"https:\/\/kapitalis.com\/tunisie\/#organization"},"potentialAction":[{"@type":"SearchAction","target":{"@type":"EntryPoint","urlTemplate":"https:\/\/kapitalis.com\/tunisie\/?s={search_term_string}"},"query-input":{"@type":"PropertyValueSpecification","valueRequired":true,"valueName":"search_term_string"}}],"inLanguage":"fr-FR"},{"@type":"Organization","@id":"https:\/\/kapitalis.com\/tunisie\/#organization","name":"Kapitalis","url":"https:\/\/kapitalis.com\/tunisie\/","logo":{"@type":"ImageObject","inLanguage":"fr-FR","@id":"https:\/\/kapitalis.com\/tunisie\/#\/schema\/logo\/image\/","url":"https:\/\/kapitalis.com\/tunisie\/wp-content\/uploads\/2022\/05\/Kapitalis-big-size.png","contentUrl":"https:\/\/kapitalis.com\/tunisie\/wp-content\/uploads\/2022\/05\/Kapitalis-big-size.png","width":5000,"height":1500,"caption":"Kapitalis"},"image":{"@id":"https:\/\/kapitalis.com\/tunisie\/#\/schema\/logo\/image\/"},"sameAs":["https:\/\/www.facebook.com\/KapitalisInfo\/","https:\/\/x.com\/KapitalisInfo","https:\/\/www.youtube.com\/channel\/UC-yDYrHyfFBWWZaOw3FPg9Q"]},{"@type":"Person","@id":"https:\/\/kapitalis.com\/tunisie\/#\/schema\/person\/74bbde0154d49d790a92aaeac5bc01d5","name":"Yusra NY","url":"https:\/\/kapitalis.com\/tunisie\/author\/yuza_adam\/"}]}},"_links":{"self":[{"href":"https:\/\/kapitalis.com\/tunisie\/wp-json\/wp\/v2\/posts\/80440","targetHints":{"allow":["GET"]}}],"collection":[{"href":"https:\/\/kapitalis.com\/tunisie\/wp-json\/wp\/v2\/posts"}],"about":[{"href":"https:\/\/kapitalis.com\/tunisie\/wp-json\/wp\/v2\/types\/post"}],"author":[{"embeddable":true,"href":"https:\/\/kapitalis.com\/tunisie\/wp-json\/wp\/v2\/users\/6"}],"replies":[{"embeddable":true,"href":"https:\/\/kapitalis.com\/tunisie\/wp-json\/wp\/v2\/comments?post=80440"}],"version-history":[{"count":0,"href":"https:\/\/kapitalis.com\/tunisie\/wp-json\/wp\/v2\/posts\/80440\/revisions"}],"wp:featuredmedia":[{"embeddable":true,"href":"https:\/\/kapitalis.com\/tunisie\/wp-json\/wp\/v2\/media\/80447"}],"wp:attachment":[{"href":"https:\/\/kapitalis.com\/tunisie\/wp-json\/wp\/v2\/media?parent=80440"}],"wp:term":[{"taxonomy":"category","embeddable":true,"href":"https:\/\/kapitalis.com\/tunisie\/wp-json\/wp\/v2\/categories?post=80440"},{"taxonomy":"post_tag","embeddable":true,"href":"https:\/\/kapitalis.com\/tunisie\/wp-json\/wp\/v2\/tags?post=80440"}],"curies":[{"name":"wp","href":"https:\/\/api.w.org\/{rel}","templated":true}]}}