{"id":8045776,"date":"2023-05-25T09:17:16","date_gmt":"2023-05-25T08:17:16","guid":{"rendered":"https:\/\/kapitalis.com\/tunisie\/?p=8045776"},"modified":"2023-05-25T09:17:17","modified_gmt":"2023-05-25T08:17:17","slug":"les-archives-musicales-du-baron-derlanger-au-registre-memoire-du-monde-de-lunesco","status":"publish","type":"post","link":"https:\/\/kapitalis.com\/tunisie\/2023\/05\/25\/les-archives-musicales-du-baron-derlanger-au-registre-memoire-du-monde-de-lunesco\/","title":{"rendered":"Les archives musicales du baron d\u2019Erlanger au registre \u00abM\u00e9moire du monde\u00bb de l\u2019Unesco"},"content":{"rendered":"\n<p><strong><em>L\u2019Unesco a annonc\u00e9, mercredi 24 mai 2023, dans un communiqu\u00e9, l\u2019\u00abinscription de 64 collections documentaires \u00e0 son registre M\u00e9moire du monde, portant \u00e0 494 le nombre total de collections inscrites.\u00bb<\/em><\/strong><\/p>\n\n\n\n<!--more-->\n\n\n\n<p>La liste des nouvelles inscriptions publi\u00e9e sur le site de l\u2019Unesco est class\u00e9e dans l\u2019ordre alphab\u00e9tique anglais des auteurs des propositions.<\/p>\n\n\n\n<p>Le texte propos\u00e9 par la Tunisie pr\u00e9sente l\u2019h\u00e9ritage du Baron Rodolphe d\u2019Erlanger (1872-1932) qui <em>\u00abfut le premier orientaliste \u00e0 s\u2019installer dans un pays arabe (la Tunisie) et s\u2019entourer d\u2019\u00e9rudits et de ma\u00eetres de l\u2019art musical pour se lancer dans un projet culturel et civilisationnel in\u00e9dit aux multiples objectifs : la r\u00e9habilitation et la promotion de la musique arabe\u00bb<\/em>.<\/p>\n\n\n\n<p><em>\u00abLes archives papiers portants son nom, qui sont la production musicale et scientifique de ce premier Centre de recherche musicologique et des pionniers de cette discipline, constituent une mine d\u2019informations, de transcriptions musicales et de travaux sur des traditions musicales disparues ou inconnues de nos jours : cantillations h\u00e9bra\u00efques des juifs de Tunisie, musiques des noirs de Tunisie, de tradition arabo-andalouse, confr\u00e9rique, chants touareg, airs \u00e9questres, cris de la rue, airs tripolitains, airs d\u2019Arabie, etc.\u00bb<\/em>, indique le m\u00eame texte. Qui ajoute\u00a0: <em>\u00abCes documents apportent au savoir universel en g\u00e9n\u00e9ral et aux chercheurs \u00e0 travers le monde une mati\u00e8re abondante, diversifi\u00e9e et in\u00e9dite.\u00bb<\/em><\/p>\n\n\n<div class=\"wp-block-image\">\n<figure class=\"aligncenter size-large is-resized\"><img decoding=\"async\" src=\"https:\/\/kapitalis.com\/tunisie\/wp-content\/uploads\/2023\/05\/Musique-arabe-luth-1024x538.jpg\" alt=\"\" class=\"wp-image-8045805\" width=\"800\" srcset=\"https:\/\/kapitalis.com\/tunisie\/wp-content\/uploads\/2023\/05\/Musique-arabe-luth-1024x538.jpg 1024w, https:\/\/kapitalis.com\/tunisie\/wp-content\/uploads\/2023\/05\/Musique-arabe-luth-300x158.jpg 300w, https:\/\/kapitalis.com\/tunisie\/wp-content\/uploads\/2023\/05\/Musique-arabe-luth-768x403.jpg 768w, https:\/\/kapitalis.com\/tunisie\/wp-content\/uploads\/2023\/05\/Musique-arabe-luth-580x305.jpg 580w, https:\/\/kapitalis.com\/tunisie\/wp-content\/uploads\/2023\/05\/Musique-arabe-luth-860x452.jpg 860w, https:\/\/kapitalis.com\/tunisie\/wp-content\/uploads\/2023\/05\/Musique-arabe-luth-1160x609.jpg 1160w, https:\/\/kapitalis.com\/tunisie\/wp-content\/uploads\/2023\/05\/Musique-arabe-luth.jpg 1200w\" sizes=\"(max-width: 1024px) 100vw, 1024px\" \/><\/figure>\n<\/div>\n\n\n<h2 class=\"wp-block-heading\">La Tunisie au registre M\u00e9moire du monde<\/h2>\n\n\n\n<p>Le 23 d\u00e9cembre 2021, la D\u00e9l\u00e9gation permanente de la Tunisie aupr\u00e8s l\u2019Unesco, \u00e0 Paris, avait d\u00e9pos\u00e9 la version papier de deux dossiers pour inscription au registre M\u00e9moire du Monde de l\u2019Unesco : des Correspondances des Beys de Tunis avec Henry Dunant au sujet du droit humanitaire &amp; des Documents rares sur la musique arabe dans les archives du Baron d\u2019Erlanger \u00e0 Sidi Bou Said.<\/p>\n\n\n\n<p>Le dossier des Documents rares sur la musique arabe dans les archives du Baron d\u2019Erlanger \u00e0 Sidi Bou Said, est compos\u00e9 d\u2019une collection de manuscrits rares en lien avec la musique du registre tunisien, arabe et m\u00e9diterran\u00e9en. Il a \u00e9t\u00e9 \u00e9labor\u00e9 par des experts du Centre des musiques arabes et m\u00e9diterran\u00e9ennes (CMAM) qu\u2019abrite le Palais du Baron d\u2019Erlanger, dans la banlieue nord de Tunis.<\/p>\n\n\n\n<p>Construit entre 1912 et 1922 sur une superficie de 5 hectares, le palais d\u2019Ennejma Ezzahra est l\u2019ancienne demeure du baron Rodolphe d\u2019Erlanger, peintre, musicologue et grand orientaliste franco-britannique (1872-1932).<\/p>\n\n\n\n<p>Le Palais est l\u2019un des hauts lieux de la sc\u00e8ne culturelle et artistique en Tunisie. Il s\u2019agit d\u2019un complexe culturel multidisciplinaire centr\u00e9e sur la musique et ses diff\u00e9rentes branches combinant \u00e9galement diverses activit\u00e9s scientifiques, litt\u00e9raires et artistiques li\u00e9es au th\u00e9\u00e2tre, danse, litt\u00e9rature, et autres \u00e9v\u00e9nements et conf\u00e9rences internationales.<\/p>\n\n\n\n<p>Cette candidature constitue la seconde du genre \u00e0 \u00eatre d\u00e9pos\u00e9e pour inscription au registre M\u00e9moire du monde de l\u2019Unesco. Deux autres dossiers sont inscrits sur le m\u00eame registre M\u00e9moire du Monde, dont celui des documents relatifs \u00e0 la Course et les relations internationale de la R\u00e9gence de Tunis aux 18<sup>e<\/sup> et 19<sup>e<\/sup> si\u00e8cles (2011) &amp; de l\u2019exp\u00e9rience tunisienne de l\u2019abolition de l\u2019esclavage (2017).<\/p>\n\n\n<div class=\"wp-block-image\">\n<figure class=\"aligncenter size-large is-resized\"><img decoding=\"async\" src=\"https:\/\/kapitalis.com\/tunisie\/wp-content\/uploads\/2023\/05\/Musique-arabe-percussions-1024x538.jpg\" alt=\"\" class=\"wp-image-8045809\" width=\"800\" srcset=\"https:\/\/kapitalis.com\/tunisie\/wp-content\/uploads\/2023\/05\/Musique-arabe-percussions-1024x538.jpg 1024w, https:\/\/kapitalis.com\/tunisie\/wp-content\/uploads\/2023\/05\/Musique-arabe-percussions-300x158.jpg 300w, https:\/\/kapitalis.com\/tunisie\/wp-content\/uploads\/2023\/05\/Musique-arabe-percussions-768x403.jpg 768w, https:\/\/kapitalis.com\/tunisie\/wp-content\/uploads\/2023\/05\/Musique-arabe-percussions-580x305.jpg 580w, https:\/\/kapitalis.com\/tunisie\/wp-content\/uploads\/2023\/05\/Musique-arabe-percussions-860x452.jpg 860w, https:\/\/kapitalis.com\/tunisie\/wp-content\/uploads\/2023\/05\/Musique-arabe-percussions-1160x609.jpg 1160w, https:\/\/kapitalis.com\/tunisie\/wp-content\/uploads\/2023\/05\/Musique-arabe-percussions.jpg 1200w\" sizes=\"(max-width: 1024px) 100vw, 1024px\" \/><\/figure>\n<\/div>\n\n\n<p>L\u2019Unesco avait annonc\u00e9 en novembre 2017, l\u2019inscription de l\u2019exp\u00e9rience tunisienne de l\u2019abolition de l\u2019esclavage de 1841 \u00e0 1846 au registre M\u00e9moire du monde de l\u2019organisation.<\/p>\n\n\n\n<p>Le Comit\u00e9 consultatif international du programme M\u00e9moire du monde avait propos\u00e9 \u00e0 l\u2019unanimit\u00e9 de ses membres \u00e0 la directrice g\u00e9n\u00e9rale de l\u2019Unesco l\u2019inscription de l\u2019exp\u00e9rience particuli\u00e8re d\u2019abolition gradu\u00e9e de l\u2019esclavage dans la r\u00e9gence de Tunis au cours de la premi\u00e8re moiti\u00e9 du XIXe si\u00e8cle sur le registre m\u00e9moire du monde.<\/p>\n\n\n\n<p>Propos\u00e9 en 2010 par les Archives nationales de Tunisie (ANT), le fonds documentaire la Course et les relations internationales de la R\u00e9gence de Tunis aux XVIIIe et XIXe si\u00e8cles a \u00e9t\u00e9 inscrit en 2011 au registre M\u00e9moire du Monde de l\u2019Unesco.<\/p>\n\n\n\n<h2 class=\"wp-block-heading\">494 collections du patrimoine documentaire mondial<\/h2>\n\n\n\n<p><em>\u00abAvec ces nouveaux ajouts, venant de 56 pays et organisations, le registre M\u00e9moire du monde compte d\u00e9sormais 494 collections du patrimoine documentaire provenant de toutes les r\u00e9gions du monde\u00bb<\/em>, indique le communiqu\u00e9 de l\u2019Unesco.<\/p>\n\n\n\n<p>Sauvegard\u00e9 sur divers mat\u00e9riaux allant de la pierre au cellulo\u00efd, du parchemin au disque en m\u00e9tal, ce patrimoine embl\u00e9matique \u00e0 valeur universelle est maintenant pr\u00e9serv\u00e9 pour les g\u00e9n\u00e9rations futures, \u00e0 l\u2019image des manuscrits persans illustr\u00e9s et enlumin\u00e9s, des archives architecturales d\u2019Oscar Niemeyer ou bien encore des manuscrits de Panji Tale.<\/p>\n\n\n\n<p>La num\u00e9risation et la publication sur Internet permettent de rendre le patrimoine documentaire accessible \u00e0 tous, sans risque d\u2019endommager les documents originaux en les exposant physiquement. Comme cette num\u00e9risation est co\u00fbteuse, l\u2019Unesco soutient les biblioth\u00e8ques, les archives et les mus\u00e9es, en particulier en Afrique.<\/p>\n\n\n\n<p>Au cours des trois derni\u00e8res d\u00e9cennies, l\u2019Unesco a mis en place des comit\u00e9s nationaux M\u00e9moire du monde dans 94 pays. Depuis le d\u00e9but de l\u2019ann\u00e9e derni\u00e8re, l\u2019Organisation a aid\u00e9 pr\u00e8s de 40 pays \u00e0 \u00e9laborer des politiques publiques et \u00e0 d\u00e9velopper les capacit\u00e9s n\u00e9cessaires pour que leur patrimoine documentaire puisse \u00eatre inventori\u00e9, prot\u00e9g\u00e9 et rendu accessible \u00e0 tous.<\/p>\n\n\n<div class=\"wp-block-image\">\n<figure class=\"aligncenter size-large is-resized\"><img decoding=\"async\" src=\"https:\/\/kapitalis.com\/tunisie\/wp-content\/uploads\/2023\/05\/Musique-arabe-tar-1024x538.jpg\" alt=\"\" class=\"wp-image-8045814\" width=\"800\" srcset=\"https:\/\/kapitalis.com\/tunisie\/wp-content\/uploads\/2023\/05\/Musique-arabe-tar-1024x538.jpg 1024w, https:\/\/kapitalis.com\/tunisie\/wp-content\/uploads\/2023\/05\/Musique-arabe-tar-300x158.jpg 300w, https:\/\/kapitalis.com\/tunisie\/wp-content\/uploads\/2023\/05\/Musique-arabe-tar-768x403.jpg 768w, https:\/\/kapitalis.com\/tunisie\/wp-content\/uploads\/2023\/05\/Musique-arabe-tar-580x305.jpg 580w, https:\/\/kapitalis.com\/tunisie\/wp-content\/uploads\/2023\/05\/Musique-arabe-tar-860x452.jpg 860w, https:\/\/kapitalis.com\/tunisie\/wp-content\/uploads\/2023\/05\/Musique-arabe-tar-1160x609.jpg 1160w, https:\/\/kapitalis.com\/tunisie\/wp-content\/uploads\/2023\/05\/Musique-arabe-tar.jpg 1200w\" sizes=\"(max-width: 1024px) 100vw, 1024px\" \/><\/figure>\n<\/div>\n\n\n<p><em>\u00abLe patrimoine documentaire est la m\u00e9moire commune de l\u2019humanit\u00e9. Il doit \u00eatre prot\u00e9g\u00e9 pour la recherche et partag\u00e9 avec le plus grand nombre. C\u2019est une part fondamentale de notre histoire collective\u00bb<\/em>, souligne Audrey Azoulay, directrice g\u00e9n\u00e9rale de l\u2019Unesco.<\/p>\n\n\n\n<p>Le programme M\u00e9moire du monde, cr\u00e9\u00e9 par l\u2019Unesco en 1992, vise \u00e0 pr\u00e9venir la perte irr\u00e9vocable du patrimoine documentaire \u2013 des documents ou des collections de documents d\u2019une valeur significative et durable, sur papier, audiovisuel, num\u00e9rique ou tout autre format. Le programme vise \u00e0 la fois \u00e0 sauvegarder ce patrimoine et \u00e0 le rendre davantage accessible au grand public.<\/p>\n\n\n\n<p><em>\u00abPour la premi\u00e8re fois depuis 2017, de nouvelles collections documentaires ont \u00e9t\u00e9 inscrites au registre M\u00e9moire du monde : c\u2019est un signal tr\u00e8s positif\u00bb<\/em>, salue Audrey Azoulay.<\/p>\n\n\n\n<p>Les inscriptions sur le registre M\u00e9moire du monde avaient d\u00fb \u00eatre suspendues en 2017, en raison de divergences entre Etats li\u00e9es au processus de nomination. Un important travail collectif a permis la refonte de la proc\u00e9dure.<\/p>\n\n\n\n<p>Les candidatures ont \u00e9t\u00e9 relanc\u00e9es en 2021. Elles ont abouti, mercredi 24 mai 2023, \u00e0 la d\u00e9cision unanime du conseil ex\u00e9cutif de l\u2019Unesco d\u2019inscrire 64 nouvelles collections documentaires. <\/p>\n\n\n\n<p><strong><em>Source<\/em><\/strong>\u00a0: Tap.<\/p>\n","protected":false},"excerpt":{"rendered":"<p>Le fonds musical dans les archives du baron d\u2019Erlanger inscrit au registre \u00ab\u00a0M\u00e9moire du monde\u00a0\u00bb de l\u2019Unesco.   <\/p>\n","protected":false},"author":8,"featured_media":8045801,"comment_status":"open","ping_status":"open","sticky":false,"template":"","format":"standard","meta":{"footnotes":""},"categories":[994,2433],"tags":[108897,108899,6060,108896,108898,81629,62643,1068],"class_list":["post-8045776","post","type-post","status-publish","format-standard","has-post-thumbnail","hentry","category-culture","category-tunisie","tag-baron-rodolphe-derlanger","tag-beys-de-tunis","tag-centre-des-musiques-arabes-et-mediterraneennes","tag-memoire-du-monde","tag-musique-arabe","tag-sidi-bou-said-2","tag-tunisie","tag-unesco"],"yoast_head":"<!-- This site is optimized with the Yoast SEO plugin v26.6 - https:\/\/yoast.com\/wordpress\/plugins\/seo\/ -->\n<title>Les archives musicales du baron d\u2019Erlanger au registre \u00abM\u00e9moire du monde\u00bb de l\u2019Unesco - Kapitalis<\/title>\n<meta name=\"robots\" content=\"index, follow, max-snippet:-1, max-image-preview:large, max-video-preview:-1\" \/>\n<link rel=\"canonical\" href=\"https:\/\/kapitalis.com\/tunisie\/2023\/05\/25\/les-archives-musicales-du-baron-derlanger-au-registre-memoire-du-monde-de-lunesco\/\" \/>\n<meta property=\"og:locale\" content=\"fr_FR\" \/>\n<meta property=\"og:type\" content=\"article\" \/>\n<meta property=\"og:title\" content=\"Les archives musicales du baron d\u2019Erlanger au registre \u00abM\u00e9moire du monde\u00bb de l\u2019Unesco - Kapitalis\" \/>\n<meta property=\"og:description\" content=\"Le fonds musical dans les archives du baron d\u2019Erlanger inscrit au registre &quot;M\u00e9moire du monde&quot; de l\u2019Unesco.\" \/>\n<meta property=\"og:url\" content=\"https:\/\/kapitalis.com\/tunisie\/2023\/05\/25\/les-archives-musicales-du-baron-derlanger-au-registre-memoire-du-monde-de-lunesco\/\" \/>\n<meta property=\"og:site_name\" content=\"Kapitalis\" \/>\n<meta property=\"article:publisher\" content=\"https:\/\/www.facebook.com\/KapitalisInfo\/\" \/>\n<meta property=\"article:published_time\" content=\"2023-05-25T08:17:16+00:00\" \/>\n<meta property=\"article:modified_time\" content=\"2023-05-25T08:17:17+00:00\" \/>\n<meta property=\"og:image\" content=\"https:\/\/kapitalis.com\/tunisie\/wp-content\/uploads\/2023\/05\/Musique-arabe-darbouka.jpg\" \/>\n\t<meta property=\"og:image:width\" content=\"1200\" \/>\n\t<meta property=\"og:image:height\" content=\"630\" \/>\n\t<meta property=\"og:image:type\" content=\"image\/jpeg\" \/>\n<meta name=\"author\" content=\"webmaster kapitalis\" \/>\n<meta name=\"twitter:card\" content=\"summary_large_image\" \/>\n<meta name=\"twitter:creator\" content=\"@KapitalisInfo\" \/>\n<meta name=\"twitter:site\" content=\"@KapitalisInfo\" \/>\n<meta name=\"twitter:label1\" content=\"\u00c9crit par\" \/>\n\t<meta name=\"twitter:data1\" content=\"webmaster kapitalis\" \/>\n\t<meta name=\"twitter:label2\" content=\"Dur\u00e9e de lecture estim\u00e9e\" \/>\n\t<meta name=\"twitter:data2\" content=\"6 minutes\" \/>\n<script type=\"application\/ld+json\" class=\"yoast-schema-graph\">{\"@context\":\"https:\/\/schema.org\",\"@graph\":[{\"@type\":\"Article\",\"@id\":\"https:\/\/kapitalis.com\/tunisie\/2023\/05\/25\/les-archives-musicales-du-baron-derlanger-au-registre-memoire-du-monde-de-lunesco\/#article\",\"isPartOf\":{\"@id\":\"https:\/\/kapitalis.com\/tunisie\/2023\/05\/25\/les-archives-musicales-du-baron-derlanger-au-registre-memoire-du-monde-de-lunesco\/\"},\"author\":{\"name\":\"webmaster kapitalis\",\"@id\":\"https:\/\/kapitalis.com\/tunisie\/#\/schema\/person\/d71f33a9ca44f7bad4698210b480c8e9\"},\"headline\":\"Les archives musicales du baron d\u2019Erlanger au registre \u00abM\u00e9moire du monde\u00bb de l\u2019Unesco\",\"datePublished\":\"2023-05-25T08:17:16+00:00\",\"dateModified\":\"2023-05-25T08:17:17+00:00\",\"mainEntityOfPage\":{\"@id\":\"https:\/\/kapitalis.com\/tunisie\/2023\/05\/25\/les-archives-musicales-du-baron-derlanger-au-registre-memoire-du-monde-de-lunesco\/\"},\"wordCount\":1110,\"commentCount\":0,\"publisher\":{\"@id\":\"https:\/\/kapitalis.com\/tunisie\/#organization\"},\"image\":{\"@id\":\"https:\/\/kapitalis.com\/tunisie\/2023\/05\/25\/les-archives-musicales-du-baron-derlanger-au-registre-memoire-du-monde-de-lunesco\/#primaryimage\"},\"thumbnailUrl\":\"https:\/\/kapitalis.com\/tunisie\/wp-content\/uploads\/2023\/05\/Musique-arabe-darbouka.jpg\",\"keywords\":[\"Baron Rodolphe d\u2019Erlanger\",\"Beys de Tunis\",\"Centre des musiques arabes et m\u00e9diterran\u00e9ennes\",\"M\u00e9moire du monde\",\"musique arabe\",\"Sidi Bou Said\",\"Tunisie\",\"Unesco\"],\"articleSection\":[\"CULTURE\",\"Tunisie\"],\"inLanguage\":\"fr-FR\",\"potentialAction\":[{\"@type\":\"CommentAction\",\"name\":\"Comment\",\"target\":[\"https:\/\/kapitalis.com\/tunisie\/2023\/05\/25\/les-archives-musicales-du-baron-derlanger-au-registre-memoire-du-monde-de-lunesco\/#respond\"]}]},{\"@type\":\"WebPage\",\"@id\":\"https:\/\/kapitalis.com\/tunisie\/2023\/05\/25\/les-archives-musicales-du-baron-derlanger-au-registre-memoire-du-monde-de-lunesco\/\",\"url\":\"https:\/\/kapitalis.com\/tunisie\/2023\/05\/25\/les-archives-musicales-du-baron-derlanger-au-registre-memoire-du-monde-de-lunesco\/\",\"name\":\"Les archives musicales du baron d\u2019Erlanger au registre \u00abM\u00e9moire du monde\u00bb de l\u2019Unesco - Kapitalis\",\"isPartOf\":{\"@id\":\"https:\/\/kapitalis.com\/tunisie\/#website\"},\"primaryImageOfPage\":{\"@id\":\"https:\/\/kapitalis.com\/tunisie\/2023\/05\/25\/les-archives-musicales-du-baron-derlanger-au-registre-memoire-du-monde-de-lunesco\/#primaryimage\"},\"image\":{\"@id\":\"https:\/\/kapitalis.com\/tunisie\/2023\/05\/25\/les-archives-musicales-du-baron-derlanger-au-registre-memoire-du-monde-de-lunesco\/#primaryimage\"},\"thumbnailUrl\":\"https:\/\/kapitalis.com\/tunisie\/wp-content\/uploads\/2023\/05\/Musique-arabe-darbouka.jpg\",\"datePublished\":\"2023-05-25T08:17:16+00:00\",\"dateModified\":\"2023-05-25T08:17:17+00:00\",\"breadcrumb\":{\"@id\":\"https:\/\/kapitalis.com\/tunisie\/2023\/05\/25\/les-archives-musicales-du-baron-derlanger-au-registre-memoire-du-monde-de-lunesco\/#breadcrumb\"},\"inLanguage\":\"fr-FR\",\"potentialAction\":[{\"@type\":\"ReadAction\",\"target\":[\"https:\/\/kapitalis.com\/tunisie\/2023\/05\/25\/les-archives-musicales-du-baron-derlanger-au-registre-memoire-du-monde-de-lunesco\/\"]}]},{\"@type\":\"ImageObject\",\"inLanguage\":\"fr-FR\",\"@id\":\"https:\/\/kapitalis.com\/tunisie\/2023\/05\/25\/les-archives-musicales-du-baron-derlanger-au-registre-memoire-du-monde-de-lunesco\/#primaryimage\",\"url\":\"https:\/\/kapitalis.com\/tunisie\/wp-content\/uploads\/2023\/05\/Musique-arabe-darbouka.jpg\",\"contentUrl\":\"https:\/\/kapitalis.com\/tunisie\/wp-content\/uploads\/2023\/05\/Musique-arabe-darbouka.jpg\",\"width\":1200,\"height\":630},{\"@type\":\"BreadcrumbList\",\"@id\":\"https:\/\/kapitalis.com\/tunisie\/2023\/05\/25\/les-archives-musicales-du-baron-derlanger-au-registre-memoire-du-monde-de-lunesco\/#breadcrumb\",\"itemListElement\":[{\"@type\":\"ListItem\",\"position\":1,\"name\":\"Accueil\",\"item\":\"https:\/\/kapitalis.com\/tunisie\/\"},{\"@type\":\"ListItem\",\"position\":2,\"name\":\"Les archives musicales du baron d\u2019Erlanger au registre \u00abM\u00e9moire du monde\u00bb de l\u2019Unesco\"}]},{\"@type\":\"WebSite\",\"@id\":\"https:\/\/kapitalis.com\/tunisie\/#website\",\"url\":\"https:\/\/kapitalis.com\/tunisie\/\",\"name\":\"Kapitalis\",\"description\":\"L&#039;actualit\u00e9 en Tunisie et dans le monde\",\"publisher\":{\"@id\":\"https:\/\/kapitalis.com\/tunisie\/#organization\"},\"potentialAction\":[{\"@type\":\"SearchAction\",\"target\":{\"@type\":\"EntryPoint\",\"urlTemplate\":\"https:\/\/kapitalis.com\/tunisie\/?s={search_term_string}\"},\"query-input\":{\"@type\":\"PropertyValueSpecification\",\"valueRequired\":true,\"valueName\":\"search_term_string\"}}],\"inLanguage\":\"fr-FR\"},{\"@type\":\"Organization\",\"@id\":\"https:\/\/kapitalis.com\/tunisie\/#organization\",\"name\":\"Kapitalis\",\"url\":\"https:\/\/kapitalis.com\/tunisie\/\",\"logo\":{\"@type\":\"ImageObject\",\"inLanguage\":\"fr-FR\",\"@id\":\"https:\/\/kapitalis.com\/tunisie\/#\/schema\/logo\/image\/\",\"url\":\"https:\/\/kapitalis.com\/tunisie\/wp-content\/uploads\/2022\/05\/Kapitalis-big-size.png\",\"contentUrl\":\"https:\/\/kapitalis.com\/tunisie\/wp-content\/uploads\/2022\/05\/Kapitalis-big-size.png\",\"width\":5000,\"height\":1500,\"caption\":\"Kapitalis\"},\"image\":{\"@id\":\"https:\/\/kapitalis.com\/tunisie\/#\/schema\/logo\/image\/\"},\"sameAs\":[\"https:\/\/www.facebook.com\/KapitalisInfo\/\",\"https:\/\/x.com\/KapitalisInfo\",\"https:\/\/www.youtube.com\/channel\/UC-yDYrHyfFBWWZaOw3FPg9Q\"]},{\"@type\":\"Person\",\"@id\":\"https:\/\/kapitalis.com\/tunisie\/#\/schema\/person\/d71f33a9ca44f7bad4698210b480c8e9\",\"name\":\"webmaster kapitalis\",\"url\":\"https:\/\/kapitalis.com\/tunisie\/author\/webmaster-kapitalis\/\"}]}<\/script>\n<!-- \/ Yoast SEO plugin. -->","yoast_head_json":{"title":"Les archives musicales du baron d\u2019Erlanger au registre \u00abM\u00e9moire du monde\u00bb de l\u2019Unesco - Kapitalis","robots":{"index":"index","follow":"follow","max-snippet":"max-snippet:-1","max-image-preview":"max-image-preview:large","max-video-preview":"max-video-preview:-1"},"canonical":"https:\/\/kapitalis.com\/tunisie\/2023\/05\/25\/les-archives-musicales-du-baron-derlanger-au-registre-memoire-du-monde-de-lunesco\/","og_locale":"fr_FR","og_type":"article","og_title":"Les archives musicales du baron d\u2019Erlanger au registre \u00abM\u00e9moire du monde\u00bb de l\u2019Unesco - Kapitalis","og_description":"Le fonds musical dans les archives du baron d\u2019Erlanger inscrit au registre \"M\u00e9moire du monde\" de l\u2019Unesco.","og_url":"https:\/\/kapitalis.com\/tunisie\/2023\/05\/25\/les-archives-musicales-du-baron-derlanger-au-registre-memoire-du-monde-de-lunesco\/","og_site_name":"Kapitalis","article_publisher":"https:\/\/www.facebook.com\/KapitalisInfo\/","article_published_time":"2023-05-25T08:17:16+00:00","article_modified_time":"2023-05-25T08:17:17+00:00","og_image":[{"width":1200,"height":630,"url":"https:\/\/kapitalis.com\/tunisie\/wp-content\/uploads\/2023\/05\/Musique-arabe-darbouka.jpg","type":"image\/jpeg"}],"author":"webmaster kapitalis","twitter_card":"summary_large_image","twitter_creator":"@KapitalisInfo","twitter_site":"@KapitalisInfo","twitter_misc":{"\u00c9crit par":"webmaster kapitalis","Dur\u00e9e de lecture estim\u00e9e":"6 minutes"},"schema":{"@context":"https:\/\/schema.org","@graph":[{"@type":"Article","@id":"https:\/\/kapitalis.com\/tunisie\/2023\/05\/25\/les-archives-musicales-du-baron-derlanger-au-registre-memoire-du-monde-de-lunesco\/#article","isPartOf":{"@id":"https:\/\/kapitalis.com\/tunisie\/2023\/05\/25\/les-archives-musicales-du-baron-derlanger-au-registre-memoire-du-monde-de-lunesco\/"},"author":{"name":"webmaster kapitalis","@id":"https:\/\/kapitalis.com\/tunisie\/#\/schema\/person\/d71f33a9ca44f7bad4698210b480c8e9"},"headline":"Les archives musicales du baron d\u2019Erlanger au registre \u00abM\u00e9moire du monde\u00bb de l\u2019Unesco","datePublished":"2023-05-25T08:17:16+00:00","dateModified":"2023-05-25T08:17:17+00:00","mainEntityOfPage":{"@id":"https:\/\/kapitalis.com\/tunisie\/2023\/05\/25\/les-archives-musicales-du-baron-derlanger-au-registre-memoire-du-monde-de-lunesco\/"},"wordCount":1110,"commentCount":0,"publisher":{"@id":"https:\/\/kapitalis.com\/tunisie\/#organization"},"image":{"@id":"https:\/\/kapitalis.com\/tunisie\/2023\/05\/25\/les-archives-musicales-du-baron-derlanger-au-registre-memoire-du-monde-de-lunesco\/#primaryimage"},"thumbnailUrl":"https:\/\/kapitalis.com\/tunisie\/wp-content\/uploads\/2023\/05\/Musique-arabe-darbouka.jpg","keywords":["Baron Rodolphe d\u2019Erlanger","Beys de Tunis","Centre des musiques arabes et m\u00e9diterran\u00e9ennes","M\u00e9moire du monde","musique arabe","Sidi Bou Said","Tunisie","Unesco"],"articleSection":["CULTURE","Tunisie"],"inLanguage":"fr-FR","potentialAction":[{"@type":"CommentAction","name":"Comment","target":["https:\/\/kapitalis.com\/tunisie\/2023\/05\/25\/les-archives-musicales-du-baron-derlanger-au-registre-memoire-du-monde-de-lunesco\/#respond"]}]},{"@type":"WebPage","@id":"https:\/\/kapitalis.com\/tunisie\/2023\/05\/25\/les-archives-musicales-du-baron-derlanger-au-registre-memoire-du-monde-de-lunesco\/","url":"https:\/\/kapitalis.com\/tunisie\/2023\/05\/25\/les-archives-musicales-du-baron-derlanger-au-registre-memoire-du-monde-de-lunesco\/","name":"Les archives musicales du baron d\u2019Erlanger au registre \u00abM\u00e9moire du monde\u00bb de l\u2019Unesco - Kapitalis","isPartOf":{"@id":"https:\/\/kapitalis.com\/tunisie\/#website"},"primaryImageOfPage":{"@id":"https:\/\/kapitalis.com\/tunisie\/2023\/05\/25\/les-archives-musicales-du-baron-derlanger-au-registre-memoire-du-monde-de-lunesco\/#primaryimage"},"image":{"@id":"https:\/\/kapitalis.com\/tunisie\/2023\/05\/25\/les-archives-musicales-du-baron-derlanger-au-registre-memoire-du-monde-de-lunesco\/#primaryimage"},"thumbnailUrl":"https:\/\/kapitalis.com\/tunisie\/wp-content\/uploads\/2023\/05\/Musique-arabe-darbouka.jpg","datePublished":"2023-05-25T08:17:16+00:00","dateModified":"2023-05-25T08:17:17+00:00","breadcrumb":{"@id":"https:\/\/kapitalis.com\/tunisie\/2023\/05\/25\/les-archives-musicales-du-baron-derlanger-au-registre-memoire-du-monde-de-lunesco\/#breadcrumb"},"inLanguage":"fr-FR","potentialAction":[{"@type":"ReadAction","target":["https:\/\/kapitalis.com\/tunisie\/2023\/05\/25\/les-archives-musicales-du-baron-derlanger-au-registre-memoire-du-monde-de-lunesco\/"]}]},{"@type":"ImageObject","inLanguage":"fr-FR","@id":"https:\/\/kapitalis.com\/tunisie\/2023\/05\/25\/les-archives-musicales-du-baron-derlanger-au-registre-memoire-du-monde-de-lunesco\/#primaryimage","url":"https:\/\/kapitalis.com\/tunisie\/wp-content\/uploads\/2023\/05\/Musique-arabe-darbouka.jpg","contentUrl":"https:\/\/kapitalis.com\/tunisie\/wp-content\/uploads\/2023\/05\/Musique-arabe-darbouka.jpg","width":1200,"height":630},{"@type":"BreadcrumbList","@id":"https:\/\/kapitalis.com\/tunisie\/2023\/05\/25\/les-archives-musicales-du-baron-derlanger-au-registre-memoire-du-monde-de-lunesco\/#breadcrumb","itemListElement":[{"@type":"ListItem","position":1,"name":"Accueil","item":"https:\/\/kapitalis.com\/tunisie\/"},{"@type":"ListItem","position":2,"name":"Les archives musicales du baron d\u2019Erlanger au registre \u00abM\u00e9moire du monde\u00bb de l\u2019Unesco"}]},{"@type":"WebSite","@id":"https:\/\/kapitalis.com\/tunisie\/#website","url":"https:\/\/kapitalis.com\/tunisie\/","name":"Kapitalis","description":"L&#039;actualit\u00e9 en Tunisie et dans le monde","publisher":{"@id":"https:\/\/kapitalis.com\/tunisie\/#organization"},"potentialAction":[{"@type":"SearchAction","target":{"@type":"EntryPoint","urlTemplate":"https:\/\/kapitalis.com\/tunisie\/?s={search_term_string}"},"query-input":{"@type":"PropertyValueSpecification","valueRequired":true,"valueName":"search_term_string"}}],"inLanguage":"fr-FR"},{"@type":"Organization","@id":"https:\/\/kapitalis.com\/tunisie\/#organization","name":"Kapitalis","url":"https:\/\/kapitalis.com\/tunisie\/","logo":{"@type":"ImageObject","inLanguage":"fr-FR","@id":"https:\/\/kapitalis.com\/tunisie\/#\/schema\/logo\/image\/","url":"https:\/\/kapitalis.com\/tunisie\/wp-content\/uploads\/2022\/05\/Kapitalis-big-size.png","contentUrl":"https:\/\/kapitalis.com\/tunisie\/wp-content\/uploads\/2022\/05\/Kapitalis-big-size.png","width":5000,"height":1500,"caption":"Kapitalis"},"image":{"@id":"https:\/\/kapitalis.com\/tunisie\/#\/schema\/logo\/image\/"},"sameAs":["https:\/\/www.facebook.com\/KapitalisInfo\/","https:\/\/x.com\/KapitalisInfo","https:\/\/www.youtube.com\/channel\/UC-yDYrHyfFBWWZaOw3FPg9Q"]},{"@type":"Person","@id":"https:\/\/kapitalis.com\/tunisie\/#\/schema\/person\/d71f33a9ca44f7bad4698210b480c8e9","name":"webmaster kapitalis","url":"https:\/\/kapitalis.com\/tunisie\/author\/webmaster-kapitalis\/"}]}},"_links":{"self":[{"href":"https:\/\/kapitalis.com\/tunisie\/wp-json\/wp\/v2\/posts\/8045776","targetHints":{"allow":["GET"]}}],"collection":[{"href":"https:\/\/kapitalis.com\/tunisie\/wp-json\/wp\/v2\/posts"}],"about":[{"href":"https:\/\/kapitalis.com\/tunisie\/wp-json\/wp\/v2\/types\/post"}],"author":[{"embeddable":true,"href":"https:\/\/kapitalis.com\/tunisie\/wp-json\/wp\/v2\/users\/8"}],"replies":[{"embeddable":true,"href":"https:\/\/kapitalis.com\/tunisie\/wp-json\/wp\/v2\/comments?post=8045776"}],"version-history":[{"count":1,"href":"https:\/\/kapitalis.com\/tunisie\/wp-json\/wp\/v2\/posts\/8045776\/revisions"}],"predecessor-version":[{"id":8045838,"href":"https:\/\/kapitalis.com\/tunisie\/wp-json\/wp\/v2\/posts\/8045776\/revisions\/8045838"}],"wp:featuredmedia":[{"embeddable":true,"href":"https:\/\/kapitalis.com\/tunisie\/wp-json\/wp\/v2\/media\/8045801"}],"wp:attachment":[{"href":"https:\/\/kapitalis.com\/tunisie\/wp-json\/wp\/v2\/media?parent=8045776"}],"wp:term":[{"taxonomy":"category","embeddable":true,"href":"https:\/\/kapitalis.com\/tunisie\/wp-json\/wp\/v2\/categories?post=8045776"},{"taxonomy":"post_tag","embeddable":true,"href":"https:\/\/kapitalis.com\/tunisie\/wp-json\/wp\/v2\/tags?post=8045776"}],"curies":[{"name":"wp","href":"https:\/\/api.w.org\/{rel}","templated":true}]}}