{"id":8055988,"date":"2023-05-26T09:33:43","date_gmt":"2023-05-26T08:33:43","guid":{"rendered":"https:\/\/kapitalis.com\/tunisie\/?p=8055988"},"modified":"2023-05-26T09:33:44","modified_gmt":"2023-05-26T08:33:44","slug":"le-g7-doit-accepter-quil-ne-puisse-pas-diriger-le-monde","status":"publish","type":"post","link":"https:\/\/kapitalis.com\/tunisie\/2023\/05\/26\/le-g7-doit-accepter-quil-ne-puisse-pas-diriger-le-monde\/","title":{"rendered":"Le G7 doit accepter qu\u2019il ne puisse pas diriger le monde"},"content":{"rendered":"\n<p><strong><em>L\u2019h\u00e9g\u00e9monie am\u00e9ricaine et la domination du G7 appartiennent d\u00e9sormais au pass\u00e9. La mont\u00e9e irr\u00e9pressible de la Chine et des Brics bouleverse la donne. Une nouvelle voie vers la coop\u00e9ration mondiale doit \u00eatre trouv\u00e9e. Explications\u2026 <\/em><\/strong>\u00a0<\/p>\n\n\n\n<p>Par <strong>Martin Wolf<\/strong><\/p>\n\n\n\n<!--more-->\n\n\n\n<p><em>\u00abAu revoir G7, bonjour G20\u00bb&nbsp;<\/em>: c\u2019\u00e9tait le titre d\u2019un article de <em>The Economist<\/em> sur le premier sommet du Groupe des 20 \u00e0 Washington en 2008 qui affirmait que cela repr\u00e9sentait <em>\u00abun changement d\u00e9cisif dans l&rsquo;ordre ancien\u00bb<\/em>.<\/p>\n\n\n\n<p>Aujourd\u2019hui, les espoirs d\u2019un ordre \u00e9conomique mondial coop\u00e9ratif, qui ont atteint leur apog\u00e9e lors du sommet du G20 \u00e0 Londres en avril 2009, se sont \u00e9vapor\u00e9s. Pourtant, il ne s\u2019agit pas vraiment d\u2019<em>\u00abAu revoir G20, bonjour G7\u00bb<\/em>.<\/p>\n\n\n\n<p>Le monde ant\u00e9rieur de la domination du G7 est encore plus \u00e9loign\u00e9 que celui de la coop\u00e9ration du G20. Ni la coop\u00e9ration mondiale ni la domination occidentale ne semblent r\u00e9alisables. Qu\u2019est-ce qui pourrait suivre? H\u00e9las, <em>\u00abdivision\u00bb<\/em> pourrait \u00eatre une r\u00e9ponse et <em>\u00abanarchie\u00bb<\/em> une autre.<\/p>\n\n\n\n<h2 class=\"wp-block-heading\">Manifeste pour un gouvernement mondial<\/h2>\n\n\n\n<p>Ce n\u2019est pas ce que sugg\u00e8re la d\u00e9claration finale de la r\u00e9union des chefs de gouvernement du G7 \u00e0 Hiroshima. C\u2019est d\u2019une richesse \u00e0 couper le souffle. Il couvre : l\u2019Ukraine; le d\u00e9sarmement et la non-prolif\u00e9ration; la r\u00e9gion Indo-Pacifique; l(\u00e9conomie mondiale; le changement climatique; l\u2019environnement; l\u2019\u00e9nergie, y compris l\u2019\u00e9nergie propre; la r\u00e9silience et la s\u00e9curit\u00e9 \u00e9conomiques; le commerce; la s\u00e9curit\u00e9 alimentaire; la sant\u00e9; le travail; l\u2019\u00e9ducation; le num\u00e9rique; la science et la technologie; le genre; les droits de l\u2019homme, les r\u00e9fugi\u00e9s, la migration et la d\u00e9mocratie; le terrorisme, l&rsquo;extr\u00e9misme violent et la criminalit\u00e9 transnationale organis\u00e9e; et les relations avec la Chine, l\u2019Afghanistan et l\u2019Iran (entre autres pays).<\/p>\n\n\n\n<p>Longue de 19 000 mots, cette d\u00e9claration se lit comme un manifeste pour un gouvernement mondial. En revanche, celle du sommet du G20 de Londres en avril 2009 comptait un peu plus de 3 000 mots. Cette comparaison est injuste, compte tenu de l\u2019accent mis \u00e0 l\u2019\u00e9poque sur la crise \u00e9conomique. Mais une liste floue de souhaits ne peut pas \u00eatre utile : quand tout est prioritaire, rien ne l\u2019est.<\/p>\n\n\n\n<figure class=\"wp-block-embed is-type-wp-embed is-provider-kapitalis wp-block-embed-kapitalis\"><div class=\"wp-block-embed__wrapper\">\n<blockquote class=\"wp-embedded-content\" data-secret=\"KOlhT95M97\"><a href=\"https:\/\/kapitalis.com\/tunisie\/2023\/05\/22\/le-g7-appelle-la-tunisie-a-repondre-aux-aspirations-democratiques-de-sa-population\/\">Le G7 appelle la Tunisie \u00e0 \u00abr\u00e9pondre aux aspirations d\u00e9mocratiques de sa population\u00bb<\/a><\/blockquote><iframe loading=\"lazy\" class=\"wp-embedded-content\" sandbox=\"allow-scripts\" security=\"restricted\" style=\"position: absolute; clip: rect(1px, 1px, 1px, 1px);\" title=\"\u00ab\u00a0Le G7 appelle la Tunisie \u00e0 \u00abr\u00e9pondre aux aspirations d\u00e9mocratiques de sa population\u00bb\u00a0\u00bb &#8212; Kapitalis\" src=\"https:\/\/kapitalis.com\/tunisie\/2023\/05\/22\/le-g7-appelle-la-tunisie-a-repondre-aux-aspirations-democratiques-de-sa-population\/embed\/#?secret=zfOYd8rWNq#?secret=KOlhT95M97\" data-secret=\"KOlhT95M97\" width=\"600\" height=\"338\" frameborder=\"0\" marginwidth=\"0\" marginheight=\"0\" scrolling=\"no\"><\/iframe>\n<\/div><\/figure>\n\n\n\n<p>De plus, le moment <em>\u00abunipolaire\u00bb<\/em> des \u00c9tats-Unis et la domination \u00e9conomique du G7 appartiennent au pass\u00e9. Certes, ce dernier reste le bloc \u00e9conomique le plus puissant et le plus coh\u00e9rent du monde. Il continue, par exemple, \u00e0 produire toutes les principales monnaies de r\u00e9serve du monde. Pourtant, entre 2000 et 2023, sa part dans la production mondiale sera pass\u00e9e de 44 \u00e0 30%, tandis que celle de l&rsquo;ensemble des pays \u00e0 revenu \u00e9lev\u00e9 sera pass\u00e9e de 57 \u00e0 41%.<\/p>\n\n\n\n<h2 class=\"wp-block-heading\">La mont\u00e9e irr\u00e9pressible de la Chine<\/h2>\n\n\n\n<p>Pendant ce temps, la part de la Chine sera pass\u00e9e de 7 \u00e0 19%. La Chine est d\u00e9sormais une superpuissance \u00e9conomique. Gr\u00e2ce \u00e0 son initiative <em>\u00abla Ceinture et la Route\u00bb<\/em>, elle est devenue un \u00e9norme investisseur (et cr\u00e9ancier) dans les pays en d\u00e9veloppement, m\u00eame si, comme on pouvait s\u2019y attendre, elle doit faire face aux cr\u00e9ances douteuses qui en r\u00e9sultent, si famili\u00e8res aux pays du G7.<\/p>\n\n\n\n<p>Pour certains pays \u00e9mergents et en d\u00e9veloppement, la Chine est un partenaire \u00e9conomique plus important que le G7 : le Br\u00e9sil en est un exemple.<\/p>\n\n\n\n<p>Le G7 tend \u00e9galement la main \u00e0 d\u2019autres : sa r\u00e9union au Japon a inclus l\u2019Inde, le Br\u00e9sil, l\u2019Indon\u00e9sie, le Vietnam, l\u2019Australie et la Cor\u00e9e du Sud. Mais 19 pays auraient demand\u00e9 \u00e0 rejoindre les Brics, qui incluent d\u00e9j\u00e0 le Br\u00e9sil, la Russie, l\u2019Inde, la Chine et l\u2019Afrique du Sud.<\/p>\n\n\n\n<p>Lorsque Jim O\u2019Neill a invent\u00e9 l&rsquo;id\u00e9e des Brics en 2001, il pensait que ce serait une cat\u00e9gorie \u00e9conomiquement pertinente. Je pensais que les Brics ne concerneraient que la Chine et l\u2019Inde. \u00c9conomiquement, c\u2019\u00e9tait vrai. Mais les Brics semblent d\u00e9sormais en passe de devenir un groupement mondial pertinent.<\/p>\n\n\n\n<p>De toute \u00e9vidence, ce qui rassemble ses membres, c\u2019est le d\u00e9sir de ne pas \u00eatre d\u00e9pendant des caprices des \u00c9tats-Unis et de ses proches alli\u00e9s, qui ont domin\u00e9 le monde au cours des deux derniers si\u00e8cles. Combien de temps, apr\u00e8s tout, le G7 peut-il (ou, d\u2019ailleurs, devrait-il) continuer \u00e0 le faire, avec 10% de la population mondiale?<\/p>\n\n\n\n<p>Diagramme \u00e0 barres des exportations en pourcentage du PIB, 2022. Certaines \u00e9conomies du G20 montrent pour certains pays que le commerce avec la Chine rivalise ou d\u00e9passe celui de l\u2019ensemble du G7.<\/p>\n\n\n\n<p>Parfois, il suffit de s\u2019adapter \u00e0 la r\u00e9alit\u00e9. Laissons de c\u00f4t\u00e9 pour l\u2019instant les objectifs politiques des membres du G7, qui incluent \u00e0 juste titre la n\u00e9cessit\u00e9 de pr\u00e9server la d\u00e9mocratie chez nous et de d\u00e9fendre ses fronti\u00e8res \u2013 aujourd\u2019hui, surtout, en Ukraine.<\/p>\n\n\n\n<p>C\u2019est bien le combat de l\u2019Occident. Mais il est peu probable que ce soit jamais celui du monde, dont la plupart ont d\u2019autres probl\u00e8mes et pr\u00e9occupations plus pressants. C\u2019\u00e9tait bien que le pr\u00e9sident Volodymyr Zelensky ait assist\u00e9 au sommet. Mais seul l\u2019Occident d\u00e9terminera la survie de l\u2019Ukraine.<\/p>\n\n\n\n<figure class=\"wp-block-embed is-type-wp-embed is-provider-kapitalis wp-block-embed-kapitalis\"><div class=\"wp-block-embed__wrapper\">\n<blockquote class=\"wp-embedded-content\" data-secret=\"pkQNshpmai\"><a href=\"https:\/\/kapitalis.com\/tunisie\/2023\/05\/20\/la-question-tunisienne-sinvite-au-sommet-du-g7-a-hiroshima\/\">La \u00abquestion tunisienne\u00bb s\u2019invite au sommet du G7 \u00e0 Hiroshima<\/a><\/blockquote><iframe loading=\"lazy\" class=\"wp-embedded-content\" sandbox=\"allow-scripts\" security=\"restricted\" style=\"position: absolute; clip: rect(1px, 1px, 1px, 1px);\" title=\"\u00ab\u00a0La \u00abquestion tunisienne\u00bb s\u2019invite au sommet du G7 \u00e0 Hiroshima\u00a0\u00bb &#8212; Kapitalis\" src=\"https:\/\/kapitalis.com\/tunisie\/2023\/05\/20\/la-question-tunisienne-sinvite-au-sommet-du-g7-a-hiroshima\/embed\/#?secret=xd4OVh63j5#?secret=pkQNshpmai\" data-secret=\"pkQNshpmai\" width=\"600\" height=\"338\" frameborder=\"0\" marginwidth=\"0\" marginheight=\"0\" scrolling=\"no\"><\/iframe>\n<\/div><\/figure>\n\n\n\n<p>Si l\u2019on se tourne vers l\u2019\u00e9conomie, c\u2019est aussi une bonne chose que la notion de d\u00e9couplage, un non-sens dommageable, se soit plut\u00f4t transform\u00e9e en une notion de <em>\u00abd\u00e9-risque\u00bb<\/em>. Si cette derni\u00e8re peut \u00eatre transform\u00e9e en \u00e9laboration de politiques cibl\u00e9es et rationnelles, ce serait encore mieux. Mais ce sera beaucoup plus difficile \u00e0 faire que beaucoup ne semblent l\u2019imaginer maintenant. Il est logique de diversifier les approvisionnements en \u00e9nergie et en mati\u00e8res premi\u00e8res et composants vitaux. Mais, pour prendre un exemple frappant, il sera vraiment difficile de diversifier l\u2019offre de puces avanc\u00e9es de Taiwan.<\/p>\n\n\n\n<h2 class=\"wp-block-heading\">Une voie vers la coop\u00e9ration doit \u00eatre trouv\u00e9e<\/h2>\n\n\n\n<p>Un probl\u00e8me encore plus important est de savoir comment g\u00e9rer l\u2019\u00e9conomie mondiale. Le FMI et la Banque mondiale seront-ils les bastions du pouvoir du G7 dans un monde de plus en plus divis\u00e9 ? Si oui, comment et quand obtiendront-ils les nouvelles ressources dont ils ont besoin pour faire face aux d\u00e9fis d\u2019aujourd&rsquo;hui ?<\/p>\n\n\n\n<p>Comment vont-ils aussi se coordonner avec les organisations que la Chine et ses alli\u00e9s sont en train de cr\u00e9er ? Ne serait-il pas pr\u00e9f\u00e9rable d\u2019admettre la r\u00e9alit\u00e9 et d\u2019ajuster les quotas et les parts, de reconna\u00eetre les \u00e9normes changements de puissance \u00e9conomique dans le monde ? La Chine ne va pas dispara\u00eetre.<\/p>\n\n\n\n<p>Pourquoi ne devrions-nous pas lui permettre d\u2019avoir davantage son mot \u00e0 dire en \u00e9change d\u2019une pleine participation aux n\u00e9gociations sur la dette ? De m\u00eame, pourquoi ne pas relancer l\u2019Organisation mondiale du commerce, en \u00e9change de la reconnaissance par la Chine qu\u2019elle ne peut plus s\u2019attendre \u00e0 \u00eatre trait\u00e9e comme un pays en d\u00e9veloppement ?<\/p>\n\n\n\n<p>Au-del\u00e0 de tout cela, nous devons reconna\u00eetre que toute discussion sur la <em>\u00abr\u00e9duction des risques\u00bb<\/em> qui ne se concentre pas sur les deux plus grandes menaces auxquelles nous sommes confront\u00e9s \u2013 celles de la guerre et du climat \u2013 consiste \u00e0 s\u2019attaquer aux moucherons tout en avalant des chameaux.<\/p>\n\n\n\n<p>Oui, le G7 doit d\u00e9fendre ses valeurs et ses int\u00e9r\u00eats. Mais il ne peut pas diriger le monde, m\u00eame si le destin du monde sera aussi celui de ses membres. Une voie vers la coop\u00e9ration doit \u00eatre trouv\u00e9e, une fois de plus.<\/p>\n\n\n\n<p><em>Traduit de l\u2019anglais.<\/em><\/p>\n\n\n\n<p><strong><em>Source<\/em><\/strong> : <a href=\"https:\/\/www.ft.com\/content\/c8cf024d-87b7-4e18-8fa2-1b8a3f3fbba1\" target=\"_blank\" rel=\"noreferrer noopener\">Financial Times<\/a>. <\/p>\n\n\n\n<p><em>* Le titre et les intertitres sont de la r\u00e9daction. \u00a0<\/em><\/p>\n","protected":false},"excerpt":{"rendered":"<p>Le G7 doit d\u00e9fendre ses valeurs et ses int\u00e9r\u00eats. Mais il ne peut pas diriger le monde. <\/p>\n","protected":false},"author":8,"featured_media":7993844,"comment_status":"open","ping_status":"open","sticky":false,"template":"","format":"standard","meta":{"footnotes":""},"categories":[992,995,997],"tags":[130,98633,3016,75918,388,77618,1511,108804,108924,97921],"class_list":["post-8055988","post","type-post","status-publish","format-standard","has-post-thumbnail","hentry","category-a-la-une","category-economie","category-politique","tag-banque-mondiale","tag-brics","tag-chine","tag-etats-unis-2","tag-fmi","tag-g20","tag-g7","tag-hiroshima","tag-jim-oneill","tag-volodymyr-zelensky"],"yoast_head":"<!-- This site is optimized with the Yoast SEO plugin v26.6 - https:\/\/yoast.com\/wordpress\/plugins\/seo\/ -->\n<title>Le G7 doit accepter qu\u2019il ne puisse pas diriger le monde - Kapitalis<\/title>\n<meta name=\"robots\" content=\"index, follow, max-snippet:-1, max-image-preview:large, max-video-preview:-1\" \/>\n<link rel=\"canonical\" href=\"https:\/\/kapitalis.com\/tunisie\/2023\/05\/26\/le-g7-doit-accepter-quil-ne-puisse-pas-diriger-le-monde\/\" \/>\n<meta property=\"og:locale\" content=\"fr_FR\" \/>\n<meta property=\"og:type\" content=\"article\" \/>\n<meta property=\"og:title\" content=\"Le G7 doit accepter qu\u2019il ne puisse pas diriger le monde - Kapitalis\" \/>\n<meta property=\"og:description\" content=\"Le G7 doit d\u00e9fendre ses valeurs et ses int\u00e9r\u00eats. Mais il ne peut pas diriger le monde.\" \/>\n<meta property=\"og:url\" content=\"https:\/\/kapitalis.com\/tunisie\/2023\/05\/26\/le-g7-doit-accepter-quil-ne-puisse-pas-diriger-le-monde\/\" \/>\n<meta property=\"og:site_name\" content=\"Kapitalis\" \/>\n<meta property=\"article:publisher\" content=\"https:\/\/www.facebook.com\/KapitalisInfo\/\" \/>\n<meta property=\"article:published_time\" content=\"2023-05-26T08:33:43+00:00\" \/>\n<meta property=\"article:modified_time\" content=\"2023-05-26T08:33:44+00:00\" \/>\n<meta property=\"og:image\" content=\"https:\/\/kapitalis.com\/tunisie\/wp-content\/uploads\/2023\/05\/G7-Hiroshima.gif\" \/>\n\t<meta property=\"og:image:width\" content=\"1200\" \/>\n\t<meta property=\"og:image:height\" content=\"630\" \/>\n\t<meta property=\"og:image:type\" content=\"image\/gif\" \/>\n<meta name=\"author\" content=\"webmaster kapitalis\" \/>\n<meta name=\"twitter:card\" content=\"summary_large_image\" \/>\n<meta name=\"twitter:creator\" content=\"@KapitalisInfo\" \/>\n<meta name=\"twitter:site\" content=\"@KapitalisInfo\" \/>\n<meta name=\"twitter:label1\" content=\"\u00c9crit par\" \/>\n\t<meta name=\"twitter:data1\" content=\"webmaster kapitalis\" \/>\n\t<meta name=\"twitter:label2\" content=\"Dur\u00e9e de lecture estim\u00e9e\" \/>\n\t<meta name=\"twitter:data2\" content=\"6 minutes\" \/>\n<script type=\"application\/ld+json\" class=\"yoast-schema-graph\">{\"@context\":\"https:\/\/schema.org\",\"@graph\":[{\"@type\":\"Article\",\"@id\":\"https:\/\/kapitalis.com\/tunisie\/2023\/05\/26\/le-g7-doit-accepter-quil-ne-puisse-pas-diriger-le-monde\/#article\",\"isPartOf\":{\"@id\":\"https:\/\/kapitalis.com\/tunisie\/2023\/05\/26\/le-g7-doit-accepter-quil-ne-puisse-pas-diriger-le-monde\/\"},\"author\":{\"name\":\"webmaster kapitalis\",\"@id\":\"https:\/\/kapitalis.com\/tunisie\/#\/schema\/person\/d71f33a9ca44f7bad4698210b480c8e9\"},\"headline\":\"Le G7 doit accepter qu\u2019il ne puisse pas diriger le monde\",\"datePublished\":\"2023-05-26T08:33:43+00:00\",\"dateModified\":\"2023-05-26T08:33:44+00:00\",\"mainEntityOfPage\":{\"@id\":\"https:\/\/kapitalis.com\/tunisie\/2023\/05\/26\/le-g7-doit-accepter-quil-ne-puisse-pas-diriger-le-monde\/\"},\"wordCount\":1302,\"commentCount\":0,\"publisher\":{\"@id\":\"https:\/\/kapitalis.com\/tunisie\/#organization\"},\"image\":{\"@id\":\"https:\/\/kapitalis.com\/tunisie\/2023\/05\/26\/le-g7-doit-accepter-quil-ne-puisse-pas-diriger-le-monde\/#primaryimage\"},\"thumbnailUrl\":\"https:\/\/kapitalis.com\/tunisie\/wp-content\/uploads\/2023\/05\/G7-Hiroshima.gif\",\"keywords\":[\"Banque Mondiale\",\"Brics\",\"Chine\",\"Etats-Unis\",\"FMI\",\"G20\",\"G7\",\"Hiroshima\",\"Jim O\u2019Neill\",\"Volodymyr Zelensky\"],\"articleSection\":[\"A LA UNE\",\"ECONOMIE\",\"POLITIQUE\"],\"inLanguage\":\"fr-FR\",\"potentialAction\":[{\"@type\":\"CommentAction\",\"name\":\"Comment\",\"target\":[\"https:\/\/kapitalis.com\/tunisie\/2023\/05\/26\/le-g7-doit-accepter-quil-ne-puisse-pas-diriger-le-monde\/#respond\"]}]},{\"@type\":\"WebPage\",\"@id\":\"https:\/\/kapitalis.com\/tunisie\/2023\/05\/26\/le-g7-doit-accepter-quil-ne-puisse-pas-diriger-le-monde\/\",\"url\":\"https:\/\/kapitalis.com\/tunisie\/2023\/05\/26\/le-g7-doit-accepter-quil-ne-puisse-pas-diriger-le-monde\/\",\"name\":\"Le G7 doit accepter qu\u2019il ne puisse pas diriger le monde - Kapitalis\",\"isPartOf\":{\"@id\":\"https:\/\/kapitalis.com\/tunisie\/#website\"},\"primaryImageOfPage\":{\"@id\":\"https:\/\/kapitalis.com\/tunisie\/2023\/05\/26\/le-g7-doit-accepter-quil-ne-puisse-pas-diriger-le-monde\/#primaryimage\"},\"image\":{\"@id\":\"https:\/\/kapitalis.com\/tunisie\/2023\/05\/26\/le-g7-doit-accepter-quil-ne-puisse-pas-diriger-le-monde\/#primaryimage\"},\"thumbnailUrl\":\"https:\/\/kapitalis.com\/tunisie\/wp-content\/uploads\/2023\/05\/G7-Hiroshima.gif\",\"datePublished\":\"2023-05-26T08:33:43+00:00\",\"dateModified\":\"2023-05-26T08:33:44+00:00\",\"breadcrumb\":{\"@id\":\"https:\/\/kapitalis.com\/tunisie\/2023\/05\/26\/le-g7-doit-accepter-quil-ne-puisse-pas-diriger-le-monde\/#breadcrumb\"},\"inLanguage\":\"fr-FR\",\"potentialAction\":[{\"@type\":\"ReadAction\",\"target\":[\"https:\/\/kapitalis.com\/tunisie\/2023\/05\/26\/le-g7-doit-accepter-quil-ne-puisse-pas-diriger-le-monde\/\"]}]},{\"@type\":\"ImageObject\",\"inLanguage\":\"fr-FR\",\"@id\":\"https:\/\/kapitalis.com\/tunisie\/2023\/05\/26\/le-g7-doit-accepter-quil-ne-puisse-pas-diriger-le-monde\/#primaryimage\",\"url\":\"https:\/\/kapitalis.com\/tunisie\/wp-content\/uploads\/2023\/05\/G7-Hiroshima.gif\",\"contentUrl\":\"https:\/\/kapitalis.com\/tunisie\/wp-content\/uploads\/2023\/05\/G7-Hiroshima.gif\",\"width\":1200,\"height\":630},{\"@type\":\"BreadcrumbList\",\"@id\":\"https:\/\/kapitalis.com\/tunisie\/2023\/05\/26\/le-g7-doit-accepter-quil-ne-puisse-pas-diriger-le-monde\/#breadcrumb\",\"itemListElement\":[{\"@type\":\"ListItem\",\"position\":1,\"name\":\"Accueil\",\"item\":\"https:\/\/kapitalis.com\/tunisie\/\"},{\"@type\":\"ListItem\",\"position\":2,\"name\":\"Le G7 doit accepter qu\u2019il ne puisse pas diriger le monde\"}]},{\"@type\":\"WebSite\",\"@id\":\"https:\/\/kapitalis.com\/tunisie\/#website\",\"url\":\"https:\/\/kapitalis.com\/tunisie\/\",\"name\":\"Kapitalis\",\"description\":\"L&#039;actualit\u00e9 en Tunisie et dans le monde\",\"publisher\":{\"@id\":\"https:\/\/kapitalis.com\/tunisie\/#organization\"},\"potentialAction\":[{\"@type\":\"SearchAction\",\"target\":{\"@type\":\"EntryPoint\",\"urlTemplate\":\"https:\/\/kapitalis.com\/tunisie\/?s={search_term_string}\"},\"query-input\":{\"@type\":\"PropertyValueSpecification\",\"valueRequired\":true,\"valueName\":\"search_term_string\"}}],\"inLanguage\":\"fr-FR\"},{\"@type\":\"Organization\",\"@id\":\"https:\/\/kapitalis.com\/tunisie\/#organization\",\"name\":\"Kapitalis\",\"url\":\"https:\/\/kapitalis.com\/tunisie\/\",\"logo\":{\"@type\":\"ImageObject\",\"inLanguage\":\"fr-FR\",\"@id\":\"https:\/\/kapitalis.com\/tunisie\/#\/schema\/logo\/image\/\",\"url\":\"https:\/\/kapitalis.com\/tunisie\/wp-content\/uploads\/2022\/05\/Kapitalis-big-size.png\",\"contentUrl\":\"https:\/\/kapitalis.com\/tunisie\/wp-content\/uploads\/2022\/05\/Kapitalis-big-size.png\",\"width\":5000,\"height\":1500,\"caption\":\"Kapitalis\"},\"image\":{\"@id\":\"https:\/\/kapitalis.com\/tunisie\/#\/schema\/logo\/image\/\"},\"sameAs\":[\"https:\/\/www.facebook.com\/KapitalisInfo\/\",\"https:\/\/x.com\/KapitalisInfo\",\"https:\/\/www.youtube.com\/channel\/UC-yDYrHyfFBWWZaOw3FPg9Q\"]},{\"@type\":\"Person\",\"@id\":\"https:\/\/kapitalis.com\/tunisie\/#\/schema\/person\/d71f33a9ca44f7bad4698210b480c8e9\",\"name\":\"webmaster kapitalis\",\"url\":\"https:\/\/kapitalis.com\/tunisie\/author\/webmaster-kapitalis\/\"}]}<\/script>\n<!-- \/ Yoast SEO plugin. -->","yoast_head_json":{"title":"Le G7 doit accepter qu\u2019il ne puisse pas diriger le monde - Kapitalis","robots":{"index":"index","follow":"follow","max-snippet":"max-snippet:-1","max-image-preview":"max-image-preview:large","max-video-preview":"max-video-preview:-1"},"canonical":"https:\/\/kapitalis.com\/tunisie\/2023\/05\/26\/le-g7-doit-accepter-quil-ne-puisse-pas-diriger-le-monde\/","og_locale":"fr_FR","og_type":"article","og_title":"Le G7 doit accepter qu\u2019il ne puisse pas diriger le monde - Kapitalis","og_description":"Le G7 doit d\u00e9fendre ses valeurs et ses int\u00e9r\u00eats. Mais il ne peut pas diriger le monde.","og_url":"https:\/\/kapitalis.com\/tunisie\/2023\/05\/26\/le-g7-doit-accepter-quil-ne-puisse-pas-diriger-le-monde\/","og_site_name":"Kapitalis","article_publisher":"https:\/\/www.facebook.com\/KapitalisInfo\/","article_published_time":"2023-05-26T08:33:43+00:00","article_modified_time":"2023-05-26T08:33:44+00:00","og_image":[{"width":1200,"height":630,"url":"https:\/\/kapitalis.com\/tunisie\/wp-content\/uploads\/2023\/05\/G7-Hiroshima.gif","type":"image\/gif"}],"author":"webmaster kapitalis","twitter_card":"summary_large_image","twitter_creator":"@KapitalisInfo","twitter_site":"@KapitalisInfo","twitter_misc":{"\u00c9crit par":"webmaster kapitalis","Dur\u00e9e de lecture estim\u00e9e":"6 minutes"},"schema":{"@context":"https:\/\/schema.org","@graph":[{"@type":"Article","@id":"https:\/\/kapitalis.com\/tunisie\/2023\/05\/26\/le-g7-doit-accepter-quil-ne-puisse-pas-diriger-le-monde\/#article","isPartOf":{"@id":"https:\/\/kapitalis.com\/tunisie\/2023\/05\/26\/le-g7-doit-accepter-quil-ne-puisse-pas-diriger-le-monde\/"},"author":{"name":"webmaster kapitalis","@id":"https:\/\/kapitalis.com\/tunisie\/#\/schema\/person\/d71f33a9ca44f7bad4698210b480c8e9"},"headline":"Le G7 doit accepter qu\u2019il ne puisse pas diriger le monde","datePublished":"2023-05-26T08:33:43+00:00","dateModified":"2023-05-26T08:33:44+00:00","mainEntityOfPage":{"@id":"https:\/\/kapitalis.com\/tunisie\/2023\/05\/26\/le-g7-doit-accepter-quil-ne-puisse-pas-diriger-le-monde\/"},"wordCount":1302,"commentCount":0,"publisher":{"@id":"https:\/\/kapitalis.com\/tunisie\/#organization"},"image":{"@id":"https:\/\/kapitalis.com\/tunisie\/2023\/05\/26\/le-g7-doit-accepter-quil-ne-puisse-pas-diriger-le-monde\/#primaryimage"},"thumbnailUrl":"https:\/\/kapitalis.com\/tunisie\/wp-content\/uploads\/2023\/05\/G7-Hiroshima.gif","keywords":["Banque Mondiale","Brics","Chine","Etats-Unis","FMI","G20","G7","Hiroshima","Jim O\u2019Neill","Volodymyr Zelensky"],"articleSection":["A LA UNE","ECONOMIE","POLITIQUE"],"inLanguage":"fr-FR","potentialAction":[{"@type":"CommentAction","name":"Comment","target":["https:\/\/kapitalis.com\/tunisie\/2023\/05\/26\/le-g7-doit-accepter-quil-ne-puisse-pas-diriger-le-monde\/#respond"]}]},{"@type":"WebPage","@id":"https:\/\/kapitalis.com\/tunisie\/2023\/05\/26\/le-g7-doit-accepter-quil-ne-puisse-pas-diriger-le-monde\/","url":"https:\/\/kapitalis.com\/tunisie\/2023\/05\/26\/le-g7-doit-accepter-quil-ne-puisse-pas-diriger-le-monde\/","name":"Le G7 doit accepter qu\u2019il ne puisse pas diriger le monde - Kapitalis","isPartOf":{"@id":"https:\/\/kapitalis.com\/tunisie\/#website"},"primaryImageOfPage":{"@id":"https:\/\/kapitalis.com\/tunisie\/2023\/05\/26\/le-g7-doit-accepter-quil-ne-puisse-pas-diriger-le-monde\/#primaryimage"},"image":{"@id":"https:\/\/kapitalis.com\/tunisie\/2023\/05\/26\/le-g7-doit-accepter-quil-ne-puisse-pas-diriger-le-monde\/#primaryimage"},"thumbnailUrl":"https:\/\/kapitalis.com\/tunisie\/wp-content\/uploads\/2023\/05\/G7-Hiroshima.gif","datePublished":"2023-05-26T08:33:43+00:00","dateModified":"2023-05-26T08:33:44+00:00","breadcrumb":{"@id":"https:\/\/kapitalis.com\/tunisie\/2023\/05\/26\/le-g7-doit-accepter-quil-ne-puisse-pas-diriger-le-monde\/#breadcrumb"},"inLanguage":"fr-FR","potentialAction":[{"@type":"ReadAction","target":["https:\/\/kapitalis.com\/tunisie\/2023\/05\/26\/le-g7-doit-accepter-quil-ne-puisse-pas-diriger-le-monde\/"]}]},{"@type":"ImageObject","inLanguage":"fr-FR","@id":"https:\/\/kapitalis.com\/tunisie\/2023\/05\/26\/le-g7-doit-accepter-quil-ne-puisse-pas-diriger-le-monde\/#primaryimage","url":"https:\/\/kapitalis.com\/tunisie\/wp-content\/uploads\/2023\/05\/G7-Hiroshima.gif","contentUrl":"https:\/\/kapitalis.com\/tunisie\/wp-content\/uploads\/2023\/05\/G7-Hiroshima.gif","width":1200,"height":630},{"@type":"BreadcrumbList","@id":"https:\/\/kapitalis.com\/tunisie\/2023\/05\/26\/le-g7-doit-accepter-quil-ne-puisse-pas-diriger-le-monde\/#breadcrumb","itemListElement":[{"@type":"ListItem","position":1,"name":"Accueil","item":"https:\/\/kapitalis.com\/tunisie\/"},{"@type":"ListItem","position":2,"name":"Le G7 doit accepter qu\u2019il ne puisse pas diriger le monde"}]},{"@type":"WebSite","@id":"https:\/\/kapitalis.com\/tunisie\/#website","url":"https:\/\/kapitalis.com\/tunisie\/","name":"Kapitalis","description":"L&#039;actualit\u00e9 en Tunisie et dans le monde","publisher":{"@id":"https:\/\/kapitalis.com\/tunisie\/#organization"},"potentialAction":[{"@type":"SearchAction","target":{"@type":"EntryPoint","urlTemplate":"https:\/\/kapitalis.com\/tunisie\/?s={search_term_string}"},"query-input":{"@type":"PropertyValueSpecification","valueRequired":true,"valueName":"search_term_string"}}],"inLanguage":"fr-FR"},{"@type":"Organization","@id":"https:\/\/kapitalis.com\/tunisie\/#organization","name":"Kapitalis","url":"https:\/\/kapitalis.com\/tunisie\/","logo":{"@type":"ImageObject","inLanguage":"fr-FR","@id":"https:\/\/kapitalis.com\/tunisie\/#\/schema\/logo\/image\/","url":"https:\/\/kapitalis.com\/tunisie\/wp-content\/uploads\/2022\/05\/Kapitalis-big-size.png","contentUrl":"https:\/\/kapitalis.com\/tunisie\/wp-content\/uploads\/2022\/05\/Kapitalis-big-size.png","width":5000,"height":1500,"caption":"Kapitalis"},"image":{"@id":"https:\/\/kapitalis.com\/tunisie\/#\/schema\/logo\/image\/"},"sameAs":["https:\/\/www.facebook.com\/KapitalisInfo\/","https:\/\/x.com\/KapitalisInfo","https:\/\/www.youtube.com\/channel\/UC-yDYrHyfFBWWZaOw3FPg9Q"]},{"@type":"Person","@id":"https:\/\/kapitalis.com\/tunisie\/#\/schema\/person\/d71f33a9ca44f7bad4698210b480c8e9","name":"webmaster kapitalis","url":"https:\/\/kapitalis.com\/tunisie\/author\/webmaster-kapitalis\/"}]}},"_links":{"self":[{"href":"https:\/\/kapitalis.com\/tunisie\/wp-json\/wp\/v2\/posts\/8055988","targetHints":{"allow":["GET"]}}],"collection":[{"href":"https:\/\/kapitalis.com\/tunisie\/wp-json\/wp\/v2\/posts"}],"about":[{"href":"https:\/\/kapitalis.com\/tunisie\/wp-json\/wp\/v2\/types\/post"}],"author":[{"embeddable":true,"href":"https:\/\/kapitalis.com\/tunisie\/wp-json\/wp\/v2\/users\/8"}],"replies":[{"embeddable":true,"href":"https:\/\/kapitalis.com\/tunisie\/wp-json\/wp\/v2\/comments?post=8055988"}],"version-history":[{"count":1,"href":"https:\/\/kapitalis.com\/tunisie\/wp-json\/wp\/v2\/posts\/8055988\/revisions"}],"predecessor-version":[{"id":8056024,"href":"https:\/\/kapitalis.com\/tunisie\/wp-json\/wp\/v2\/posts\/8055988\/revisions\/8056024"}],"wp:featuredmedia":[{"embeddable":true,"href":"https:\/\/kapitalis.com\/tunisie\/wp-json\/wp\/v2\/media\/7993844"}],"wp:attachment":[{"href":"https:\/\/kapitalis.com\/tunisie\/wp-json\/wp\/v2\/media?parent=8055988"}],"wp:term":[{"taxonomy":"category","embeddable":true,"href":"https:\/\/kapitalis.com\/tunisie\/wp-json\/wp\/v2\/categories?post=8055988"},{"taxonomy":"post_tag","embeddable":true,"href":"https:\/\/kapitalis.com\/tunisie\/wp-json\/wp\/v2\/tags?post=8055988"}],"curies":[{"name":"wp","href":"https:\/\/api.w.org\/{rel}","templated":true}]}}