{"id":8057927,"date":"2023-05-26T15:07:09","date_gmt":"2023-05-26T14:07:09","guid":{"rendered":"https:\/\/kapitalis.com\/tunisie\/?p=8057927"},"modified":"2023-05-26T15:07:10","modified_gmt":"2023-05-26T14:07:10","slug":"lingare-festival-la-medina-de-tunis-se-transforme-en-une-station-dinnovation-sociale","status":"publish","type":"post","link":"https:\/\/kapitalis.com\/tunisie\/2023\/05\/26\/lingare-festival-la-medina-de-tunis-se-transforme-en-une-station-dinnovation-sociale\/","title":{"rendered":"Lingare Festival : La m\u00e9dina de Tunis se transforme en une station d&rsquo;innovation sociale"},"content":{"rendered":"\n<p><strong><em>Le Lingare Festival sera prochainement de retour \u00e0 la m\u00e9dina de Tunis et pr\u00e9voit une programmation d\u00e9di\u00e9e \u00e0 l\u2019innovation sociale.<\/em><\/strong><\/p>\n\n\n\n<!--more-->\n\n\n\n<p>La deuxi\u00e8me \u00e9dition de cet \u00e9v\u00e9nement itin\u00e9rant et singulier est pr\u00e9vue pour le samedi 27 mai de 9H30 \u00e0 17H dans diff\u00e9rents espaces de la M\u00e9dina de Tunis qui sera transform\u00e9e \u00e0 l\u2019occasion en quatre stations d\u2019innovation sociale.<\/p>\n\n\n\n<p>La premi\u00e8re station sera d\u00e9di\u00e9e \u00e0 la cocr\u00e9ation et \u00e0 l\u2019inspiration \u00e0 Dar Ben Achour et La Rachidia, la deuxi\u00e8me s\u2019articulera autour du gaming en rapport avec l\u2019h\u00e9ritage culturel tunisien \u00e0 Dar El Collectif, la troisi\u00e8me \u00e0 la consommation responsable avec au programme un menu solidaire \u00e0 Dar El Sanaa et fin la quatri\u00e8me station sera l\u2019occasion d\u2019\u00e9changer avec les divers acteurs publics, priv\u00e9s et de la soci\u00e9t\u00e9 civile.<\/p>\n\n\n\n<p class=\"has-text-align-right\"><strong>F.B<\/strong><\/p>\n","protected":false},"excerpt":{"rendered":"<p>Le Lingare Festival sera prochainement de retour \u00e0 la m\u00e9dina de Tunis et pr\u00e9voit une programmation d\u00e9di\u00e9e \u00e0 l\u2019innovation sociale.<\/p>\n","protected":false},"author":26,"featured_media":8058113,"comment_status":"open","ping_status":"open","sticky":false,"template":"","format":"standard","meta":{"footnotes":""},"categories":[994,2433],"tags":[96486,108932,8866,62643],"class_list":["post-8057927","post","type-post","status-publish","format-standard","has-post-thumbnail","hentry","category-culture","category-tunisie","tag-innovation-sociale","tag-lingare-festival","tag-medina-de-tunis","tag-tunisie"],"yoast_head":"<!-- This site is optimized with the Yoast SEO plugin v26.6 - https:\/\/yoast.com\/wordpress\/plugins\/seo\/ -->\n<title>Lingare Festival : La m\u00e9dina de Tunis se transforme en une station d&#039;innovation sociale - Kapitalis<\/title>\n<meta name=\"robots\" content=\"index, follow, max-snippet:-1, max-image-preview:large, max-video-preview:-1\" \/>\n<link rel=\"canonical\" href=\"https:\/\/kapitalis.com\/tunisie\/2023\/05\/26\/lingare-festival-la-medina-de-tunis-se-transforme-en-une-station-dinnovation-sociale\/\" \/>\n<meta property=\"og:locale\" content=\"fr_FR\" \/>\n<meta property=\"og:type\" content=\"article\" \/>\n<meta property=\"og:title\" content=\"Lingare Festival : La m\u00e9dina de Tunis se transforme en une station d&#039;innovation sociale - Kapitalis\" \/>\n<meta property=\"og:description\" content=\"Le Lingare Festival sera prochainement de retour \u00e0 la m\u00e9dina de Tunis et pr\u00e9voit une programmation d\u00e9di\u00e9e \u00e0 l\u2019innovation sociale.\" \/>\n<meta property=\"og:url\" content=\"https:\/\/kapitalis.com\/tunisie\/2023\/05\/26\/lingare-festival-la-medina-de-tunis-se-transforme-en-une-station-dinnovation-sociale\/\" \/>\n<meta property=\"og:site_name\" content=\"Kapitalis\" \/>\n<meta property=\"article:publisher\" content=\"https:\/\/www.facebook.com\/KapitalisInfo\/\" \/>\n<meta property=\"article:published_time\" content=\"2023-05-26T14:07:09+00:00\" \/>\n<meta property=\"article:modified_time\" content=\"2023-05-26T14:07:10+00:00\" \/>\n<meta property=\"og:image\" content=\"https:\/\/kapitalis.com\/tunisie\/wp-content\/uploads\/2023\/05\/Lingare-Festival.jpg\" \/>\n\t<meta property=\"og:image:width\" content=\"1200\" \/>\n\t<meta property=\"og:image:height\" content=\"630\" \/>\n\t<meta property=\"og:image:type\" content=\"image\/jpeg\" \/>\n<meta name=\"author\" content=\"Fawz BenAli\" \/>\n<meta name=\"twitter:card\" content=\"summary_large_image\" \/>\n<meta name=\"twitter:creator\" content=\"@KapitalisInfo\" \/>\n<meta name=\"twitter:site\" content=\"@KapitalisInfo\" \/>\n<meta name=\"twitter:label1\" content=\"\u00c9crit par\" \/>\n\t<meta name=\"twitter:data1\" content=\"Fawz BenAli\" \/>\n\t<meta name=\"twitter:label2\" content=\"Dur\u00e9e de lecture estim\u00e9e\" \/>\n\t<meta name=\"twitter:data2\" content=\"1 minute\" \/>\n<script type=\"application\/ld+json\" class=\"yoast-schema-graph\">{\"@context\":\"https:\/\/schema.org\",\"@graph\":[{\"@type\":\"Article\",\"@id\":\"https:\/\/kapitalis.com\/tunisie\/2023\/05\/26\/lingare-festival-la-medina-de-tunis-se-transforme-en-une-station-dinnovation-sociale\/#article\",\"isPartOf\":{\"@id\":\"https:\/\/kapitalis.com\/tunisie\/2023\/05\/26\/lingare-festival-la-medina-de-tunis-se-transforme-en-une-station-dinnovation-sociale\/\"},\"author\":{\"name\":\"Fawz BenAli\",\"@id\":\"https:\/\/kapitalis.com\/tunisie\/#\/schema\/person\/73a5ecc1f6ae540c6ed91342eadca948\"},\"headline\":\"Lingare Festival : La m\u00e9dina de Tunis se transforme en une station d&rsquo;innovation sociale\",\"datePublished\":\"2023-05-26T14:07:09+00:00\",\"dateModified\":\"2023-05-26T14:07:10+00:00\",\"mainEntityOfPage\":{\"@id\":\"https:\/\/kapitalis.com\/tunisie\/2023\/05\/26\/lingare-festival-la-medina-de-tunis-se-transforme-en-une-station-dinnovation-sociale\/\"},\"wordCount\":161,\"commentCount\":0,\"publisher\":{\"@id\":\"https:\/\/kapitalis.com\/tunisie\/#organization\"},\"image\":{\"@id\":\"https:\/\/kapitalis.com\/tunisie\/2023\/05\/26\/lingare-festival-la-medina-de-tunis-se-transforme-en-une-station-dinnovation-sociale\/#primaryimage\"},\"thumbnailUrl\":\"https:\/\/kapitalis.com\/tunisie\/wp-content\/uploads\/2023\/05\/Lingare-Festival.jpg\",\"keywords\":[\"innovation sociale\",\"Lingare Festival\",\"m\u00e9dina de Tunis\",\"Tunisie\"],\"articleSection\":[\"CULTURE\",\"Tunisie\"],\"inLanguage\":\"fr-FR\",\"potentialAction\":[{\"@type\":\"CommentAction\",\"name\":\"Comment\",\"target\":[\"https:\/\/kapitalis.com\/tunisie\/2023\/05\/26\/lingare-festival-la-medina-de-tunis-se-transforme-en-une-station-dinnovation-sociale\/#respond\"]}]},{\"@type\":\"WebPage\",\"@id\":\"https:\/\/kapitalis.com\/tunisie\/2023\/05\/26\/lingare-festival-la-medina-de-tunis-se-transforme-en-une-station-dinnovation-sociale\/\",\"url\":\"https:\/\/kapitalis.com\/tunisie\/2023\/05\/26\/lingare-festival-la-medina-de-tunis-se-transforme-en-une-station-dinnovation-sociale\/\",\"name\":\"Lingare Festival : La m\u00e9dina de Tunis se transforme en une station d'innovation sociale - Kapitalis\",\"isPartOf\":{\"@id\":\"https:\/\/kapitalis.com\/tunisie\/#website\"},\"primaryImageOfPage\":{\"@id\":\"https:\/\/kapitalis.com\/tunisie\/2023\/05\/26\/lingare-festival-la-medina-de-tunis-se-transforme-en-une-station-dinnovation-sociale\/#primaryimage\"},\"image\":{\"@id\":\"https:\/\/kapitalis.com\/tunisie\/2023\/05\/26\/lingare-festival-la-medina-de-tunis-se-transforme-en-une-station-dinnovation-sociale\/#primaryimage\"},\"thumbnailUrl\":\"https:\/\/kapitalis.com\/tunisie\/wp-content\/uploads\/2023\/05\/Lingare-Festival.jpg\",\"datePublished\":\"2023-05-26T14:07:09+00:00\",\"dateModified\":\"2023-05-26T14:07:10+00:00\",\"breadcrumb\":{\"@id\":\"https:\/\/kapitalis.com\/tunisie\/2023\/05\/26\/lingare-festival-la-medina-de-tunis-se-transforme-en-une-station-dinnovation-sociale\/#breadcrumb\"},\"inLanguage\":\"fr-FR\",\"potentialAction\":[{\"@type\":\"ReadAction\",\"target\":[\"https:\/\/kapitalis.com\/tunisie\/2023\/05\/26\/lingare-festival-la-medina-de-tunis-se-transforme-en-une-station-dinnovation-sociale\/\"]}]},{\"@type\":\"ImageObject\",\"inLanguage\":\"fr-FR\",\"@id\":\"https:\/\/kapitalis.com\/tunisie\/2023\/05\/26\/lingare-festival-la-medina-de-tunis-se-transforme-en-une-station-dinnovation-sociale\/#primaryimage\",\"url\":\"https:\/\/kapitalis.com\/tunisie\/wp-content\/uploads\/2023\/05\/Lingare-Festival.jpg\",\"contentUrl\":\"https:\/\/kapitalis.com\/tunisie\/wp-content\/uploads\/2023\/05\/Lingare-Festival.jpg\",\"width\":1200,\"height\":630},{\"@type\":\"BreadcrumbList\",\"@id\":\"https:\/\/kapitalis.com\/tunisie\/2023\/05\/26\/lingare-festival-la-medina-de-tunis-se-transforme-en-une-station-dinnovation-sociale\/#breadcrumb\",\"itemListElement\":[{\"@type\":\"ListItem\",\"position\":1,\"name\":\"Accueil\",\"item\":\"https:\/\/kapitalis.com\/tunisie\/\"},{\"@type\":\"ListItem\",\"position\":2,\"name\":\"Lingare Festival : La m\u00e9dina de Tunis se transforme en une station d&rsquo;innovation sociale\"}]},{\"@type\":\"WebSite\",\"@id\":\"https:\/\/kapitalis.com\/tunisie\/#website\",\"url\":\"https:\/\/kapitalis.com\/tunisie\/\",\"name\":\"Kapitalis\",\"description\":\"L&#039;actualit\u00e9 en Tunisie et dans le monde\",\"publisher\":{\"@id\":\"https:\/\/kapitalis.com\/tunisie\/#organization\"},\"potentialAction\":[{\"@type\":\"SearchAction\",\"target\":{\"@type\":\"EntryPoint\",\"urlTemplate\":\"https:\/\/kapitalis.com\/tunisie\/?s={search_term_string}\"},\"query-input\":{\"@type\":\"PropertyValueSpecification\",\"valueRequired\":true,\"valueName\":\"search_term_string\"}}],\"inLanguage\":\"fr-FR\"},{\"@type\":\"Organization\",\"@id\":\"https:\/\/kapitalis.com\/tunisie\/#organization\",\"name\":\"Kapitalis\",\"url\":\"https:\/\/kapitalis.com\/tunisie\/\",\"logo\":{\"@type\":\"ImageObject\",\"inLanguage\":\"fr-FR\",\"@id\":\"https:\/\/kapitalis.com\/tunisie\/#\/schema\/logo\/image\/\",\"url\":\"https:\/\/kapitalis.com\/tunisie\/wp-content\/uploads\/2022\/05\/Kapitalis-big-size.png\",\"contentUrl\":\"https:\/\/kapitalis.com\/tunisie\/wp-content\/uploads\/2022\/05\/Kapitalis-big-size.png\",\"width\":5000,\"height\":1500,\"caption\":\"Kapitalis\"},\"image\":{\"@id\":\"https:\/\/kapitalis.com\/tunisie\/#\/schema\/logo\/image\/\"},\"sameAs\":[\"https:\/\/www.facebook.com\/KapitalisInfo\/\",\"https:\/\/x.com\/KapitalisInfo\",\"https:\/\/www.youtube.com\/channel\/UC-yDYrHyfFBWWZaOw3FPg9Q\"]},{\"@type\":\"Person\",\"@id\":\"https:\/\/kapitalis.com\/tunisie\/#\/schema\/person\/73a5ecc1f6ae540c6ed91342eadca948\",\"name\":\"Fawz BenAli\",\"url\":\"https:\/\/kapitalis.com\/tunisie\/author\/fawz\/\"}]}<\/script>\n<!-- \/ Yoast SEO plugin. -->","yoast_head_json":{"title":"Lingare Festival : La m\u00e9dina de Tunis se transforme en une station d'innovation sociale - Kapitalis","robots":{"index":"index","follow":"follow","max-snippet":"max-snippet:-1","max-image-preview":"max-image-preview:large","max-video-preview":"max-video-preview:-1"},"canonical":"https:\/\/kapitalis.com\/tunisie\/2023\/05\/26\/lingare-festival-la-medina-de-tunis-se-transforme-en-une-station-dinnovation-sociale\/","og_locale":"fr_FR","og_type":"article","og_title":"Lingare Festival : La m\u00e9dina de Tunis se transforme en une station d'innovation sociale - Kapitalis","og_description":"Le Lingare Festival sera prochainement de retour \u00e0 la m\u00e9dina de Tunis et pr\u00e9voit une programmation d\u00e9di\u00e9e \u00e0 l\u2019innovation sociale.","og_url":"https:\/\/kapitalis.com\/tunisie\/2023\/05\/26\/lingare-festival-la-medina-de-tunis-se-transforme-en-une-station-dinnovation-sociale\/","og_site_name":"Kapitalis","article_publisher":"https:\/\/www.facebook.com\/KapitalisInfo\/","article_published_time":"2023-05-26T14:07:09+00:00","article_modified_time":"2023-05-26T14:07:10+00:00","og_image":[{"width":1200,"height":630,"url":"https:\/\/kapitalis.com\/tunisie\/wp-content\/uploads\/2023\/05\/Lingare-Festival.jpg","type":"image\/jpeg"}],"author":"Fawz BenAli","twitter_card":"summary_large_image","twitter_creator":"@KapitalisInfo","twitter_site":"@KapitalisInfo","twitter_misc":{"\u00c9crit par":"Fawz BenAli","Dur\u00e9e de lecture estim\u00e9e":"1 minute"},"schema":{"@context":"https:\/\/schema.org","@graph":[{"@type":"Article","@id":"https:\/\/kapitalis.com\/tunisie\/2023\/05\/26\/lingare-festival-la-medina-de-tunis-se-transforme-en-une-station-dinnovation-sociale\/#article","isPartOf":{"@id":"https:\/\/kapitalis.com\/tunisie\/2023\/05\/26\/lingare-festival-la-medina-de-tunis-se-transforme-en-une-station-dinnovation-sociale\/"},"author":{"name":"Fawz BenAli","@id":"https:\/\/kapitalis.com\/tunisie\/#\/schema\/person\/73a5ecc1f6ae540c6ed91342eadca948"},"headline":"Lingare Festival : La m\u00e9dina de Tunis se transforme en une station d&rsquo;innovation sociale","datePublished":"2023-05-26T14:07:09+00:00","dateModified":"2023-05-26T14:07:10+00:00","mainEntityOfPage":{"@id":"https:\/\/kapitalis.com\/tunisie\/2023\/05\/26\/lingare-festival-la-medina-de-tunis-se-transforme-en-une-station-dinnovation-sociale\/"},"wordCount":161,"commentCount":0,"publisher":{"@id":"https:\/\/kapitalis.com\/tunisie\/#organization"},"image":{"@id":"https:\/\/kapitalis.com\/tunisie\/2023\/05\/26\/lingare-festival-la-medina-de-tunis-se-transforme-en-une-station-dinnovation-sociale\/#primaryimage"},"thumbnailUrl":"https:\/\/kapitalis.com\/tunisie\/wp-content\/uploads\/2023\/05\/Lingare-Festival.jpg","keywords":["innovation sociale","Lingare Festival","m\u00e9dina de Tunis","Tunisie"],"articleSection":["CULTURE","Tunisie"],"inLanguage":"fr-FR","potentialAction":[{"@type":"CommentAction","name":"Comment","target":["https:\/\/kapitalis.com\/tunisie\/2023\/05\/26\/lingare-festival-la-medina-de-tunis-se-transforme-en-une-station-dinnovation-sociale\/#respond"]}]},{"@type":"WebPage","@id":"https:\/\/kapitalis.com\/tunisie\/2023\/05\/26\/lingare-festival-la-medina-de-tunis-se-transforme-en-une-station-dinnovation-sociale\/","url":"https:\/\/kapitalis.com\/tunisie\/2023\/05\/26\/lingare-festival-la-medina-de-tunis-se-transforme-en-une-station-dinnovation-sociale\/","name":"Lingare Festival : La m\u00e9dina de Tunis se transforme en une station d'innovation sociale - Kapitalis","isPartOf":{"@id":"https:\/\/kapitalis.com\/tunisie\/#website"},"primaryImageOfPage":{"@id":"https:\/\/kapitalis.com\/tunisie\/2023\/05\/26\/lingare-festival-la-medina-de-tunis-se-transforme-en-une-station-dinnovation-sociale\/#primaryimage"},"image":{"@id":"https:\/\/kapitalis.com\/tunisie\/2023\/05\/26\/lingare-festival-la-medina-de-tunis-se-transforme-en-une-station-dinnovation-sociale\/#primaryimage"},"thumbnailUrl":"https:\/\/kapitalis.com\/tunisie\/wp-content\/uploads\/2023\/05\/Lingare-Festival.jpg","datePublished":"2023-05-26T14:07:09+00:00","dateModified":"2023-05-26T14:07:10+00:00","breadcrumb":{"@id":"https:\/\/kapitalis.com\/tunisie\/2023\/05\/26\/lingare-festival-la-medina-de-tunis-se-transforme-en-une-station-dinnovation-sociale\/#breadcrumb"},"inLanguage":"fr-FR","potentialAction":[{"@type":"ReadAction","target":["https:\/\/kapitalis.com\/tunisie\/2023\/05\/26\/lingare-festival-la-medina-de-tunis-se-transforme-en-une-station-dinnovation-sociale\/"]}]},{"@type":"ImageObject","inLanguage":"fr-FR","@id":"https:\/\/kapitalis.com\/tunisie\/2023\/05\/26\/lingare-festival-la-medina-de-tunis-se-transforme-en-une-station-dinnovation-sociale\/#primaryimage","url":"https:\/\/kapitalis.com\/tunisie\/wp-content\/uploads\/2023\/05\/Lingare-Festival.jpg","contentUrl":"https:\/\/kapitalis.com\/tunisie\/wp-content\/uploads\/2023\/05\/Lingare-Festival.jpg","width":1200,"height":630},{"@type":"BreadcrumbList","@id":"https:\/\/kapitalis.com\/tunisie\/2023\/05\/26\/lingare-festival-la-medina-de-tunis-se-transforme-en-une-station-dinnovation-sociale\/#breadcrumb","itemListElement":[{"@type":"ListItem","position":1,"name":"Accueil","item":"https:\/\/kapitalis.com\/tunisie\/"},{"@type":"ListItem","position":2,"name":"Lingare Festival : La m\u00e9dina de Tunis se transforme en une station d&rsquo;innovation sociale"}]},{"@type":"WebSite","@id":"https:\/\/kapitalis.com\/tunisie\/#website","url":"https:\/\/kapitalis.com\/tunisie\/","name":"Kapitalis","description":"L&#039;actualit\u00e9 en Tunisie et dans le monde","publisher":{"@id":"https:\/\/kapitalis.com\/tunisie\/#organization"},"potentialAction":[{"@type":"SearchAction","target":{"@type":"EntryPoint","urlTemplate":"https:\/\/kapitalis.com\/tunisie\/?s={search_term_string}"},"query-input":{"@type":"PropertyValueSpecification","valueRequired":true,"valueName":"search_term_string"}}],"inLanguage":"fr-FR"},{"@type":"Organization","@id":"https:\/\/kapitalis.com\/tunisie\/#organization","name":"Kapitalis","url":"https:\/\/kapitalis.com\/tunisie\/","logo":{"@type":"ImageObject","inLanguage":"fr-FR","@id":"https:\/\/kapitalis.com\/tunisie\/#\/schema\/logo\/image\/","url":"https:\/\/kapitalis.com\/tunisie\/wp-content\/uploads\/2022\/05\/Kapitalis-big-size.png","contentUrl":"https:\/\/kapitalis.com\/tunisie\/wp-content\/uploads\/2022\/05\/Kapitalis-big-size.png","width":5000,"height":1500,"caption":"Kapitalis"},"image":{"@id":"https:\/\/kapitalis.com\/tunisie\/#\/schema\/logo\/image\/"},"sameAs":["https:\/\/www.facebook.com\/KapitalisInfo\/","https:\/\/x.com\/KapitalisInfo","https:\/\/www.youtube.com\/channel\/UC-yDYrHyfFBWWZaOw3FPg9Q"]},{"@type":"Person","@id":"https:\/\/kapitalis.com\/tunisie\/#\/schema\/person\/73a5ecc1f6ae540c6ed91342eadca948","name":"Fawz BenAli","url":"https:\/\/kapitalis.com\/tunisie\/author\/fawz\/"}]}},"_links":{"self":[{"href":"https:\/\/kapitalis.com\/tunisie\/wp-json\/wp\/v2\/posts\/8057927","targetHints":{"allow":["GET"]}}],"collection":[{"href":"https:\/\/kapitalis.com\/tunisie\/wp-json\/wp\/v2\/posts"}],"about":[{"href":"https:\/\/kapitalis.com\/tunisie\/wp-json\/wp\/v2\/types\/post"}],"author":[{"embeddable":true,"href":"https:\/\/kapitalis.com\/tunisie\/wp-json\/wp\/v2\/users\/26"}],"replies":[{"embeddable":true,"href":"https:\/\/kapitalis.com\/tunisie\/wp-json\/wp\/v2\/comments?post=8057927"}],"version-history":[{"count":1,"href":"https:\/\/kapitalis.com\/tunisie\/wp-json\/wp\/v2\/posts\/8057927\/revisions"}],"predecessor-version":[{"id":8058117,"href":"https:\/\/kapitalis.com\/tunisie\/wp-json\/wp\/v2\/posts\/8057927\/revisions\/8058117"}],"wp:featuredmedia":[{"embeddable":true,"href":"https:\/\/kapitalis.com\/tunisie\/wp-json\/wp\/v2\/media\/8058113"}],"wp:attachment":[{"href":"https:\/\/kapitalis.com\/tunisie\/wp-json\/wp\/v2\/media?parent=8057927"}],"wp:term":[{"taxonomy":"category","embeddable":true,"href":"https:\/\/kapitalis.com\/tunisie\/wp-json\/wp\/v2\/categories?post=8057927"},{"taxonomy":"post_tag","embeddable":true,"href":"https:\/\/kapitalis.com\/tunisie\/wp-json\/wp\/v2\/tags?post=8057927"}],"curies":[{"name":"wp","href":"https:\/\/api.w.org\/{rel}","templated":true}]}}