{"id":80606,"date":"2017-01-26T09:23:12","date_gmt":"2017-01-26T08:23:12","guid":{"rendered":"http:\/\/kapitalis.com\/tunisie\/?p=80606"},"modified":"2017-01-26T09:27:06","modified_gmt":"2017-01-26T08:27:06","slug":"pour-etre-branche-amour-des-juifs-et-haine-des-arabes","status":"publish","type":"post","link":"https:\/\/kapitalis.com\/tunisie\/2017\/01\/26\/pour-etre-branche-amour-des-juifs-et-haine-des-arabes\/","title":{"rendered":"Pour \u00eatre branch\u00e9 : Amour des Juifs et haine des Arabes"},"content":{"rendered":"<p><img loading=\"lazy\" decoding=\"async\" class=\"alignnone size-full wp-image-80607 aligncenter\" src=\"http:\/\/kapitalis.com\/tunisie\/wp-content\/uploads\/2017\/01\/Juifs-et-Arabes.jpg\" alt=\"\" width=\"626\" height=\"380\" \/><\/p>\n<p><em><strong>Que penser du philos\u00e9mitisme soudain d\u2019une certaine \u00e9lite tunisienne, qui se traduit par une haine des sous-d\u00e9velopp\u00e9s : les noirs, les Arabes et les musulmans ?<\/strong><\/em><\/p>\n<p>Par <strong>Dr Mounir Hanablia\u00a0<\/strong>*<\/p>\n<p><!--more--><\/p>\n<p>Malamour des Juifs? Une d\u00e9put\u00e9e de la nation a publiquement utilis\u00e9 une expression insultante et malheureusement usit\u00e9e \u00e0 l\u2019encontre d\u2019une communaut\u00e9 religieuse de notre pays. Cette expression a \u00e9t\u00e9 en fait utilis\u00e9e probablement comme jugement de valeur, dans un contexte qui n\u2019avait rien \u00e0 voir avec la communaut\u00e9 juive en question, puisque c\u2019est bien de cette derni\u00e8re qu\u2019il s\u2019agit. Un jugement de valeur dont personne ne contestera le caract\u00e8re d\u00e9pr\u00e9ciatif.<\/p>\n<p><strong>Le parangon de l\u2019antiracisme <\/strong><\/p>\n<p>Que la d\u00e9put\u00e9e e\u00fbt gagn\u00e9 \u00e0 utiliser un langage plus en conformit\u00e9 avec la dignit\u00e9 de sa mission, personne n\u2019en disconviendra. Ce qui est toutefois surprenant, c\u2019est le toll\u00e9 que l\u2019usage de cette expression ait soulev\u00e9 chez certains, bien que la d\u00e9put\u00e9e en question e\u00fbt pr\u00e9sent\u00e9 ses excuses.<\/p>\n<p>Antis\u00e9mite, ignorante , arabe, adepte de l\u2019islam, arri\u00e9r\u00e9e, toutes les expressions utilis\u00e9es par les tenants autoproclam\u00e9s de plein droit de la culture globale dominante \u00e0 l\u2019encontre du parent pauvre issu de la campagne, pour lui exprimer leur m\u00e9pris, tout y est pass\u00e9.<\/p>\n<p>Les bien-pensants constitueraient-ils le parangon de l\u2019antiracisme, de la promotion duquel ils feraient d\u00e9sormais leur point d\u2019honneur?<\/p>\n<p>Il y a quelques mois, un riche homme d\u2019affaires, pr\u00e9sident d\u2019un club de football, porte drapeau d\u2019un r\u00e9gionalisme assez affirm\u00e9, avait, au cours d\u2019une interview dans un cadre sportif, fait usage d\u2019une expression comparable \u00e0 celle utilis\u00e9e par la d\u00e9put\u00e9e, et offensante pour la communaut\u00e9 juive, qui ne s\u2019\u00e9tait pas fait faute par le biais de ses repr\u00e9sentants, c\u2019est la moindre des choses, de d\u00e9noncer ces propos irresponsables, et m\u00eame semble-t-il de porter plainte aupr\u00e8s de la justice.<\/p>\n<p>Ces propos issus d\u2019un membre de l\u2019establishment \u00e9conomique et sportif n\u2019avaient cependant pas eu le m\u00eame impact m\u00e9diatique.<\/p>\n<p style=\"text-align: center;\"><img loading=\"lazy\" decoding=\"async\" class=\"alignnone wp-image-80349\" src=\"http:\/\/kapitalis.com\/tunisie\/wp-content\/uploads\/2017\/01\/Asma-Abou-Hana.jpg\" width=\"500\" height=\"304\" \/><\/p>\n<p style=\"text-align: center;\"><em>Asma Abou Hana, la d\u00e9put\u00e9e Nidaa Tounes par qui le scandale est arriv\u00e9.\u00a0<\/em><\/p>\n<p>Plus encore, il y a quelques semaines les agressions physiques dont avaient \u00e9t\u00e9 victimes des \u00e9tudiants noirs avaient fait d\u00e9couvrir, au-del\u00e0 du fait divers, l\u2019ampleur des mentalit\u00e9s et des pratiques racistes qui gangr\u00e8nent la soci\u00e9t\u00e9, sans distinction de classes.<\/p>\n<p>La manifestation que les \u00e9tudiants noirs africains avaient organis\u00e9e sur l\u2019avenue Habib Bourguiba, au centre-ville de Tunis, avait amplement d\u00e9montr\u00e9 l\u2019absence presque totale de mobilisation de la soci\u00e9t\u00e9 civile et de solidarit\u00e9 avec les victimes, malgr\u00e9 la gravit\u00e9 et les implications du probl\u00e8me. Seul le geste hautement symbolique du Premier ministre allant rendre visite aux \u00e9tudiants bless\u00e9s \u00e0 l\u2019h\u00f4pital avait d\u00e9samorc\u00e9 la temp\u00eate qui s\u2019annon\u00e7ait, au point que plus personne n\u2019aborde aujourd\u2019hui le sujet.<\/p>\n<p>Mais au-del\u00e0 du racisme, d\u2019autres expressions d\u2019un rejet culturel en cours, ont acquis droit de cit\u00e9 sous couvert de la n\u00e9cessaire lutte contre un parti politique fasciste r\u00e9trograde mena\u00e7ant les acquis progressistes de la soci\u00e9t\u00e9, arborant les m\u00eames symboles que les terroristes, et sur laquelle s\u2019est greff\u00e9e une revendication ethnoculturelle et linguistique, jusque-l\u00e0 mise sous l\u2019\u00e9teignoir au nom des n\u00e9cessit\u00e9s de l\u2019union nationale, dans les trois pays du Maghreb.<\/p>\n<p><strong>Un clivage politique interne<\/strong><\/p>\n<p>A la lueur de ces consid\u00e9rations politiques, il est devenu de bon ton, aujourd\u2019hui, dans certains milieux, de reprendre les arguments nagu\u00e8re utilis\u00e9s lors de la colonisation \u00e0 l\u2019encontre des autochtones, et remis \u00e0 l\u2019ordre du jour apr\u00e8s les attentats du 11 septembre 2001 par les pasteurs t\u00e9l\u00e9vang\u00e9listes am\u00e9ricains Jerry Falwell ou Jimmy Swaggart, contre l\u2019islam, usant d\u2019expressions telles islamo-nazi, afin de mobiliser le peuple am\u00e9ricain derri\u00e8re la politique de la guerre mise en \u0153uvre par l\u2019administration Bush dans le cadre de ce qu\u2019il avait \u00e9t\u00e9 convenu d\u2019appeler \u00ab<em>guerre antiterroriste<\/em>\u00bb.<\/p>\n<p>C\u2019est d\u2019ailleurs ce m\u00eame argumentaire plus politiquement que religieusement engag\u00e9 qui devait plus tard faire flor\u00e8s en Europe et en France avec des gens comme Eric Zemmour et Elisabeth Levy.<\/p>\n<p>Mais toujours est-il qu\u2019il existe aujourd\u2019hui dans notre pays des gens qui consid\u00e8rent que le peuple tunisien a \u00e9t\u00e9 et est toujours colonis\u00e9 par les Arabo-musulmans. Que cette profession de foi puisse s\u2019exprimer dans le champ de l\u2019Histoire, quant aux cons\u00e9quences des invasions islamiques, rel\u00e8ve d\u2019un n\u00e9cessaire d\u00e9bat qu\u2019on situerait plus dans des cercles plut\u00f4t savants et acad\u00e9miques; qu\u2019elle aboutisse \u00e0 des revendications politiques visant \u00e0 l\u2019exclusion de citoyens tunisiens qualifi\u00e9s pour la circonstance d\u2019Arabes b\u00e9douins est plut\u00f4t surprenant.<\/p>\n<p>Dans la r\u00e9alit\u00e9, cette d\u00e9marche plus id\u00e9ologique qu\u2019intellectuelle a r\u00e9v\u00e9l\u00e9 la division \u2013 quasi politique \u2013 du pays en deux partie, selon une ligne de clivage \u00e9lectorale: une partie nord s\u00e9dentaris\u00e9e de sensibilit\u00e9 punico latine et moderniste, et une partie sud plut\u00f4t b\u00e9douine, franchement arabo-berb\u00e9ro-musulmane, que l\u2019on consid\u00e9rerait comme \u00e9tant anti moderniste, et vu le contexte du moment, mena\u00e7ante.<\/p>\n<p>Le ph\u00e9nom\u00e8ne est que pour exprimer ce clivage politique, le discours de rejet de l\u2019islam ait \u00e9t\u00e9 emprunt\u00e9 \u00e0 l\u2019Occident, avec d\u2019autant plus de conviction qu\u2019il exprimerait non seulement un ph\u00e9nom\u00e8ne d\u2019identification avec la partie la plus riche et la plus puissante de l\u2019humanit\u00e9, mais aussi de m\u00e9pris et de crainte vis-\u00e0-vis de ceux qui demeurent attach\u00e9s \u00e0 une culture r\u00e9gionale marginalis\u00e9e et sous estim\u00e9e par la culture globale dominante issue de la mondialisation.<\/p>\n<p>Pour en revenir aux propos inconsid\u00e9r\u00e9s de la d\u00e9put\u00e9e, il s\u2019agit d\u2019abord de savoir si ce qui est en question \u00e0 travers le toll\u00e9 qu\u2019ils ont soulev\u00e9 ce ne soient pas certaines expressions issues du langage populaire tunisien et traduisant une vision p\u00e9jorative, sinon antis\u00e9mite, envers la communaut\u00e9 juive.<\/p>\n<p>L\u2019histoire, en particulier la p\u00e9riode de l\u2019occupation allemande, en Tunisie, sous le r\u00e9gime de Vichy, a pleinement d\u00e9montr\u00e9 que la Tunisie n\u2019avait jamais \u00e9t\u00e9 une terre d\u2019antis\u00e9mitisme. Les Maghr\u00e9bins musulmans dans toute l\u2019Afrique du Nord n\u2019ont pas collabor\u00e9 \u00e0 la d\u00e9portation et au travail forc\u00e9 des Juifs, et les mesures prises contre ces derniers l\u2019avaient \u00e9t\u00e9 par l\u2019occupant. Et plus tard, apr\u00e8s l\u2019ind\u00e9pendance, mis \u00e0 part quelques incidents isol\u00e9s en juin 1967, apr\u00e8s la guerre des Six jours, les Juifs de Tunisie avaient v\u00e9cu jusqu\u2019\u00e0 l\u2019attaque de la synagogue de la Ghriba, en 2002, en paix avec leurs concitoyens. Il faudrait donc admettre que des expressions telles que \u0627\u0644\u0644\u0651\u0637\u0641 \u064a\u0647\u0648\u062f\u064a (Juif, que Dieu nous en pr\u00e9serve) fassent plut\u00f4t partie de ce qu\u2019on puisse nommer <em>\u00abal\u00e9as de la cohabitation inter-communautaire\u00bb<\/em>; des expressions semblables existent certainement entre Palestiniens et Isra\u00e9liens, Grecs et Turcs, Serbes et Croates, Irlandais protestants et catholiques. En Tunisie, est-ce in\u00e9luctablement des s\u00e9quelles de la condition <em>\u00abDhimmi\u00bb<\/em>, comme beaucoup de sionistes voudraient le laisser croire? Possible, mais pas n\u00e9cessairement; avant de se faire une opinion, il faudrait voir si, dans des pays comme la Turquie et l\u2019Iran, des expressions populaires semblables puissent ou non exister. Mais la condition de <em>\u00abDhimmi\u00bb<\/em> n\u2019existe plus dans notre pays depuis longtemps. Aussi, peut-\u00eatre ce qui d\u00e9range est que cela e\u00fbt \u00e9t\u00e9 dit par une d\u00e9put\u00e9e de la nation, qui, en tant que repr\u00e9sentante du peuple et membre d\u2019un parti politique moderniste, n\u2019avait pas \u00e0 s\u2019exprimer ainsi. Mais, \u00e9videmment, on pourrait autant \u00e0 travers elle cibler son parti politique dont les promesses \u00e9lectorales non tenues en ont d\u00e9\u00e7u plus d\u2019un.<\/p>\n<p><strong>Le philos\u00e9mitisme soudain de l\u2019\u00e9lite<\/strong><\/p>\n<p>Si tel est le cas, il serait peut \u00eatre pr\u00e9f\u00e9rable d\u2019\u00e9viter d\u2019introduire des consid\u00e9rations ayant une port\u00e9e internationale dans des r\u00e8glements de compte politiques locaux. Car au-del\u00e0 de la lev\u00e9e de boucliers suscit\u00e9e parmi la frange \u00e9clair\u00e9e de la population, par ces expressions jud\u00e9ophobes, dont pour promouvoir une culture de l\u2019intelligence, il est plus que n\u00e9cessaire d\u2019expurger nos expressions quotidiennes, le fait que personne n\u2019ait appel\u00e9 par la m\u00eame occasion \u00e0 adopter des comportements et un langage humains avec nos fr\u00e8res africains, laisse sugg\u00e9rer en fin de compte la persistance de la pire forme d\u2019antiracisme, celui li\u00e9 \u00e0 l\u2019importance suppos\u00e9e de la communaut\u00e9 d\u2019origine dans la hi\u00e9rarchie des peuples issue de la mondialisation, pour ne pas dire dans la hi\u00e9rarchie des communaut\u00e9s peuplant les Etats-Unis d\u2019Am\u00e9rique.<\/p>\n<p>Autrement dit, ce philos\u00e9mitisme soudain de certaines de nos \u00e9lites ne serait que la mani\u00e8re civilis\u00e9e d\u2019adopter un racisme d\u2019importation, par simple mim\u00e9tisme, dans le but l\u00e9gitimer son appartenance \u00e0 la grande civilisation. Un racisme de sous-d\u00e9velopp\u00e9s. Dieu nous en pr\u00e9serve !<\/p>\n<p><em>* Cardiologue, Gammarth, La Marsa.<\/em><\/p>\n<p>&nbsp;<\/p>\n<p><em><strong>Articles li\u00e9s:<\/strong><\/em><\/p>\n<p><a href=\"http:\/\/kapitalis.com\/tunisie\/2017\/01\/25\/bochra-repond-a-asma-touche-pas-a-mon-juif\/\"><em>Bochra r\u00e9pond \u00e0 Asma : \u00abTouche pas \u00e0 mon Juif!\u00bb<\/em><\/a><\/p>\n<p><a href=\"http:\/\/kapitalis.com\/tunisie\/2017\/01\/24\/les-juifs-que-dieu-vous-en-preserve-lance-abou-hana-deputee-nidaa\/\"><em>\u00abLes juifs, que dieu vous en pr\u00e9serve\u00bb, lance Abou Hana, d\u00e9put\u00e9e Nidaa !<\/em><\/a><\/p>\n","protected":false},"excerpt":{"rendered":"<p>Que penser du philos\u00e9mitisme soudain d\u2019une certaine \u00e9lite tunisienne, qui se traduit par une haine des sous-d\u00e9velopp\u00e9s : les noirs, les Arabes et les musulmans ? Par Dr Mounir Hanablia\u00a0*<\/p>\n","protected":false},"author":8,"featured_media":80607,"comment_status":"open","ping_status":"open","sticky":false,"template":"","format":"standard","meta":{"footnotes":""},"categories":[992,1000,2433],"tags":[1613,11952,1971,648,26616,6726],"class_list":["post-80606","post","type-post","status-publish","format-standard","has-post-thumbnail","hentry","category-a-la-une","category-tribune","category-tunisie","tag-arabes","tag-arabo-musulmans","tag-juifs","tag-musulmans","tag-noirs","tag-racisme"],"yoast_head":"<!-- This site is optimized with the Yoast SEO plugin v26.6 - https:\/\/yoast.com\/wordpress\/plugins\/seo\/ -->\n<title>Pour \u00eatre branch\u00e9 : Amour des Juifs et haine des Arabes - Kapitalis<\/title>\n<meta name=\"robots\" content=\"index, follow, max-snippet:-1, max-image-preview:large, max-video-preview:-1\" \/>\n<link rel=\"canonical\" href=\"https:\/\/kapitalis.com\/tunisie\/2017\/01\/26\/pour-etre-branche-amour-des-juifs-et-haine-des-arabes\/\" \/>\n<meta property=\"og:locale\" content=\"fr_FR\" \/>\n<meta property=\"og:type\" content=\"article\" \/>\n<meta property=\"og:title\" content=\"Pour \u00eatre branch\u00e9 : Amour des Juifs et haine des Arabes - Kapitalis\" \/>\n<meta property=\"og:description\" content=\"Que penser du philos\u00e9mitisme soudain d\u2019une certaine \u00e9lite tunisienne, qui se traduit par une haine des sous-d\u00e9velopp\u00e9s : les noirs, les Arabes et les musulmans ? Par Dr Mounir Hanablia\u00a0*\" \/>\n<meta property=\"og:url\" content=\"https:\/\/kapitalis.com\/tunisie\/2017\/01\/26\/pour-etre-branche-amour-des-juifs-et-haine-des-arabes\/\" \/>\n<meta property=\"og:site_name\" content=\"Kapitalis\" \/>\n<meta property=\"article:publisher\" content=\"https:\/\/www.facebook.com\/KapitalisInfo\/\" \/>\n<meta property=\"article:published_time\" content=\"2017-01-26T08:23:12+00:00\" \/>\n<meta property=\"article:modified_time\" content=\"2017-01-26T08:27:06+00:00\" \/>\n<meta property=\"og:image\" content=\"https:\/\/kapitalis.com\/tunisie\/wp-content\/uploads\/2022\/05\/kapitalis-logo-fb.png\" \/>\n\t<meta property=\"og:image:width\" content=\"1200\" \/>\n\t<meta property=\"og:image:height\" content=\"630\" \/>\n\t<meta property=\"og:image:type\" content=\"image\/png\" \/>\n<meta name=\"author\" content=\"webmaster kapitalis\" \/>\n<meta name=\"twitter:card\" content=\"summary_large_image\" \/>\n<meta name=\"twitter:creator\" content=\"@KapitalisInfo\" \/>\n<meta name=\"twitter:site\" content=\"@KapitalisInfo\" \/>\n<meta name=\"twitter:label1\" content=\"\u00c9crit par\" \/>\n\t<meta name=\"twitter:data1\" content=\"webmaster kapitalis\" \/>\n\t<meta name=\"twitter:label2\" content=\"Dur\u00e9e de lecture estim\u00e9e\" \/>\n\t<meta name=\"twitter:data2\" content=\"8 minutes\" \/>\n<script type=\"application\/ld+json\" class=\"yoast-schema-graph\">{\"@context\":\"https:\/\/schema.org\",\"@graph\":[{\"@type\":\"Article\",\"@id\":\"https:\/\/kapitalis.com\/tunisie\/2017\/01\/26\/pour-etre-branche-amour-des-juifs-et-haine-des-arabes\/#article\",\"isPartOf\":{\"@id\":\"https:\/\/kapitalis.com\/tunisie\/2017\/01\/26\/pour-etre-branche-amour-des-juifs-et-haine-des-arabes\/\"},\"author\":{\"name\":\"webmaster kapitalis\",\"@id\":\"https:\/\/kapitalis.com\/tunisie\/#\/schema\/person\/d71f33a9ca44f7bad4698210b480c8e9\"},\"headline\":\"Pour \u00eatre branch\u00e9 : Amour des Juifs et haine des Arabes\",\"datePublished\":\"2017-01-26T08:23:12+00:00\",\"dateModified\":\"2017-01-26T08:27:06+00:00\",\"mainEntityOfPage\":{\"@id\":\"https:\/\/kapitalis.com\/tunisie\/2017\/01\/26\/pour-etre-branche-amour-des-juifs-et-haine-des-arabes\/\"},\"wordCount\":1592,\"commentCount\":67,\"publisher\":{\"@id\":\"https:\/\/kapitalis.com\/tunisie\/#organization\"},\"image\":{\"@id\":\"https:\/\/kapitalis.com\/tunisie\/2017\/01\/26\/pour-etre-branche-amour-des-juifs-et-haine-des-arabes\/#primaryimage\"},\"thumbnailUrl\":\"\",\"keywords\":[\"arabes\",\"Arabo-musulmans\",\"juifs\",\"musulmans\",\"noirs\",\"Racisme\"],\"articleSection\":[\"A LA UNE\",\"TRIBUNE\",\"Tunisie\"],\"inLanguage\":\"fr-FR\",\"potentialAction\":[{\"@type\":\"CommentAction\",\"name\":\"Comment\",\"target\":[\"https:\/\/kapitalis.com\/tunisie\/2017\/01\/26\/pour-etre-branche-amour-des-juifs-et-haine-des-arabes\/#respond\"]}]},{\"@type\":\"WebPage\",\"@id\":\"https:\/\/kapitalis.com\/tunisie\/2017\/01\/26\/pour-etre-branche-amour-des-juifs-et-haine-des-arabes\/\",\"url\":\"https:\/\/kapitalis.com\/tunisie\/2017\/01\/26\/pour-etre-branche-amour-des-juifs-et-haine-des-arabes\/\",\"name\":\"Pour \u00eatre branch\u00e9 : Amour des Juifs et haine des Arabes - Kapitalis\",\"isPartOf\":{\"@id\":\"https:\/\/kapitalis.com\/tunisie\/#website\"},\"primaryImageOfPage\":{\"@id\":\"https:\/\/kapitalis.com\/tunisie\/2017\/01\/26\/pour-etre-branche-amour-des-juifs-et-haine-des-arabes\/#primaryimage\"},\"image\":{\"@id\":\"https:\/\/kapitalis.com\/tunisie\/2017\/01\/26\/pour-etre-branche-amour-des-juifs-et-haine-des-arabes\/#primaryimage\"},\"thumbnailUrl\":\"\",\"datePublished\":\"2017-01-26T08:23:12+00:00\",\"dateModified\":\"2017-01-26T08:27:06+00:00\",\"breadcrumb\":{\"@id\":\"https:\/\/kapitalis.com\/tunisie\/2017\/01\/26\/pour-etre-branche-amour-des-juifs-et-haine-des-arabes\/#breadcrumb\"},\"inLanguage\":\"fr-FR\",\"potentialAction\":[{\"@type\":\"ReadAction\",\"target\":[\"https:\/\/kapitalis.com\/tunisie\/2017\/01\/26\/pour-etre-branche-amour-des-juifs-et-haine-des-arabes\/\"]}]},{\"@type\":\"ImageObject\",\"inLanguage\":\"fr-FR\",\"@id\":\"https:\/\/kapitalis.com\/tunisie\/2017\/01\/26\/pour-etre-branche-amour-des-juifs-et-haine-des-arabes\/#primaryimage\",\"url\":\"\",\"contentUrl\":\"\"},{\"@type\":\"BreadcrumbList\",\"@id\":\"https:\/\/kapitalis.com\/tunisie\/2017\/01\/26\/pour-etre-branche-amour-des-juifs-et-haine-des-arabes\/#breadcrumb\",\"itemListElement\":[{\"@type\":\"ListItem\",\"position\":1,\"name\":\"Accueil\",\"item\":\"https:\/\/kapitalis.com\/tunisie\/\"},{\"@type\":\"ListItem\",\"position\":2,\"name\":\"Pour \u00eatre branch\u00e9 : Amour des Juifs et haine des Arabes\"}]},{\"@type\":\"WebSite\",\"@id\":\"https:\/\/kapitalis.com\/tunisie\/#website\",\"url\":\"https:\/\/kapitalis.com\/tunisie\/\",\"name\":\"Kapitalis\",\"description\":\"L&#039;actualit\u00e9 en Tunisie et dans le monde\",\"publisher\":{\"@id\":\"https:\/\/kapitalis.com\/tunisie\/#organization\"},\"potentialAction\":[{\"@type\":\"SearchAction\",\"target\":{\"@type\":\"EntryPoint\",\"urlTemplate\":\"https:\/\/kapitalis.com\/tunisie\/?s={search_term_string}\"},\"query-input\":{\"@type\":\"PropertyValueSpecification\",\"valueRequired\":true,\"valueName\":\"search_term_string\"}}],\"inLanguage\":\"fr-FR\"},{\"@type\":\"Organization\",\"@id\":\"https:\/\/kapitalis.com\/tunisie\/#organization\",\"name\":\"Kapitalis\",\"url\":\"https:\/\/kapitalis.com\/tunisie\/\",\"logo\":{\"@type\":\"ImageObject\",\"inLanguage\":\"fr-FR\",\"@id\":\"https:\/\/kapitalis.com\/tunisie\/#\/schema\/logo\/image\/\",\"url\":\"https:\/\/kapitalis.com\/tunisie\/wp-content\/uploads\/2022\/05\/Kapitalis-big-size.png\",\"contentUrl\":\"https:\/\/kapitalis.com\/tunisie\/wp-content\/uploads\/2022\/05\/Kapitalis-big-size.png\",\"width\":5000,\"height\":1500,\"caption\":\"Kapitalis\"},\"image\":{\"@id\":\"https:\/\/kapitalis.com\/tunisie\/#\/schema\/logo\/image\/\"},\"sameAs\":[\"https:\/\/www.facebook.com\/KapitalisInfo\/\",\"https:\/\/x.com\/KapitalisInfo\",\"https:\/\/www.youtube.com\/channel\/UC-yDYrHyfFBWWZaOw3FPg9Q\"]},{\"@type\":\"Person\",\"@id\":\"https:\/\/kapitalis.com\/tunisie\/#\/schema\/person\/d71f33a9ca44f7bad4698210b480c8e9\",\"name\":\"webmaster kapitalis\",\"url\":\"https:\/\/kapitalis.com\/tunisie\/author\/webmaster-kapitalis\/\"}]}<\/script>\n<!-- \/ Yoast SEO plugin. -->","yoast_head_json":{"title":"Pour \u00eatre branch\u00e9 : Amour des Juifs et haine des Arabes - Kapitalis","robots":{"index":"index","follow":"follow","max-snippet":"max-snippet:-1","max-image-preview":"max-image-preview:large","max-video-preview":"max-video-preview:-1"},"canonical":"https:\/\/kapitalis.com\/tunisie\/2017\/01\/26\/pour-etre-branche-amour-des-juifs-et-haine-des-arabes\/","og_locale":"fr_FR","og_type":"article","og_title":"Pour \u00eatre branch\u00e9 : Amour des Juifs et haine des Arabes - Kapitalis","og_description":"Que penser du philos\u00e9mitisme soudain d\u2019une certaine \u00e9lite tunisienne, qui se traduit par une haine des sous-d\u00e9velopp\u00e9s : les noirs, les Arabes et les musulmans ? Par Dr Mounir Hanablia\u00a0*","og_url":"https:\/\/kapitalis.com\/tunisie\/2017\/01\/26\/pour-etre-branche-amour-des-juifs-et-haine-des-arabes\/","og_site_name":"Kapitalis","article_publisher":"https:\/\/www.facebook.com\/KapitalisInfo\/","article_published_time":"2017-01-26T08:23:12+00:00","article_modified_time":"2017-01-26T08:27:06+00:00","og_image":[{"width":1200,"height":630,"url":"https:\/\/kapitalis.com\/tunisie\/wp-content\/uploads\/2022\/05\/kapitalis-logo-fb.png","type":"image\/png"}],"author":"webmaster kapitalis","twitter_card":"summary_large_image","twitter_creator":"@KapitalisInfo","twitter_site":"@KapitalisInfo","twitter_misc":{"\u00c9crit par":"webmaster kapitalis","Dur\u00e9e de lecture estim\u00e9e":"8 minutes"},"schema":{"@context":"https:\/\/schema.org","@graph":[{"@type":"Article","@id":"https:\/\/kapitalis.com\/tunisie\/2017\/01\/26\/pour-etre-branche-amour-des-juifs-et-haine-des-arabes\/#article","isPartOf":{"@id":"https:\/\/kapitalis.com\/tunisie\/2017\/01\/26\/pour-etre-branche-amour-des-juifs-et-haine-des-arabes\/"},"author":{"name":"webmaster kapitalis","@id":"https:\/\/kapitalis.com\/tunisie\/#\/schema\/person\/d71f33a9ca44f7bad4698210b480c8e9"},"headline":"Pour \u00eatre branch\u00e9 : Amour des Juifs et haine des Arabes","datePublished":"2017-01-26T08:23:12+00:00","dateModified":"2017-01-26T08:27:06+00:00","mainEntityOfPage":{"@id":"https:\/\/kapitalis.com\/tunisie\/2017\/01\/26\/pour-etre-branche-amour-des-juifs-et-haine-des-arabes\/"},"wordCount":1592,"commentCount":67,"publisher":{"@id":"https:\/\/kapitalis.com\/tunisie\/#organization"},"image":{"@id":"https:\/\/kapitalis.com\/tunisie\/2017\/01\/26\/pour-etre-branche-amour-des-juifs-et-haine-des-arabes\/#primaryimage"},"thumbnailUrl":"","keywords":["arabes","Arabo-musulmans","juifs","musulmans","noirs","Racisme"],"articleSection":["A LA UNE","TRIBUNE","Tunisie"],"inLanguage":"fr-FR","potentialAction":[{"@type":"CommentAction","name":"Comment","target":["https:\/\/kapitalis.com\/tunisie\/2017\/01\/26\/pour-etre-branche-amour-des-juifs-et-haine-des-arabes\/#respond"]}]},{"@type":"WebPage","@id":"https:\/\/kapitalis.com\/tunisie\/2017\/01\/26\/pour-etre-branche-amour-des-juifs-et-haine-des-arabes\/","url":"https:\/\/kapitalis.com\/tunisie\/2017\/01\/26\/pour-etre-branche-amour-des-juifs-et-haine-des-arabes\/","name":"Pour \u00eatre branch\u00e9 : Amour des Juifs et haine des Arabes - Kapitalis","isPartOf":{"@id":"https:\/\/kapitalis.com\/tunisie\/#website"},"primaryImageOfPage":{"@id":"https:\/\/kapitalis.com\/tunisie\/2017\/01\/26\/pour-etre-branche-amour-des-juifs-et-haine-des-arabes\/#primaryimage"},"image":{"@id":"https:\/\/kapitalis.com\/tunisie\/2017\/01\/26\/pour-etre-branche-amour-des-juifs-et-haine-des-arabes\/#primaryimage"},"thumbnailUrl":"","datePublished":"2017-01-26T08:23:12+00:00","dateModified":"2017-01-26T08:27:06+00:00","breadcrumb":{"@id":"https:\/\/kapitalis.com\/tunisie\/2017\/01\/26\/pour-etre-branche-amour-des-juifs-et-haine-des-arabes\/#breadcrumb"},"inLanguage":"fr-FR","potentialAction":[{"@type":"ReadAction","target":["https:\/\/kapitalis.com\/tunisie\/2017\/01\/26\/pour-etre-branche-amour-des-juifs-et-haine-des-arabes\/"]}]},{"@type":"ImageObject","inLanguage":"fr-FR","@id":"https:\/\/kapitalis.com\/tunisie\/2017\/01\/26\/pour-etre-branche-amour-des-juifs-et-haine-des-arabes\/#primaryimage","url":"","contentUrl":""},{"@type":"BreadcrumbList","@id":"https:\/\/kapitalis.com\/tunisie\/2017\/01\/26\/pour-etre-branche-amour-des-juifs-et-haine-des-arabes\/#breadcrumb","itemListElement":[{"@type":"ListItem","position":1,"name":"Accueil","item":"https:\/\/kapitalis.com\/tunisie\/"},{"@type":"ListItem","position":2,"name":"Pour \u00eatre branch\u00e9 : Amour des Juifs et haine des Arabes"}]},{"@type":"WebSite","@id":"https:\/\/kapitalis.com\/tunisie\/#website","url":"https:\/\/kapitalis.com\/tunisie\/","name":"Kapitalis","description":"L&#039;actualit\u00e9 en Tunisie et dans le monde","publisher":{"@id":"https:\/\/kapitalis.com\/tunisie\/#organization"},"potentialAction":[{"@type":"SearchAction","target":{"@type":"EntryPoint","urlTemplate":"https:\/\/kapitalis.com\/tunisie\/?s={search_term_string}"},"query-input":{"@type":"PropertyValueSpecification","valueRequired":true,"valueName":"search_term_string"}}],"inLanguage":"fr-FR"},{"@type":"Organization","@id":"https:\/\/kapitalis.com\/tunisie\/#organization","name":"Kapitalis","url":"https:\/\/kapitalis.com\/tunisie\/","logo":{"@type":"ImageObject","inLanguage":"fr-FR","@id":"https:\/\/kapitalis.com\/tunisie\/#\/schema\/logo\/image\/","url":"https:\/\/kapitalis.com\/tunisie\/wp-content\/uploads\/2022\/05\/Kapitalis-big-size.png","contentUrl":"https:\/\/kapitalis.com\/tunisie\/wp-content\/uploads\/2022\/05\/Kapitalis-big-size.png","width":5000,"height":1500,"caption":"Kapitalis"},"image":{"@id":"https:\/\/kapitalis.com\/tunisie\/#\/schema\/logo\/image\/"},"sameAs":["https:\/\/www.facebook.com\/KapitalisInfo\/","https:\/\/x.com\/KapitalisInfo","https:\/\/www.youtube.com\/channel\/UC-yDYrHyfFBWWZaOw3FPg9Q"]},{"@type":"Person","@id":"https:\/\/kapitalis.com\/tunisie\/#\/schema\/person\/d71f33a9ca44f7bad4698210b480c8e9","name":"webmaster kapitalis","url":"https:\/\/kapitalis.com\/tunisie\/author\/webmaster-kapitalis\/"}]}},"_links":{"self":[{"href":"https:\/\/kapitalis.com\/tunisie\/wp-json\/wp\/v2\/posts\/80606","targetHints":{"allow":["GET"]}}],"collection":[{"href":"https:\/\/kapitalis.com\/tunisie\/wp-json\/wp\/v2\/posts"}],"about":[{"href":"https:\/\/kapitalis.com\/tunisie\/wp-json\/wp\/v2\/types\/post"}],"author":[{"embeddable":true,"href":"https:\/\/kapitalis.com\/tunisie\/wp-json\/wp\/v2\/users\/8"}],"replies":[{"embeddable":true,"href":"https:\/\/kapitalis.com\/tunisie\/wp-json\/wp\/v2\/comments?post=80606"}],"version-history":[{"count":0,"href":"https:\/\/kapitalis.com\/tunisie\/wp-json\/wp\/v2\/posts\/80606\/revisions"}],"wp:featuredmedia":[{"embeddable":true,"href":"https:\/\/kapitalis.com\/tunisie\/wp-json\/wp\/v2\/media\/80607"}],"wp:attachment":[{"href":"https:\/\/kapitalis.com\/tunisie\/wp-json\/wp\/v2\/media?parent=80606"}],"wp:term":[{"taxonomy":"category","embeddable":true,"href":"https:\/\/kapitalis.com\/tunisie\/wp-json\/wp\/v2\/categories?post=80606"},{"taxonomy":"post_tag","embeddable":true,"href":"https:\/\/kapitalis.com\/tunisie\/wp-json\/wp\/v2\/tags?post=80606"}],"curies":[{"name":"wp","href":"https:\/\/api.w.org\/{rel}","templated":true}]}}