{"id":8091676,"date":"2023-05-29T07:35:03","date_gmt":"2023-05-29T06:35:03","guid":{"rendered":"https:\/\/kapitalis.com\/tunisie\/?p=8091676"},"modified":"2023-05-29T07:35:04","modified_gmt":"2023-05-29T06:35:04","slug":"tunisie-programme-pour-reduire-la-consommation-delectricite-dans-les-mosquees","status":"publish","type":"post","link":"https:\/\/kapitalis.com\/tunisie\/2023\/05\/29\/tunisie-programme-pour-reduire-la-consommation-delectricite-dans-les-mosquees\/","title":{"rendered":"Tunisie\u00a0: programme pour r\u00e9duire la consommation d\u2019\u00e9lectricit\u00e9 dans les mosqu\u00e9es"},"content":{"rendered":"\n<p><strong><em>L\u2019Agence nationale pour la ma\u00eetrise de l\u2019\u00e9nergie (ANME) va lancer au d\u00e9but du 2<sup>e<\/sup> semestre 2023, un programme national int\u00e9gr\u00e9 de ma\u00eetrise de l\u2019\u00e9nergie dans 6100 mosqu\u00e9es dans toute la Tunisie.\u00a0<\/em><\/strong><\/p>\n\n\n\n<!--more-->\n\n\n\n<p>L\u2019id\u00e9e est d\u2019autant plus ing\u00e9nieuse que beaucoup de mosqu\u00e9es utilisent d\u2019\u00e9normes climatiseurs, et pas seulement durant la saison estivale, et que la facture de la consommation d\u2019\u00e9lectricit\u00e9 dans les moqu\u00e9es due par le minist\u00e8re des Affaires religieuses \u00e0 la Soci\u00e9t\u00e9 tunisienne d\u2019\u00e9lectricit\u00e9 et de gaz (Steg) s\u2019\u00e9l\u00e8ve \u00e0 20 millions de dinars par an. Et la question qui se pose \u00e0 ce propos est la suivante\u00a0: pourquoi n\u2019a-t-on pas pens\u00e9 \u00e0 lancer un tel programme avant cette date, sachant que le d\u00e9ficit \u00e9nerg\u00e9tique de la Tunisie a commenc\u00e9 \u00e0 se creuser \u00e0 partir de 2000\u00a0? <\/p>\n\n\n\n<p>Selon le directeur de l\u2019efficacit\u00e9 \u00e9nerg\u00e9tique dans le secteur du b\u00e2timent \u00e0 l\u2019ANME, Abdelkader Baccouche, ce programme, dont le co\u00fbt global est estim\u00e9 \u00e0 100 millions de dinars, d\u00e9butera par la mise en \u0153uvre prochainement d\u2019une exp\u00e9rience pilote au niveau de 147 mosqu\u00e9es dans le gouvernorat de Tozeur, dont l\u2019ach\u00e8vement est pr\u00e9vu en d\u00e9cembre 2023.<\/p>\n\n\n\n<p><em>\u00abGouvernorat ami de l\u2019environnement\u00bb<\/em>, Tozeur a \u00e9t\u00e9 choisi pour le lancement de ce programme pilote, car de nombreux programmes de ma\u00eetrise de l\u2019\u00e9nergie y ont \u00e9t\u00e9 d\u00e9j\u00e0 mis en \u0153uvre, a expliqu\u00e9 le responsable dans une d\u00e9claration \u00e0 l\u2019agence TAP.<\/p>\n\n\n\n<p>Le programme pilote, qui coutera 2,5 millions de dinars (MD), sera financ\u00e9 par le Fonds de transition \u00e9nerg\u00e9tique (FTE).<\/p>\n\n\n\n<p>Selon Abdelkader Baccouche, il comporte quatre \u00e9tapes dont la premi\u00e8re consiste \u00e0 remplacer tous les dispositifs d\u2019\u00e9clairage ordinaires (y compris les lampes \u00e0 incandescence et les lustres) par des lampes et des dispositifs d\u2019\u00e9clairage LED, \u00e9conomes en \u00e9nergie. <em>\u00abCela permettrait d\u2019\u00e9conomiser environ 21% de la consommation des mosqu\u00e9es concernant l\u2019\u00e9clairage\u00bb, <\/em>ajoute-t-il.<\/p>\n\n\n\n<p>La deuxi\u00e8me \u00e9tape concerne l\u2019installation de syst\u00e8mes de ma\u00eetrise de l\u2019\u00e9nergie ce qui permettra de suivre \u00e0 distance la consommation d\u2019\u00e9nergie des lieux de culte et d\u2019\u00e9valuer le rendement des \u00e9quipements qui seront install\u00e9s.<\/p>\n\n\n\n<p>La troisi\u00e8me composante consiste \u00e0 installer des panneaux photovolta\u00efques dans les mosqu\u00e9es, ce qui permettra de couvrir le reste des besoins des mosqu\u00e9es en \u00e9lectricit\u00e9 estim\u00e9e \u00e0 environ 79%.<\/p>\n\n\n\n<p>La quatri\u00e8me composante r\u00e9side en l\u2019organisation de sessions de formation des cadres des lieux de culte par le minist\u00e8re des Affaires religieuses sur les plans central et r\u00e9gional, en plus d\u2019une campagne de communication pour faire conna\u00eetre ce programme.<\/p>\n\n\n\n<p>Esp\u00e9rons que ce programme permettra aux mosqu\u00e9es de r\u00e9duire leurs factures d\u2019\u00e9lectricit\u00e9 et de r\u00e9aliser, \u00e0 terme, leur autosuffisance \u00e9nerg\u00e9tique. <\/p>\n\n\n\n<p class=\"has-text-align-right\"><strong>I. B.<\/strong> \u00a0<\/p>\n","protected":false},"excerpt":{"rendered":"<p>Programme national int\u00e9gr\u00e9 de ma\u00eetrise de l\u2019\u00e9nergie dans 6100 mosqu\u00e9es dans toute la Tunisie.\u00a0<\/p>\n","protected":false},"author":8,"featured_media":8091720,"comment_status":"open","ping_status":"open","sticky":false,"template":"","format":"standard","meta":{"footnotes":""},"categories":[995,2433],"tags":[108974,6398,108975,2128,90828,101727,1928,3763,1208,62643],"class_list":["post-8091676","post","type-post","status-publish","format-standard","has-post-thumbnail","hentry","category-economie","category-tunisie","tag-abdelkader-baccouche","tag-anme","tag-autosuffisance-energetique","tag-electricite","tag-fonds-de-transition-energetique","tag-maitrise-de-lenergie-2","tag-mosquees","tag-steg","tag-tozeur","tag-tunisie"],"yoast_head":"<!-- This site is optimized with the Yoast SEO plugin v26.6 - https:\/\/yoast.com\/wordpress\/plugins\/seo\/ -->\n<title>Tunisie\u00a0: programme pour r\u00e9duire la consommation d\u2019\u00e9lectricit\u00e9 dans les mosqu\u00e9es - Kapitalis<\/title>\n<meta name=\"robots\" content=\"index, follow, max-snippet:-1, max-image-preview:large, max-video-preview:-1\" \/>\n<link rel=\"canonical\" href=\"https:\/\/kapitalis.com\/tunisie\/2023\/05\/29\/tunisie-programme-pour-reduire-la-consommation-delectricite-dans-les-mosquees\/\" \/>\n<meta property=\"og:locale\" content=\"fr_FR\" \/>\n<meta property=\"og:type\" content=\"article\" \/>\n<meta property=\"og:title\" content=\"Tunisie\u00a0: programme pour r\u00e9duire la consommation d\u2019\u00e9lectricit\u00e9 dans les mosqu\u00e9es - Kapitalis\" \/>\n<meta property=\"og:description\" content=\"Programme national int\u00e9gr\u00e9 de ma\u00eetrise de l\u2019\u00e9nergie dans 6100 mosqu\u00e9es dans toute la Tunisie.\u00a0\" \/>\n<meta property=\"og:url\" content=\"https:\/\/kapitalis.com\/tunisie\/2023\/05\/29\/tunisie-programme-pour-reduire-la-consommation-delectricite-dans-les-mosquees\/\" \/>\n<meta property=\"og:site_name\" content=\"Kapitalis\" \/>\n<meta property=\"article:publisher\" content=\"https:\/\/www.facebook.com\/KapitalisInfo\/\" \/>\n<meta property=\"article:published_time\" content=\"2023-05-29T06:35:03+00:00\" \/>\n<meta property=\"article:modified_time\" content=\"2023-05-29T06:35:04+00:00\" \/>\n<meta property=\"og:image\" content=\"https:\/\/kapitalis.com\/tunisie\/wp-content\/uploads\/2023\/05\/Mosquee-Zitouna.jpg\" \/>\n\t<meta property=\"og:image:width\" content=\"1200\" \/>\n\t<meta property=\"og:image:height\" content=\"630\" \/>\n\t<meta property=\"og:image:type\" content=\"image\/jpeg\" \/>\n<meta name=\"author\" content=\"webmaster kapitalis\" \/>\n<meta name=\"twitter:card\" content=\"summary_large_image\" \/>\n<meta name=\"twitter:creator\" content=\"@KapitalisInfo\" \/>\n<meta name=\"twitter:site\" content=\"@KapitalisInfo\" \/>\n<meta name=\"twitter:label1\" content=\"\u00c9crit par\" \/>\n\t<meta name=\"twitter:data1\" content=\"webmaster kapitalis\" \/>\n\t<meta name=\"twitter:label2\" content=\"Dur\u00e9e de lecture estim\u00e9e\" \/>\n\t<meta name=\"twitter:data2\" content=\"3 minutes\" \/>\n<script type=\"application\/ld+json\" class=\"yoast-schema-graph\">{\"@context\":\"https:\/\/schema.org\",\"@graph\":[{\"@type\":\"Article\",\"@id\":\"https:\/\/kapitalis.com\/tunisie\/2023\/05\/29\/tunisie-programme-pour-reduire-la-consommation-delectricite-dans-les-mosquees\/#article\",\"isPartOf\":{\"@id\":\"https:\/\/kapitalis.com\/tunisie\/2023\/05\/29\/tunisie-programme-pour-reduire-la-consommation-delectricite-dans-les-mosquees\/\"},\"author\":{\"name\":\"webmaster kapitalis\",\"@id\":\"https:\/\/kapitalis.com\/tunisie\/#\/schema\/person\/d71f33a9ca44f7bad4698210b480c8e9\"},\"headline\":\"Tunisie\u00a0: programme pour r\u00e9duire la consommation d\u2019\u00e9lectricit\u00e9 dans les mosqu\u00e9es\",\"datePublished\":\"2023-05-29T06:35:03+00:00\",\"dateModified\":\"2023-05-29T06:35:04+00:00\",\"mainEntityOfPage\":{\"@id\":\"https:\/\/kapitalis.com\/tunisie\/2023\/05\/29\/tunisie-programme-pour-reduire-la-consommation-delectricite-dans-les-mosquees\/\"},\"wordCount\":479,\"commentCount\":1,\"publisher\":{\"@id\":\"https:\/\/kapitalis.com\/tunisie\/#organization\"},\"image\":{\"@id\":\"https:\/\/kapitalis.com\/tunisie\/2023\/05\/29\/tunisie-programme-pour-reduire-la-consommation-delectricite-dans-les-mosquees\/#primaryimage\"},\"thumbnailUrl\":\"https:\/\/kapitalis.com\/tunisie\/wp-content\/uploads\/2023\/05\/Mosquee-Zitouna.jpg\",\"keywords\":[\"Abdelkader Baccouche\",\"ANME\",\"autosuffisance \u00e9nerg\u00e9tique\",\"\u00e9lectricit\u00e9\",\"Fonds de transition \u00e9nerg\u00e9tique\",\"ma\u00eetrise de l\u2019\u00e9nergie\",\"mosqu\u00e9es\",\"Steg\",\"Tozeur\",\"Tunisie\"],\"articleSection\":[\"ECONOMIE\",\"Tunisie\"],\"inLanguage\":\"fr-FR\",\"potentialAction\":[{\"@type\":\"CommentAction\",\"name\":\"Comment\",\"target\":[\"https:\/\/kapitalis.com\/tunisie\/2023\/05\/29\/tunisie-programme-pour-reduire-la-consommation-delectricite-dans-les-mosquees\/#respond\"]}]},{\"@type\":\"WebPage\",\"@id\":\"https:\/\/kapitalis.com\/tunisie\/2023\/05\/29\/tunisie-programme-pour-reduire-la-consommation-delectricite-dans-les-mosquees\/\",\"url\":\"https:\/\/kapitalis.com\/tunisie\/2023\/05\/29\/tunisie-programme-pour-reduire-la-consommation-delectricite-dans-les-mosquees\/\",\"name\":\"Tunisie\u00a0: programme pour r\u00e9duire la consommation d\u2019\u00e9lectricit\u00e9 dans les mosqu\u00e9es - Kapitalis\",\"isPartOf\":{\"@id\":\"https:\/\/kapitalis.com\/tunisie\/#website\"},\"primaryImageOfPage\":{\"@id\":\"https:\/\/kapitalis.com\/tunisie\/2023\/05\/29\/tunisie-programme-pour-reduire-la-consommation-delectricite-dans-les-mosquees\/#primaryimage\"},\"image\":{\"@id\":\"https:\/\/kapitalis.com\/tunisie\/2023\/05\/29\/tunisie-programme-pour-reduire-la-consommation-delectricite-dans-les-mosquees\/#primaryimage\"},\"thumbnailUrl\":\"https:\/\/kapitalis.com\/tunisie\/wp-content\/uploads\/2023\/05\/Mosquee-Zitouna.jpg\",\"datePublished\":\"2023-05-29T06:35:03+00:00\",\"dateModified\":\"2023-05-29T06:35:04+00:00\",\"breadcrumb\":{\"@id\":\"https:\/\/kapitalis.com\/tunisie\/2023\/05\/29\/tunisie-programme-pour-reduire-la-consommation-delectricite-dans-les-mosquees\/#breadcrumb\"},\"inLanguage\":\"fr-FR\",\"potentialAction\":[{\"@type\":\"ReadAction\",\"target\":[\"https:\/\/kapitalis.com\/tunisie\/2023\/05\/29\/tunisie-programme-pour-reduire-la-consommation-delectricite-dans-les-mosquees\/\"]}]},{\"@type\":\"ImageObject\",\"inLanguage\":\"fr-FR\",\"@id\":\"https:\/\/kapitalis.com\/tunisie\/2023\/05\/29\/tunisie-programme-pour-reduire-la-consommation-delectricite-dans-les-mosquees\/#primaryimage\",\"url\":\"https:\/\/kapitalis.com\/tunisie\/wp-content\/uploads\/2023\/05\/Mosquee-Zitouna.jpg\",\"contentUrl\":\"https:\/\/kapitalis.com\/tunisie\/wp-content\/uploads\/2023\/05\/Mosquee-Zitouna.jpg\",\"width\":1200,\"height\":630},{\"@type\":\"BreadcrumbList\",\"@id\":\"https:\/\/kapitalis.com\/tunisie\/2023\/05\/29\/tunisie-programme-pour-reduire-la-consommation-delectricite-dans-les-mosquees\/#breadcrumb\",\"itemListElement\":[{\"@type\":\"ListItem\",\"position\":1,\"name\":\"Accueil\",\"item\":\"https:\/\/kapitalis.com\/tunisie\/\"},{\"@type\":\"ListItem\",\"position\":2,\"name\":\"Tunisie\u00a0: programme pour r\u00e9duire la consommation d\u2019\u00e9lectricit\u00e9 dans les mosqu\u00e9es\"}]},{\"@type\":\"WebSite\",\"@id\":\"https:\/\/kapitalis.com\/tunisie\/#website\",\"url\":\"https:\/\/kapitalis.com\/tunisie\/\",\"name\":\"Kapitalis\",\"description\":\"L&#039;actualit\u00e9 en Tunisie et dans le monde\",\"publisher\":{\"@id\":\"https:\/\/kapitalis.com\/tunisie\/#organization\"},\"potentialAction\":[{\"@type\":\"SearchAction\",\"target\":{\"@type\":\"EntryPoint\",\"urlTemplate\":\"https:\/\/kapitalis.com\/tunisie\/?s={search_term_string}\"},\"query-input\":{\"@type\":\"PropertyValueSpecification\",\"valueRequired\":true,\"valueName\":\"search_term_string\"}}],\"inLanguage\":\"fr-FR\"},{\"@type\":\"Organization\",\"@id\":\"https:\/\/kapitalis.com\/tunisie\/#organization\",\"name\":\"Kapitalis\",\"url\":\"https:\/\/kapitalis.com\/tunisie\/\",\"logo\":{\"@type\":\"ImageObject\",\"inLanguage\":\"fr-FR\",\"@id\":\"https:\/\/kapitalis.com\/tunisie\/#\/schema\/logo\/image\/\",\"url\":\"https:\/\/kapitalis.com\/tunisie\/wp-content\/uploads\/2022\/05\/Kapitalis-big-size.png\",\"contentUrl\":\"https:\/\/kapitalis.com\/tunisie\/wp-content\/uploads\/2022\/05\/Kapitalis-big-size.png\",\"width\":5000,\"height\":1500,\"caption\":\"Kapitalis\"},\"image\":{\"@id\":\"https:\/\/kapitalis.com\/tunisie\/#\/schema\/logo\/image\/\"},\"sameAs\":[\"https:\/\/www.facebook.com\/KapitalisInfo\/\",\"https:\/\/x.com\/KapitalisInfo\",\"https:\/\/www.youtube.com\/channel\/UC-yDYrHyfFBWWZaOw3FPg9Q\"]},{\"@type\":\"Person\",\"@id\":\"https:\/\/kapitalis.com\/tunisie\/#\/schema\/person\/d71f33a9ca44f7bad4698210b480c8e9\",\"name\":\"webmaster kapitalis\",\"url\":\"https:\/\/kapitalis.com\/tunisie\/author\/webmaster-kapitalis\/\"}]}<\/script>\n<!-- \/ Yoast SEO plugin. -->","yoast_head_json":{"title":"Tunisie\u00a0: programme pour r\u00e9duire la consommation d\u2019\u00e9lectricit\u00e9 dans les mosqu\u00e9es - Kapitalis","robots":{"index":"index","follow":"follow","max-snippet":"max-snippet:-1","max-image-preview":"max-image-preview:large","max-video-preview":"max-video-preview:-1"},"canonical":"https:\/\/kapitalis.com\/tunisie\/2023\/05\/29\/tunisie-programme-pour-reduire-la-consommation-delectricite-dans-les-mosquees\/","og_locale":"fr_FR","og_type":"article","og_title":"Tunisie\u00a0: programme pour r\u00e9duire la consommation d\u2019\u00e9lectricit\u00e9 dans les mosqu\u00e9es - Kapitalis","og_description":"Programme national int\u00e9gr\u00e9 de ma\u00eetrise de l\u2019\u00e9nergie dans 6100 mosqu\u00e9es dans toute la Tunisie.\u00a0","og_url":"https:\/\/kapitalis.com\/tunisie\/2023\/05\/29\/tunisie-programme-pour-reduire-la-consommation-delectricite-dans-les-mosquees\/","og_site_name":"Kapitalis","article_publisher":"https:\/\/www.facebook.com\/KapitalisInfo\/","article_published_time":"2023-05-29T06:35:03+00:00","article_modified_time":"2023-05-29T06:35:04+00:00","og_image":[{"width":1200,"height":630,"url":"https:\/\/kapitalis.com\/tunisie\/wp-content\/uploads\/2023\/05\/Mosquee-Zitouna.jpg","type":"image\/jpeg"}],"author":"webmaster kapitalis","twitter_card":"summary_large_image","twitter_creator":"@KapitalisInfo","twitter_site":"@KapitalisInfo","twitter_misc":{"\u00c9crit par":"webmaster kapitalis","Dur\u00e9e de lecture estim\u00e9e":"3 minutes"},"schema":{"@context":"https:\/\/schema.org","@graph":[{"@type":"Article","@id":"https:\/\/kapitalis.com\/tunisie\/2023\/05\/29\/tunisie-programme-pour-reduire-la-consommation-delectricite-dans-les-mosquees\/#article","isPartOf":{"@id":"https:\/\/kapitalis.com\/tunisie\/2023\/05\/29\/tunisie-programme-pour-reduire-la-consommation-delectricite-dans-les-mosquees\/"},"author":{"name":"webmaster kapitalis","@id":"https:\/\/kapitalis.com\/tunisie\/#\/schema\/person\/d71f33a9ca44f7bad4698210b480c8e9"},"headline":"Tunisie\u00a0: programme pour r\u00e9duire la consommation d\u2019\u00e9lectricit\u00e9 dans les mosqu\u00e9es","datePublished":"2023-05-29T06:35:03+00:00","dateModified":"2023-05-29T06:35:04+00:00","mainEntityOfPage":{"@id":"https:\/\/kapitalis.com\/tunisie\/2023\/05\/29\/tunisie-programme-pour-reduire-la-consommation-delectricite-dans-les-mosquees\/"},"wordCount":479,"commentCount":1,"publisher":{"@id":"https:\/\/kapitalis.com\/tunisie\/#organization"},"image":{"@id":"https:\/\/kapitalis.com\/tunisie\/2023\/05\/29\/tunisie-programme-pour-reduire-la-consommation-delectricite-dans-les-mosquees\/#primaryimage"},"thumbnailUrl":"https:\/\/kapitalis.com\/tunisie\/wp-content\/uploads\/2023\/05\/Mosquee-Zitouna.jpg","keywords":["Abdelkader Baccouche","ANME","autosuffisance \u00e9nerg\u00e9tique","\u00e9lectricit\u00e9","Fonds de transition \u00e9nerg\u00e9tique","ma\u00eetrise de l\u2019\u00e9nergie","mosqu\u00e9es","Steg","Tozeur","Tunisie"],"articleSection":["ECONOMIE","Tunisie"],"inLanguage":"fr-FR","potentialAction":[{"@type":"CommentAction","name":"Comment","target":["https:\/\/kapitalis.com\/tunisie\/2023\/05\/29\/tunisie-programme-pour-reduire-la-consommation-delectricite-dans-les-mosquees\/#respond"]}]},{"@type":"WebPage","@id":"https:\/\/kapitalis.com\/tunisie\/2023\/05\/29\/tunisie-programme-pour-reduire-la-consommation-delectricite-dans-les-mosquees\/","url":"https:\/\/kapitalis.com\/tunisie\/2023\/05\/29\/tunisie-programme-pour-reduire-la-consommation-delectricite-dans-les-mosquees\/","name":"Tunisie\u00a0: programme pour r\u00e9duire la consommation d\u2019\u00e9lectricit\u00e9 dans les mosqu\u00e9es - Kapitalis","isPartOf":{"@id":"https:\/\/kapitalis.com\/tunisie\/#website"},"primaryImageOfPage":{"@id":"https:\/\/kapitalis.com\/tunisie\/2023\/05\/29\/tunisie-programme-pour-reduire-la-consommation-delectricite-dans-les-mosquees\/#primaryimage"},"image":{"@id":"https:\/\/kapitalis.com\/tunisie\/2023\/05\/29\/tunisie-programme-pour-reduire-la-consommation-delectricite-dans-les-mosquees\/#primaryimage"},"thumbnailUrl":"https:\/\/kapitalis.com\/tunisie\/wp-content\/uploads\/2023\/05\/Mosquee-Zitouna.jpg","datePublished":"2023-05-29T06:35:03+00:00","dateModified":"2023-05-29T06:35:04+00:00","breadcrumb":{"@id":"https:\/\/kapitalis.com\/tunisie\/2023\/05\/29\/tunisie-programme-pour-reduire-la-consommation-delectricite-dans-les-mosquees\/#breadcrumb"},"inLanguage":"fr-FR","potentialAction":[{"@type":"ReadAction","target":["https:\/\/kapitalis.com\/tunisie\/2023\/05\/29\/tunisie-programme-pour-reduire-la-consommation-delectricite-dans-les-mosquees\/"]}]},{"@type":"ImageObject","inLanguage":"fr-FR","@id":"https:\/\/kapitalis.com\/tunisie\/2023\/05\/29\/tunisie-programme-pour-reduire-la-consommation-delectricite-dans-les-mosquees\/#primaryimage","url":"https:\/\/kapitalis.com\/tunisie\/wp-content\/uploads\/2023\/05\/Mosquee-Zitouna.jpg","contentUrl":"https:\/\/kapitalis.com\/tunisie\/wp-content\/uploads\/2023\/05\/Mosquee-Zitouna.jpg","width":1200,"height":630},{"@type":"BreadcrumbList","@id":"https:\/\/kapitalis.com\/tunisie\/2023\/05\/29\/tunisie-programme-pour-reduire-la-consommation-delectricite-dans-les-mosquees\/#breadcrumb","itemListElement":[{"@type":"ListItem","position":1,"name":"Accueil","item":"https:\/\/kapitalis.com\/tunisie\/"},{"@type":"ListItem","position":2,"name":"Tunisie\u00a0: programme pour r\u00e9duire la consommation d\u2019\u00e9lectricit\u00e9 dans les mosqu\u00e9es"}]},{"@type":"WebSite","@id":"https:\/\/kapitalis.com\/tunisie\/#website","url":"https:\/\/kapitalis.com\/tunisie\/","name":"Kapitalis","description":"L&#039;actualit\u00e9 en Tunisie et dans le monde","publisher":{"@id":"https:\/\/kapitalis.com\/tunisie\/#organization"},"potentialAction":[{"@type":"SearchAction","target":{"@type":"EntryPoint","urlTemplate":"https:\/\/kapitalis.com\/tunisie\/?s={search_term_string}"},"query-input":{"@type":"PropertyValueSpecification","valueRequired":true,"valueName":"search_term_string"}}],"inLanguage":"fr-FR"},{"@type":"Organization","@id":"https:\/\/kapitalis.com\/tunisie\/#organization","name":"Kapitalis","url":"https:\/\/kapitalis.com\/tunisie\/","logo":{"@type":"ImageObject","inLanguage":"fr-FR","@id":"https:\/\/kapitalis.com\/tunisie\/#\/schema\/logo\/image\/","url":"https:\/\/kapitalis.com\/tunisie\/wp-content\/uploads\/2022\/05\/Kapitalis-big-size.png","contentUrl":"https:\/\/kapitalis.com\/tunisie\/wp-content\/uploads\/2022\/05\/Kapitalis-big-size.png","width":5000,"height":1500,"caption":"Kapitalis"},"image":{"@id":"https:\/\/kapitalis.com\/tunisie\/#\/schema\/logo\/image\/"},"sameAs":["https:\/\/www.facebook.com\/KapitalisInfo\/","https:\/\/x.com\/KapitalisInfo","https:\/\/www.youtube.com\/channel\/UC-yDYrHyfFBWWZaOw3FPg9Q"]},{"@type":"Person","@id":"https:\/\/kapitalis.com\/tunisie\/#\/schema\/person\/d71f33a9ca44f7bad4698210b480c8e9","name":"webmaster kapitalis","url":"https:\/\/kapitalis.com\/tunisie\/author\/webmaster-kapitalis\/"}]}},"_links":{"self":[{"href":"https:\/\/kapitalis.com\/tunisie\/wp-json\/wp\/v2\/posts\/8091676","targetHints":{"allow":["GET"]}}],"collection":[{"href":"https:\/\/kapitalis.com\/tunisie\/wp-json\/wp\/v2\/posts"}],"about":[{"href":"https:\/\/kapitalis.com\/tunisie\/wp-json\/wp\/v2\/types\/post"}],"author":[{"embeddable":true,"href":"https:\/\/kapitalis.com\/tunisie\/wp-json\/wp\/v2\/users\/8"}],"replies":[{"embeddable":true,"href":"https:\/\/kapitalis.com\/tunisie\/wp-json\/wp\/v2\/comments?post=8091676"}],"version-history":[{"count":1,"href":"https:\/\/kapitalis.com\/tunisie\/wp-json\/wp\/v2\/posts\/8091676\/revisions"}],"predecessor-version":[{"id":8091723,"href":"https:\/\/kapitalis.com\/tunisie\/wp-json\/wp\/v2\/posts\/8091676\/revisions\/8091723"}],"wp:featuredmedia":[{"embeddable":true,"href":"https:\/\/kapitalis.com\/tunisie\/wp-json\/wp\/v2\/media\/8091720"}],"wp:attachment":[{"href":"https:\/\/kapitalis.com\/tunisie\/wp-json\/wp\/v2\/media?parent=8091676"}],"wp:term":[{"taxonomy":"category","embeddable":true,"href":"https:\/\/kapitalis.com\/tunisie\/wp-json\/wp\/v2\/categories?post=8091676"},{"taxonomy":"post_tag","embeddable":true,"href":"https:\/\/kapitalis.com\/tunisie\/wp-json\/wp\/v2\/tags?post=8091676"}],"curies":[{"name":"wp","href":"https:\/\/api.w.org\/{rel}","templated":true}]}}