{"id":8092298,"date":"2023-05-29T10:05:27","date_gmt":"2023-05-29T09:05:27","guid":{"rendered":"https:\/\/kapitalis.com\/tunisie\/?p=8092298"},"modified":"2023-05-29T10:05:30","modified_gmt":"2023-05-29T09:05:30","slug":"bel-abime-de-yamen-manai-remporte-le-prix-litteraire-de-larganier","status":"publish","type":"post","link":"https:\/\/kapitalis.com\/tunisie\/2023\/05\/29\/bel-abime-de-yamen-manai-remporte-le-prix-litteraire-de-larganier\/","title":{"rendered":"\u00ab\u00a0Bel ab\u00eeme\u00a0\u00bb de Yamen Mana\u00ef remporte le Prix litt\u00e9raire de l&rsquo;Arganier"},"content":{"rendered":"\n<p><strong><em>Un nouveau prix vient s\u2019ajouter au palmar\u00e8s du roman \u00ab\u00a0Bel ab\u00eeme\u00a0\u00bb de l\u2019\u00e9crivain tunisien Yamen Mana\u00ef qui vient de remporter le Prix litt\u00e9raire lyc\u00e9en de l\u2019Arganier.<\/em><\/strong><\/p>\n\n\n\n<!--more-->\n\n\n\n<p>\u00ab\u00a0<em>Bel ab\u00eeme<\/em>\u00a0\u00bb, dernier roman du jeune \u00e9crivain tunisien d\u2019expression fran\u00e7aise Yamen Mana\u00ef continue de s\u00e9duire un public de tout \u00e2ge et de tout horizon et notamment les jeunes. Apr\u00e8s le Prix des lyc\u00e9ens et apprentis de la r\u00e9gion Provence-Alpes-C\u00f4te d&rsquo;Azur puis des Pays de la Loire, il remporte \u00e9galement la 5<sup>e<\/sup> \u00e9dition du prix des lyc\u00e9ens de l\u2019Arganier au Maroc.<\/p>\n\n\n\n<p>\u00ab<em>\u00a0Bel ab\u00eeme<\/em>\u00a0\u00bb, paru aux \u00e9ditions Elyzad, est un conte philosophique \u00e0 travers lequel son auteur raconte l&rsquo;\u00e9veil au monde d&rsquo;un adolescent r\u00e9volt\u00e9 par les injustices qui l&rsquo;entourent. Le livre a jusque-l\u00e0 remport\u00e9 le Prix de la Litt\u00e9rature arabe 2022, le Prix Orange du Livre en Afrique 2022, Prix du Roman M\u00e9tis des lyc\u00e9ens 2022, Prix Texto Universit\u00e9 Sorbonne Nouvelle 2022, Prix de l\u2019Algue d\u2019Or 2022, le Prix La Passerelle 2022, Prix Flaubert 2022, Prix Micheline 2021, la Mention sp\u00e9ciale du Prix Ahmed Baba de la Litt\u00e9rature africaine 2022, la Mention sp\u00e9ciale du Prix du Roman M\u00e9tis des Lecteurs 2022.<\/p>\n\n\n\n<p class=\"has-text-align-right\"><strong>F.B<\/strong><\/p>\n","protected":false},"excerpt":{"rendered":"<p>Un nouveau prix vient s\u2019ajouter au palmar\u00e8s du roman \u00ab\u00a0Bel ab\u00eeme\u00a0\u00bb de l\u2019\u00e9crivain tunisien Yamen Mana\u00ef qui vient de remporter le Prix litt\u00e9raire lyc\u00e9en de l\u2019Arganier.<\/p>\n","protected":false},"author":26,"featured_media":8092566,"comment_status":"open","ping_status":"open","sticky":false,"template":"","format":"standard","meta":{"footnotes":""},"categories":[994,2433],"tags":[89989,86364,108979,62643,100333],"class_list":["post-8092298","post","type-post","status-publish","format-standard","has-post-thumbnail","hentry","category-culture","category-tunisie","tag-bel-abime","tag-litterature-tunisienne-francophone","tag-prix-de-larganier","tag-tunisie","tag-yamen-manai-2"],"yoast_head":"<!-- This site is optimized with the Yoast SEO plugin v26.6 - https:\/\/yoast.com\/wordpress\/plugins\/seo\/ -->\n<title>&quot;Bel ab\u00eeme&quot; de Yamen Mana\u00ef remporte le Prix litt\u00e9raire de l&#039;Arganier - Kapitalis<\/title>\n<meta name=\"robots\" content=\"index, follow, max-snippet:-1, max-image-preview:large, max-video-preview:-1\" \/>\n<link rel=\"canonical\" href=\"https:\/\/kapitalis.com\/tunisie\/2023\/05\/29\/bel-abime-de-yamen-manai-remporte-le-prix-litteraire-de-larganier\/\" \/>\n<meta property=\"og:locale\" content=\"fr_FR\" \/>\n<meta property=\"og:type\" content=\"article\" \/>\n<meta property=\"og:title\" content=\"&quot;Bel ab\u00eeme&quot; de Yamen Mana\u00ef remporte le Prix litt\u00e9raire de l&#039;Arganier - Kapitalis\" \/>\n<meta property=\"og:description\" content=\"Un nouveau prix vient s\u2019ajouter au palmar\u00e8s du roman \u00ab\u00a0Bel ab\u00eeme\u00a0\u00bb de l\u2019\u00e9crivain tunisien Yamen Mana\u00ef qui vient de remporter le Prix litt\u00e9raire lyc\u00e9en de l\u2019Arganier.\" \/>\n<meta property=\"og:url\" content=\"https:\/\/kapitalis.com\/tunisie\/2023\/05\/29\/bel-abime-de-yamen-manai-remporte-le-prix-litteraire-de-larganier\/\" \/>\n<meta property=\"og:site_name\" content=\"Kapitalis\" \/>\n<meta property=\"article:publisher\" content=\"https:\/\/www.facebook.com\/KapitalisInfo\/\" \/>\n<meta property=\"article:published_time\" content=\"2023-05-29T09:05:27+00:00\" \/>\n<meta property=\"article:modified_time\" content=\"2023-05-29T09:05:30+00:00\" \/>\n<meta property=\"og:image\" content=\"https:\/\/kapitalis.com\/tunisie\/wp-content\/uploads\/2023\/05\/Bel-abime-_-prix-de-lArganier.jpg\" \/>\n\t<meta property=\"og:image:width\" content=\"1200\" \/>\n\t<meta property=\"og:image:height\" content=\"630\" \/>\n\t<meta property=\"og:image:type\" content=\"image\/jpeg\" \/>\n<meta name=\"author\" content=\"Fawz BenAli\" \/>\n<meta name=\"twitter:card\" content=\"summary_large_image\" \/>\n<meta name=\"twitter:creator\" content=\"@KapitalisInfo\" \/>\n<meta name=\"twitter:site\" content=\"@KapitalisInfo\" \/>\n<meta name=\"twitter:label1\" content=\"\u00c9crit par\" \/>\n\t<meta name=\"twitter:data1\" content=\"Fawz BenAli\" \/>\n\t<meta name=\"twitter:label2\" content=\"Dur\u00e9e de lecture estim\u00e9e\" \/>\n\t<meta name=\"twitter:data2\" content=\"1 minute\" \/>\n<script type=\"application\/ld+json\" class=\"yoast-schema-graph\">{\"@context\":\"https:\/\/schema.org\",\"@graph\":[{\"@type\":\"Article\",\"@id\":\"https:\/\/kapitalis.com\/tunisie\/2023\/05\/29\/bel-abime-de-yamen-manai-remporte-le-prix-litteraire-de-larganier\/#article\",\"isPartOf\":{\"@id\":\"https:\/\/kapitalis.com\/tunisie\/2023\/05\/29\/bel-abime-de-yamen-manai-remporte-le-prix-litteraire-de-larganier\/\"},\"author\":{\"name\":\"Fawz BenAli\",\"@id\":\"https:\/\/kapitalis.com\/tunisie\/#\/schema\/person\/73a5ecc1f6ae540c6ed91342eadca948\"},\"headline\":\"\u00ab\u00a0Bel ab\u00eeme\u00a0\u00bb de Yamen Mana\u00ef remporte le Prix litt\u00e9raire de l&rsquo;Arganier\",\"datePublished\":\"2023-05-29T09:05:27+00:00\",\"dateModified\":\"2023-05-29T09:05:30+00:00\",\"mainEntityOfPage\":{\"@id\":\"https:\/\/kapitalis.com\/tunisie\/2023\/05\/29\/bel-abime-de-yamen-manai-remporte-le-prix-litteraire-de-larganier\/\"},\"wordCount\":218,\"commentCount\":0,\"publisher\":{\"@id\":\"https:\/\/kapitalis.com\/tunisie\/#organization\"},\"image\":{\"@id\":\"https:\/\/kapitalis.com\/tunisie\/2023\/05\/29\/bel-abime-de-yamen-manai-remporte-le-prix-litteraire-de-larganier\/#primaryimage\"},\"thumbnailUrl\":\"https:\/\/kapitalis.com\/tunisie\/wp-content\/uploads\/2023\/05\/Bel-abime-_-prix-de-lArganier.jpg\",\"keywords\":[\"Bel ab\u00eeme\",\"litt\u00e9rature tunisienne francophone\",\"Prix de l&#039;Arganier\",\"Tunisie\",\"Yamen Mana\u00ef\"],\"articleSection\":[\"CULTURE\",\"Tunisie\"],\"inLanguage\":\"fr-FR\",\"potentialAction\":[{\"@type\":\"CommentAction\",\"name\":\"Comment\",\"target\":[\"https:\/\/kapitalis.com\/tunisie\/2023\/05\/29\/bel-abime-de-yamen-manai-remporte-le-prix-litteraire-de-larganier\/#respond\"]}]},{\"@type\":\"WebPage\",\"@id\":\"https:\/\/kapitalis.com\/tunisie\/2023\/05\/29\/bel-abime-de-yamen-manai-remporte-le-prix-litteraire-de-larganier\/\",\"url\":\"https:\/\/kapitalis.com\/tunisie\/2023\/05\/29\/bel-abime-de-yamen-manai-remporte-le-prix-litteraire-de-larganier\/\",\"name\":\"\\\"Bel ab\u00eeme\\\" de Yamen Mana\u00ef remporte le Prix litt\u00e9raire de l'Arganier - Kapitalis\",\"isPartOf\":{\"@id\":\"https:\/\/kapitalis.com\/tunisie\/#website\"},\"primaryImageOfPage\":{\"@id\":\"https:\/\/kapitalis.com\/tunisie\/2023\/05\/29\/bel-abime-de-yamen-manai-remporte-le-prix-litteraire-de-larganier\/#primaryimage\"},\"image\":{\"@id\":\"https:\/\/kapitalis.com\/tunisie\/2023\/05\/29\/bel-abime-de-yamen-manai-remporte-le-prix-litteraire-de-larganier\/#primaryimage\"},\"thumbnailUrl\":\"https:\/\/kapitalis.com\/tunisie\/wp-content\/uploads\/2023\/05\/Bel-abime-_-prix-de-lArganier.jpg\",\"datePublished\":\"2023-05-29T09:05:27+00:00\",\"dateModified\":\"2023-05-29T09:05:30+00:00\",\"breadcrumb\":{\"@id\":\"https:\/\/kapitalis.com\/tunisie\/2023\/05\/29\/bel-abime-de-yamen-manai-remporte-le-prix-litteraire-de-larganier\/#breadcrumb\"},\"inLanguage\":\"fr-FR\",\"potentialAction\":[{\"@type\":\"ReadAction\",\"target\":[\"https:\/\/kapitalis.com\/tunisie\/2023\/05\/29\/bel-abime-de-yamen-manai-remporte-le-prix-litteraire-de-larganier\/\"]}]},{\"@type\":\"ImageObject\",\"inLanguage\":\"fr-FR\",\"@id\":\"https:\/\/kapitalis.com\/tunisie\/2023\/05\/29\/bel-abime-de-yamen-manai-remporte-le-prix-litteraire-de-larganier\/#primaryimage\",\"url\":\"https:\/\/kapitalis.com\/tunisie\/wp-content\/uploads\/2023\/05\/Bel-abime-_-prix-de-lArganier.jpg\",\"contentUrl\":\"https:\/\/kapitalis.com\/tunisie\/wp-content\/uploads\/2023\/05\/Bel-abime-_-prix-de-lArganier.jpg\",\"width\":1200,\"height\":630},{\"@type\":\"BreadcrumbList\",\"@id\":\"https:\/\/kapitalis.com\/tunisie\/2023\/05\/29\/bel-abime-de-yamen-manai-remporte-le-prix-litteraire-de-larganier\/#breadcrumb\",\"itemListElement\":[{\"@type\":\"ListItem\",\"position\":1,\"name\":\"Accueil\",\"item\":\"https:\/\/kapitalis.com\/tunisie\/\"},{\"@type\":\"ListItem\",\"position\":2,\"name\":\"\u00ab\u00a0Bel ab\u00eeme\u00a0\u00bb de Yamen Mana\u00ef remporte le Prix litt\u00e9raire de l&rsquo;Arganier\"}]},{\"@type\":\"WebSite\",\"@id\":\"https:\/\/kapitalis.com\/tunisie\/#website\",\"url\":\"https:\/\/kapitalis.com\/tunisie\/\",\"name\":\"Kapitalis\",\"description\":\"L&#039;actualit\u00e9 en Tunisie et dans le monde\",\"publisher\":{\"@id\":\"https:\/\/kapitalis.com\/tunisie\/#organization\"},\"potentialAction\":[{\"@type\":\"SearchAction\",\"target\":{\"@type\":\"EntryPoint\",\"urlTemplate\":\"https:\/\/kapitalis.com\/tunisie\/?s={search_term_string}\"},\"query-input\":{\"@type\":\"PropertyValueSpecification\",\"valueRequired\":true,\"valueName\":\"search_term_string\"}}],\"inLanguage\":\"fr-FR\"},{\"@type\":\"Organization\",\"@id\":\"https:\/\/kapitalis.com\/tunisie\/#organization\",\"name\":\"Kapitalis\",\"url\":\"https:\/\/kapitalis.com\/tunisie\/\",\"logo\":{\"@type\":\"ImageObject\",\"inLanguage\":\"fr-FR\",\"@id\":\"https:\/\/kapitalis.com\/tunisie\/#\/schema\/logo\/image\/\",\"url\":\"https:\/\/kapitalis.com\/tunisie\/wp-content\/uploads\/2022\/05\/Kapitalis-big-size.png\",\"contentUrl\":\"https:\/\/kapitalis.com\/tunisie\/wp-content\/uploads\/2022\/05\/Kapitalis-big-size.png\",\"width\":5000,\"height\":1500,\"caption\":\"Kapitalis\"},\"image\":{\"@id\":\"https:\/\/kapitalis.com\/tunisie\/#\/schema\/logo\/image\/\"},\"sameAs\":[\"https:\/\/www.facebook.com\/KapitalisInfo\/\",\"https:\/\/x.com\/KapitalisInfo\",\"https:\/\/www.youtube.com\/channel\/UC-yDYrHyfFBWWZaOw3FPg9Q\"]},{\"@type\":\"Person\",\"@id\":\"https:\/\/kapitalis.com\/tunisie\/#\/schema\/person\/73a5ecc1f6ae540c6ed91342eadca948\",\"name\":\"Fawz BenAli\",\"url\":\"https:\/\/kapitalis.com\/tunisie\/author\/fawz\/\"}]}<\/script>\n<!-- \/ Yoast SEO plugin. -->","yoast_head_json":{"title":"\"Bel ab\u00eeme\" de Yamen Mana\u00ef remporte le Prix litt\u00e9raire de l'Arganier - Kapitalis","robots":{"index":"index","follow":"follow","max-snippet":"max-snippet:-1","max-image-preview":"max-image-preview:large","max-video-preview":"max-video-preview:-1"},"canonical":"https:\/\/kapitalis.com\/tunisie\/2023\/05\/29\/bel-abime-de-yamen-manai-remporte-le-prix-litteraire-de-larganier\/","og_locale":"fr_FR","og_type":"article","og_title":"\"Bel ab\u00eeme\" de Yamen Mana\u00ef remporte le Prix litt\u00e9raire de l'Arganier - Kapitalis","og_description":"Un nouveau prix vient s\u2019ajouter au palmar\u00e8s du roman \u00ab\u00a0Bel ab\u00eeme\u00a0\u00bb de l\u2019\u00e9crivain tunisien Yamen Mana\u00ef qui vient de remporter le Prix litt\u00e9raire lyc\u00e9en de l\u2019Arganier.","og_url":"https:\/\/kapitalis.com\/tunisie\/2023\/05\/29\/bel-abime-de-yamen-manai-remporte-le-prix-litteraire-de-larganier\/","og_site_name":"Kapitalis","article_publisher":"https:\/\/www.facebook.com\/KapitalisInfo\/","article_published_time":"2023-05-29T09:05:27+00:00","article_modified_time":"2023-05-29T09:05:30+00:00","og_image":[{"width":1200,"height":630,"url":"https:\/\/kapitalis.com\/tunisie\/wp-content\/uploads\/2023\/05\/Bel-abime-_-prix-de-lArganier.jpg","type":"image\/jpeg"}],"author":"Fawz BenAli","twitter_card":"summary_large_image","twitter_creator":"@KapitalisInfo","twitter_site":"@KapitalisInfo","twitter_misc":{"\u00c9crit par":"Fawz BenAli","Dur\u00e9e de lecture estim\u00e9e":"1 minute"},"schema":{"@context":"https:\/\/schema.org","@graph":[{"@type":"Article","@id":"https:\/\/kapitalis.com\/tunisie\/2023\/05\/29\/bel-abime-de-yamen-manai-remporte-le-prix-litteraire-de-larganier\/#article","isPartOf":{"@id":"https:\/\/kapitalis.com\/tunisie\/2023\/05\/29\/bel-abime-de-yamen-manai-remporte-le-prix-litteraire-de-larganier\/"},"author":{"name":"Fawz BenAli","@id":"https:\/\/kapitalis.com\/tunisie\/#\/schema\/person\/73a5ecc1f6ae540c6ed91342eadca948"},"headline":"\u00ab\u00a0Bel ab\u00eeme\u00a0\u00bb de Yamen Mana\u00ef remporte le Prix litt\u00e9raire de l&rsquo;Arganier","datePublished":"2023-05-29T09:05:27+00:00","dateModified":"2023-05-29T09:05:30+00:00","mainEntityOfPage":{"@id":"https:\/\/kapitalis.com\/tunisie\/2023\/05\/29\/bel-abime-de-yamen-manai-remporte-le-prix-litteraire-de-larganier\/"},"wordCount":218,"commentCount":0,"publisher":{"@id":"https:\/\/kapitalis.com\/tunisie\/#organization"},"image":{"@id":"https:\/\/kapitalis.com\/tunisie\/2023\/05\/29\/bel-abime-de-yamen-manai-remporte-le-prix-litteraire-de-larganier\/#primaryimage"},"thumbnailUrl":"https:\/\/kapitalis.com\/tunisie\/wp-content\/uploads\/2023\/05\/Bel-abime-_-prix-de-lArganier.jpg","keywords":["Bel ab\u00eeme","litt\u00e9rature tunisienne francophone","Prix de l&#039;Arganier","Tunisie","Yamen Mana\u00ef"],"articleSection":["CULTURE","Tunisie"],"inLanguage":"fr-FR","potentialAction":[{"@type":"CommentAction","name":"Comment","target":["https:\/\/kapitalis.com\/tunisie\/2023\/05\/29\/bel-abime-de-yamen-manai-remporte-le-prix-litteraire-de-larganier\/#respond"]}]},{"@type":"WebPage","@id":"https:\/\/kapitalis.com\/tunisie\/2023\/05\/29\/bel-abime-de-yamen-manai-remporte-le-prix-litteraire-de-larganier\/","url":"https:\/\/kapitalis.com\/tunisie\/2023\/05\/29\/bel-abime-de-yamen-manai-remporte-le-prix-litteraire-de-larganier\/","name":"\"Bel ab\u00eeme\" de Yamen Mana\u00ef remporte le Prix litt\u00e9raire de l'Arganier - Kapitalis","isPartOf":{"@id":"https:\/\/kapitalis.com\/tunisie\/#website"},"primaryImageOfPage":{"@id":"https:\/\/kapitalis.com\/tunisie\/2023\/05\/29\/bel-abime-de-yamen-manai-remporte-le-prix-litteraire-de-larganier\/#primaryimage"},"image":{"@id":"https:\/\/kapitalis.com\/tunisie\/2023\/05\/29\/bel-abime-de-yamen-manai-remporte-le-prix-litteraire-de-larganier\/#primaryimage"},"thumbnailUrl":"https:\/\/kapitalis.com\/tunisie\/wp-content\/uploads\/2023\/05\/Bel-abime-_-prix-de-lArganier.jpg","datePublished":"2023-05-29T09:05:27+00:00","dateModified":"2023-05-29T09:05:30+00:00","breadcrumb":{"@id":"https:\/\/kapitalis.com\/tunisie\/2023\/05\/29\/bel-abime-de-yamen-manai-remporte-le-prix-litteraire-de-larganier\/#breadcrumb"},"inLanguage":"fr-FR","potentialAction":[{"@type":"ReadAction","target":["https:\/\/kapitalis.com\/tunisie\/2023\/05\/29\/bel-abime-de-yamen-manai-remporte-le-prix-litteraire-de-larganier\/"]}]},{"@type":"ImageObject","inLanguage":"fr-FR","@id":"https:\/\/kapitalis.com\/tunisie\/2023\/05\/29\/bel-abime-de-yamen-manai-remporte-le-prix-litteraire-de-larganier\/#primaryimage","url":"https:\/\/kapitalis.com\/tunisie\/wp-content\/uploads\/2023\/05\/Bel-abime-_-prix-de-lArganier.jpg","contentUrl":"https:\/\/kapitalis.com\/tunisie\/wp-content\/uploads\/2023\/05\/Bel-abime-_-prix-de-lArganier.jpg","width":1200,"height":630},{"@type":"BreadcrumbList","@id":"https:\/\/kapitalis.com\/tunisie\/2023\/05\/29\/bel-abime-de-yamen-manai-remporte-le-prix-litteraire-de-larganier\/#breadcrumb","itemListElement":[{"@type":"ListItem","position":1,"name":"Accueil","item":"https:\/\/kapitalis.com\/tunisie\/"},{"@type":"ListItem","position":2,"name":"\u00ab\u00a0Bel ab\u00eeme\u00a0\u00bb de Yamen Mana\u00ef remporte le Prix litt\u00e9raire de l&rsquo;Arganier"}]},{"@type":"WebSite","@id":"https:\/\/kapitalis.com\/tunisie\/#website","url":"https:\/\/kapitalis.com\/tunisie\/","name":"Kapitalis","description":"L&#039;actualit\u00e9 en Tunisie et dans le monde","publisher":{"@id":"https:\/\/kapitalis.com\/tunisie\/#organization"},"potentialAction":[{"@type":"SearchAction","target":{"@type":"EntryPoint","urlTemplate":"https:\/\/kapitalis.com\/tunisie\/?s={search_term_string}"},"query-input":{"@type":"PropertyValueSpecification","valueRequired":true,"valueName":"search_term_string"}}],"inLanguage":"fr-FR"},{"@type":"Organization","@id":"https:\/\/kapitalis.com\/tunisie\/#organization","name":"Kapitalis","url":"https:\/\/kapitalis.com\/tunisie\/","logo":{"@type":"ImageObject","inLanguage":"fr-FR","@id":"https:\/\/kapitalis.com\/tunisie\/#\/schema\/logo\/image\/","url":"https:\/\/kapitalis.com\/tunisie\/wp-content\/uploads\/2022\/05\/Kapitalis-big-size.png","contentUrl":"https:\/\/kapitalis.com\/tunisie\/wp-content\/uploads\/2022\/05\/Kapitalis-big-size.png","width":5000,"height":1500,"caption":"Kapitalis"},"image":{"@id":"https:\/\/kapitalis.com\/tunisie\/#\/schema\/logo\/image\/"},"sameAs":["https:\/\/www.facebook.com\/KapitalisInfo\/","https:\/\/x.com\/KapitalisInfo","https:\/\/www.youtube.com\/channel\/UC-yDYrHyfFBWWZaOw3FPg9Q"]},{"@type":"Person","@id":"https:\/\/kapitalis.com\/tunisie\/#\/schema\/person\/73a5ecc1f6ae540c6ed91342eadca948","name":"Fawz BenAli","url":"https:\/\/kapitalis.com\/tunisie\/author\/fawz\/"}]}},"_links":{"self":[{"href":"https:\/\/kapitalis.com\/tunisie\/wp-json\/wp\/v2\/posts\/8092298","targetHints":{"allow":["GET"]}}],"collection":[{"href":"https:\/\/kapitalis.com\/tunisie\/wp-json\/wp\/v2\/posts"}],"about":[{"href":"https:\/\/kapitalis.com\/tunisie\/wp-json\/wp\/v2\/types\/post"}],"author":[{"embeddable":true,"href":"https:\/\/kapitalis.com\/tunisie\/wp-json\/wp\/v2\/users\/26"}],"replies":[{"embeddable":true,"href":"https:\/\/kapitalis.com\/tunisie\/wp-json\/wp\/v2\/comments?post=8092298"}],"version-history":[{"count":1,"href":"https:\/\/kapitalis.com\/tunisie\/wp-json\/wp\/v2\/posts\/8092298\/revisions"}],"predecessor-version":[{"id":8092590,"href":"https:\/\/kapitalis.com\/tunisie\/wp-json\/wp\/v2\/posts\/8092298\/revisions\/8092590"}],"wp:featuredmedia":[{"embeddable":true,"href":"https:\/\/kapitalis.com\/tunisie\/wp-json\/wp\/v2\/media\/8092566"}],"wp:attachment":[{"href":"https:\/\/kapitalis.com\/tunisie\/wp-json\/wp\/v2\/media?parent=8092298"}],"wp:term":[{"taxonomy":"category","embeddable":true,"href":"https:\/\/kapitalis.com\/tunisie\/wp-json\/wp\/v2\/categories?post=8092298"},{"taxonomy":"post_tag","embeddable":true,"href":"https:\/\/kapitalis.com\/tunisie\/wp-json\/wp\/v2\/tags?post=8092298"}],"curies":[{"name":"wp","href":"https:\/\/api.w.org\/{rel}","templated":true}]}}