{"id":8096420,"date":"2023-05-29T19:34:59","date_gmt":"2023-05-29T18:34:59","guid":{"rendered":"https:\/\/kapitalis.com\/tunisie\/?p=8096420"},"modified":"2023-05-29T19:36:28","modified_gmt":"2023-05-29T18:36:28","slug":"snjt-les-journalistes-de-radio-monastir-boycottent-le-gouverneur-de-la-region","status":"publish","type":"post","link":"https:\/\/kapitalis.com\/tunisie\/2023\/05\/29\/snjt-les-journalistes-de-radio-monastir-boycottent-le-gouverneur-de-la-region\/","title":{"rendered":"SNJT : Les journalistes de Radio Monastir boycottent le gouverneur de la r\u00e9gion"},"content":{"rendered":"\n<p><em><strong>Le syndicat des journalistes tunisiens (SNJT) a annonc\u00e9 ce lundi 29 mai 2023, que les journalistes de Radio Monastir ont d\u00e9cid\u00e9 de boycotter le gouverneur Mondher Ben Sik, en expliquant cette d\u00e9cision par des abus et des pressions exerc\u00e9es sur les journalistes<\/strong><\/em><\/p>\n\n\n\n<!--more-->\n\n\n\n<p>Dans son communiqu\u00e9, le SNJT accuse le gouverneur d&rsquo;avoir exerc\u00e9 des pressions sur les journalistes de la radio,  \u00e0 travers des correspondances, et\/ou lors de leurs couvertures sur terrain, et ce, \u00e0 de nombreuses reprises.<\/p>\n\n\n\n<p>La m\u00eame source ajoute que le gouverneur s&rsquo;est m\u00eame adress\u00e9 sur un ton mena\u00e7ant au journaliste \u00e0 Hatem Belhouche en lui lan\u00e7ant : <em>\u00abN&rsquo;oubliez pas, je suis votre patron\u00bb, <\/em>se permettant \u00e9galement d&rsquo;interroger les journalistes sur leurs activit\u00e9s quotidiennes.<\/p>\n\n\n\n<p>Le SNJT a \u00e9galement affirm\u00e9 qu&rsquo;\u00e0 l&rsquo;occasion de la visite du pr\u00e9sident Ka\u00efs Sa\u00efed en avril dernier \u00e0 Monastir, le gouverneur a charg\u00e9 des agents d\u2019emp\u00eacher une journaliste d&rsquo;effectuer son travail et de poser des questions, ajoutant que celle-ci a m\u00eame \u00e9t\u00e9 agress\u00e9e !<\/p>\n\n\n\n<p>Pour toutes ces raisons, les journalistes de Radio Monastir ont d\u00e9cid\u00e9 de \u00ab<em>boycotter les activit\u00e9s du gouverneur, tout en exigeant des excuses pour son comportement inadmissible rappelant les anciens r\u00e9gimes<\/em>\u00bb, d\u00e9plore encore le SNJT et r\u00e9affirmant <em>\u00abson adh\u00e9sion \u00e0 l&rsquo;ind\u00e9pendance de la ligne \u00e9ditoriale de la radio et de toutes les institutions m\u00e9diatiques publiques et priv\u00e9es en tant que service public fond\u00e9 sur le service de l&rsquo;int\u00e9r\u00eat g\u00e9n\u00e9ral\u00bb.<\/em><\/p>\n\n\n\n<p>Enfin, le Syndicat qui soutient la d\u00e9cision des journalistes de Radio Monastir, appelle la pr\u00e9sidence du gouvernement et le minist\u00e8re de l&rsquo;Int\u00e9rieur <em>\u00ab\u00e0 mettre un terme \u00e0 ces pratiques irresponsables du gouverneur\u00bb.<\/em><\/p>\n\n\n\n<p class=\"has-text-align-right\"><strong>Y. N.<\/strong><\/p>\n","protected":false},"excerpt":{"rendered":"<p>SNJT : Les journalistes de Radio Monastir boycottent le gouverneur de la r\u00e9gion<\/p>\n","protected":false},"author":6,"featured_media":8096638,"comment_status":"open","ping_status":"open","sticky":false,"template":"","format":"standard","meta":{"footnotes":""},"categories":[996,997,2433],"tags":[5590,419,1459,108989,85205,838,1395,62643],"class_list":["post-8096420","post","type-post","status-publish","format-standard","has-post-thumbnail","hentry","category-media","category-politique","category-tunisie","tag-boycott","tag-gouverneur","tag-journalistes","tag-mondher-ben-sik","tag-radio-monastir","tag-snjt","tag-syndicats","tag-tunisie"],"yoast_head":"<!-- This site is optimized with the Yoast SEO plugin v26.6 - https:\/\/yoast.com\/wordpress\/plugins\/seo\/ -->\n<title>SNJT : Les journalistes de Radio Monastir boycottent le gouverneur de la r\u00e9gion - Kapitalis<\/title>\n<meta name=\"description\" content=\"Le syndicat des journalistes tunisiens (SNJT) a annonc\u00e9 ce lundi 29 mai 2023, que les journalistes de Radio Monastir ont d\u00e9cid\u00e9 de boycotter le gouverneur Mondher Ben Sik, en expliquant cette d\u00e9cision par des abus et des pressions exerc\u00e9es sur les journalistes\" \/>\n<meta name=\"robots\" content=\"index, follow, max-snippet:-1, max-image-preview:large, max-video-preview:-1\" \/>\n<link rel=\"canonical\" href=\"https:\/\/kapitalis.com\/tunisie\/2023\/05\/29\/snjt-les-journalistes-de-radio-monastir-boycottent-le-gouverneur-de-la-region\/\" \/>\n<meta property=\"og:locale\" content=\"fr_FR\" \/>\n<meta property=\"og:type\" content=\"article\" \/>\n<meta property=\"og:title\" content=\"SNJT : Les journalistes de Radio Monastir boycottent le gouverneur de la r\u00e9gion - Kapitalis\" \/>\n<meta property=\"og:description\" content=\"Le syndicat des journalistes tunisiens (SNJT) a annonc\u00e9 ce lundi 29 mai 2023, que les journalistes de Radio Monastir ont d\u00e9cid\u00e9 de boycotter le gouverneur Mondher Ben Sik, en expliquant cette d\u00e9cision par des abus et des pressions exerc\u00e9es sur les journalistes\" \/>\n<meta property=\"og:url\" content=\"https:\/\/kapitalis.com\/tunisie\/2023\/05\/29\/snjt-les-journalistes-de-radio-monastir-boycottent-le-gouverneur-de-la-region\/\" \/>\n<meta property=\"og:site_name\" content=\"Kapitalis\" \/>\n<meta property=\"article:publisher\" content=\"https:\/\/www.facebook.com\/KapitalisInfo\/\" \/>\n<meta property=\"article:published_time\" content=\"2023-05-29T18:34:59+00:00\" \/>\n<meta property=\"article:modified_time\" content=\"2023-05-29T18:36:28+00:00\" \/>\n<meta property=\"og:image\" content=\"https:\/\/kapitalis.com\/tunisie\/wp-content\/uploads\/2023\/05\/SNJT-Radio-Monastir.jpg\" \/>\n\t<meta property=\"og:image:width\" content=\"1200\" \/>\n\t<meta property=\"og:image:height\" content=\"630\" \/>\n\t<meta property=\"og:image:type\" content=\"image\/jpeg\" \/>\n<meta name=\"author\" content=\"Yusra NY\" \/>\n<meta name=\"twitter:card\" content=\"summary_large_image\" \/>\n<meta name=\"twitter:creator\" content=\"@KapitalisInfo\" \/>\n<meta name=\"twitter:site\" content=\"@KapitalisInfo\" \/>\n<meta name=\"twitter:label1\" content=\"\u00c9crit par\" \/>\n\t<meta name=\"twitter:data1\" content=\"Yusra NY\" \/>\n\t<meta name=\"twitter:label2\" content=\"Dur\u00e9e de lecture estim\u00e9e\" \/>\n\t<meta name=\"twitter:data2\" content=\"2 minutes\" \/>\n<script type=\"application\/ld+json\" class=\"yoast-schema-graph\">{\"@context\":\"https:\/\/schema.org\",\"@graph\":[{\"@type\":\"Article\",\"@id\":\"https:\/\/kapitalis.com\/tunisie\/2023\/05\/29\/snjt-les-journalistes-de-radio-monastir-boycottent-le-gouverneur-de-la-region\/#article\",\"isPartOf\":{\"@id\":\"https:\/\/kapitalis.com\/tunisie\/2023\/05\/29\/snjt-les-journalistes-de-radio-monastir-boycottent-le-gouverneur-de-la-region\/\"},\"author\":{\"name\":\"Yusra NY\",\"@id\":\"https:\/\/kapitalis.com\/tunisie\/#\/schema\/person\/74bbde0154d49d790a92aaeac5bc01d5\"},\"headline\":\"SNJT : Les journalistes de Radio Monastir boycottent le gouverneur de la r\u00e9gion\",\"datePublished\":\"2023-05-29T18:34:59+00:00\",\"dateModified\":\"2023-05-29T18:36:28+00:00\",\"mainEntityOfPage\":{\"@id\":\"https:\/\/kapitalis.com\/tunisie\/2023\/05\/29\/snjt-les-journalistes-de-radio-monastir-boycottent-le-gouverneur-de-la-region\/\"},\"wordCount\":297,\"commentCount\":0,\"publisher\":{\"@id\":\"https:\/\/kapitalis.com\/tunisie\/#organization\"},\"image\":{\"@id\":\"https:\/\/kapitalis.com\/tunisie\/2023\/05\/29\/snjt-les-journalistes-de-radio-monastir-boycottent-le-gouverneur-de-la-region\/#primaryimage\"},\"thumbnailUrl\":\"https:\/\/kapitalis.com\/tunisie\/wp-content\/uploads\/2023\/05\/SNJT-Radio-Monastir.jpg\",\"keywords\":[\"boycott\",\"gouverneur\",\"journalistes\",\"Mondher Ben Sik\",\"Radio Monastir\",\"SNJT\",\"syndicats\",\"Tunisie\"],\"articleSection\":[\"MEDIA\",\"POLITIQUE\",\"Tunisie\"],\"inLanguage\":\"fr-FR\",\"potentialAction\":[{\"@type\":\"CommentAction\",\"name\":\"Comment\",\"target\":[\"https:\/\/kapitalis.com\/tunisie\/2023\/05\/29\/snjt-les-journalistes-de-radio-monastir-boycottent-le-gouverneur-de-la-region\/#respond\"]}]},{\"@type\":\"WebPage\",\"@id\":\"https:\/\/kapitalis.com\/tunisie\/2023\/05\/29\/snjt-les-journalistes-de-radio-monastir-boycottent-le-gouverneur-de-la-region\/\",\"url\":\"https:\/\/kapitalis.com\/tunisie\/2023\/05\/29\/snjt-les-journalistes-de-radio-monastir-boycottent-le-gouverneur-de-la-region\/\",\"name\":\"SNJT : Les journalistes de Radio Monastir boycottent le gouverneur de la r\u00e9gion - Kapitalis\",\"isPartOf\":{\"@id\":\"https:\/\/kapitalis.com\/tunisie\/#website\"},\"primaryImageOfPage\":{\"@id\":\"https:\/\/kapitalis.com\/tunisie\/2023\/05\/29\/snjt-les-journalistes-de-radio-monastir-boycottent-le-gouverneur-de-la-region\/#primaryimage\"},\"image\":{\"@id\":\"https:\/\/kapitalis.com\/tunisie\/2023\/05\/29\/snjt-les-journalistes-de-radio-monastir-boycottent-le-gouverneur-de-la-region\/#primaryimage\"},\"thumbnailUrl\":\"https:\/\/kapitalis.com\/tunisie\/wp-content\/uploads\/2023\/05\/SNJT-Radio-Monastir.jpg\",\"datePublished\":\"2023-05-29T18:34:59+00:00\",\"dateModified\":\"2023-05-29T18:36:28+00:00\",\"description\":\"Le syndicat des journalistes tunisiens (SNJT) a annonc\u00e9 ce lundi 29 mai 2023, que les journalistes de Radio Monastir ont d\u00e9cid\u00e9 de boycotter le gouverneur Mondher Ben Sik, en expliquant cette d\u00e9cision par des abus et des pressions exerc\u00e9es sur les journalistes\",\"breadcrumb\":{\"@id\":\"https:\/\/kapitalis.com\/tunisie\/2023\/05\/29\/snjt-les-journalistes-de-radio-monastir-boycottent-le-gouverneur-de-la-region\/#breadcrumb\"},\"inLanguage\":\"fr-FR\",\"potentialAction\":[{\"@type\":\"ReadAction\",\"target\":[\"https:\/\/kapitalis.com\/tunisie\/2023\/05\/29\/snjt-les-journalistes-de-radio-monastir-boycottent-le-gouverneur-de-la-region\/\"]}]},{\"@type\":\"ImageObject\",\"inLanguage\":\"fr-FR\",\"@id\":\"https:\/\/kapitalis.com\/tunisie\/2023\/05\/29\/snjt-les-journalistes-de-radio-monastir-boycottent-le-gouverneur-de-la-region\/#primaryimage\",\"url\":\"https:\/\/kapitalis.com\/tunisie\/wp-content\/uploads\/2023\/05\/SNJT-Radio-Monastir.jpg\",\"contentUrl\":\"https:\/\/kapitalis.com\/tunisie\/wp-content\/uploads\/2023\/05\/SNJT-Radio-Monastir.jpg\",\"width\":1200,\"height\":630},{\"@type\":\"BreadcrumbList\",\"@id\":\"https:\/\/kapitalis.com\/tunisie\/2023\/05\/29\/snjt-les-journalistes-de-radio-monastir-boycottent-le-gouverneur-de-la-region\/#breadcrumb\",\"itemListElement\":[{\"@type\":\"ListItem\",\"position\":1,\"name\":\"Accueil\",\"item\":\"https:\/\/kapitalis.com\/tunisie\/\"},{\"@type\":\"ListItem\",\"position\":2,\"name\":\"SNJT : Les journalistes de Radio Monastir boycottent le gouverneur de la r\u00e9gion\"}]},{\"@type\":\"WebSite\",\"@id\":\"https:\/\/kapitalis.com\/tunisie\/#website\",\"url\":\"https:\/\/kapitalis.com\/tunisie\/\",\"name\":\"Kapitalis\",\"description\":\"L&#039;actualit\u00e9 en Tunisie et dans le monde\",\"publisher\":{\"@id\":\"https:\/\/kapitalis.com\/tunisie\/#organization\"},\"potentialAction\":[{\"@type\":\"SearchAction\",\"target\":{\"@type\":\"EntryPoint\",\"urlTemplate\":\"https:\/\/kapitalis.com\/tunisie\/?s={search_term_string}\"},\"query-input\":{\"@type\":\"PropertyValueSpecification\",\"valueRequired\":true,\"valueName\":\"search_term_string\"}}],\"inLanguage\":\"fr-FR\"},{\"@type\":\"Organization\",\"@id\":\"https:\/\/kapitalis.com\/tunisie\/#organization\",\"name\":\"Kapitalis\",\"url\":\"https:\/\/kapitalis.com\/tunisie\/\",\"logo\":{\"@type\":\"ImageObject\",\"inLanguage\":\"fr-FR\",\"@id\":\"https:\/\/kapitalis.com\/tunisie\/#\/schema\/logo\/image\/\",\"url\":\"https:\/\/kapitalis.com\/tunisie\/wp-content\/uploads\/2022\/05\/Kapitalis-big-size.png\",\"contentUrl\":\"https:\/\/kapitalis.com\/tunisie\/wp-content\/uploads\/2022\/05\/Kapitalis-big-size.png\",\"width\":5000,\"height\":1500,\"caption\":\"Kapitalis\"},\"image\":{\"@id\":\"https:\/\/kapitalis.com\/tunisie\/#\/schema\/logo\/image\/\"},\"sameAs\":[\"https:\/\/www.facebook.com\/KapitalisInfo\/\",\"https:\/\/x.com\/KapitalisInfo\",\"https:\/\/www.youtube.com\/channel\/UC-yDYrHyfFBWWZaOw3FPg9Q\"]},{\"@type\":\"Person\",\"@id\":\"https:\/\/kapitalis.com\/tunisie\/#\/schema\/person\/74bbde0154d49d790a92aaeac5bc01d5\",\"name\":\"Yusra NY\",\"url\":\"https:\/\/kapitalis.com\/tunisie\/author\/yuza_adam\/\"}]}<\/script>\n<!-- \/ Yoast SEO plugin. -->","yoast_head_json":{"title":"SNJT : Les journalistes de Radio Monastir boycottent le gouverneur de la r\u00e9gion - Kapitalis","description":"Le syndicat des journalistes tunisiens (SNJT) a annonc\u00e9 ce lundi 29 mai 2023, que les journalistes de Radio Monastir ont d\u00e9cid\u00e9 de boycotter le gouverneur Mondher Ben Sik, en expliquant cette d\u00e9cision par des abus et des pressions exerc\u00e9es sur les journalistes","robots":{"index":"index","follow":"follow","max-snippet":"max-snippet:-1","max-image-preview":"max-image-preview:large","max-video-preview":"max-video-preview:-1"},"canonical":"https:\/\/kapitalis.com\/tunisie\/2023\/05\/29\/snjt-les-journalistes-de-radio-monastir-boycottent-le-gouverneur-de-la-region\/","og_locale":"fr_FR","og_type":"article","og_title":"SNJT : Les journalistes de Radio Monastir boycottent le gouverneur de la r\u00e9gion - Kapitalis","og_description":"Le syndicat des journalistes tunisiens (SNJT) a annonc\u00e9 ce lundi 29 mai 2023, que les journalistes de Radio Monastir ont d\u00e9cid\u00e9 de boycotter le gouverneur Mondher Ben Sik, en expliquant cette d\u00e9cision par des abus et des pressions exerc\u00e9es sur les journalistes","og_url":"https:\/\/kapitalis.com\/tunisie\/2023\/05\/29\/snjt-les-journalistes-de-radio-monastir-boycottent-le-gouverneur-de-la-region\/","og_site_name":"Kapitalis","article_publisher":"https:\/\/www.facebook.com\/KapitalisInfo\/","article_published_time":"2023-05-29T18:34:59+00:00","article_modified_time":"2023-05-29T18:36:28+00:00","og_image":[{"width":1200,"height":630,"url":"https:\/\/kapitalis.com\/tunisie\/wp-content\/uploads\/2023\/05\/SNJT-Radio-Monastir.jpg","type":"image\/jpeg"}],"author":"Yusra NY","twitter_card":"summary_large_image","twitter_creator":"@KapitalisInfo","twitter_site":"@KapitalisInfo","twitter_misc":{"\u00c9crit par":"Yusra NY","Dur\u00e9e de lecture estim\u00e9e":"2 minutes"},"schema":{"@context":"https:\/\/schema.org","@graph":[{"@type":"Article","@id":"https:\/\/kapitalis.com\/tunisie\/2023\/05\/29\/snjt-les-journalistes-de-radio-monastir-boycottent-le-gouverneur-de-la-region\/#article","isPartOf":{"@id":"https:\/\/kapitalis.com\/tunisie\/2023\/05\/29\/snjt-les-journalistes-de-radio-monastir-boycottent-le-gouverneur-de-la-region\/"},"author":{"name":"Yusra NY","@id":"https:\/\/kapitalis.com\/tunisie\/#\/schema\/person\/74bbde0154d49d790a92aaeac5bc01d5"},"headline":"SNJT : Les journalistes de Radio Monastir boycottent le gouverneur de la r\u00e9gion","datePublished":"2023-05-29T18:34:59+00:00","dateModified":"2023-05-29T18:36:28+00:00","mainEntityOfPage":{"@id":"https:\/\/kapitalis.com\/tunisie\/2023\/05\/29\/snjt-les-journalistes-de-radio-monastir-boycottent-le-gouverneur-de-la-region\/"},"wordCount":297,"commentCount":0,"publisher":{"@id":"https:\/\/kapitalis.com\/tunisie\/#organization"},"image":{"@id":"https:\/\/kapitalis.com\/tunisie\/2023\/05\/29\/snjt-les-journalistes-de-radio-monastir-boycottent-le-gouverneur-de-la-region\/#primaryimage"},"thumbnailUrl":"https:\/\/kapitalis.com\/tunisie\/wp-content\/uploads\/2023\/05\/SNJT-Radio-Monastir.jpg","keywords":["boycott","gouverneur","journalistes","Mondher Ben Sik","Radio Monastir","SNJT","syndicats","Tunisie"],"articleSection":["MEDIA","POLITIQUE","Tunisie"],"inLanguage":"fr-FR","potentialAction":[{"@type":"CommentAction","name":"Comment","target":["https:\/\/kapitalis.com\/tunisie\/2023\/05\/29\/snjt-les-journalistes-de-radio-monastir-boycottent-le-gouverneur-de-la-region\/#respond"]}]},{"@type":"WebPage","@id":"https:\/\/kapitalis.com\/tunisie\/2023\/05\/29\/snjt-les-journalistes-de-radio-monastir-boycottent-le-gouverneur-de-la-region\/","url":"https:\/\/kapitalis.com\/tunisie\/2023\/05\/29\/snjt-les-journalistes-de-radio-monastir-boycottent-le-gouverneur-de-la-region\/","name":"SNJT : Les journalistes de Radio Monastir boycottent le gouverneur de la r\u00e9gion - Kapitalis","isPartOf":{"@id":"https:\/\/kapitalis.com\/tunisie\/#website"},"primaryImageOfPage":{"@id":"https:\/\/kapitalis.com\/tunisie\/2023\/05\/29\/snjt-les-journalistes-de-radio-monastir-boycottent-le-gouverneur-de-la-region\/#primaryimage"},"image":{"@id":"https:\/\/kapitalis.com\/tunisie\/2023\/05\/29\/snjt-les-journalistes-de-radio-monastir-boycottent-le-gouverneur-de-la-region\/#primaryimage"},"thumbnailUrl":"https:\/\/kapitalis.com\/tunisie\/wp-content\/uploads\/2023\/05\/SNJT-Radio-Monastir.jpg","datePublished":"2023-05-29T18:34:59+00:00","dateModified":"2023-05-29T18:36:28+00:00","description":"Le syndicat des journalistes tunisiens (SNJT) a annonc\u00e9 ce lundi 29 mai 2023, que les journalistes de Radio Monastir ont d\u00e9cid\u00e9 de boycotter le gouverneur Mondher Ben Sik, en expliquant cette d\u00e9cision par des abus et des pressions exerc\u00e9es sur les journalistes","breadcrumb":{"@id":"https:\/\/kapitalis.com\/tunisie\/2023\/05\/29\/snjt-les-journalistes-de-radio-monastir-boycottent-le-gouverneur-de-la-region\/#breadcrumb"},"inLanguage":"fr-FR","potentialAction":[{"@type":"ReadAction","target":["https:\/\/kapitalis.com\/tunisie\/2023\/05\/29\/snjt-les-journalistes-de-radio-monastir-boycottent-le-gouverneur-de-la-region\/"]}]},{"@type":"ImageObject","inLanguage":"fr-FR","@id":"https:\/\/kapitalis.com\/tunisie\/2023\/05\/29\/snjt-les-journalistes-de-radio-monastir-boycottent-le-gouverneur-de-la-region\/#primaryimage","url":"https:\/\/kapitalis.com\/tunisie\/wp-content\/uploads\/2023\/05\/SNJT-Radio-Monastir.jpg","contentUrl":"https:\/\/kapitalis.com\/tunisie\/wp-content\/uploads\/2023\/05\/SNJT-Radio-Monastir.jpg","width":1200,"height":630},{"@type":"BreadcrumbList","@id":"https:\/\/kapitalis.com\/tunisie\/2023\/05\/29\/snjt-les-journalistes-de-radio-monastir-boycottent-le-gouverneur-de-la-region\/#breadcrumb","itemListElement":[{"@type":"ListItem","position":1,"name":"Accueil","item":"https:\/\/kapitalis.com\/tunisie\/"},{"@type":"ListItem","position":2,"name":"SNJT : Les journalistes de Radio Monastir boycottent le gouverneur de la r\u00e9gion"}]},{"@type":"WebSite","@id":"https:\/\/kapitalis.com\/tunisie\/#website","url":"https:\/\/kapitalis.com\/tunisie\/","name":"Kapitalis","description":"L&#039;actualit\u00e9 en Tunisie et dans le monde","publisher":{"@id":"https:\/\/kapitalis.com\/tunisie\/#organization"},"potentialAction":[{"@type":"SearchAction","target":{"@type":"EntryPoint","urlTemplate":"https:\/\/kapitalis.com\/tunisie\/?s={search_term_string}"},"query-input":{"@type":"PropertyValueSpecification","valueRequired":true,"valueName":"search_term_string"}}],"inLanguage":"fr-FR"},{"@type":"Organization","@id":"https:\/\/kapitalis.com\/tunisie\/#organization","name":"Kapitalis","url":"https:\/\/kapitalis.com\/tunisie\/","logo":{"@type":"ImageObject","inLanguage":"fr-FR","@id":"https:\/\/kapitalis.com\/tunisie\/#\/schema\/logo\/image\/","url":"https:\/\/kapitalis.com\/tunisie\/wp-content\/uploads\/2022\/05\/Kapitalis-big-size.png","contentUrl":"https:\/\/kapitalis.com\/tunisie\/wp-content\/uploads\/2022\/05\/Kapitalis-big-size.png","width":5000,"height":1500,"caption":"Kapitalis"},"image":{"@id":"https:\/\/kapitalis.com\/tunisie\/#\/schema\/logo\/image\/"},"sameAs":["https:\/\/www.facebook.com\/KapitalisInfo\/","https:\/\/x.com\/KapitalisInfo","https:\/\/www.youtube.com\/channel\/UC-yDYrHyfFBWWZaOw3FPg9Q"]},{"@type":"Person","@id":"https:\/\/kapitalis.com\/tunisie\/#\/schema\/person\/74bbde0154d49d790a92aaeac5bc01d5","name":"Yusra NY","url":"https:\/\/kapitalis.com\/tunisie\/author\/yuza_adam\/"}]}},"_links":{"self":[{"href":"https:\/\/kapitalis.com\/tunisie\/wp-json\/wp\/v2\/posts\/8096420","targetHints":{"allow":["GET"]}}],"collection":[{"href":"https:\/\/kapitalis.com\/tunisie\/wp-json\/wp\/v2\/posts"}],"about":[{"href":"https:\/\/kapitalis.com\/tunisie\/wp-json\/wp\/v2\/types\/post"}],"author":[{"embeddable":true,"href":"https:\/\/kapitalis.com\/tunisie\/wp-json\/wp\/v2\/users\/6"}],"replies":[{"embeddable":true,"href":"https:\/\/kapitalis.com\/tunisie\/wp-json\/wp\/v2\/comments?post=8096420"}],"version-history":[{"count":2,"href":"https:\/\/kapitalis.com\/tunisie\/wp-json\/wp\/v2\/posts\/8096420\/revisions"}],"predecessor-version":[{"id":8096662,"href":"https:\/\/kapitalis.com\/tunisie\/wp-json\/wp\/v2\/posts\/8096420\/revisions\/8096662"}],"wp:featuredmedia":[{"embeddable":true,"href":"https:\/\/kapitalis.com\/tunisie\/wp-json\/wp\/v2\/media\/8096638"}],"wp:attachment":[{"href":"https:\/\/kapitalis.com\/tunisie\/wp-json\/wp\/v2\/media?parent=8096420"}],"wp:term":[{"taxonomy":"category","embeddable":true,"href":"https:\/\/kapitalis.com\/tunisie\/wp-json\/wp\/v2\/categories?post=8096420"},{"taxonomy":"post_tag","embeddable":true,"href":"https:\/\/kapitalis.com\/tunisie\/wp-json\/wp\/v2\/tags?post=8096420"}],"curies":[{"name":"wp","href":"https:\/\/api.w.org\/{rel}","templated":true}]}}