{"id":80972,"date":"2017-01-28T19:11:52","date_gmt":"2017-01-28T18:11:52","guid":{"rendered":"http:\/\/kapitalis.com\/tunisie\/?p=80972"},"modified":"2017-01-28T19:16:29","modified_gmt":"2017-01-28T18:16:29","slug":"can-2017-la-tunisie-sincline-devant-le-burkina-faso-2-0","status":"publish","type":"post","link":"https:\/\/kapitalis.com\/tunisie\/2017\/01\/28\/can-2017-la-tunisie-sincline-devant-le-burkina-faso-2-0\/","title":{"rendered":"CAN 2017 : La Tunisie s&rsquo;incline devant le Burkina Faso (2-0)"},"content":{"rendered":"<p><img loading=\"lazy\" decoding=\"async\" class=\"alignnone size-full wp-image-80974 aligncenter\" src=\"http:\/\/kapitalis.com\/tunisie\/wp-content\/uploads\/2017\/01\/Tunisie-Burkina.jpg\" alt=\"\" width=\"626\" height=\"380\" \/><\/p>\n<p><em><strong>La Tunisie a quitt\u00e9 la CAN 2017 en perdant son match des quarts de finales contre le Burkina Faso au stade de Libreville par le score de 2-0.\u00a0<\/strong><\/em><\/p>\n<p><!--more--><\/p>\n<p>Le match n&rsquo;a pas mal commenc\u00e9, pourtant, pour les Aigles de Carthage.\u00a0Deux changements notables : Aymen Mathlouthi, r\u00e9tabli de sa blessure, a retrouv\u00e9 sa place dans la cage, Aymen Abdennour a remplac\u00e9 Ali Maaloul sur l\u2019aile gauche de la d\u00e9fense pour contrer le tr\u00e8s remuant et rapide Bertrand Traor\u00e9 et l\u2019axe central a \u00e9t\u00e9 renforc\u00e9 par l\u2019entr\u00e9e de Yacoubi aux c\u00f4t\u00e9s de Siyam Ben Youssef.<\/p>\n<p>Au cours de la 1\u00e8re mi-temps, le jeu \u00e9tait \u00e9quilibr\u00e9, avec des occasions de buts des deux c\u00f4t\u00e9s, mais avec un l\u00e9ger ascendant des Tunisiens, qui ont ma\u00eetris\u00e9 l\u2019entre-jeu gr\u00e2ce au travail des Ben Amor, Sassi, Khazri et Sliti. Ils ont, d&rsquo;ailleurs, eu des occasions rat\u00e9s par Khemissi, Abdennour et Ben Amor.<\/p>\n<p>A la fin de la 1\u00e8re mi-temps, 3 des 4 d\u00e9fenseurs tunisiens \u00e9taient avertis, ce qui a \u00e9t\u00e9 pr\u00e9judiciable \u00e0 l\u2019\u00e9quilibre et \u00e0 l&rsquo;assurance de la d\u00e9fense, d\u00e9j\u00e0 assez flottante.<\/p>\n<p>La seconde mi-temps a \u00e9t\u00e9 domin\u00e9e de bout en bout par les Burkinab\u00e9s, les Tunisiens se contentant de repousser les balles, multipliant les petites passes lat\u00e9rales et les balles en avant sans v\u00e9ritable destinataire, Khenissi \u00e9tant esseul\u00e9 au milieu de l&rsquo;arri\u00e8re-garde adverse. Et le pire est arriv\u00e9 vers la 80 minutes avec une balle arr\u00eat\u00e9e au niveau des 20 m\u00e8tres tir\u00e9e imparablement par Aristide Banc\u00e9.<\/p>\n<p>Un second but, suite\u00a0\u00e0 une contre-attaque \u00e9clair \u00e0 la 83e a enterr\u00e9 d\u00e9finitivement les r\u00eaves des Tunisiens, qui, sur ce match, ne m\u00e9ritaient pas vraiment de passer aux demi-finales. Ils \u00e9taient tr\u00e8s mauvais et seul Na\u00efm Sliti a surnag\u00e9 mais le naufrage \u00e9tait in\u00e9vitable. Et il e\u00fbt lieu.<\/p>\n<p>Il \u00e9tait \u00e9crit quelque part que la Tunisie ne d\u00e9passera pas, encore une fois, le cap des quarts de finales de la CAN.<\/p>\n<p style=\"text-align: right;\"><strong>I. B.\u00a0<\/strong><\/p>\n","protected":false},"excerpt":{"rendered":"<p>La Tunisie a quitt\u00e9 la CAN 2017 en perdant son match des quarts de finales contre le Burkina Faso au stade de Libreville par le score de 2-0.\u00a0<\/p>\n","protected":false},"author":8,"featured_media":80974,"comment_status":"open","ping_status":"open","sticky":false,"template":"","format":"standard","meta":{"footnotes":""},"categories":[999,2433],"tags":[4195,2245,3663,5453,18923],"class_list":["post-80972","post","type-post","status-publish","format-standard","has-post-thumbnail","hentry","category-sport","category-tunisie","tag-aigles-de-carthage","tag-aymen-abdennour","tag-burkina-faso","tag-can-2017","tag-naim-sliti"],"yoast_head":"<!-- This site is optimized with the Yoast SEO plugin v26.6 - https:\/\/yoast.com\/wordpress\/plugins\/seo\/ -->\n<title>CAN 2017 : La Tunisie s&#039;incline devant le Burkina Faso (2-0) - Kapitalis<\/title>\n<meta name=\"robots\" content=\"index, follow, max-snippet:-1, max-image-preview:large, max-video-preview:-1\" \/>\n<link rel=\"canonical\" href=\"https:\/\/kapitalis.com\/tunisie\/2017\/01\/28\/can-2017-la-tunisie-sincline-devant-le-burkina-faso-2-0\/\" \/>\n<meta property=\"og:locale\" content=\"fr_FR\" \/>\n<meta property=\"og:type\" content=\"article\" \/>\n<meta property=\"og:title\" content=\"CAN 2017 : La Tunisie s&#039;incline devant le Burkina Faso (2-0) - Kapitalis\" \/>\n<meta property=\"og:description\" content=\"La Tunisie a quitt\u00e9 la CAN 2017 en perdant son match des quarts de finales contre le Burkina Faso au stade de Libreville par le score de 2-0.\u00a0\" \/>\n<meta property=\"og:url\" content=\"https:\/\/kapitalis.com\/tunisie\/2017\/01\/28\/can-2017-la-tunisie-sincline-devant-le-burkina-faso-2-0\/\" \/>\n<meta property=\"og:site_name\" content=\"Kapitalis\" \/>\n<meta property=\"article:publisher\" content=\"https:\/\/www.facebook.com\/KapitalisInfo\/\" \/>\n<meta property=\"article:published_time\" content=\"2017-01-28T18:11:52+00:00\" \/>\n<meta property=\"article:modified_time\" content=\"2017-01-28T18:16:29+00:00\" \/>\n<meta property=\"og:image\" content=\"https:\/\/kapitalis.com\/tunisie\/wp-content\/uploads\/2022\/05\/kapitalis-logo-fb.png\" \/>\n\t<meta property=\"og:image:width\" content=\"1200\" \/>\n\t<meta property=\"og:image:height\" content=\"630\" \/>\n\t<meta property=\"og:image:type\" content=\"image\/png\" \/>\n<meta name=\"author\" content=\"webmaster kapitalis\" \/>\n<meta name=\"twitter:card\" content=\"summary_large_image\" \/>\n<meta name=\"twitter:creator\" content=\"@KapitalisInfo\" \/>\n<meta name=\"twitter:site\" content=\"@KapitalisInfo\" \/>\n<meta name=\"twitter:label1\" content=\"\u00c9crit par\" \/>\n\t<meta name=\"twitter:data1\" content=\"webmaster kapitalis\" \/>\n\t<meta name=\"twitter:label2\" content=\"Dur\u00e9e de lecture estim\u00e9e\" \/>\n\t<meta name=\"twitter:data2\" content=\"2 minutes\" \/>\n<script type=\"application\/ld+json\" class=\"yoast-schema-graph\">{\"@context\":\"https:\/\/schema.org\",\"@graph\":[{\"@type\":\"Article\",\"@id\":\"https:\/\/kapitalis.com\/tunisie\/2017\/01\/28\/can-2017-la-tunisie-sincline-devant-le-burkina-faso-2-0\/#article\",\"isPartOf\":{\"@id\":\"https:\/\/kapitalis.com\/tunisie\/2017\/01\/28\/can-2017-la-tunisie-sincline-devant-le-burkina-faso-2-0\/\"},\"author\":{\"name\":\"webmaster kapitalis\",\"@id\":\"https:\/\/kapitalis.com\/tunisie\/#\/schema\/person\/d71f33a9ca44f7bad4698210b480c8e9\"},\"headline\":\"CAN 2017 : La Tunisie s&rsquo;incline devant le Burkina Faso (2-0)\",\"datePublished\":\"2017-01-28T18:11:52+00:00\",\"dateModified\":\"2017-01-28T18:16:29+00:00\",\"mainEntityOfPage\":{\"@id\":\"https:\/\/kapitalis.com\/tunisie\/2017\/01\/28\/can-2017-la-tunisie-sincline-devant-le-burkina-faso-2-0\/\"},\"wordCount\":352,\"commentCount\":0,\"publisher\":{\"@id\":\"https:\/\/kapitalis.com\/tunisie\/#organization\"},\"image\":{\"@id\":\"https:\/\/kapitalis.com\/tunisie\/2017\/01\/28\/can-2017-la-tunisie-sincline-devant-le-burkina-faso-2-0\/#primaryimage\"},\"thumbnailUrl\":\"\",\"keywords\":[\"aigles de Carthage\",\"Aymen Abdennour\",\"Burkina-Faso\",\"CAN 2017\",\"Naim Sliti\"],\"articleSection\":[\"SPORT\",\"Tunisie\"],\"inLanguage\":\"fr-FR\",\"potentialAction\":[{\"@type\":\"CommentAction\",\"name\":\"Comment\",\"target\":[\"https:\/\/kapitalis.com\/tunisie\/2017\/01\/28\/can-2017-la-tunisie-sincline-devant-le-burkina-faso-2-0\/#respond\"]}]},{\"@type\":\"WebPage\",\"@id\":\"https:\/\/kapitalis.com\/tunisie\/2017\/01\/28\/can-2017-la-tunisie-sincline-devant-le-burkina-faso-2-0\/\",\"url\":\"https:\/\/kapitalis.com\/tunisie\/2017\/01\/28\/can-2017-la-tunisie-sincline-devant-le-burkina-faso-2-0\/\",\"name\":\"CAN 2017 : La Tunisie s'incline devant le Burkina Faso (2-0) - Kapitalis\",\"isPartOf\":{\"@id\":\"https:\/\/kapitalis.com\/tunisie\/#website\"},\"primaryImageOfPage\":{\"@id\":\"https:\/\/kapitalis.com\/tunisie\/2017\/01\/28\/can-2017-la-tunisie-sincline-devant-le-burkina-faso-2-0\/#primaryimage\"},\"image\":{\"@id\":\"https:\/\/kapitalis.com\/tunisie\/2017\/01\/28\/can-2017-la-tunisie-sincline-devant-le-burkina-faso-2-0\/#primaryimage\"},\"thumbnailUrl\":\"\",\"datePublished\":\"2017-01-28T18:11:52+00:00\",\"dateModified\":\"2017-01-28T18:16:29+00:00\",\"breadcrumb\":{\"@id\":\"https:\/\/kapitalis.com\/tunisie\/2017\/01\/28\/can-2017-la-tunisie-sincline-devant-le-burkina-faso-2-0\/#breadcrumb\"},\"inLanguage\":\"fr-FR\",\"potentialAction\":[{\"@type\":\"ReadAction\",\"target\":[\"https:\/\/kapitalis.com\/tunisie\/2017\/01\/28\/can-2017-la-tunisie-sincline-devant-le-burkina-faso-2-0\/\"]}]},{\"@type\":\"ImageObject\",\"inLanguage\":\"fr-FR\",\"@id\":\"https:\/\/kapitalis.com\/tunisie\/2017\/01\/28\/can-2017-la-tunisie-sincline-devant-le-burkina-faso-2-0\/#primaryimage\",\"url\":\"\",\"contentUrl\":\"\"},{\"@type\":\"BreadcrumbList\",\"@id\":\"https:\/\/kapitalis.com\/tunisie\/2017\/01\/28\/can-2017-la-tunisie-sincline-devant-le-burkina-faso-2-0\/#breadcrumb\",\"itemListElement\":[{\"@type\":\"ListItem\",\"position\":1,\"name\":\"Accueil\",\"item\":\"https:\/\/kapitalis.com\/tunisie\/\"},{\"@type\":\"ListItem\",\"position\":2,\"name\":\"CAN 2017 : La Tunisie s&rsquo;incline devant le Burkina Faso (2-0)\"}]},{\"@type\":\"WebSite\",\"@id\":\"https:\/\/kapitalis.com\/tunisie\/#website\",\"url\":\"https:\/\/kapitalis.com\/tunisie\/\",\"name\":\"Kapitalis\",\"description\":\"L&#039;actualit\u00e9 en Tunisie et dans le monde\",\"publisher\":{\"@id\":\"https:\/\/kapitalis.com\/tunisie\/#organization\"},\"potentialAction\":[{\"@type\":\"SearchAction\",\"target\":{\"@type\":\"EntryPoint\",\"urlTemplate\":\"https:\/\/kapitalis.com\/tunisie\/?s={search_term_string}\"},\"query-input\":{\"@type\":\"PropertyValueSpecification\",\"valueRequired\":true,\"valueName\":\"search_term_string\"}}],\"inLanguage\":\"fr-FR\"},{\"@type\":\"Organization\",\"@id\":\"https:\/\/kapitalis.com\/tunisie\/#organization\",\"name\":\"Kapitalis\",\"url\":\"https:\/\/kapitalis.com\/tunisie\/\",\"logo\":{\"@type\":\"ImageObject\",\"inLanguage\":\"fr-FR\",\"@id\":\"https:\/\/kapitalis.com\/tunisie\/#\/schema\/logo\/image\/\",\"url\":\"https:\/\/kapitalis.com\/tunisie\/wp-content\/uploads\/2022\/05\/Kapitalis-big-size.png\",\"contentUrl\":\"https:\/\/kapitalis.com\/tunisie\/wp-content\/uploads\/2022\/05\/Kapitalis-big-size.png\",\"width\":5000,\"height\":1500,\"caption\":\"Kapitalis\"},\"image\":{\"@id\":\"https:\/\/kapitalis.com\/tunisie\/#\/schema\/logo\/image\/\"},\"sameAs\":[\"https:\/\/www.facebook.com\/KapitalisInfo\/\",\"https:\/\/x.com\/KapitalisInfo\",\"https:\/\/www.youtube.com\/channel\/UC-yDYrHyfFBWWZaOw3FPg9Q\"]},{\"@type\":\"Person\",\"@id\":\"https:\/\/kapitalis.com\/tunisie\/#\/schema\/person\/d71f33a9ca44f7bad4698210b480c8e9\",\"name\":\"webmaster kapitalis\",\"url\":\"https:\/\/kapitalis.com\/tunisie\/author\/webmaster-kapitalis\/\"}]}<\/script>\n<!-- \/ Yoast SEO plugin. -->","yoast_head_json":{"title":"CAN 2017 : La Tunisie s'incline devant le Burkina Faso (2-0) - Kapitalis","robots":{"index":"index","follow":"follow","max-snippet":"max-snippet:-1","max-image-preview":"max-image-preview:large","max-video-preview":"max-video-preview:-1"},"canonical":"https:\/\/kapitalis.com\/tunisie\/2017\/01\/28\/can-2017-la-tunisie-sincline-devant-le-burkina-faso-2-0\/","og_locale":"fr_FR","og_type":"article","og_title":"CAN 2017 : La Tunisie s'incline devant le Burkina Faso (2-0) - Kapitalis","og_description":"La Tunisie a quitt\u00e9 la CAN 2017 en perdant son match des quarts de finales contre le Burkina Faso au stade de Libreville par le score de 2-0.\u00a0","og_url":"https:\/\/kapitalis.com\/tunisie\/2017\/01\/28\/can-2017-la-tunisie-sincline-devant-le-burkina-faso-2-0\/","og_site_name":"Kapitalis","article_publisher":"https:\/\/www.facebook.com\/KapitalisInfo\/","article_published_time":"2017-01-28T18:11:52+00:00","article_modified_time":"2017-01-28T18:16:29+00:00","og_image":[{"width":1200,"height":630,"url":"https:\/\/kapitalis.com\/tunisie\/wp-content\/uploads\/2022\/05\/kapitalis-logo-fb.png","type":"image\/png"}],"author":"webmaster kapitalis","twitter_card":"summary_large_image","twitter_creator":"@KapitalisInfo","twitter_site":"@KapitalisInfo","twitter_misc":{"\u00c9crit par":"webmaster kapitalis","Dur\u00e9e de lecture estim\u00e9e":"2 minutes"},"schema":{"@context":"https:\/\/schema.org","@graph":[{"@type":"Article","@id":"https:\/\/kapitalis.com\/tunisie\/2017\/01\/28\/can-2017-la-tunisie-sincline-devant-le-burkina-faso-2-0\/#article","isPartOf":{"@id":"https:\/\/kapitalis.com\/tunisie\/2017\/01\/28\/can-2017-la-tunisie-sincline-devant-le-burkina-faso-2-0\/"},"author":{"name":"webmaster kapitalis","@id":"https:\/\/kapitalis.com\/tunisie\/#\/schema\/person\/d71f33a9ca44f7bad4698210b480c8e9"},"headline":"CAN 2017 : La Tunisie s&rsquo;incline devant le Burkina Faso (2-0)","datePublished":"2017-01-28T18:11:52+00:00","dateModified":"2017-01-28T18:16:29+00:00","mainEntityOfPage":{"@id":"https:\/\/kapitalis.com\/tunisie\/2017\/01\/28\/can-2017-la-tunisie-sincline-devant-le-burkina-faso-2-0\/"},"wordCount":352,"commentCount":0,"publisher":{"@id":"https:\/\/kapitalis.com\/tunisie\/#organization"},"image":{"@id":"https:\/\/kapitalis.com\/tunisie\/2017\/01\/28\/can-2017-la-tunisie-sincline-devant-le-burkina-faso-2-0\/#primaryimage"},"thumbnailUrl":"","keywords":["aigles de Carthage","Aymen Abdennour","Burkina-Faso","CAN 2017","Naim Sliti"],"articleSection":["SPORT","Tunisie"],"inLanguage":"fr-FR","potentialAction":[{"@type":"CommentAction","name":"Comment","target":["https:\/\/kapitalis.com\/tunisie\/2017\/01\/28\/can-2017-la-tunisie-sincline-devant-le-burkina-faso-2-0\/#respond"]}]},{"@type":"WebPage","@id":"https:\/\/kapitalis.com\/tunisie\/2017\/01\/28\/can-2017-la-tunisie-sincline-devant-le-burkina-faso-2-0\/","url":"https:\/\/kapitalis.com\/tunisie\/2017\/01\/28\/can-2017-la-tunisie-sincline-devant-le-burkina-faso-2-0\/","name":"CAN 2017 : La Tunisie s'incline devant le Burkina Faso (2-0) - Kapitalis","isPartOf":{"@id":"https:\/\/kapitalis.com\/tunisie\/#website"},"primaryImageOfPage":{"@id":"https:\/\/kapitalis.com\/tunisie\/2017\/01\/28\/can-2017-la-tunisie-sincline-devant-le-burkina-faso-2-0\/#primaryimage"},"image":{"@id":"https:\/\/kapitalis.com\/tunisie\/2017\/01\/28\/can-2017-la-tunisie-sincline-devant-le-burkina-faso-2-0\/#primaryimage"},"thumbnailUrl":"","datePublished":"2017-01-28T18:11:52+00:00","dateModified":"2017-01-28T18:16:29+00:00","breadcrumb":{"@id":"https:\/\/kapitalis.com\/tunisie\/2017\/01\/28\/can-2017-la-tunisie-sincline-devant-le-burkina-faso-2-0\/#breadcrumb"},"inLanguage":"fr-FR","potentialAction":[{"@type":"ReadAction","target":["https:\/\/kapitalis.com\/tunisie\/2017\/01\/28\/can-2017-la-tunisie-sincline-devant-le-burkina-faso-2-0\/"]}]},{"@type":"ImageObject","inLanguage":"fr-FR","@id":"https:\/\/kapitalis.com\/tunisie\/2017\/01\/28\/can-2017-la-tunisie-sincline-devant-le-burkina-faso-2-0\/#primaryimage","url":"","contentUrl":""},{"@type":"BreadcrumbList","@id":"https:\/\/kapitalis.com\/tunisie\/2017\/01\/28\/can-2017-la-tunisie-sincline-devant-le-burkina-faso-2-0\/#breadcrumb","itemListElement":[{"@type":"ListItem","position":1,"name":"Accueil","item":"https:\/\/kapitalis.com\/tunisie\/"},{"@type":"ListItem","position":2,"name":"CAN 2017 : La Tunisie s&rsquo;incline devant le Burkina Faso (2-0)"}]},{"@type":"WebSite","@id":"https:\/\/kapitalis.com\/tunisie\/#website","url":"https:\/\/kapitalis.com\/tunisie\/","name":"Kapitalis","description":"L&#039;actualit\u00e9 en Tunisie et dans le monde","publisher":{"@id":"https:\/\/kapitalis.com\/tunisie\/#organization"},"potentialAction":[{"@type":"SearchAction","target":{"@type":"EntryPoint","urlTemplate":"https:\/\/kapitalis.com\/tunisie\/?s={search_term_string}"},"query-input":{"@type":"PropertyValueSpecification","valueRequired":true,"valueName":"search_term_string"}}],"inLanguage":"fr-FR"},{"@type":"Organization","@id":"https:\/\/kapitalis.com\/tunisie\/#organization","name":"Kapitalis","url":"https:\/\/kapitalis.com\/tunisie\/","logo":{"@type":"ImageObject","inLanguage":"fr-FR","@id":"https:\/\/kapitalis.com\/tunisie\/#\/schema\/logo\/image\/","url":"https:\/\/kapitalis.com\/tunisie\/wp-content\/uploads\/2022\/05\/Kapitalis-big-size.png","contentUrl":"https:\/\/kapitalis.com\/tunisie\/wp-content\/uploads\/2022\/05\/Kapitalis-big-size.png","width":5000,"height":1500,"caption":"Kapitalis"},"image":{"@id":"https:\/\/kapitalis.com\/tunisie\/#\/schema\/logo\/image\/"},"sameAs":["https:\/\/www.facebook.com\/KapitalisInfo\/","https:\/\/x.com\/KapitalisInfo","https:\/\/www.youtube.com\/channel\/UC-yDYrHyfFBWWZaOw3FPg9Q"]},{"@type":"Person","@id":"https:\/\/kapitalis.com\/tunisie\/#\/schema\/person\/d71f33a9ca44f7bad4698210b480c8e9","name":"webmaster kapitalis","url":"https:\/\/kapitalis.com\/tunisie\/author\/webmaster-kapitalis\/"}]}},"_links":{"self":[{"href":"https:\/\/kapitalis.com\/tunisie\/wp-json\/wp\/v2\/posts\/80972","targetHints":{"allow":["GET"]}}],"collection":[{"href":"https:\/\/kapitalis.com\/tunisie\/wp-json\/wp\/v2\/posts"}],"about":[{"href":"https:\/\/kapitalis.com\/tunisie\/wp-json\/wp\/v2\/types\/post"}],"author":[{"embeddable":true,"href":"https:\/\/kapitalis.com\/tunisie\/wp-json\/wp\/v2\/users\/8"}],"replies":[{"embeddable":true,"href":"https:\/\/kapitalis.com\/tunisie\/wp-json\/wp\/v2\/comments?post=80972"}],"version-history":[{"count":0,"href":"https:\/\/kapitalis.com\/tunisie\/wp-json\/wp\/v2\/posts\/80972\/revisions"}],"wp:featuredmedia":[{"embeddable":true,"href":"https:\/\/kapitalis.com\/tunisie\/wp-json\/wp\/v2\/media\/80974"}],"wp:attachment":[{"href":"https:\/\/kapitalis.com\/tunisie\/wp-json\/wp\/v2\/media?parent=80972"}],"wp:term":[{"taxonomy":"category","embeddable":true,"href":"https:\/\/kapitalis.com\/tunisie\/wp-json\/wp\/v2\/categories?post=80972"},{"taxonomy":"post_tag","embeddable":true,"href":"https:\/\/kapitalis.com\/tunisie\/wp-json\/wp\/v2\/tags?post=80972"}],"curies":[{"name":"wp","href":"https:\/\/api.w.org\/{rel}","templated":true}]}}