{"id":81239,"date":"2017-01-31T10:51:08","date_gmt":"2017-01-31T09:51:08","guid":{"rendered":"http:\/\/kapitalis.com\/tunisie\/?p=81239"},"modified":"2017-01-31T10:51:08","modified_gmt":"2017-01-31T09:51:08","slug":"au-4e-art-premiere-de-des-que-je-tai-vu-de-salah-felah","status":"publish","type":"post","link":"https:\/\/kapitalis.com\/tunisie\/2017\/01\/31\/au-4e-art-premiere-de-des-que-je-tai-vu-de-salah-felah\/","title":{"rendered":"Au 4e Art: Premi\u00e8re de \u2018\u2018D\u00e8s que je t&rsquo;ai vu\u2019\u2019 de Salah Felah"},"content":{"rendered":"<p><img loading=\"lazy\" decoding=\"async\" class=\"alignnone size-full wp-image-81241 aligncenter\" src=\"http:\/\/kapitalis.com\/tunisie\/wp-content\/uploads\/2017\/01\/Des-que-je-tai-vu.jpg\" alt=\"\" width=\"626\" height=\"380\" \/><\/p>\n<p><em><strong>La premi\u00e8re de la pi\u00e8ce \u2018\u2018D\u00e8s que je t&rsquo;ai vu\u2019\u2019, \u00e9crite et mise en sc\u00e8ne par Salah Felah, sera donn\u00e9e le samedi 4 f\u00e9vrier, \u00e0 19h30, \u00e0 la salle Le 4e Art (Av. de Paris, Tunis).<\/strong><\/em><\/p>\n<p><!--more--><\/p>\n<p>La pi\u00e8ce, produite par le Th\u00e9\u00e2tre national tunisien, sera pr\u00e9sent\u00e9e, \u00e9galement, le dimanche 5 f\u00e9vrier \u00e0 17h00.<\/p>\n<p>C\u2019est l\u2019histoire d\u2019une enqu\u00eate sur les relations sentimentales et sexuelles en milieu universitaire.<\/p>\n<p>Un professeur de sociologie est mari\u00e9 \u00e0 une journaliste qui a abandonn\u00e9 son travail. Leur couple est en crise. Ses \u00e9tudiants en master entreprennent, sous sa direction, une enqu\u00eate sur l\u2019amour pour lever tous les voiles et tabous.<\/p>\n<p>Diff\u00e9rents points de vue s\u2019entrem\u00ealent, nourrissant les discussions autour des th\u00e9matiques du rapport au corps, la s\u00e9paration, la possession, l\u2019affection, le d\u00e9sir et la r\u00e9volution sexuelle comme projet politique.<\/p>\n<p><em>\u00abMais est-ce vraiment cela, l\u2019amour? Ou en est-ce une illusion ?\u00bb,<\/em> s\u2019interroge le jeune dramaturge Salah Felah, qui cite, \u00e0 ce propos, des vers du po\u00e8te classique arabe Al Maarri :<em> \u00abQuant \u00e0 la certitude, elle n&rsquo;existe pas\/ L&rsquo;apog\u00e9e de mes efforts se trouve\/<\/em><br \/>\n<em>Dans l&rsquo;intuition et les pressentiments.\u00bb<\/em><\/p>\n<p>La pi\u00e8ce r\u00e9unit dans sa distribution Basma El Euchi, Bechir Ghariani, Rahma Felah, Aymen Selliti, Rami Zaatour, Talel Ayoub, Nidhal Shili, Besma Baazaoui et Hiba Trabelsi.<\/p>\n<p style=\"text-align: right;\"><strong>I. B.<\/strong><\/p>\n","protected":false},"excerpt":{"rendered":"<p>La premi\u00e8re de la pi\u00e8ce \u2018\u2018D\u00e8s que je t&rsquo;ai vu\u2019\u2019, \u00e9crite et mise en sc\u00e8ne par Salah Felah, sera donn\u00e9e le samedi 4 f\u00e9vrier, \u00e0 19h30, \u00e0 la salle Le 4e Art (Av. de Paris, Tunis).<\/p>\n","protected":false},"author":8,"featured_media":81241,"comment_status":"open","ping_status":"open","sticky":false,"template":"","format":"standard","meta":{"footnotes":""},"categories":[994,2433],"tags":[26954,1338],"class_list":["post-81239","post","type-post","status-publish","format-standard","has-post-thumbnail","hentry","category-culture","category-tunisie","tag-salah-felah","tag-theatre-national-tunisien"],"yoast_head":"<!-- This site is optimized with the Yoast SEO plugin v26.6 - https:\/\/yoast.com\/wordpress\/plugins\/seo\/ -->\n<title>Au 4e Art: Premi\u00e8re de \u2018\u2018D\u00e8s que je t&#039;ai vu\u2019\u2019 de Salah Felah - Kapitalis<\/title>\n<meta name=\"robots\" content=\"index, follow, max-snippet:-1, max-image-preview:large, max-video-preview:-1\" \/>\n<link rel=\"canonical\" href=\"https:\/\/kapitalis.com\/tunisie\/2017\/01\/31\/au-4e-art-premiere-de-des-que-je-tai-vu-de-salah-felah\/\" \/>\n<meta property=\"og:locale\" content=\"fr_FR\" \/>\n<meta property=\"og:type\" content=\"article\" \/>\n<meta property=\"og:title\" content=\"Au 4e Art: Premi\u00e8re de \u2018\u2018D\u00e8s que je t&#039;ai vu\u2019\u2019 de Salah Felah - Kapitalis\" \/>\n<meta property=\"og:description\" content=\"La premi\u00e8re de la pi\u00e8ce \u2018\u2018D\u00e8s que je t&rsquo;ai vu\u2019\u2019, \u00e9crite et mise en sc\u00e8ne par Salah Felah, sera donn\u00e9e le samedi 4 f\u00e9vrier, \u00e0 19h30, \u00e0 la salle Le 4e Art (Av. de Paris, Tunis).\" \/>\n<meta property=\"og:url\" content=\"https:\/\/kapitalis.com\/tunisie\/2017\/01\/31\/au-4e-art-premiere-de-des-que-je-tai-vu-de-salah-felah\/\" \/>\n<meta property=\"og:site_name\" content=\"Kapitalis\" \/>\n<meta property=\"article:publisher\" content=\"https:\/\/www.facebook.com\/KapitalisInfo\/\" \/>\n<meta property=\"article:published_time\" content=\"2017-01-31T09:51:08+00:00\" \/>\n<meta property=\"og:image\" content=\"https:\/\/kapitalis.com\/tunisie\/wp-content\/uploads\/2022\/05\/kapitalis-logo-fb.png\" \/>\n\t<meta property=\"og:image:width\" content=\"1200\" \/>\n\t<meta property=\"og:image:height\" content=\"630\" \/>\n\t<meta property=\"og:image:type\" content=\"image\/png\" \/>\n<meta name=\"author\" content=\"webmaster kapitalis\" \/>\n<meta name=\"twitter:card\" content=\"summary_large_image\" \/>\n<meta name=\"twitter:creator\" content=\"@KapitalisInfo\" \/>\n<meta name=\"twitter:site\" content=\"@KapitalisInfo\" \/>\n<meta name=\"twitter:label1\" content=\"\u00c9crit par\" \/>\n\t<meta name=\"twitter:data1\" content=\"webmaster kapitalis\" \/>\n\t<meta name=\"twitter:label2\" content=\"Dur\u00e9e de lecture estim\u00e9e\" \/>\n\t<meta name=\"twitter:data2\" content=\"1 minute\" \/>\n<script type=\"application\/ld+json\" class=\"yoast-schema-graph\">{\"@context\":\"https:\/\/schema.org\",\"@graph\":[{\"@type\":\"Article\",\"@id\":\"https:\/\/kapitalis.com\/tunisie\/2017\/01\/31\/au-4e-art-premiere-de-des-que-je-tai-vu-de-salah-felah\/#article\",\"isPartOf\":{\"@id\":\"https:\/\/kapitalis.com\/tunisie\/2017\/01\/31\/au-4e-art-premiere-de-des-que-je-tai-vu-de-salah-felah\/\"},\"author\":{\"name\":\"webmaster kapitalis\",\"@id\":\"https:\/\/kapitalis.com\/tunisie\/#\/schema\/person\/d71f33a9ca44f7bad4698210b480c8e9\"},\"headline\":\"Au 4e Art: Premi\u00e8re de \u2018\u2018D\u00e8s que je t&rsquo;ai vu\u2019\u2019 de Salah Felah\",\"datePublished\":\"2017-01-31T09:51:08+00:00\",\"mainEntityOfPage\":{\"@id\":\"https:\/\/kapitalis.com\/tunisie\/2017\/01\/31\/au-4e-art-premiere-de-des-que-je-tai-vu-de-salah-felah\/\"},\"wordCount\":246,\"commentCount\":0,\"publisher\":{\"@id\":\"https:\/\/kapitalis.com\/tunisie\/#organization\"},\"image\":{\"@id\":\"https:\/\/kapitalis.com\/tunisie\/2017\/01\/31\/au-4e-art-premiere-de-des-que-je-tai-vu-de-salah-felah\/#primaryimage\"},\"thumbnailUrl\":\"\",\"keywords\":[\"Salah Felah\",\"Th\u00e9\u00e2tre national tunisien\"],\"articleSection\":[\"CULTURE\",\"Tunisie\"],\"inLanguage\":\"fr-FR\",\"potentialAction\":[{\"@type\":\"CommentAction\",\"name\":\"Comment\",\"target\":[\"https:\/\/kapitalis.com\/tunisie\/2017\/01\/31\/au-4e-art-premiere-de-des-que-je-tai-vu-de-salah-felah\/#respond\"]}]},{\"@type\":\"WebPage\",\"@id\":\"https:\/\/kapitalis.com\/tunisie\/2017\/01\/31\/au-4e-art-premiere-de-des-que-je-tai-vu-de-salah-felah\/\",\"url\":\"https:\/\/kapitalis.com\/tunisie\/2017\/01\/31\/au-4e-art-premiere-de-des-que-je-tai-vu-de-salah-felah\/\",\"name\":\"Au 4e Art: Premi\u00e8re de \u2018\u2018D\u00e8s que je t'ai vu\u2019\u2019 de Salah Felah - Kapitalis\",\"isPartOf\":{\"@id\":\"https:\/\/kapitalis.com\/tunisie\/#website\"},\"primaryImageOfPage\":{\"@id\":\"https:\/\/kapitalis.com\/tunisie\/2017\/01\/31\/au-4e-art-premiere-de-des-que-je-tai-vu-de-salah-felah\/#primaryimage\"},\"image\":{\"@id\":\"https:\/\/kapitalis.com\/tunisie\/2017\/01\/31\/au-4e-art-premiere-de-des-que-je-tai-vu-de-salah-felah\/#primaryimage\"},\"thumbnailUrl\":\"\",\"datePublished\":\"2017-01-31T09:51:08+00:00\",\"breadcrumb\":{\"@id\":\"https:\/\/kapitalis.com\/tunisie\/2017\/01\/31\/au-4e-art-premiere-de-des-que-je-tai-vu-de-salah-felah\/#breadcrumb\"},\"inLanguage\":\"fr-FR\",\"potentialAction\":[{\"@type\":\"ReadAction\",\"target\":[\"https:\/\/kapitalis.com\/tunisie\/2017\/01\/31\/au-4e-art-premiere-de-des-que-je-tai-vu-de-salah-felah\/\"]}]},{\"@type\":\"ImageObject\",\"inLanguage\":\"fr-FR\",\"@id\":\"https:\/\/kapitalis.com\/tunisie\/2017\/01\/31\/au-4e-art-premiere-de-des-que-je-tai-vu-de-salah-felah\/#primaryimage\",\"url\":\"\",\"contentUrl\":\"\"},{\"@type\":\"BreadcrumbList\",\"@id\":\"https:\/\/kapitalis.com\/tunisie\/2017\/01\/31\/au-4e-art-premiere-de-des-que-je-tai-vu-de-salah-felah\/#breadcrumb\",\"itemListElement\":[{\"@type\":\"ListItem\",\"position\":1,\"name\":\"Accueil\",\"item\":\"https:\/\/kapitalis.com\/tunisie\/\"},{\"@type\":\"ListItem\",\"position\":2,\"name\":\"Au 4e Art: Premi\u00e8re de \u2018\u2018D\u00e8s que je t&rsquo;ai vu\u2019\u2019 de Salah Felah\"}]},{\"@type\":\"WebSite\",\"@id\":\"https:\/\/kapitalis.com\/tunisie\/#website\",\"url\":\"https:\/\/kapitalis.com\/tunisie\/\",\"name\":\"Kapitalis\",\"description\":\"L&#039;actualit\u00e9 en Tunisie et dans le monde\",\"publisher\":{\"@id\":\"https:\/\/kapitalis.com\/tunisie\/#organization\"},\"potentialAction\":[{\"@type\":\"SearchAction\",\"target\":{\"@type\":\"EntryPoint\",\"urlTemplate\":\"https:\/\/kapitalis.com\/tunisie\/?s={search_term_string}\"},\"query-input\":{\"@type\":\"PropertyValueSpecification\",\"valueRequired\":true,\"valueName\":\"search_term_string\"}}],\"inLanguage\":\"fr-FR\"},{\"@type\":\"Organization\",\"@id\":\"https:\/\/kapitalis.com\/tunisie\/#organization\",\"name\":\"Kapitalis\",\"url\":\"https:\/\/kapitalis.com\/tunisie\/\",\"logo\":{\"@type\":\"ImageObject\",\"inLanguage\":\"fr-FR\",\"@id\":\"https:\/\/kapitalis.com\/tunisie\/#\/schema\/logo\/image\/\",\"url\":\"https:\/\/kapitalis.com\/tunisie\/wp-content\/uploads\/2022\/05\/Kapitalis-big-size.png\",\"contentUrl\":\"https:\/\/kapitalis.com\/tunisie\/wp-content\/uploads\/2022\/05\/Kapitalis-big-size.png\",\"width\":5000,\"height\":1500,\"caption\":\"Kapitalis\"},\"image\":{\"@id\":\"https:\/\/kapitalis.com\/tunisie\/#\/schema\/logo\/image\/\"},\"sameAs\":[\"https:\/\/www.facebook.com\/KapitalisInfo\/\",\"https:\/\/x.com\/KapitalisInfo\",\"https:\/\/www.youtube.com\/channel\/UC-yDYrHyfFBWWZaOw3FPg9Q\"]},{\"@type\":\"Person\",\"@id\":\"https:\/\/kapitalis.com\/tunisie\/#\/schema\/person\/d71f33a9ca44f7bad4698210b480c8e9\",\"name\":\"webmaster kapitalis\",\"url\":\"https:\/\/kapitalis.com\/tunisie\/author\/webmaster-kapitalis\/\"}]}<\/script>\n<!-- \/ Yoast SEO plugin. -->","yoast_head_json":{"title":"Au 4e Art: Premi\u00e8re de \u2018\u2018D\u00e8s que je t'ai vu\u2019\u2019 de Salah Felah - Kapitalis","robots":{"index":"index","follow":"follow","max-snippet":"max-snippet:-1","max-image-preview":"max-image-preview:large","max-video-preview":"max-video-preview:-1"},"canonical":"https:\/\/kapitalis.com\/tunisie\/2017\/01\/31\/au-4e-art-premiere-de-des-que-je-tai-vu-de-salah-felah\/","og_locale":"fr_FR","og_type":"article","og_title":"Au 4e Art: Premi\u00e8re de \u2018\u2018D\u00e8s que je t'ai vu\u2019\u2019 de Salah Felah - Kapitalis","og_description":"La premi\u00e8re de la pi\u00e8ce \u2018\u2018D\u00e8s que je t&rsquo;ai vu\u2019\u2019, \u00e9crite et mise en sc\u00e8ne par Salah Felah, sera donn\u00e9e le samedi 4 f\u00e9vrier, \u00e0 19h30, \u00e0 la salle Le 4e Art (Av. de Paris, Tunis).","og_url":"https:\/\/kapitalis.com\/tunisie\/2017\/01\/31\/au-4e-art-premiere-de-des-que-je-tai-vu-de-salah-felah\/","og_site_name":"Kapitalis","article_publisher":"https:\/\/www.facebook.com\/KapitalisInfo\/","article_published_time":"2017-01-31T09:51:08+00:00","og_image":[{"width":1200,"height":630,"url":"https:\/\/kapitalis.com\/tunisie\/wp-content\/uploads\/2022\/05\/kapitalis-logo-fb.png","type":"image\/png"}],"author":"webmaster kapitalis","twitter_card":"summary_large_image","twitter_creator":"@KapitalisInfo","twitter_site":"@KapitalisInfo","twitter_misc":{"\u00c9crit par":"webmaster kapitalis","Dur\u00e9e de lecture estim\u00e9e":"1 minute"},"schema":{"@context":"https:\/\/schema.org","@graph":[{"@type":"Article","@id":"https:\/\/kapitalis.com\/tunisie\/2017\/01\/31\/au-4e-art-premiere-de-des-que-je-tai-vu-de-salah-felah\/#article","isPartOf":{"@id":"https:\/\/kapitalis.com\/tunisie\/2017\/01\/31\/au-4e-art-premiere-de-des-que-je-tai-vu-de-salah-felah\/"},"author":{"name":"webmaster kapitalis","@id":"https:\/\/kapitalis.com\/tunisie\/#\/schema\/person\/d71f33a9ca44f7bad4698210b480c8e9"},"headline":"Au 4e Art: Premi\u00e8re de \u2018\u2018D\u00e8s que je t&rsquo;ai vu\u2019\u2019 de Salah Felah","datePublished":"2017-01-31T09:51:08+00:00","mainEntityOfPage":{"@id":"https:\/\/kapitalis.com\/tunisie\/2017\/01\/31\/au-4e-art-premiere-de-des-que-je-tai-vu-de-salah-felah\/"},"wordCount":246,"commentCount":0,"publisher":{"@id":"https:\/\/kapitalis.com\/tunisie\/#organization"},"image":{"@id":"https:\/\/kapitalis.com\/tunisie\/2017\/01\/31\/au-4e-art-premiere-de-des-que-je-tai-vu-de-salah-felah\/#primaryimage"},"thumbnailUrl":"","keywords":["Salah Felah","Th\u00e9\u00e2tre national tunisien"],"articleSection":["CULTURE","Tunisie"],"inLanguage":"fr-FR","potentialAction":[{"@type":"CommentAction","name":"Comment","target":["https:\/\/kapitalis.com\/tunisie\/2017\/01\/31\/au-4e-art-premiere-de-des-que-je-tai-vu-de-salah-felah\/#respond"]}]},{"@type":"WebPage","@id":"https:\/\/kapitalis.com\/tunisie\/2017\/01\/31\/au-4e-art-premiere-de-des-que-je-tai-vu-de-salah-felah\/","url":"https:\/\/kapitalis.com\/tunisie\/2017\/01\/31\/au-4e-art-premiere-de-des-que-je-tai-vu-de-salah-felah\/","name":"Au 4e Art: Premi\u00e8re de \u2018\u2018D\u00e8s que je t'ai vu\u2019\u2019 de Salah Felah - Kapitalis","isPartOf":{"@id":"https:\/\/kapitalis.com\/tunisie\/#website"},"primaryImageOfPage":{"@id":"https:\/\/kapitalis.com\/tunisie\/2017\/01\/31\/au-4e-art-premiere-de-des-que-je-tai-vu-de-salah-felah\/#primaryimage"},"image":{"@id":"https:\/\/kapitalis.com\/tunisie\/2017\/01\/31\/au-4e-art-premiere-de-des-que-je-tai-vu-de-salah-felah\/#primaryimage"},"thumbnailUrl":"","datePublished":"2017-01-31T09:51:08+00:00","breadcrumb":{"@id":"https:\/\/kapitalis.com\/tunisie\/2017\/01\/31\/au-4e-art-premiere-de-des-que-je-tai-vu-de-salah-felah\/#breadcrumb"},"inLanguage":"fr-FR","potentialAction":[{"@type":"ReadAction","target":["https:\/\/kapitalis.com\/tunisie\/2017\/01\/31\/au-4e-art-premiere-de-des-que-je-tai-vu-de-salah-felah\/"]}]},{"@type":"ImageObject","inLanguage":"fr-FR","@id":"https:\/\/kapitalis.com\/tunisie\/2017\/01\/31\/au-4e-art-premiere-de-des-que-je-tai-vu-de-salah-felah\/#primaryimage","url":"","contentUrl":""},{"@type":"BreadcrumbList","@id":"https:\/\/kapitalis.com\/tunisie\/2017\/01\/31\/au-4e-art-premiere-de-des-que-je-tai-vu-de-salah-felah\/#breadcrumb","itemListElement":[{"@type":"ListItem","position":1,"name":"Accueil","item":"https:\/\/kapitalis.com\/tunisie\/"},{"@type":"ListItem","position":2,"name":"Au 4e Art: Premi\u00e8re de \u2018\u2018D\u00e8s que je t&rsquo;ai vu\u2019\u2019 de Salah Felah"}]},{"@type":"WebSite","@id":"https:\/\/kapitalis.com\/tunisie\/#website","url":"https:\/\/kapitalis.com\/tunisie\/","name":"Kapitalis","description":"L&#039;actualit\u00e9 en Tunisie et dans le monde","publisher":{"@id":"https:\/\/kapitalis.com\/tunisie\/#organization"},"potentialAction":[{"@type":"SearchAction","target":{"@type":"EntryPoint","urlTemplate":"https:\/\/kapitalis.com\/tunisie\/?s={search_term_string}"},"query-input":{"@type":"PropertyValueSpecification","valueRequired":true,"valueName":"search_term_string"}}],"inLanguage":"fr-FR"},{"@type":"Organization","@id":"https:\/\/kapitalis.com\/tunisie\/#organization","name":"Kapitalis","url":"https:\/\/kapitalis.com\/tunisie\/","logo":{"@type":"ImageObject","inLanguage":"fr-FR","@id":"https:\/\/kapitalis.com\/tunisie\/#\/schema\/logo\/image\/","url":"https:\/\/kapitalis.com\/tunisie\/wp-content\/uploads\/2022\/05\/Kapitalis-big-size.png","contentUrl":"https:\/\/kapitalis.com\/tunisie\/wp-content\/uploads\/2022\/05\/Kapitalis-big-size.png","width":5000,"height":1500,"caption":"Kapitalis"},"image":{"@id":"https:\/\/kapitalis.com\/tunisie\/#\/schema\/logo\/image\/"},"sameAs":["https:\/\/www.facebook.com\/KapitalisInfo\/","https:\/\/x.com\/KapitalisInfo","https:\/\/www.youtube.com\/channel\/UC-yDYrHyfFBWWZaOw3FPg9Q"]},{"@type":"Person","@id":"https:\/\/kapitalis.com\/tunisie\/#\/schema\/person\/d71f33a9ca44f7bad4698210b480c8e9","name":"webmaster kapitalis","url":"https:\/\/kapitalis.com\/tunisie\/author\/webmaster-kapitalis\/"}]}},"_links":{"self":[{"href":"https:\/\/kapitalis.com\/tunisie\/wp-json\/wp\/v2\/posts\/81239","targetHints":{"allow":["GET"]}}],"collection":[{"href":"https:\/\/kapitalis.com\/tunisie\/wp-json\/wp\/v2\/posts"}],"about":[{"href":"https:\/\/kapitalis.com\/tunisie\/wp-json\/wp\/v2\/types\/post"}],"author":[{"embeddable":true,"href":"https:\/\/kapitalis.com\/tunisie\/wp-json\/wp\/v2\/users\/8"}],"replies":[{"embeddable":true,"href":"https:\/\/kapitalis.com\/tunisie\/wp-json\/wp\/v2\/comments?post=81239"}],"version-history":[{"count":0,"href":"https:\/\/kapitalis.com\/tunisie\/wp-json\/wp\/v2\/posts\/81239\/revisions"}],"wp:featuredmedia":[{"embeddable":true,"href":"https:\/\/kapitalis.com\/tunisie\/wp-json\/wp\/v2\/media\/81241"}],"wp:attachment":[{"href":"https:\/\/kapitalis.com\/tunisie\/wp-json\/wp\/v2\/media?parent=81239"}],"wp:term":[{"taxonomy":"category","embeddable":true,"href":"https:\/\/kapitalis.com\/tunisie\/wp-json\/wp\/v2\/categories?post=81239"},{"taxonomy":"post_tag","embeddable":true,"href":"https:\/\/kapitalis.com\/tunisie\/wp-json\/wp\/v2\/tags?post=81239"}],"curies":[{"name":"wp","href":"https:\/\/api.w.org\/{rel}","templated":true}]}}