{"id":8146520,"date":"2023-06-01T11:53:23","date_gmt":"2023-06-01T10:53:23","guid":{"rendered":"https:\/\/kapitalis.com\/tunisie\/?p=8146520"},"modified":"2023-06-01T11:53:26","modified_gmt":"2023-06-01T10:53:26","slug":"le-theatre-municipal-de-tunis-annonce-sa-nouvelle-programmation","status":"publish","type":"post","link":"https:\/\/kapitalis.com\/tunisie\/2023\/06\/01\/le-theatre-municipal-de-tunis-annonce-sa-nouvelle-programmation\/","title":{"rendered":"Le Th\u00e9\u00e2tre municipal de Tunis annonce sa nouvelle programmation"},"content":{"rendered":"\n<p><em><strong>Th\u00e9\u00e2tre, musique et humour feront partie de la programmation culturelle du Th\u00e9\u00e2tre municipal de Tunis pour ce mois de juin<\/strong><\/em> <strong><em>qui marquera la fin de la saison culturelle.<\/em><\/strong><\/p>\n\n\n\n<!--more-->\n\n\n\n<p>La programmation du mois de juin sera inaugur\u00e9e ce soir, jeudi 1<sup>er<\/sup> juin, par un concert de Jazz du musicien am\u00e9ricain Kyle Schafer \u00e0 l\u2019occasion de la sortie de l\u2019album \u00ab&nbsp;<em>Tunisian vibes&nbsp;<\/em>\u00bb \u00e0 travers lequel il revisite des chansons phares du r\u00e9pertoire musical tunisien.<\/p>\n\n\n\n<p>Le vendredi 2 juin, \u00e7a sera au tout du jeune com\u00e9dien Aziz Jebali de monter sur sc\u00e8ne pour pr\u00e9senter son monodrame \u00ab<em>&nbsp;Evasion&nbsp;<\/em>\u00bb, une production de l\u2019espace El Teatro.<\/p>\n\n\n\n<p>La soir\u00e9e du samedi 3 juin sera plac\u00e9e sous le signe de la chanson classique arabe en compagnie du Club de chant Elle, compos\u00e9 de plus de 100 artistes femmes. Elles revisiteront des titres d\u2019Oum Kalthoum, d\u2019Abdel Halim Hafedh, de Farid Al Atrach ou encore de Hani Chaker.<\/p>\n\n\n\n<p>L\u2019humour sera \u00e9galement au rendez-vous avec un spectacle sign\u00e9 Mr. Nouar dans le cadre du Tunisia Comedy Festival. (8 juin)<\/p>\n\n\n\n<p>L\u2019un des \u00e9v\u00e9nements phare de ce mois sera la F\u00eate de la musique, rendez-vous musical annuel, c\u00e9l\u00e9br\u00e9 le 20 juin de chaque ann\u00e9e dans tous les pays francophones. C\u2019est le Carthage symphony Orchestra qui assurera le spectacle.<\/p>\n\n\n\n<p>La musique tunisienne sera \u00e0 l\u2019honneur le 23 juin avec Zied Gharsa. Ce concert marquera la cl\u00f4ture de la saison culturelle.<\/p>\n\n\n\n<p class=\"has-text-align-right\"><strong>F.B<\/strong><\/p>\n","protected":false},"excerpt":{"rendered":"<p>Th\u00e9\u00e2tre, musique et humour feront partie de la programmation culturelle du Th\u00e9\u00e2tre municipal de Tunis pour ce mois de juin qui marquera la fin de la saison culturelle.<\/p>\n","protected":false},"author":26,"featured_media":8147204,"comment_status":"open","ping_status":"open","sticky":false,"template":"","format":"standard","meta":{"footnotes":""},"categories":[994,2433],"tags":[109067,6474,62643],"class_list":["post-8146520","post","type-post","status-publish","format-standard","has-post-thumbnail","hentry","category-culture","category-tunisie","tag-programme-culturel","tag-theatre-municipal-de-tunis","tag-tunisie"],"yoast_head":"<!-- This site is optimized with the Yoast SEO plugin v26.6 - https:\/\/yoast.com\/wordpress\/plugins\/seo\/ -->\n<title>Le Th\u00e9\u00e2tre municipal de Tunis annonce sa nouvelle programmation - Kapitalis<\/title>\n<meta name=\"robots\" content=\"index, follow, max-snippet:-1, max-image-preview:large, max-video-preview:-1\" \/>\n<link rel=\"canonical\" href=\"https:\/\/kapitalis.com\/tunisie\/2023\/06\/01\/le-theatre-municipal-de-tunis-annonce-sa-nouvelle-programmation\/\" \/>\n<meta property=\"og:locale\" content=\"fr_FR\" \/>\n<meta property=\"og:type\" content=\"article\" \/>\n<meta property=\"og:title\" content=\"Le Th\u00e9\u00e2tre municipal de Tunis annonce sa nouvelle programmation - Kapitalis\" \/>\n<meta property=\"og:description\" content=\"Th\u00e9\u00e2tre, musique et humour feront partie de la programmation culturelle du Th\u00e9\u00e2tre municipal de Tunis pour ce mois de juin qui marquera la fin de la saison culturelle.\" \/>\n<meta property=\"og:url\" content=\"https:\/\/kapitalis.com\/tunisie\/2023\/06\/01\/le-theatre-municipal-de-tunis-annonce-sa-nouvelle-programmation\/\" \/>\n<meta property=\"og:site_name\" content=\"Kapitalis\" \/>\n<meta property=\"article:publisher\" content=\"https:\/\/www.facebook.com\/KapitalisInfo\/\" \/>\n<meta property=\"article:published_time\" content=\"2023-06-01T10:53:23+00:00\" \/>\n<meta property=\"article:modified_time\" content=\"2023-06-01T10:53:26+00:00\" \/>\n<meta property=\"og:image\" content=\"https:\/\/kapitalis.com\/tunisie\/wp-content\/uploads\/2023\/06\/Theatre-municipal-de-Tunis.jpg\" \/>\n\t<meta property=\"og:image:width\" content=\"1200\" \/>\n\t<meta property=\"og:image:height\" content=\"630\" \/>\n\t<meta property=\"og:image:type\" content=\"image\/jpeg\" \/>\n<meta name=\"author\" content=\"Fawz BenAli\" \/>\n<meta name=\"twitter:card\" content=\"summary_large_image\" \/>\n<meta name=\"twitter:creator\" content=\"@KapitalisInfo\" \/>\n<meta name=\"twitter:site\" content=\"@KapitalisInfo\" \/>\n<meta name=\"twitter:label1\" content=\"\u00c9crit par\" \/>\n\t<meta name=\"twitter:data1\" content=\"Fawz BenAli\" \/>\n\t<meta name=\"twitter:label2\" content=\"Dur\u00e9e de lecture estim\u00e9e\" \/>\n\t<meta name=\"twitter:data2\" content=\"2 minutes\" \/>\n<script type=\"application\/ld+json\" class=\"yoast-schema-graph\">{\"@context\":\"https:\/\/schema.org\",\"@graph\":[{\"@type\":\"Article\",\"@id\":\"https:\/\/kapitalis.com\/tunisie\/2023\/06\/01\/le-theatre-municipal-de-tunis-annonce-sa-nouvelle-programmation\/#article\",\"isPartOf\":{\"@id\":\"https:\/\/kapitalis.com\/tunisie\/2023\/06\/01\/le-theatre-municipal-de-tunis-annonce-sa-nouvelle-programmation\/\"},\"author\":{\"name\":\"Fawz BenAli\",\"@id\":\"https:\/\/kapitalis.com\/tunisie\/#\/schema\/person\/73a5ecc1f6ae540c6ed91342eadca948\"},\"headline\":\"Le Th\u00e9\u00e2tre municipal de Tunis annonce sa nouvelle programmation\",\"datePublished\":\"2023-06-01T10:53:23+00:00\",\"dateModified\":\"2023-06-01T10:53:26+00:00\",\"mainEntityOfPage\":{\"@id\":\"https:\/\/kapitalis.com\/tunisie\/2023\/06\/01\/le-theatre-municipal-de-tunis-annonce-sa-nouvelle-programmation\/\"},\"wordCount\":258,\"commentCount\":0,\"publisher\":{\"@id\":\"https:\/\/kapitalis.com\/tunisie\/#organization\"},\"image\":{\"@id\":\"https:\/\/kapitalis.com\/tunisie\/2023\/06\/01\/le-theatre-municipal-de-tunis-annonce-sa-nouvelle-programmation\/#primaryimage\"},\"thumbnailUrl\":\"https:\/\/kapitalis.com\/tunisie\/wp-content\/uploads\/2023\/06\/Theatre-municipal-de-Tunis.jpg\",\"keywords\":[\"programme culturel\",\"Th\u00e9\u00e2tre municipal de Tunis\",\"Tunisie\"],\"articleSection\":[\"CULTURE\",\"Tunisie\"],\"inLanguage\":\"fr-FR\",\"potentialAction\":[{\"@type\":\"CommentAction\",\"name\":\"Comment\",\"target\":[\"https:\/\/kapitalis.com\/tunisie\/2023\/06\/01\/le-theatre-municipal-de-tunis-annonce-sa-nouvelle-programmation\/#respond\"]}]},{\"@type\":\"WebPage\",\"@id\":\"https:\/\/kapitalis.com\/tunisie\/2023\/06\/01\/le-theatre-municipal-de-tunis-annonce-sa-nouvelle-programmation\/\",\"url\":\"https:\/\/kapitalis.com\/tunisie\/2023\/06\/01\/le-theatre-municipal-de-tunis-annonce-sa-nouvelle-programmation\/\",\"name\":\"Le Th\u00e9\u00e2tre municipal de Tunis annonce sa nouvelle programmation - Kapitalis\",\"isPartOf\":{\"@id\":\"https:\/\/kapitalis.com\/tunisie\/#website\"},\"primaryImageOfPage\":{\"@id\":\"https:\/\/kapitalis.com\/tunisie\/2023\/06\/01\/le-theatre-municipal-de-tunis-annonce-sa-nouvelle-programmation\/#primaryimage\"},\"image\":{\"@id\":\"https:\/\/kapitalis.com\/tunisie\/2023\/06\/01\/le-theatre-municipal-de-tunis-annonce-sa-nouvelle-programmation\/#primaryimage\"},\"thumbnailUrl\":\"https:\/\/kapitalis.com\/tunisie\/wp-content\/uploads\/2023\/06\/Theatre-municipal-de-Tunis.jpg\",\"datePublished\":\"2023-06-01T10:53:23+00:00\",\"dateModified\":\"2023-06-01T10:53:26+00:00\",\"breadcrumb\":{\"@id\":\"https:\/\/kapitalis.com\/tunisie\/2023\/06\/01\/le-theatre-municipal-de-tunis-annonce-sa-nouvelle-programmation\/#breadcrumb\"},\"inLanguage\":\"fr-FR\",\"potentialAction\":[{\"@type\":\"ReadAction\",\"target\":[\"https:\/\/kapitalis.com\/tunisie\/2023\/06\/01\/le-theatre-municipal-de-tunis-annonce-sa-nouvelle-programmation\/\"]}]},{\"@type\":\"ImageObject\",\"inLanguage\":\"fr-FR\",\"@id\":\"https:\/\/kapitalis.com\/tunisie\/2023\/06\/01\/le-theatre-municipal-de-tunis-annonce-sa-nouvelle-programmation\/#primaryimage\",\"url\":\"https:\/\/kapitalis.com\/tunisie\/wp-content\/uploads\/2023\/06\/Theatre-municipal-de-Tunis.jpg\",\"contentUrl\":\"https:\/\/kapitalis.com\/tunisie\/wp-content\/uploads\/2023\/06\/Theatre-municipal-de-Tunis.jpg\",\"width\":1200,\"height\":630},{\"@type\":\"BreadcrumbList\",\"@id\":\"https:\/\/kapitalis.com\/tunisie\/2023\/06\/01\/le-theatre-municipal-de-tunis-annonce-sa-nouvelle-programmation\/#breadcrumb\",\"itemListElement\":[{\"@type\":\"ListItem\",\"position\":1,\"name\":\"Accueil\",\"item\":\"https:\/\/kapitalis.com\/tunisie\/\"},{\"@type\":\"ListItem\",\"position\":2,\"name\":\"Le Th\u00e9\u00e2tre municipal de Tunis annonce sa nouvelle programmation\"}]},{\"@type\":\"WebSite\",\"@id\":\"https:\/\/kapitalis.com\/tunisie\/#website\",\"url\":\"https:\/\/kapitalis.com\/tunisie\/\",\"name\":\"Kapitalis\",\"description\":\"L&#039;actualit\u00e9 en Tunisie et dans le monde\",\"publisher\":{\"@id\":\"https:\/\/kapitalis.com\/tunisie\/#organization\"},\"potentialAction\":[{\"@type\":\"SearchAction\",\"target\":{\"@type\":\"EntryPoint\",\"urlTemplate\":\"https:\/\/kapitalis.com\/tunisie\/?s={search_term_string}\"},\"query-input\":{\"@type\":\"PropertyValueSpecification\",\"valueRequired\":true,\"valueName\":\"search_term_string\"}}],\"inLanguage\":\"fr-FR\"},{\"@type\":\"Organization\",\"@id\":\"https:\/\/kapitalis.com\/tunisie\/#organization\",\"name\":\"Kapitalis\",\"url\":\"https:\/\/kapitalis.com\/tunisie\/\",\"logo\":{\"@type\":\"ImageObject\",\"inLanguage\":\"fr-FR\",\"@id\":\"https:\/\/kapitalis.com\/tunisie\/#\/schema\/logo\/image\/\",\"url\":\"https:\/\/kapitalis.com\/tunisie\/wp-content\/uploads\/2022\/05\/Kapitalis-big-size.png\",\"contentUrl\":\"https:\/\/kapitalis.com\/tunisie\/wp-content\/uploads\/2022\/05\/Kapitalis-big-size.png\",\"width\":5000,\"height\":1500,\"caption\":\"Kapitalis\"},\"image\":{\"@id\":\"https:\/\/kapitalis.com\/tunisie\/#\/schema\/logo\/image\/\"},\"sameAs\":[\"https:\/\/www.facebook.com\/KapitalisInfo\/\",\"https:\/\/x.com\/KapitalisInfo\",\"https:\/\/www.youtube.com\/channel\/UC-yDYrHyfFBWWZaOw3FPg9Q\"]},{\"@type\":\"Person\",\"@id\":\"https:\/\/kapitalis.com\/tunisie\/#\/schema\/person\/73a5ecc1f6ae540c6ed91342eadca948\",\"name\":\"Fawz BenAli\",\"url\":\"https:\/\/kapitalis.com\/tunisie\/author\/fawz\/\"}]}<\/script>\n<!-- \/ Yoast SEO plugin. -->","yoast_head_json":{"title":"Le Th\u00e9\u00e2tre municipal de Tunis annonce sa nouvelle programmation - Kapitalis","robots":{"index":"index","follow":"follow","max-snippet":"max-snippet:-1","max-image-preview":"max-image-preview:large","max-video-preview":"max-video-preview:-1"},"canonical":"https:\/\/kapitalis.com\/tunisie\/2023\/06\/01\/le-theatre-municipal-de-tunis-annonce-sa-nouvelle-programmation\/","og_locale":"fr_FR","og_type":"article","og_title":"Le Th\u00e9\u00e2tre municipal de Tunis annonce sa nouvelle programmation - Kapitalis","og_description":"Th\u00e9\u00e2tre, musique et humour feront partie de la programmation culturelle du Th\u00e9\u00e2tre municipal de Tunis pour ce mois de juin qui marquera la fin de la saison culturelle.","og_url":"https:\/\/kapitalis.com\/tunisie\/2023\/06\/01\/le-theatre-municipal-de-tunis-annonce-sa-nouvelle-programmation\/","og_site_name":"Kapitalis","article_publisher":"https:\/\/www.facebook.com\/KapitalisInfo\/","article_published_time":"2023-06-01T10:53:23+00:00","article_modified_time":"2023-06-01T10:53:26+00:00","og_image":[{"width":1200,"height":630,"url":"https:\/\/kapitalis.com\/tunisie\/wp-content\/uploads\/2023\/06\/Theatre-municipal-de-Tunis.jpg","type":"image\/jpeg"}],"author":"Fawz BenAli","twitter_card":"summary_large_image","twitter_creator":"@KapitalisInfo","twitter_site":"@KapitalisInfo","twitter_misc":{"\u00c9crit par":"Fawz BenAli","Dur\u00e9e de lecture estim\u00e9e":"2 minutes"},"schema":{"@context":"https:\/\/schema.org","@graph":[{"@type":"Article","@id":"https:\/\/kapitalis.com\/tunisie\/2023\/06\/01\/le-theatre-municipal-de-tunis-annonce-sa-nouvelle-programmation\/#article","isPartOf":{"@id":"https:\/\/kapitalis.com\/tunisie\/2023\/06\/01\/le-theatre-municipal-de-tunis-annonce-sa-nouvelle-programmation\/"},"author":{"name":"Fawz BenAli","@id":"https:\/\/kapitalis.com\/tunisie\/#\/schema\/person\/73a5ecc1f6ae540c6ed91342eadca948"},"headline":"Le Th\u00e9\u00e2tre municipal de Tunis annonce sa nouvelle programmation","datePublished":"2023-06-01T10:53:23+00:00","dateModified":"2023-06-01T10:53:26+00:00","mainEntityOfPage":{"@id":"https:\/\/kapitalis.com\/tunisie\/2023\/06\/01\/le-theatre-municipal-de-tunis-annonce-sa-nouvelle-programmation\/"},"wordCount":258,"commentCount":0,"publisher":{"@id":"https:\/\/kapitalis.com\/tunisie\/#organization"},"image":{"@id":"https:\/\/kapitalis.com\/tunisie\/2023\/06\/01\/le-theatre-municipal-de-tunis-annonce-sa-nouvelle-programmation\/#primaryimage"},"thumbnailUrl":"https:\/\/kapitalis.com\/tunisie\/wp-content\/uploads\/2023\/06\/Theatre-municipal-de-Tunis.jpg","keywords":["programme culturel","Th\u00e9\u00e2tre municipal de Tunis","Tunisie"],"articleSection":["CULTURE","Tunisie"],"inLanguage":"fr-FR","potentialAction":[{"@type":"CommentAction","name":"Comment","target":["https:\/\/kapitalis.com\/tunisie\/2023\/06\/01\/le-theatre-municipal-de-tunis-annonce-sa-nouvelle-programmation\/#respond"]}]},{"@type":"WebPage","@id":"https:\/\/kapitalis.com\/tunisie\/2023\/06\/01\/le-theatre-municipal-de-tunis-annonce-sa-nouvelle-programmation\/","url":"https:\/\/kapitalis.com\/tunisie\/2023\/06\/01\/le-theatre-municipal-de-tunis-annonce-sa-nouvelle-programmation\/","name":"Le Th\u00e9\u00e2tre municipal de Tunis annonce sa nouvelle programmation - Kapitalis","isPartOf":{"@id":"https:\/\/kapitalis.com\/tunisie\/#website"},"primaryImageOfPage":{"@id":"https:\/\/kapitalis.com\/tunisie\/2023\/06\/01\/le-theatre-municipal-de-tunis-annonce-sa-nouvelle-programmation\/#primaryimage"},"image":{"@id":"https:\/\/kapitalis.com\/tunisie\/2023\/06\/01\/le-theatre-municipal-de-tunis-annonce-sa-nouvelle-programmation\/#primaryimage"},"thumbnailUrl":"https:\/\/kapitalis.com\/tunisie\/wp-content\/uploads\/2023\/06\/Theatre-municipal-de-Tunis.jpg","datePublished":"2023-06-01T10:53:23+00:00","dateModified":"2023-06-01T10:53:26+00:00","breadcrumb":{"@id":"https:\/\/kapitalis.com\/tunisie\/2023\/06\/01\/le-theatre-municipal-de-tunis-annonce-sa-nouvelle-programmation\/#breadcrumb"},"inLanguage":"fr-FR","potentialAction":[{"@type":"ReadAction","target":["https:\/\/kapitalis.com\/tunisie\/2023\/06\/01\/le-theatre-municipal-de-tunis-annonce-sa-nouvelle-programmation\/"]}]},{"@type":"ImageObject","inLanguage":"fr-FR","@id":"https:\/\/kapitalis.com\/tunisie\/2023\/06\/01\/le-theatre-municipal-de-tunis-annonce-sa-nouvelle-programmation\/#primaryimage","url":"https:\/\/kapitalis.com\/tunisie\/wp-content\/uploads\/2023\/06\/Theatre-municipal-de-Tunis.jpg","contentUrl":"https:\/\/kapitalis.com\/tunisie\/wp-content\/uploads\/2023\/06\/Theatre-municipal-de-Tunis.jpg","width":1200,"height":630},{"@type":"BreadcrumbList","@id":"https:\/\/kapitalis.com\/tunisie\/2023\/06\/01\/le-theatre-municipal-de-tunis-annonce-sa-nouvelle-programmation\/#breadcrumb","itemListElement":[{"@type":"ListItem","position":1,"name":"Accueil","item":"https:\/\/kapitalis.com\/tunisie\/"},{"@type":"ListItem","position":2,"name":"Le Th\u00e9\u00e2tre municipal de Tunis annonce sa nouvelle programmation"}]},{"@type":"WebSite","@id":"https:\/\/kapitalis.com\/tunisie\/#website","url":"https:\/\/kapitalis.com\/tunisie\/","name":"Kapitalis","description":"L&#039;actualit\u00e9 en Tunisie et dans le monde","publisher":{"@id":"https:\/\/kapitalis.com\/tunisie\/#organization"},"potentialAction":[{"@type":"SearchAction","target":{"@type":"EntryPoint","urlTemplate":"https:\/\/kapitalis.com\/tunisie\/?s={search_term_string}"},"query-input":{"@type":"PropertyValueSpecification","valueRequired":true,"valueName":"search_term_string"}}],"inLanguage":"fr-FR"},{"@type":"Organization","@id":"https:\/\/kapitalis.com\/tunisie\/#organization","name":"Kapitalis","url":"https:\/\/kapitalis.com\/tunisie\/","logo":{"@type":"ImageObject","inLanguage":"fr-FR","@id":"https:\/\/kapitalis.com\/tunisie\/#\/schema\/logo\/image\/","url":"https:\/\/kapitalis.com\/tunisie\/wp-content\/uploads\/2022\/05\/Kapitalis-big-size.png","contentUrl":"https:\/\/kapitalis.com\/tunisie\/wp-content\/uploads\/2022\/05\/Kapitalis-big-size.png","width":5000,"height":1500,"caption":"Kapitalis"},"image":{"@id":"https:\/\/kapitalis.com\/tunisie\/#\/schema\/logo\/image\/"},"sameAs":["https:\/\/www.facebook.com\/KapitalisInfo\/","https:\/\/x.com\/KapitalisInfo","https:\/\/www.youtube.com\/channel\/UC-yDYrHyfFBWWZaOw3FPg9Q"]},{"@type":"Person","@id":"https:\/\/kapitalis.com\/tunisie\/#\/schema\/person\/73a5ecc1f6ae540c6ed91342eadca948","name":"Fawz BenAli","url":"https:\/\/kapitalis.com\/tunisie\/author\/fawz\/"}]}},"_links":{"self":[{"href":"https:\/\/kapitalis.com\/tunisie\/wp-json\/wp\/v2\/posts\/8146520","targetHints":{"allow":["GET"]}}],"collection":[{"href":"https:\/\/kapitalis.com\/tunisie\/wp-json\/wp\/v2\/posts"}],"about":[{"href":"https:\/\/kapitalis.com\/tunisie\/wp-json\/wp\/v2\/types\/post"}],"author":[{"embeddable":true,"href":"https:\/\/kapitalis.com\/tunisie\/wp-json\/wp\/v2\/users\/26"}],"replies":[{"embeddable":true,"href":"https:\/\/kapitalis.com\/tunisie\/wp-json\/wp\/v2\/comments?post=8146520"}],"version-history":[{"count":1,"href":"https:\/\/kapitalis.com\/tunisie\/wp-json\/wp\/v2\/posts\/8146520\/revisions"}],"predecessor-version":[{"id":8147230,"href":"https:\/\/kapitalis.com\/tunisie\/wp-json\/wp\/v2\/posts\/8146520\/revisions\/8147230"}],"wp:featuredmedia":[{"embeddable":true,"href":"https:\/\/kapitalis.com\/tunisie\/wp-json\/wp\/v2\/media\/8147204"}],"wp:attachment":[{"href":"https:\/\/kapitalis.com\/tunisie\/wp-json\/wp\/v2\/media?parent=8146520"}],"wp:term":[{"taxonomy":"category","embeddable":true,"href":"https:\/\/kapitalis.com\/tunisie\/wp-json\/wp\/v2\/categories?post=8146520"},{"taxonomy":"post_tag","embeddable":true,"href":"https:\/\/kapitalis.com\/tunisie\/wp-json\/wp\/v2\/tags?post=8146520"}],"curies":[{"name":"wp","href":"https:\/\/api.w.org\/{rel}","templated":true}]}}