{"id":81599,"date":"2017-02-03T08:44:39","date_gmt":"2017-02-03T07:44:39","guid":{"rendered":"http:\/\/kapitalis.com\/tunisie\/?p=81599"},"modified":"2017-02-03T08:58:13","modified_gmt":"2017-02-03T07:58:13","slug":"canada-hommage-national-aux-victimes-de-lattentat-du-quebec","status":"publish","type":"post","link":"https:\/\/kapitalis.com\/tunisie\/2017\/02\/03\/canada-hommage-national-aux-victimes-de-lattentat-du-quebec\/","title":{"rendered":"Canada : Hommage national aux victimes de l&rsquo;attentat du Qu\u00e9bec"},"content":{"rendered":"<p><img loading=\"lazy\" decoding=\"async\" class=\"alignnone size-full wp-image-81600 aligncenter\" src=\"http:\/\/kapitalis.com\/tunisie\/wp-content\/uploads\/2017\/02\/Funerailles-victimes-attentat-Quebec-Ban.jpg\" alt=\"\" width=\"626\" height=\"380\" \/><\/p>\n<p><em><strong>Un hommage national a \u00e9t\u00e9 rendu, hier, au Canada, aux victimes de d&rsquo;attentat \u00e0 la grande mosqu\u00e9e du Qu\u00e9bec, dimanche, dont le Tunisien Boubaker Thabti.<\/strong><\/em><\/p>\n<p><!--more--><\/p>\n<p>Les fun\u00e9railles nationales des victimes de l&rsquo;attaque perp\u00e9tr\u00e9e par Alexandre Bissonnette, un terroriste d&rsquo;extr\u00eame droite, organis\u00e9es jeudi 2 f\u00e9vrier 2017, dans un complexe de Montr\u00e9al, en pr\u00e9sence du Premier ministre Justin Trudeau et autres dirigeants politiques canadiens, ont \u00e9t\u00e9 un grand moment de recueillement riche en \u00e9motions, auquel ont pris part plus de 5.000 personnes.<\/p>\n<p style=\"text-align: center;\"><img loading=\"lazy\" decoding=\"async\" class=\"alignnone wp-image-81603\" src=\"http:\/\/kapitalis.com\/tunisie\/wp-content\/uploads\/2017\/02\/Funerailles-victimes-attentat-Quebec.jpg\" alt=\"Fun\u00e9railles des victimes de l'attentat du Qu\u00e9bec\" width=\"500\" height=\"359\" \/><\/p>\n<p>Le corps de Boubaker Thabti, un p\u00e8re de famille de 44 ans, employ\u00e9 dans une soci\u00e9t\u00e9 agroalimentaire, sera rapatri\u00e9 samedi prochain. Originaire de Tataouine, il avait \u00e9migr\u00e9 au Qu\u00e9bec en 2011.<\/p>\n<p style=\"text-align: right;\"><strong>Y. N.<\/strong><\/p>\n","protected":false},"excerpt":{"rendered":"<p>Un hommage national a \u00e9t\u00e9 rendu, hier, au Canada, aux victimes de d&rsquo;attentat \u00e0 la grande mosqu\u00e9e du Qu\u00e9bec, dimanche, dont le Tunisien Boubaker Thabti.<\/p>\n","protected":false},"author":8,"featured_media":81600,"comment_status":"open","ping_status":"open","sticky":false,"template":"","format":"standard","meta":{"footnotes":""},"categories":[998,2433],"tags":[105,27407,6537,9782,18773,1126],"class_list":["post-81599","post","type-post","status-publish","format-standard","has-post-thumbnail","hentry","category-societe","category-tunisie","tag-attentat","tag-boubaker-thabti","tag-canada","tag-justin-trudeau","tag-quebec","tag-tataouine"],"yoast_head":"<!-- This site is optimized with the Yoast SEO plugin v26.6 - https:\/\/yoast.com\/wordpress\/plugins\/seo\/ -->\n<title>Canada : Hommage national aux victimes de l&#039;attentat du Qu\u00e9bec - Kapitalis<\/title>\n<meta name=\"robots\" content=\"index, follow, max-snippet:-1, max-image-preview:large, max-video-preview:-1\" \/>\n<link rel=\"canonical\" href=\"https:\/\/kapitalis.com\/tunisie\/2017\/02\/03\/canada-hommage-national-aux-victimes-de-lattentat-du-quebec\/\" \/>\n<meta property=\"og:locale\" content=\"fr_FR\" \/>\n<meta property=\"og:type\" content=\"article\" \/>\n<meta property=\"og:title\" content=\"Canada : Hommage national aux victimes de l&#039;attentat du Qu\u00e9bec - Kapitalis\" \/>\n<meta property=\"og:description\" content=\"Un hommage national a \u00e9t\u00e9 rendu, hier, au Canada, aux victimes de d&rsquo;attentat \u00e0 la grande mosqu\u00e9e du Qu\u00e9bec, dimanche, dont le Tunisien Boubaker Thabti.\" \/>\n<meta property=\"og:url\" content=\"https:\/\/kapitalis.com\/tunisie\/2017\/02\/03\/canada-hommage-national-aux-victimes-de-lattentat-du-quebec\/\" \/>\n<meta property=\"og:site_name\" content=\"Kapitalis\" \/>\n<meta property=\"article:publisher\" content=\"https:\/\/www.facebook.com\/KapitalisInfo\/\" \/>\n<meta property=\"article:published_time\" content=\"2017-02-03T07:44:39+00:00\" \/>\n<meta property=\"article:modified_time\" content=\"2017-02-03T07:58:13+00:00\" \/>\n<meta property=\"og:image\" content=\"https:\/\/kapitalis.com\/tunisie\/wp-content\/uploads\/2022\/05\/kapitalis-logo-fb.png\" \/>\n\t<meta property=\"og:image:width\" content=\"1200\" \/>\n\t<meta property=\"og:image:height\" content=\"630\" \/>\n\t<meta property=\"og:image:type\" content=\"image\/png\" \/>\n<meta name=\"author\" content=\"webmaster kapitalis\" \/>\n<meta name=\"twitter:card\" content=\"summary_large_image\" \/>\n<meta name=\"twitter:creator\" content=\"@KapitalisInfo\" \/>\n<meta name=\"twitter:site\" content=\"@KapitalisInfo\" \/>\n<meta name=\"twitter:label1\" content=\"\u00c9crit par\" \/>\n\t<meta name=\"twitter:data1\" content=\"webmaster kapitalis\" \/>\n\t<meta name=\"twitter:label2\" content=\"Dur\u00e9e de lecture estim\u00e9e\" \/>\n\t<meta name=\"twitter:data2\" content=\"1 minute\" \/>\n<script type=\"application\/ld+json\" class=\"yoast-schema-graph\">{\"@context\":\"https:\/\/schema.org\",\"@graph\":[{\"@type\":\"Article\",\"@id\":\"https:\/\/kapitalis.com\/tunisie\/2017\/02\/03\/canada-hommage-national-aux-victimes-de-lattentat-du-quebec\/#article\",\"isPartOf\":{\"@id\":\"https:\/\/kapitalis.com\/tunisie\/2017\/02\/03\/canada-hommage-national-aux-victimes-de-lattentat-du-quebec\/\"},\"author\":{\"name\":\"webmaster kapitalis\",\"@id\":\"https:\/\/kapitalis.com\/tunisie\/#\/schema\/person\/d71f33a9ca44f7bad4698210b480c8e9\"},\"headline\":\"Canada : Hommage national aux victimes de l&rsquo;attentat du Qu\u00e9bec\",\"datePublished\":\"2017-02-03T07:44:39+00:00\",\"dateModified\":\"2017-02-03T07:58:13+00:00\",\"mainEntityOfPage\":{\"@id\":\"https:\/\/kapitalis.com\/tunisie\/2017\/02\/03\/canada-hommage-national-aux-victimes-de-lattentat-du-quebec\/\"},\"wordCount\":130,\"commentCount\":2,\"publisher\":{\"@id\":\"https:\/\/kapitalis.com\/tunisie\/#organization\"},\"image\":{\"@id\":\"https:\/\/kapitalis.com\/tunisie\/2017\/02\/03\/canada-hommage-national-aux-victimes-de-lattentat-du-quebec\/#primaryimage\"},\"thumbnailUrl\":\"\",\"keywords\":[\"attentat\",\"Boubaker Thabti\",\"Canada\",\"Justin Trudeau\",\"Qu\u00e9bec\",\"Tataouine\"],\"articleSection\":[\"SOCIETE\",\"Tunisie\"],\"inLanguage\":\"fr-FR\",\"potentialAction\":[{\"@type\":\"CommentAction\",\"name\":\"Comment\",\"target\":[\"https:\/\/kapitalis.com\/tunisie\/2017\/02\/03\/canada-hommage-national-aux-victimes-de-lattentat-du-quebec\/#respond\"]}]},{\"@type\":\"WebPage\",\"@id\":\"https:\/\/kapitalis.com\/tunisie\/2017\/02\/03\/canada-hommage-national-aux-victimes-de-lattentat-du-quebec\/\",\"url\":\"https:\/\/kapitalis.com\/tunisie\/2017\/02\/03\/canada-hommage-national-aux-victimes-de-lattentat-du-quebec\/\",\"name\":\"Canada : Hommage national aux victimes de l'attentat du Qu\u00e9bec - Kapitalis\",\"isPartOf\":{\"@id\":\"https:\/\/kapitalis.com\/tunisie\/#website\"},\"primaryImageOfPage\":{\"@id\":\"https:\/\/kapitalis.com\/tunisie\/2017\/02\/03\/canada-hommage-national-aux-victimes-de-lattentat-du-quebec\/#primaryimage\"},\"image\":{\"@id\":\"https:\/\/kapitalis.com\/tunisie\/2017\/02\/03\/canada-hommage-national-aux-victimes-de-lattentat-du-quebec\/#primaryimage\"},\"thumbnailUrl\":\"\",\"datePublished\":\"2017-02-03T07:44:39+00:00\",\"dateModified\":\"2017-02-03T07:58:13+00:00\",\"breadcrumb\":{\"@id\":\"https:\/\/kapitalis.com\/tunisie\/2017\/02\/03\/canada-hommage-national-aux-victimes-de-lattentat-du-quebec\/#breadcrumb\"},\"inLanguage\":\"fr-FR\",\"potentialAction\":[{\"@type\":\"ReadAction\",\"target\":[\"https:\/\/kapitalis.com\/tunisie\/2017\/02\/03\/canada-hommage-national-aux-victimes-de-lattentat-du-quebec\/\"]}]},{\"@type\":\"ImageObject\",\"inLanguage\":\"fr-FR\",\"@id\":\"https:\/\/kapitalis.com\/tunisie\/2017\/02\/03\/canada-hommage-national-aux-victimes-de-lattentat-du-quebec\/#primaryimage\",\"url\":\"\",\"contentUrl\":\"\"},{\"@type\":\"BreadcrumbList\",\"@id\":\"https:\/\/kapitalis.com\/tunisie\/2017\/02\/03\/canada-hommage-national-aux-victimes-de-lattentat-du-quebec\/#breadcrumb\",\"itemListElement\":[{\"@type\":\"ListItem\",\"position\":1,\"name\":\"Accueil\",\"item\":\"https:\/\/kapitalis.com\/tunisie\/\"},{\"@type\":\"ListItem\",\"position\":2,\"name\":\"Canada : Hommage national aux victimes de l&rsquo;attentat du Qu\u00e9bec\"}]},{\"@type\":\"WebSite\",\"@id\":\"https:\/\/kapitalis.com\/tunisie\/#website\",\"url\":\"https:\/\/kapitalis.com\/tunisie\/\",\"name\":\"Kapitalis\",\"description\":\"L&#039;actualit\u00e9 en Tunisie et dans le monde\",\"publisher\":{\"@id\":\"https:\/\/kapitalis.com\/tunisie\/#organization\"},\"potentialAction\":[{\"@type\":\"SearchAction\",\"target\":{\"@type\":\"EntryPoint\",\"urlTemplate\":\"https:\/\/kapitalis.com\/tunisie\/?s={search_term_string}\"},\"query-input\":{\"@type\":\"PropertyValueSpecification\",\"valueRequired\":true,\"valueName\":\"search_term_string\"}}],\"inLanguage\":\"fr-FR\"},{\"@type\":\"Organization\",\"@id\":\"https:\/\/kapitalis.com\/tunisie\/#organization\",\"name\":\"Kapitalis\",\"url\":\"https:\/\/kapitalis.com\/tunisie\/\",\"logo\":{\"@type\":\"ImageObject\",\"inLanguage\":\"fr-FR\",\"@id\":\"https:\/\/kapitalis.com\/tunisie\/#\/schema\/logo\/image\/\",\"url\":\"https:\/\/kapitalis.com\/tunisie\/wp-content\/uploads\/2022\/05\/Kapitalis-big-size.png\",\"contentUrl\":\"https:\/\/kapitalis.com\/tunisie\/wp-content\/uploads\/2022\/05\/Kapitalis-big-size.png\",\"width\":5000,\"height\":1500,\"caption\":\"Kapitalis\"},\"image\":{\"@id\":\"https:\/\/kapitalis.com\/tunisie\/#\/schema\/logo\/image\/\"},\"sameAs\":[\"https:\/\/www.facebook.com\/KapitalisInfo\/\",\"https:\/\/x.com\/KapitalisInfo\",\"https:\/\/www.youtube.com\/channel\/UC-yDYrHyfFBWWZaOw3FPg9Q\"]},{\"@type\":\"Person\",\"@id\":\"https:\/\/kapitalis.com\/tunisie\/#\/schema\/person\/d71f33a9ca44f7bad4698210b480c8e9\",\"name\":\"webmaster kapitalis\",\"url\":\"https:\/\/kapitalis.com\/tunisie\/author\/webmaster-kapitalis\/\"}]}<\/script>\n<!-- \/ Yoast SEO plugin. -->","yoast_head_json":{"title":"Canada : Hommage national aux victimes de l'attentat du Qu\u00e9bec - Kapitalis","robots":{"index":"index","follow":"follow","max-snippet":"max-snippet:-1","max-image-preview":"max-image-preview:large","max-video-preview":"max-video-preview:-1"},"canonical":"https:\/\/kapitalis.com\/tunisie\/2017\/02\/03\/canada-hommage-national-aux-victimes-de-lattentat-du-quebec\/","og_locale":"fr_FR","og_type":"article","og_title":"Canada : Hommage national aux victimes de l'attentat du Qu\u00e9bec - Kapitalis","og_description":"Un hommage national a \u00e9t\u00e9 rendu, hier, au Canada, aux victimes de d&rsquo;attentat \u00e0 la grande mosqu\u00e9e du Qu\u00e9bec, dimanche, dont le Tunisien Boubaker Thabti.","og_url":"https:\/\/kapitalis.com\/tunisie\/2017\/02\/03\/canada-hommage-national-aux-victimes-de-lattentat-du-quebec\/","og_site_name":"Kapitalis","article_publisher":"https:\/\/www.facebook.com\/KapitalisInfo\/","article_published_time":"2017-02-03T07:44:39+00:00","article_modified_time":"2017-02-03T07:58:13+00:00","og_image":[{"width":1200,"height":630,"url":"https:\/\/kapitalis.com\/tunisie\/wp-content\/uploads\/2022\/05\/kapitalis-logo-fb.png","type":"image\/png"}],"author":"webmaster kapitalis","twitter_card":"summary_large_image","twitter_creator":"@KapitalisInfo","twitter_site":"@KapitalisInfo","twitter_misc":{"\u00c9crit par":"webmaster kapitalis","Dur\u00e9e de lecture estim\u00e9e":"1 minute"},"schema":{"@context":"https:\/\/schema.org","@graph":[{"@type":"Article","@id":"https:\/\/kapitalis.com\/tunisie\/2017\/02\/03\/canada-hommage-national-aux-victimes-de-lattentat-du-quebec\/#article","isPartOf":{"@id":"https:\/\/kapitalis.com\/tunisie\/2017\/02\/03\/canada-hommage-national-aux-victimes-de-lattentat-du-quebec\/"},"author":{"name":"webmaster kapitalis","@id":"https:\/\/kapitalis.com\/tunisie\/#\/schema\/person\/d71f33a9ca44f7bad4698210b480c8e9"},"headline":"Canada : Hommage national aux victimes de l&rsquo;attentat du Qu\u00e9bec","datePublished":"2017-02-03T07:44:39+00:00","dateModified":"2017-02-03T07:58:13+00:00","mainEntityOfPage":{"@id":"https:\/\/kapitalis.com\/tunisie\/2017\/02\/03\/canada-hommage-national-aux-victimes-de-lattentat-du-quebec\/"},"wordCount":130,"commentCount":2,"publisher":{"@id":"https:\/\/kapitalis.com\/tunisie\/#organization"},"image":{"@id":"https:\/\/kapitalis.com\/tunisie\/2017\/02\/03\/canada-hommage-national-aux-victimes-de-lattentat-du-quebec\/#primaryimage"},"thumbnailUrl":"","keywords":["attentat","Boubaker Thabti","Canada","Justin Trudeau","Qu\u00e9bec","Tataouine"],"articleSection":["SOCIETE","Tunisie"],"inLanguage":"fr-FR","potentialAction":[{"@type":"CommentAction","name":"Comment","target":["https:\/\/kapitalis.com\/tunisie\/2017\/02\/03\/canada-hommage-national-aux-victimes-de-lattentat-du-quebec\/#respond"]}]},{"@type":"WebPage","@id":"https:\/\/kapitalis.com\/tunisie\/2017\/02\/03\/canada-hommage-national-aux-victimes-de-lattentat-du-quebec\/","url":"https:\/\/kapitalis.com\/tunisie\/2017\/02\/03\/canada-hommage-national-aux-victimes-de-lattentat-du-quebec\/","name":"Canada : Hommage national aux victimes de l'attentat du Qu\u00e9bec - Kapitalis","isPartOf":{"@id":"https:\/\/kapitalis.com\/tunisie\/#website"},"primaryImageOfPage":{"@id":"https:\/\/kapitalis.com\/tunisie\/2017\/02\/03\/canada-hommage-national-aux-victimes-de-lattentat-du-quebec\/#primaryimage"},"image":{"@id":"https:\/\/kapitalis.com\/tunisie\/2017\/02\/03\/canada-hommage-national-aux-victimes-de-lattentat-du-quebec\/#primaryimage"},"thumbnailUrl":"","datePublished":"2017-02-03T07:44:39+00:00","dateModified":"2017-02-03T07:58:13+00:00","breadcrumb":{"@id":"https:\/\/kapitalis.com\/tunisie\/2017\/02\/03\/canada-hommage-national-aux-victimes-de-lattentat-du-quebec\/#breadcrumb"},"inLanguage":"fr-FR","potentialAction":[{"@type":"ReadAction","target":["https:\/\/kapitalis.com\/tunisie\/2017\/02\/03\/canada-hommage-national-aux-victimes-de-lattentat-du-quebec\/"]}]},{"@type":"ImageObject","inLanguage":"fr-FR","@id":"https:\/\/kapitalis.com\/tunisie\/2017\/02\/03\/canada-hommage-national-aux-victimes-de-lattentat-du-quebec\/#primaryimage","url":"","contentUrl":""},{"@type":"BreadcrumbList","@id":"https:\/\/kapitalis.com\/tunisie\/2017\/02\/03\/canada-hommage-national-aux-victimes-de-lattentat-du-quebec\/#breadcrumb","itemListElement":[{"@type":"ListItem","position":1,"name":"Accueil","item":"https:\/\/kapitalis.com\/tunisie\/"},{"@type":"ListItem","position":2,"name":"Canada : Hommage national aux victimes de l&rsquo;attentat du Qu\u00e9bec"}]},{"@type":"WebSite","@id":"https:\/\/kapitalis.com\/tunisie\/#website","url":"https:\/\/kapitalis.com\/tunisie\/","name":"Kapitalis","description":"L&#039;actualit\u00e9 en Tunisie et dans le monde","publisher":{"@id":"https:\/\/kapitalis.com\/tunisie\/#organization"},"potentialAction":[{"@type":"SearchAction","target":{"@type":"EntryPoint","urlTemplate":"https:\/\/kapitalis.com\/tunisie\/?s={search_term_string}"},"query-input":{"@type":"PropertyValueSpecification","valueRequired":true,"valueName":"search_term_string"}}],"inLanguage":"fr-FR"},{"@type":"Organization","@id":"https:\/\/kapitalis.com\/tunisie\/#organization","name":"Kapitalis","url":"https:\/\/kapitalis.com\/tunisie\/","logo":{"@type":"ImageObject","inLanguage":"fr-FR","@id":"https:\/\/kapitalis.com\/tunisie\/#\/schema\/logo\/image\/","url":"https:\/\/kapitalis.com\/tunisie\/wp-content\/uploads\/2022\/05\/Kapitalis-big-size.png","contentUrl":"https:\/\/kapitalis.com\/tunisie\/wp-content\/uploads\/2022\/05\/Kapitalis-big-size.png","width":5000,"height":1500,"caption":"Kapitalis"},"image":{"@id":"https:\/\/kapitalis.com\/tunisie\/#\/schema\/logo\/image\/"},"sameAs":["https:\/\/www.facebook.com\/KapitalisInfo\/","https:\/\/x.com\/KapitalisInfo","https:\/\/www.youtube.com\/channel\/UC-yDYrHyfFBWWZaOw3FPg9Q"]},{"@type":"Person","@id":"https:\/\/kapitalis.com\/tunisie\/#\/schema\/person\/d71f33a9ca44f7bad4698210b480c8e9","name":"webmaster kapitalis","url":"https:\/\/kapitalis.com\/tunisie\/author\/webmaster-kapitalis\/"}]}},"_links":{"self":[{"href":"https:\/\/kapitalis.com\/tunisie\/wp-json\/wp\/v2\/posts\/81599","targetHints":{"allow":["GET"]}}],"collection":[{"href":"https:\/\/kapitalis.com\/tunisie\/wp-json\/wp\/v2\/posts"}],"about":[{"href":"https:\/\/kapitalis.com\/tunisie\/wp-json\/wp\/v2\/types\/post"}],"author":[{"embeddable":true,"href":"https:\/\/kapitalis.com\/tunisie\/wp-json\/wp\/v2\/users\/8"}],"replies":[{"embeddable":true,"href":"https:\/\/kapitalis.com\/tunisie\/wp-json\/wp\/v2\/comments?post=81599"}],"version-history":[{"count":0,"href":"https:\/\/kapitalis.com\/tunisie\/wp-json\/wp\/v2\/posts\/81599\/revisions"}],"wp:featuredmedia":[{"embeddable":true,"href":"https:\/\/kapitalis.com\/tunisie\/wp-json\/wp\/v2\/media\/81600"}],"wp:attachment":[{"href":"https:\/\/kapitalis.com\/tunisie\/wp-json\/wp\/v2\/media?parent=81599"}],"wp:term":[{"taxonomy":"category","embeddable":true,"href":"https:\/\/kapitalis.com\/tunisie\/wp-json\/wp\/v2\/categories?post=81599"},{"taxonomy":"post_tag","embeddable":true,"href":"https:\/\/kapitalis.com\/tunisie\/wp-json\/wp\/v2\/tags?post=81599"}],"curies":[{"name":"wp","href":"https:\/\/api.w.org\/{rel}","templated":true}]}}