{"id":81669,"date":"2017-02-03T14:03:21","date_gmt":"2017-02-03T13:03:21","guid":{"rendered":"http:\/\/kapitalis.com\/tunisie\/?p=81669"},"modified":"2017-02-03T14:03:21","modified_gmt":"2017-02-03T13:03:21","slug":"comment-sortir-la-tunisie-de-la-crise","status":"publish","type":"post","link":"https:\/\/kapitalis.com\/tunisie\/2017\/02\/03\/comment-sortir-la-tunisie-de-la-crise\/","title":{"rendered":"Comment sortir la Tunisie de la crise ?"},"content":{"rendered":"<p style=\"text-align: center;\"><img loading=\"lazy\" decoding=\"async\" class=\"alignnone size-full wp-image-70698\" src=\"http:\/\/kapitalis.com\/tunisie\/wp-content\/uploads\/2016\/11\/Crise-Recession.jpg\" alt=\"\" width=\"626\" height=\"380\" \/><\/p>\n<p style=\"text-align: left;\"><em><strong>Plus que de la crise elle-m\u00eame, qui s\u00e9vit depuis plusieurs ann\u00e9es dans leur pays, ce dont souffrent les Tunisiens c\u2019est du mode de penser impuissant et inop\u00e9rant de ses \u00e9lites dirigeantes.<\/strong> <\/em><\/p>\n<p style=\"text-align: left;\">Par <strong>H\u00e9di Sraieb<\/strong> *<\/p>\n<p style=\"text-align: left;\"><!--more--><\/p>\n<p style=\"text-align: left;\">A vrai dire, une grande confusion r\u00e8gne autour des moyens \u00e0 mettre en \u0153uvre pour sortir la Tunisie de ce marasme prot\u00e9iforme qui semble s\u2019\u00e9terniser au-del\u00e0 de toute attente. Pourtant ce n\u2019est pas faute d\u2019avoir tent\u00e9 diverses formules. Six gouvernements s\u2019y sont essay\u00e9s sans succ\u00e8s. Le dernier en date semble lui aussi manquer de souffle au-del\u00e0 de quelques succ\u00e8s d\u2019estime. Le pays a, malgr\u00e9 tout, retrouv\u00e9 un semblant de calme gr\u00e2ce \u00e0 des forces de s\u00e9curit\u00e9 plus vigilantes et mieux organis\u00e9es. La Conf\u00e9rence internationale sur l\u2019investissement, \u00e9galement un succ\u00e8s, a suscit\u00e9 l\u2019espoir de nouveau, mais sans que la moindre concr\u00e9tisation notable s\u2019en suive. Les plus obstin\u00e9s et patients diront qu\u2019il faut donner un peu de temps au temps. D\u2019autres, \u00e0 l\u2019autre extr\u00e9mit\u00e9, plus imp\u00e9tueux, fulminent contre l\u2019impuissance du pouvoir. Il est vrai qu\u2019il n\u2019existe aucune recette-miracle ou solution sur l\u2019\u00e9tag\u00e8re.<\/p>\n<p style=\"text-align: left;\"><strong>Penser la crise avec une pens\u00e9e en crise<\/strong><\/p>\n<p style=\"text-align: left;\">Cependant, l\u2019on pourrait s\u2019interroger sur le discours, les mesures avanc\u00e9es, les dispositifs mis en place et, au bout du compte, retomber lourdement sur une question centrale qui taraude nombre d\u2019esprits : <em>\u00abNe sommes-nous pas en train de penser la crise avec une pens\u00e9e en crise\u00bb?<\/em><\/p>\n<p style=\"text-align: left;\">Les esprits chagrins ou ombrageux auront vite fait de dire que cette question ne se pose pas, que seul le pragmatisme compte. Un propos, donc, concluraient-ils, d\u2019intellectuel irresponsable, sans prise sur la r\u00e9alit\u00e9, st\u00e9rile et inop\u00e9rant. Une pure \u00e9lucubration ! Une pens\u00e9e en crise, allez-donc, seule l\u2019action prime puisque nous disposons d\u2019un diagnostic clair et complet\u2026 Mais ce dernier l\u2019est-il vraiment?<\/p>\n<p style=\"text-align: left;\">De fait, la question d\u2019une possible <em>\u00abpens\u00e9e en crise\u00bb<\/em>, ne semble pas aussi saugrenue qu\u2019elle en a l\u2019air. On fera observer que le fameux <em>\u00abdiagnostic\u00bb<\/em> (autrement dit la r\u00e9flexion outill\u00e9e qui permet de penser les r\u00e9alit\u00e9s) aussi unanime qu\u2019il puisse para\u00eetre est loin de r\u00e9unir les caract\u00e9ristiques de justesse et d\u2019exactitude. En r\u00e9alit\u00e9 un diagnostic qui contient bien plus de paradoxes qu\u2019il n\u2019identifie de cl\u00e9s et d\u2019issues.<\/p>\n<p style=\"text-align: left;\">Pour rester sur la seul plan \u00e9conomique et social, l\u2019intelligentsia ou ce que l\u2019on nomme aussi les \u00e9lites \u2013 dans leur grande majorit\u00e9 \u2013 s\u2019accordent \u00e0 penser qu\u2019\u00e0 la fin du fin, le probl\u00e8me majeur est celui de la croissance. Vous connaissez la suite. Une litanie incantatoire r\u00e9p\u00e9t\u00e9e \u00e0 sati\u00e9t\u00e9! Il faut plus de croissance, plus d\u2019investissements qui cr\u00e9ent des emplois et de la richesse! Or \u00e0 s\u2019y attarder quelque peu, on observe que chacun des termes mis bout \u00e0 bout est pour ainsi dire <em>\u00abmalade\u00bb<\/em> !<\/p>\n<p style=\"text-align: left;\"><strong>Un manque manifeste de \u00abprojets cr\u00e9dibles\u00bb<\/strong><\/p>\n<p style=\"text-align: left;\">Croissance, mais de quoi au juste? De l\u2019\u00e9conomie, s\u2019\u00e9vertuent \u00e0 dire nos distingu\u00e9s \u00e9conomistes qui passent le plus clair de leur temps \u00e0 discuter du chiffre apr\u00e8s la virgule ou un peu plus : 1,9% ou 2,1%, quant au bas mot plus de 30% de notre \u00e9conomie \u00e9chappe \u00e0 toute mesure statistique pr\u00e9cise. Discourir sur un fait dont on ne cerne que les 2\/3 de la r\u00e9alit\u00e9\u2026 voil\u00e0 \u00e0 quoi en sont r\u00e9duits nos \u00e9minents et doctes confr\u00e8res. Soumettre co\u00fbte que co\u00fbte une r\u00e9alit\u00e9 d\u00e9cid\u00e9ment r\u00e9fractaire \u00e0 un mode de penser inop\u00e9rant, impuissant et vain, plut\u00f4t que de faire l\u2019inverse\u2026 et refonder un autre mode d\u2019appr\u00e9hension.<\/p>\n<p style=\"text-align: left;\">Il en va de m\u00eame du terme d\u2019investissement confondu avec une l\u00e9g\u00e8ret\u00e9 tout aussi d\u00e9concertante que d\u00e9plorable avec financement d\u2019activit\u00e9. Ce dont le pays aurait le plus besoin, nous r\u00e9p\u00e8tent inlassablement ces \u00e9lites, c\u2019est de fonds, d\u2019argent frais, d\u2019apports de capitaux\u2026 le reste suivra.<\/p>\n<p style=\"text-align: left;\">Encore un paradoxe s\u2019il en est, puisqu\u2019il est d\u00e9sormais de notori\u00e9t\u00e9 publique que de tr\u00e8s nombreuses de lignes de cr\u00e9dit et de fonds sp\u00e9ciaux ne trouvent pas \u00e0 s\u2019investir. Il y a bien s\u00fbr la lenteur administrative, mais, plus s\u00e9rieusement encore, un manque manifeste de <em>\u00abprojets cr\u00e9dibles\u00bb<\/em>. Les institutions internationales comme les grands groupes le soulignent avec insistance r\u00e9guli\u00e8rement.<\/p>\n<p style=\"text-align: left;\"><em>Last but not least<\/em>\u2026 produire de la richesse! Encore un mot magique, ultime artifice sublim\u00e9 produit par cette indigente et d\u00e9ficiente pens\u00e9e qui pour \u00e9viter d\u2019\u00eatre suspecte adosse l\u2019adjectif <em>\u00abinclusif\u00bb<\/em>.<\/p>\n<p style=\"text-align: left;\">Une pens\u00e9e fuyante qui n\u2019ose se reposer les questions : Quoi produire? Pour qui produire?<\/p>\n<p style=\"text-align: left;\">En r\u00e9alit\u00e9, le pays manque cruellement d\u2019une perspective, d\u2019un futur d\u00e9sirable, pour reprendre une expression \u00e0 la mode. Les conservatismes de tous bords ont r\u00e9ussi \u00e0 \u00e9touffer toutes les vell\u00e9it\u00e9s de changements profonds, de transformation de la soci\u00e9t\u00e9 vers un horizon socialement plus juste, \u00e9conomiquement plus viable, \u00e9cologiquement plus soutenable.<\/p>\n<p style=\"text-align: left;\"><strong>Un autre contrat social est n\u00e9cessaire<\/strong><\/p>\n<p style=\"text-align: left;\">Croissance, investissement, richesse, ne sont que des vecteurs, des v\u00e9hicules, qui devraient d\u00e9boucher sur des notions qui d\u00e9passent la simple mesure statistique et mon\u00e9taire: <em>\u00able mieux-\u00eatre\u00bb<\/em> \u00e0 d\u00e9faut de bien-\u00eatre int\u00e9gral, l\u2019\u00e9panouissement des personnes\u2026 Il n\u2019est toujours pas interdit de nommer <em>\u00abautre chose\u00bb<\/em> tel le bonheur, qui ne se saisit pas par un chiffre ou une quantit\u00e9 de biens marchands!<\/p>\n<p style=\"text-align: left;\">La notion de progr\u00e8s (au sens des Lumi\u00e8res) a disparu du discours des \u00e9lites dirigeantes et de leurs porte-voix.<\/p>\n<p style=\"text-align: left;\">Il n\u2019est plus question que de r\u00e9formes douloureuses, de r\u00e9duction drastique des d\u00e9penses sociales sous peine de conduire le pays \u00e0 la faillite\u2026 Voil\u00e0 bien un horizon peu enthousiasmant pour ceux qui ont d\u00e9j\u00e0 tr\u00e8s peu!<\/p>\n<p style=\"text-align: left;\">Alors, effectivement, faut-il, peut-\u00eatre, donner du temps au temps afin que cette soci\u00e9t\u00e9 en proie au d\u00e9sarroi finisse par produire les \u00e9lites dirigeantes qui sauront l\u2019amener vers un avenir somme toute un peu plus radieux!<\/p>\n<p style=\"text-align: left;\">Si r\u00e9alisme et pragmatisme il doit y avoir, ce n\u2019est s\u00fbrement pas en rajoutant de la d\u00e9sesp\u00e9rance au d\u00e9senchantement. Il convient, bien plus s\u00fbrement, de faire preuve d\u2019imagination courageuse. Un autre contrat social n\u2019est pas seulement souhaitable, il est \u00e0 l\u2019\u00e9vidence n\u00e9cessaire et incontournable.<\/p>\n<p style=\"text-align: left;\"><em>* Docteur d\u2019Etat en \u00e9conomie du d\u00e9veloppement.<\/em><\/p>\n","protected":false},"excerpt":{"rendered":"<p>Plus que de la crise elle-m\u00eame, qui s\u00e9vit depuis plusieurs ann\u00e9es dans leur pays, ce dont souffrent les Tunisiens c\u2019est du mode de penser impuissant et inop\u00e9rant de ses \u00e9lites dirigeantes. Par H\u00e9di Sraieb *<\/p>\n","protected":false},"author":8,"featured_media":0,"comment_status":"open","ping_status":"open","sticky":false,"template":"","format":"standard","meta":{"footnotes":""},"categories":[992,1000,2433],"tags":[1868,1313,249,494],"class_list":["post-81669","post","type-post","status-publish","format-standard","hentry","category-a-la-une","category-tribune","category-tunisie","tag-chomage","tag-crise","tag-croissance","tag-investissement"],"yoast_head":"<!-- This site is optimized with the Yoast SEO plugin v26.6 - https:\/\/yoast.com\/wordpress\/plugins\/seo\/ -->\n<title>Comment sortir la Tunisie de la crise ? - Kapitalis<\/title>\n<meta name=\"robots\" content=\"index, follow, max-snippet:-1, max-image-preview:large, max-video-preview:-1\" \/>\n<link rel=\"canonical\" href=\"https:\/\/kapitalis.com\/tunisie\/2017\/02\/03\/comment-sortir-la-tunisie-de-la-crise\/\" \/>\n<meta property=\"og:locale\" content=\"fr_FR\" \/>\n<meta property=\"og:type\" content=\"article\" \/>\n<meta property=\"og:title\" content=\"Comment sortir la Tunisie de la crise ? - Kapitalis\" \/>\n<meta property=\"og:description\" content=\"Plus que de la crise elle-m\u00eame, qui s\u00e9vit depuis plusieurs ann\u00e9es dans leur pays, ce dont souffrent les Tunisiens c\u2019est du mode de penser impuissant et inop\u00e9rant de ses \u00e9lites dirigeantes. Par H\u00e9di Sraieb *\" \/>\n<meta property=\"og:url\" content=\"https:\/\/kapitalis.com\/tunisie\/2017\/02\/03\/comment-sortir-la-tunisie-de-la-crise\/\" \/>\n<meta property=\"og:site_name\" content=\"Kapitalis\" \/>\n<meta property=\"article:publisher\" content=\"https:\/\/www.facebook.com\/KapitalisInfo\/\" \/>\n<meta property=\"article:published_time\" content=\"2017-02-03T13:03:21+00:00\" \/>\n<meta property=\"og:image\" content=\"http:\/\/kapitalis.com\/tunisie\/wp-content\/uploads\/2016\/11\/Crise-Recession.jpg\" \/>\n<meta name=\"author\" content=\"webmaster kapitalis\" \/>\n<meta name=\"twitter:card\" content=\"summary_large_image\" \/>\n<meta name=\"twitter:creator\" content=\"@KapitalisInfo\" \/>\n<meta name=\"twitter:site\" content=\"@KapitalisInfo\" \/>\n<meta name=\"twitter:label1\" content=\"\u00c9crit par\" \/>\n\t<meta name=\"twitter:data1\" content=\"webmaster kapitalis\" \/>\n\t<meta name=\"twitter:label2\" content=\"Dur\u00e9e de lecture estim\u00e9e\" \/>\n\t<meta name=\"twitter:data2\" content=\"6 minutes\" \/>\n<script type=\"application\/ld+json\" class=\"yoast-schema-graph\">{\"@context\":\"https:\/\/schema.org\",\"@graph\":[{\"@type\":\"Article\",\"@id\":\"https:\/\/kapitalis.com\/tunisie\/2017\/02\/03\/comment-sortir-la-tunisie-de-la-crise\/#article\",\"isPartOf\":{\"@id\":\"https:\/\/kapitalis.com\/tunisie\/2017\/02\/03\/comment-sortir-la-tunisie-de-la-crise\/\"},\"author\":{\"name\":\"webmaster kapitalis\",\"@id\":\"https:\/\/kapitalis.com\/tunisie\/#\/schema\/person\/d71f33a9ca44f7bad4698210b480c8e9\"},\"headline\":\"Comment sortir la Tunisie de la crise ?\",\"datePublished\":\"2017-02-03T13:03:21+00:00\",\"mainEntityOfPage\":{\"@id\":\"https:\/\/kapitalis.com\/tunisie\/2017\/02\/03\/comment-sortir-la-tunisie-de-la-crise\/\"},\"wordCount\":1110,\"commentCount\":3,\"publisher\":{\"@id\":\"https:\/\/kapitalis.com\/tunisie\/#organization\"},\"image\":{\"@id\":\"https:\/\/kapitalis.com\/tunisie\/2017\/02\/03\/comment-sortir-la-tunisie-de-la-crise\/#primaryimage\"},\"thumbnailUrl\":\"http:\/\/kapitalis.com\/tunisie\/wp-content\/uploads\/2016\/11\/Crise-Recession.jpg\",\"keywords\":[\"ch\u00f4mage\",\"crise\",\"croissance\",\"investissement\"],\"articleSection\":[\"A LA UNE\",\"TRIBUNE\",\"Tunisie\"],\"inLanguage\":\"fr-FR\",\"potentialAction\":[{\"@type\":\"CommentAction\",\"name\":\"Comment\",\"target\":[\"https:\/\/kapitalis.com\/tunisie\/2017\/02\/03\/comment-sortir-la-tunisie-de-la-crise\/#respond\"]}]},{\"@type\":\"WebPage\",\"@id\":\"https:\/\/kapitalis.com\/tunisie\/2017\/02\/03\/comment-sortir-la-tunisie-de-la-crise\/\",\"url\":\"https:\/\/kapitalis.com\/tunisie\/2017\/02\/03\/comment-sortir-la-tunisie-de-la-crise\/\",\"name\":\"Comment sortir la Tunisie de la crise ? - Kapitalis\",\"isPartOf\":{\"@id\":\"https:\/\/kapitalis.com\/tunisie\/#website\"},\"primaryImageOfPage\":{\"@id\":\"https:\/\/kapitalis.com\/tunisie\/2017\/02\/03\/comment-sortir-la-tunisie-de-la-crise\/#primaryimage\"},\"image\":{\"@id\":\"https:\/\/kapitalis.com\/tunisie\/2017\/02\/03\/comment-sortir-la-tunisie-de-la-crise\/#primaryimage\"},\"thumbnailUrl\":\"http:\/\/kapitalis.com\/tunisie\/wp-content\/uploads\/2016\/11\/Crise-Recession.jpg\",\"datePublished\":\"2017-02-03T13:03:21+00:00\",\"breadcrumb\":{\"@id\":\"https:\/\/kapitalis.com\/tunisie\/2017\/02\/03\/comment-sortir-la-tunisie-de-la-crise\/#breadcrumb\"},\"inLanguage\":\"fr-FR\",\"potentialAction\":[{\"@type\":\"ReadAction\",\"target\":[\"https:\/\/kapitalis.com\/tunisie\/2017\/02\/03\/comment-sortir-la-tunisie-de-la-crise\/\"]}]},{\"@type\":\"ImageObject\",\"inLanguage\":\"fr-FR\",\"@id\":\"https:\/\/kapitalis.com\/tunisie\/2017\/02\/03\/comment-sortir-la-tunisie-de-la-crise\/#primaryimage\",\"url\":\"http:\/\/kapitalis.com\/tunisie\/wp-content\/uploads\/2016\/11\/Crise-Recession.jpg\",\"contentUrl\":\"http:\/\/kapitalis.com\/tunisie\/wp-content\/uploads\/2016\/11\/Crise-Recession.jpg\"},{\"@type\":\"BreadcrumbList\",\"@id\":\"https:\/\/kapitalis.com\/tunisie\/2017\/02\/03\/comment-sortir-la-tunisie-de-la-crise\/#breadcrumb\",\"itemListElement\":[{\"@type\":\"ListItem\",\"position\":1,\"name\":\"Accueil\",\"item\":\"https:\/\/kapitalis.com\/tunisie\/\"},{\"@type\":\"ListItem\",\"position\":2,\"name\":\"Comment sortir la Tunisie de la crise ?\"}]},{\"@type\":\"WebSite\",\"@id\":\"https:\/\/kapitalis.com\/tunisie\/#website\",\"url\":\"https:\/\/kapitalis.com\/tunisie\/\",\"name\":\"Kapitalis\",\"description\":\"L&#039;actualit\u00e9 en Tunisie et dans le monde\",\"publisher\":{\"@id\":\"https:\/\/kapitalis.com\/tunisie\/#organization\"},\"potentialAction\":[{\"@type\":\"SearchAction\",\"target\":{\"@type\":\"EntryPoint\",\"urlTemplate\":\"https:\/\/kapitalis.com\/tunisie\/?s={search_term_string}\"},\"query-input\":{\"@type\":\"PropertyValueSpecification\",\"valueRequired\":true,\"valueName\":\"search_term_string\"}}],\"inLanguage\":\"fr-FR\"},{\"@type\":\"Organization\",\"@id\":\"https:\/\/kapitalis.com\/tunisie\/#organization\",\"name\":\"Kapitalis\",\"url\":\"https:\/\/kapitalis.com\/tunisie\/\",\"logo\":{\"@type\":\"ImageObject\",\"inLanguage\":\"fr-FR\",\"@id\":\"https:\/\/kapitalis.com\/tunisie\/#\/schema\/logo\/image\/\",\"url\":\"https:\/\/kapitalis.com\/tunisie\/wp-content\/uploads\/2022\/05\/Kapitalis-big-size.png\",\"contentUrl\":\"https:\/\/kapitalis.com\/tunisie\/wp-content\/uploads\/2022\/05\/Kapitalis-big-size.png\",\"width\":5000,\"height\":1500,\"caption\":\"Kapitalis\"},\"image\":{\"@id\":\"https:\/\/kapitalis.com\/tunisie\/#\/schema\/logo\/image\/\"},\"sameAs\":[\"https:\/\/www.facebook.com\/KapitalisInfo\/\",\"https:\/\/x.com\/KapitalisInfo\",\"https:\/\/www.youtube.com\/channel\/UC-yDYrHyfFBWWZaOw3FPg9Q\"]},{\"@type\":\"Person\",\"@id\":\"https:\/\/kapitalis.com\/tunisie\/#\/schema\/person\/d71f33a9ca44f7bad4698210b480c8e9\",\"name\":\"webmaster kapitalis\",\"url\":\"https:\/\/kapitalis.com\/tunisie\/author\/webmaster-kapitalis\/\"}]}<\/script>\n<!-- \/ Yoast SEO plugin. -->","yoast_head_json":{"title":"Comment sortir la Tunisie de la crise ? - Kapitalis","robots":{"index":"index","follow":"follow","max-snippet":"max-snippet:-1","max-image-preview":"max-image-preview:large","max-video-preview":"max-video-preview:-1"},"canonical":"https:\/\/kapitalis.com\/tunisie\/2017\/02\/03\/comment-sortir-la-tunisie-de-la-crise\/","og_locale":"fr_FR","og_type":"article","og_title":"Comment sortir la Tunisie de la crise ? - Kapitalis","og_description":"Plus que de la crise elle-m\u00eame, qui s\u00e9vit depuis plusieurs ann\u00e9es dans leur pays, ce dont souffrent les Tunisiens c\u2019est du mode de penser impuissant et inop\u00e9rant de ses \u00e9lites dirigeantes. Par H\u00e9di Sraieb *","og_url":"https:\/\/kapitalis.com\/tunisie\/2017\/02\/03\/comment-sortir-la-tunisie-de-la-crise\/","og_site_name":"Kapitalis","article_publisher":"https:\/\/www.facebook.com\/KapitalisInfo\/","article_published_time":"2017-02-03T13:03:21+00:00","og_image":[{"url":"http:\/\/kapitalis.com\/tunisie\/wp-content\/uploads\/2016\/11\/Crise-Recession.jpg","type":"","width":"","height":""}],"author":"webmaster kapitalis","twitter_card":"summary_large_image","twitter_creator":"@KapitalisInfo","twitter_site":"@KapitalisInfo","twitter_misc":{"\u00c9crit par":"webmaster kapitalis","Dur\u00e9e de lecture estim\u00e9e":"6 minutes"},"schema":{"@context":"https:\/\/schema.org","@graph":[{"@type":"Article","@id":"https:\/\/kapitalis.com\/tunisie\/2017\/02\/03\/comment-sortir-la-tunisie-de-la-crise\/#article","isPartOf":{"@id":"https:\/\/kapitalis.com\/tunisie\/2017\/02\/03\/comment-sortir-la-tunisie-de-la-crise\/"},"author":{"name":"webmaster kapitalis","@id":"https:\/\/kapitalis.com\/tunisie\/#\/schema\/person\/d71f33a9ca44f7bad4698210b480c8e9"},"headline":"Comment sortir la Tunisie de la crise ?","datePublished":"2017-02-03T13:03:21+00:00","mainEntityOfPage":{"@id":"https:\/\/kapitalis.com\/tunisie\/2017\/02\/03\/comment-sortir-la-tunisie-de-la-crise\/"},"wordCount":1110,"commentCount":3,"publisher":{"@id":"https:\/\/kapitalis.com\/tunisie\/#organization"},"image":{"@id":"https:\/\/kapitalis.com\/tunisie\/2017\/02\/03\/comment-sortir-la-tunisie-de-la-crise\/#primaryimage"},"thumbnailUrl":"http:\/\/kapitalis.com\/tunisie\/wp-content\/uploads\/2016\/11\/Crise-Recession.jpg","keywords":["ch\u00f4mage","crise","croissance","investissement"],"articleSection":["A LA UNE","TRIBUNE","Tunisie"],"inLanguage":"fr-FR","potentialAction":[{"@type":"CommentAction","name":"Comment","target":["https:\/\/kapitalis.com\/tunisie\/2017\/02\/03\/comment-sortir-la-tunisie-de-la-crise\/#respond"]}]},{"@type":"WebPage","@id":"https:\/\/kapitalis.com\/tunisie\/2017\/02\/03\/comment-sortir-la-tunisie-de-la-crise\/","url":"https:\/\/kapitalis.com\/tunisie\/2017\/02\/03\/comment-sortir-la-tunisie-de-la-crise\/","name":"Comment sortir la Tunisie de la crise ? - Kapitalis","isPartOf":{"@id":"https:\/\/kapitalis.com\/tunisie\/#website"},"primaryImageOfPage":{"@id":"https:\/\/kapitalis.com\/tunisie\/2017\/02\/03\/comment-sortir-la-tunisie-de-la-crise\/#primaryimage"},"image":{"@id":"https:\/\/kapitalis.com\/tunisie\/2017\/02\/03\/comment-sortir-la-tunisie-de-la-crise\/#primaryimage"},"thumbnailUrl":"http:\/\/kapitalis.com\/tunisie\/wp-content\/uploads\/2016\/11\/Crise-Recession.jpg","datePublished":"2017-02-03T13:03:21+00:00","breadcrumb":{"@id":"https:\/\/kapitalis.com\/tunisie\/2017\/02\/03\/comment-sortir-la-tunisie-de-la-crise\/#breadcrumb"},"inLanguage":"fr-FR","potentialAction":[{"@type":"ReadAction","target":["https:\/\/kapitalis.com\/tunisie\/2017\/02\/03\/comment-sortir-la-tunisie-de-la-crise\/"]}]},{"@type":"ImageObject","inLanguage":"fr-FR","@id":"https:\/\/kapitalis.com\/tunisie\/2017\/02\/03\/comment-sortir-la-tunisie-de-la-crise\/#primaryimage","url":"http:\/\/kapitalis.com\/tunisie\/wp-content\/uploads\/2016\/11\/Crise-Recession.jpg","contentUrl":"http:\/\/kapitalis.com\/tunisie\/wp-content\/uploads\/2016\/11\/Crise-Recession.jpg"},{"@type":"BreadcrumbList","@id":"https:\/\/kapitalis.com\/tunisie\/2017\/02\/03\/comment-sortir-la-tunisie-de-la-crise\/#breadcrumb","itemListElement":[{"@type":"ListItem","position":1,"name":"Accueil","item":"https:\/\/kapitalis.com\/tunisie\/"},{"@type":"ListItem","position":2,"name":"Comment sortir la Tunisie de la crise ?"}]},{"@type":"WebSite","@id":"https:\/\/kapitalis.com\/tunisie\/#website","url":"https:\/\/kapitalis.com\/tunisie\/","name":"Kapitalis","description":"L&#039;actualit\u00e9 en Tunisie et dans le monde","publisher":{"@id":"https:\/\/kapitalis.com\/tunisie\/#organization"},"potentialAction":[{"@type":"SearchAction","target":{"@type":"EntryPoint","urlTemplate":"https:\/\/kapitalis.com\/tunisie\/?s={search_term_string}"},"query-input":{"@type":"PropertyValueSpecification","valueRequired":true,"valueName":"search_term_string"}}],"inLanguage":"fr-FR"},{"@type":"Organization","@id":"https:\/\/kapitalis.com\/tunisie\/#organization","name":"Kapitalis","url":"https:\/\/kapitalis.com\/tunisie\/","logo":{"@type":"ImageObject","inLanguage":"fr-FR","@id":"https:\/\/kapitalis.com\/tunisie\/#\/schema\/logo\/image\/","url":"https:\/\/kapitalis.com\/tunisie\/wp-content\/uploads\/2022\/05\/Kapitalis-big-size.png","contentUrl":"https:\/\/kapitalis.com\/tunisie\/wp-content\/uploads\/2022\/05\/Kapitalis-big-size.png","width":5000,"height":1500,"caption":"Kapitalis"},"image":{"@id":"https:\/\/kapitalis.com\/tunisie\/#\/schema\/logo\/image\/"},"sameAs":["https:\/\/www.facebook.com\/KapitalisInfo\/","https:\/\/x.com\/KapitalisInfo","https:\/\/www.youtube.com\/channel\/UC-yDYrHyfFBWWZaOw3FPg9Q"]},{"@type":"Person","@id":"https:\/\/kapitalis.com\/tunisie\/#\/schema\/person\/d71f33a9ca44f7bad4698210b480c8e9","name":"webmaster kapitalis","url":"https:\/\/kapitalis.com\/tunisie\/author\/webmaster-kapitalis\/"}]}},"_links":{"self":[{"href":"https:\/\/kapitalis.com\/tunisie\/wp-json\/wp\/v2\/posts\/81669","targetHints":{"allow":["GET"]}}],"collection":[{"href":"https:\/\/kapitalis.com\/tunisie\/wp-json\/wp\/v2\/posts"}],"about":[{"href":"https:\/\/kapitalis.com\/tunisie\/wp-json\/wp\/v2\/types\/post"}],"author":[{"embeddable":true,"href":"https:\/\/kapitalis.com\/tunisie\/wp-json\/wp\/v2\/users\/8"}],"replies":[{"embeddable":true,"href":"https:\/\/kapitalis.com\/tunisie\/wp-json\/wp\/v2\/comments?post=81669"}],"version-history":[{"count":0,"href":"https:\/\/kapitalis.com\/tunisie\/wp-json\/wp\/v2\/posts\/81669\/revisions"}],"wp:attachment":[{"href":"https:\/\/kapitalis.com\/tunisie\/wp-json\/wp\/v2\/media?parent=81669"}],"wp:term":[{"taxonomy":"category","embeddable":true,"href":"https:\/\/kapitalis.com\/tunisie\/wp-json\/wp\/v2\/categories?post=81669"},{"taxonomy":"post_tag","embeddable":true,"href":"https:\/\/kapitalis.com\/tunisie\/wp-json\/wp\/v2\/tags?post=81669"}],"curies":[{"name":"wp","href":"https:\/\/api.w.org\/{rel}","templated":true}]}}