{"id":81714,"date":"2017-02-03T18:10:50","date_gmt":"2017-02-03T17:10:50","guid":{"rendered":"http:\/\/kapitalis.com\/tunisie\/?p=81714"},"modified":"2017-02-03T18:11:46","modified_gmt":"2017-02-03T17:11:46","slug":"tunis-saisie-de-2-tonnes-et-demi-de-frites","status":"publish","type":"post","link":"https:\/\/kapitalis.com\/tunisie\/2017\/02\/03\/tunis-saisie-de-2-tonnes-et-demi-de-frites\/","title":{"rendered":"Tunis : Saisie de 2 tonnes et demi de frites"},"content":{"rendered":"<p style=\"text-align: center;\"><img loading=\"lazy\" decoding=\"async\" class=\"alignnone size-full wp-image-81720\" src=\"http:\/\/kapitalis.com\/tunisie\/wp-content\/uploads\/2017\/02\/Tunis-frites-saisie.jpg\" alt=\"\" width=\"626\" height=\"380\" \/><\/p>\n<p><em><strong>Les agents de contr\u00f4les \u00e9conomique ont saisi, \u00e0 Tunis, 2 tonnes et 315 kg de pommes-de-terre d\u00e9coup\u00e9es en frites, pr\u00e9par\u00e9es dans des conditions d&rsquo;hygi\u00e8ne d\u00e9plorables.<\/strong><\/em><\/p>\n<p><!--more--><\/p>\n<p>C\u2019est ce qu\u2019a indiqu\u00e9, vendredi 3 f\u00e9vrier 2017, Mohamed Ouelhazi, secr\u00e9taire g\u00e9n\u00e9ral du syndicat des agents de la police municipale, en pr\u00e9cisant que les contr\u00f4leurs relevant des minist\u00e8res de la Sant\u00e9 et du Commerce\u00a0et la police municipale ont d&rsquo;abord saisi 1\u00a0tonne et 465 kg dans un entrep\u00f4t. Les 850 kg restants avaient d\u00e9j\u00e0 \u00e9t\u00e9\u00a0livr\u00e9s \u00e0 des\u00a0restaurants de la capitale.<\/p>\n<p>\u00ab<em>La marchandise \u00e9tait dans des sacs d\u00e9pos\u00e9s \u00e0 m\u00eame le sol, sans respect des r\u00e8gles \u00e9l\u00e9mentaires d\u2019hygi\u00e8ne<\/em>\u00bb, a d\u00e9nonc\u00e9 M. Ouelhazi.<\/p>\n<p style=\"text-align: right;\"><strong>Y. N.<\/strong><\/p>\n","protected":false},"excerpt":{"rendered":"<p>Les agents de contr\u00f4les \u00e9conomique ont saisi, \u00e0 Tunis, 2 tonnes et 315 kg de pommes-de-terre d\u00e9coup\u00e9es en frites, pr\u00e9par\u00e9es dans des conditions d&rsquo;hygi\u00e8ne d\u00e9plorables.<\/p>\n","protected":false},"author":6,"featured_media":81720,"comment_status":"open","ping_status":"open","sticky":false,"template":"","format":"standard","meta":{"footnotes":""},"categories":[993,2433],"tags":[],"class_list":["post-81714","post","type-post","status-publish","format-standard","has-post-thumbnail","hentry","category-conso","category-tunisie"],"yoast_head":"<!-- This site is optimized with the Yoast SEO plugin v26.6 - https:\/\/yoast.com\/wordpress\/plugins\/seo\/ -->\n<title>Tunis : Saisie de 2 tonnes et demi de frites - Kapitalis<\/title>\n<meta name=\"robots\" content=\"index, follow, max-snippet:-1, max-image-preview:large, max-video-preview:-1\" \/>\n<link rel=\"canonical\" href=\"https:\/\/kapitalis.com\/tunisie\/2017\/02\/03\/tunis-saisie-de-2-tonnes-et-demi-de-frites\/\" \/>\n<meta property=\"og:locale\" content=\"fr_FR\" \/>\n<meta property=\"og:type\" content=\"article\" \/>\n<meta property=\"og:title\" content=\"Tunis : Saisie de 2 tonnes et demi de frites - Kapitalis\" \/>\n<meta property=\"og:description\" content=\"Les agents de contr\u00f4les \u00e9conomique ont saisi, \u00e0 Tunis, 2 tonnes et 315 kg de pommes-de-terre d\u00e9coup\u00e9es en frites, pr\u00e9par\u00e9es dans des conditions d&rsquo;hygi\u00e8ne d\u00e9plorables.\" \/>\n<meta property=\"og:url\" content=\"https:\/\/kapitalis.com\/tunisie\/2017\/02\/03\/tunis-saisie-de-2-tonnes-et-demi-de-frites\/\" \/>\n<meta property=\"og:site_name\" content=\"Kapitalis\" \/>\n<meta property=\"article:publisher\" content=\"https:\/\/www.facebook.com\/KapitalisInfo\/\" \/>\n<meta property=\"article:published_time\" content=\"2017-02-03T17:10:50+00:00\" \/>\n<meta property=\"article:modified_time\" content=\"2017-02-03T17:11:46+00:00\" \/>\n<meta property=\"og:image\" content=\"https:\/\/kapitalis.com\/tunisie\/wp-content\/uploads\/2022\/05\/kapitalis-logo-fb.png\" \/>\n\t<meta property=\"og:image:width\" content=\"1200\" \/>\n\t<meta property=\"og:image:height\" content=\"630\" \/>\n\t<meta property=\"og:image:type\" content=\"image\/png\" \/>\n<meta name=\"author\" content=\"Yusra NY\" \/>\n<meta name=\"twitter:card\" content=\"summary_large_image\" \/>\n<meta name=\"twitter:creator\" content=\"@KapitalisInfo\" \/>\n<meta name=\"twitter:site\" content=\"@KapitalisInfo\" \/>\n<meta name=\"twitter:label1\" content=\"\u00c9crit par\" \/>\n\t<meta name=\"twitter:data1\" content=\"Yusra NY\" \/>\n\t<meta name=\"twitter:label2\" content=\"Dur\u00e9e de lecture estim\u00e9e\" \/>\n\t<meta name=\"twitter:data2\" content=\"1 minute\" \/>\n<script type=\"application\/ld+json\" class=\"yoast-schema-graph\">{\"@context\":\"https:\/\/schema.org\",\"@graph\":[{\"@type\":\"Article\",\"@id\":\"https:\/\/kapitalis.com\/tunisie\/2017\/02\/03\/tunis-saisie-de-2-tonnes-et-demi-de-frites\/#article\",\"isPartOf\":{\"@id\":\"https:\/\/kapitalis.com\/tunisie\/2017\/02\/03\/tunis-saisie-de-2-tonnes-et-demi-de-frites\/\"},\"author\":{\"name\":\"Yusra NY\",\"@id\":\"https:\/\/kapitalis.com\/tunisie\/#\/schema\/person\/74bbde0154d49d790a92aaeac5bc01d5\"},\"headline\":\"Tunis : Saisie de 2 tonnes et demi de frites\",\"datePublished\":\"2017-02-03T17:10:50+00:00\",\"dateModified\":\"2017-02-03T17:11:46+00:00\",\"mainEntityOfPage\":{\"@id\":\"https:\/\/kapitalis.com\/tunisie\/2017\/02\/03\/tunis-saisie-de-2-tonnes-et-demi-de-frites\/\"},\"wordCount\":136,\"commentCount\":3,\"publisher\":{\"@id\":\"https:\/\/kapitalis.com\/tunisie\/#organization\"},\"image\":{\"@id\":\"https:\/\/kapitalis.com\/tunisie\/2017\/02\/03\/tunis-saisie-de-2-tonnes-et-demi-de-frites\/#primaryimage\"},\"thumbnailUrl\":\"\",\"articleSection\":[\"CONSO\",\"Tunisie\"],\"inLanguage\":\"fr-FR\",\"potentialAction\":[{\"@type\":\"CommentAction\",\"name\":\"Comment\",\"target\":[\"https:\/\/kapitalis.com\/tunisie\/2017\/02\/03\/tunis-saisie-de-2-tonnes-et-demi-de-frites\/#respond\"]}]},{\"@type\":\"WebPage\",\"@id\":\"https:\/\/kapitalis.com\/tunisie\/2017\/02\/03\/tunis-saisie-de-2-tonnes-et-demi-de-frites\/\",\"url\":\"https:\/\/kapitalis.com\/tunisie\/2017\/02\/03\/tunis-saisie-de-2-tonnes-et-demi-de-frites\/\",\"name\":\"Tunis : Saisie de 2 tonnes et demi de frites - Kapitalis\",\"isPartOf\":{\"@id\":\"https:\/\/kapitalis.com\/tunisie\/#website\"},\"primaryImageOfPage\":{\"@id\":\"https:\/\/kapitalis.com\/tunisie\/2017\/02\/03\/tunis-saisie-de-2-tonnes-et-demi-de-frites\/#primaryimage\"},\"image\":{\"@id\":\"https:\/\/kapitalis.com\/tunisie\/2017\/02\/03\/tunis-saisie-de-2-tonnes-et-demi-de-frites\/#primaryimage\"},\"thumbnailUrl\":\"\",\"datePublished\":\"2017-02-03T17:10:50+00:00\",\"dateModified\":\"2017-02-03T17:11:46+00:00\",\"breadcrumb\":{\"@id\":\"https:\/\/kapitalis.com\/tunisie\/2017\/02\/03\/tunis-saisie-de-2-tonnes-et-demi-de-frites\/#breadcrumb\"},\"inLanguage\":\"fr-FR\",\"potentialAction\":[{\"@type\":\"ReadAction\",\"target\":[\"https:\/\/kapitalis.com\/tunisie\/2017\/02\/03\/tunis-saisie-de-2-tonnes-et-demi-de-frites\/\"]}]},{\"@type\":\"ImageObject\",\"inLanguage\":\"fr-FR\",\"@id\":\"https:\/\/kapitalis.com\/tunisie\/2017\/02\/03\/tunis-saisie-de-2-tonnes-et-demi-de-frites\/#primaryimage\",\"url\":\"\",\"contentUrl\":\"\"},{\"@type\":\"BreadcrumbList\",\"@id\":\"https:\/\/kapitalis.com\/tunisie\/2017\/02\/03\/tunis-saisie-de-2-tonnes-et-demi-de-frites\/#breadcrumb\",\"itemListElement\":[{\"@type\":\"ListItem\",\"position\":1,\"name\":\"Accueil\",\"item\":\"https:\/\/kapitalis.com\/tunisie\/\"},{\"@type\":\"ListItem\",\"position\":2,\"name\":\"Tunis : Saisie de 2 tonnes et demi de frites\"}]},{\"@type\":\"WebSite\",\"@id\":\"https:\/\/kapitalis.com\/tunisie\/#website\",\"url\":\"https:\/\/kapitalis.com\/tunisie\/\",\"name\":\"Kapitalis\",\"description\":\"L&#039;actualit\u00e9 en Tunisie et dans le monde\",\"publisher\":{\"@id\":\"https:\/\/kapitalis.com\/tunisie\/#organization\"},\"potentialAction\":[{\"@type\":\"SearchAction\",\"target\":{\"@type\":\"EntryPoint\",\"urlTemplate\":\"https:\/\/kapitalis.com\/tunisie\/?s={search_term_string}\"},\"query-input\":{\"@type\":\"PropertyValueSpecification\",\"valueRequired\":true,\"valueName\":\"search_term_string\"}}],\"inLanguage\":\"fr-FR\"},{\"@type\":\"Organization\",\"@id\":\"https:\/\/kapitalis.com\/tunisie\/#organization\",\"name\":\"Kapitalis\",\"url\":\"https:\/\/kapitalis.com\/tunisie\/\",\"logo\":{\"@type\":\"ImageObject\",\"inLanguage\":\"fr-FR\",\"@id\":\"https:\/\/kapitalis.com\/tunisie\/#\/schema\/logo\/image\/\",\"url\":\"https:\/\/kapitalis.com\/tunisie\/wp-content\/uploads\/2022\/05\/Kapitalis-big-size.png\",\"contentUrl\":\"https:\/\/kapitalis.com\/tunisie\/wp-content\/uploads\/2022\/05\/Kapitalis-big-size.png\",\"width\":5000,\"height\":1500,\"caption\":\"Kapitalis\"},\"image\":{\"@id\":\"https:\/\/kapitalis.com\/tunisie\/#\/schema\/logo\/image\/\"},\"sameAs\":[\"https:\/\/www.facebook.com\/KapitalisInfo\/\",\"https:\/\/x.com\/KapitalisInfo\",\"https:\/\/www.youtube.com\/channel\/UC-yDYrHyfFBWWZaOw3FPg9Q\"]},{\"@type\":\"Person\",\"@id\":\"https:\/\/kapitalis.com\/tunisie\/#\/schema\/person\/74bbde0154d49d790a92aaeac5bc01d5\",\"name\":\"Yusra NY\",\"url\":\"https:\/\/kapitalis.com\/tunisie\/author\/yuza_adam\/\"}]}<\/script>\n<!-- \/ Yoast SEO plugin. -->","yoast_head_json":{"title":"Tunis : Saisie de 2 tonnes et demi de frites - Kapitalis","robots":{"index":"index","follow":"follow","max-snippet":"max-snippet:-1","max-image-preview":"max-image-preview:large","max-video-preview":"max-video-preview:-1"},"canonical":"https:\/\/kapitalis.com\/tunisie\/2017\/02\/03\/tunis-saisie-de-2-tonnes-et-demi-de-frites\/","og_locale":"fr_FR","og_type":"article","og_title":"Tunis : Saisie de 2 tonnes et demi de frites - Kapitalis","og_description":"Les agents de contr\u00f4les \u00e9conomique ont saisi, \u00e0 Tunis, 2 tonnes et 315 kg de pommes-de-terre d\u00e9coup\u00e9es en frites, pr\u00e9par\u00e9es dans des conditions d&rsquo;hygi\u00e8ne d\u00e9plorables.","og_url":"https:\/\/kapitalis.com\/tunisie\/2017\/02\/03\/tunis-saisie-de-2-tonnes-et-demi-de-frites\/","og_site_name":"Kapitalis","article_publisher":"https:\/\/www.facebook.com\/KapitalisInfo\/","article_published_time":"2017-02-03T17:10:50+00:00","article_modified_time":"2017-02-03T17:11:46+00:00","og_image":[{"width":1200,"height":630,"url":"https:\/\/kapitalis.com\/tunisie\/wp-content\/uploads\/2022\/05\/kapitalis-logo-fb.png","type":"image\/png"}],"author":"Yusra NY","twitter_card":"summary_large_image","twitter_creator":"@KapitalisInfo","twitter_site":"@KapitalisInfo","twitter_misc":{"\u00c9crit par":"Yusra NY","Dur\u00e9e de lecture estim\u00e9e":"1 minute"},"schema":{"@context":"https:\/\/schema.org","@graph":[{"@type":"Article","@id":"https:\/\/kapitalis.com\/tunisie\/2017\/02\/03\/tunis-saisie-de-2-tonnes-et-demi-de-frites\/#article","isPartOf":{"@id":"https:\/\/kapitalis.com\/tunisie\/2017\/02\/03\/tunis-saisie-de-2-tonnes-et-demi-de-frites\/"},"author":{"name":"Yusra NY","@id":"https:\/\/kapitalis.com\/tunisie\/#\/schema\/person\/74bbde0154d49d790a92aaeac5bc01d5"},"headline":"Tunis : Saisie de 2 tonnes et demi de frites","datePublished":"2017-02-03T17:10:50+00:00","dateModified":"2017-02-03T17:11:46+00:00","mainEntityOfPage":{"@id":"https:\/\/kapitalis.com\/tunisie\/2017\/02\/03\/tunis-saisie-de-2-tonnes-et-demi-de-frites\/"},"wordCount":136,"commentCount":3,"publisher":{"@id":"https:\/\/kapitalis.com\/tunisie\/#organization"},"image":{"@id":"https:\/\/kapitalis.com\/tunisie\/2017\/02\/03\/tunis-saisie-de-2-tonnes-et-demi-de-frites\/#primaryimage"},"thumbnailUrl":"","articleSection":["CONSO","Tunisie"],"inLanguage":"fr-FR","potentialAction":[{"@type":"CommentAction","name":"Comment","target":["https:\/\/kapitalis.com\/tunisie\/2017\/02\/03\/tunis-saisie-de-2-tonnes-et-demi-de-frites\/#respond"]}]},{"@type":"WebPage","@id":"https:\/\/kapitalis.com\/tunisie\/2017\/02\/03\/tunis-saisie-de-2-tonnes-et-demi-de-frites\/","url":"https:\/\/kapitalis.com\/tunisie\/2017\/02\/03\/tunis-saisie-de-2-tonnes-et-demi-de-frites\/","name":"Tunis : Saisie de 2 tonnes et demi de frites - Kapitalis","isPartOf":{"@id":"https:\/\/kapitalis.com\/tunisie\/#website"},"primaryImageOfPage":{"@id":"https:\/\/kapitalis.com\/tunisie\/2017\/02\/03\/tunis-saisie-de-2-tonnes-et-demi-de-frites\/#primaryimage"},"image":{"@id":"https:\/\/kapitalis.com\/tunisie\/2017\/02\/03\/tunis-saisie-de-2-tonnes-et-demi-de-frites\/#primaryimage"},"thumbnailUrl":"","datePublished":"2017-02-03T17:10:50+00:00","dateModified":"2017-02-03T17:11:46+00:00","breadcrumb":{"@id":"https:\/\/kapitalis.com\/tunisie\/2017\/02\/03\/tunis-saisie-de-2-tonnes-et-demi-de-frites\/#breadcrumb"},"inLanguage":"fr-FR","potentialAction":[{"@type":"ReadAction","target":["https:\/\/kapitalis.com\/tunisie\/2017\/02\/03\/tunis-saisie-de-2-tonnes-et-demi-de-frites\/"]}]},{"@type":"ImageObject","inLanguage":"fr-FR","@id":"https:\/\/kapitalis.com\/tunisie\/2017\/02\/03\/tunis-saisie-de-2-tonnes-et-demi-de-frites\/#primaryimage","url":"","contentUrl":""},{"@type":"BreadcrumbList","@id":"https:\/\/kapitalis.com\/tunisie\/2017\/02\/03\/tunis-saisie-de-2-tonnes-et-demi-de-frites\/#breadcrumb","itemListElement":[{"@type":"ListItem","position":1,"name":"Accueil","item":"https:\/\/kapitalis.com\/tunisie\/"},{"@type":"ListItem","position":2,"name":"Tunis : Saisie de 2 tonnes et demi de frites"}]},{"@type":"WebSite","@id":"https:\/\/kapitalis.com\/tunisie\/#website","url":"https:\/\/kapitalis.com\/tunisie\/","name":"Kapitalis","description":"L&#039;actualit\u00e9 en Tunisie et dans le monde","publisher":{"@id":"https:\/\/kapitalis.com\/tunisie\/#organization"},"potentialAction":[{"@type":"SearchAction","target":{"@type":"EntryPoint","urlTemplate":"https:\/\/kapitalis.com\/tunisie\/?s={search_term_string}"},"query-input":{"@type":"PropertyValueSpecification","valueRequired":true,"valueName":"search_term_string"}}],"inLanguage":"fr-FR"},{"@type":"Organization","@id":"https:\/\/kapitalis.com\/tunisie\/#organization","name":"Kapitalis","url":"https:\/\/kapitalis.com\/tunisie\/","logo":{"@type":"ImageObject","inLanguage":"fr-FR","@id":"https:\/\/kapitalis.com\/tunisie\/#\/schema\/logo\/image\/","url":"https:\/\/kapitalis.com\/tunisie\/wp-content\/uploads\/2022\/05\/Kapitalis-big-size.png","contentUrl":"https:\/\/kapitalis.com\/tunisie\/wp-content\/uploads\/2022\/05\/Kapitalis-big-size.png","width":5000,"height":1500,"caption":"Kapitalis"},"image":{"@id":"https:\/\/kapitalis.com\/tunisie\/#\/schema\/logo\/image\/"},"sameAs":["https:\/\/www.facebook.com\/KapitalisInfo\/","https:\/\/x.com\/KapitalisInfo","https:\/\/www.youtube.com\/channel\/UC-yDYrHyfFBWWZaOw3FPg9Q"]},{"@type":"Person","@id":"https:\/\/kapitalis.com\/tunisie\/#\/schema\/person\/74bbde0154d49d790a92aaeac5bc01d5","name":"Yusra NY","url":"https:\/\/kapitalis.com\/tunisie\/author\/yuza_adam\/"}]}},"_links":{"self":[{"href":"https:\/\/kapitalis.com\/tunisie\/wp-json\/wp\/v2\/posts\/81714","targetHints":{"allow":["GET"]}}],"collection":[{"href":"https:\/\/kapitalis.com\/tunisie\/wp-json\/wp\/v2\/posts"}],"about":[{"href":"https:\/\/kapitalis.com\/tunisie\/wp-json\/wp\/v2\/types\/post"}],"author":[{"embeddable":true,"href":"https:\/\/kapitalis.com\/tunisie\/wp-json\/wp\/v2\/users\/6"}],"replies":[{"embeddable":true,"href":"https:\/\/kapitalis.com\/tunisie\/wp-json\/wp\/v2\/comments?post=81714"}],"version-history":[{"count":0,"href":"https:\/\/kapitalis.com\/tunisie\/wp-json\/wp\/v2\/posts\/81714\/revisions"}],"wp:featuredmedia":[{"embeddable":true,"href":"https:\/\/kapitalis.com\/tunisie\/wp-json\/wp\/v2\/media\/81720"}],"wp:attachment":[{"href":"https:\/\/kapitalis.com\/tunisie\/wp-json\/wp\/v2\/media?parent=81714"}],"wp:term":[{"taxonomy":"category","embeddable":true,"href":"https:\/\/kapitalis.com\/tunisie\/wp-json\/wp\/v2\/categories?post=81714"},{"taxonomy":"post_tag","embeddable":true,"href":"https:\/\/kapitalis.com\/tunisie\/wp-json\/wp\/v2\/tags?post=81714"}],"curies":[{"name":"wp","href":"https:\/\/api.w.org\/{rel}","templated":true}]}}