{"id":81764,"date":"2017-02-04T09:57:38","date_gmt":"2017-02-04T08:57:38","guid":{"rendered":"http:\/\/kapitalis.com\/tunisie\/?p=81764"},"modified":"2017-02-04T09:57:38","modified_gmt":"2017-02-04T08:57:38","slug":"lundi-6-fevrier-une-journee-sans-telephone-portable","status":"publish","type":"post","link":"https:\/\/kapitalis.com\/tunisie\/2017\/02\/04\/lundi-6-fevrier-une-journee-sans-telephone-portable\/","title":{"rendered":"Lundi 6 f\u00e9vrier : Une journ\u00e9e sans t\u00e9l\u00e9phone portable"},"content":{"rendered":"<p><img loading=\"lazy\" decoding=\"async\" class=\"alignnone size-full wp-image-81765 aligncenter\" src=\"http:\/\/kapitalis.com\/tunisie\/wp-content\/uploads\/2017\/02\/Journee-sans-smartphone.jpg\" alt=\"\" width=\"626\" height=\"380\" \/><\/p>\n<p><em><strong>Le lundi 6 f\u00e9vrier 2017, le monde c\u00e9l\u00e8bre les <a href=\"http:\/\/www.journee-mondiale.com\/174\/journee-mondiale-sans-telephone-mobile.htm\">\u00ab17e journ\u00e9es mondiales sans t\u00e9l\u00e9phone portable &amp; smartphone\u00bb<\/a> et la <a href=\"http:\/\/www.journee-mondiale.com\/175\/journee-internationale-contre-les-mutilations-genitales.htm\">\u00abJourn\u00e9e internationale contre les mutilations g\u00e9nitales\u00bb<\/a>. La Tunisie, quant \u00e0 elle, c\u00e9l\u00e8bre la <a href=\"http:\/\/www.journee-mondiale.com\/475\/journee-nationale-contre-le-terrorisme-et-l-assassinat-politique.htm\">\u00abJourn\u00e9e nationale contre le terrorisme et l\u2019assassinat politique\u00bb<\/a>.\u00a0<\/strong><\/em><\/p>\n<p>Par <strong>Haykel Ezzeddine<\/strong>, <em>correspondant \u00e0 Gen\u00e8ve<\/em><\/p>\n<p><!--more--><\/p>\n<p>Qui veut relever le d\u00e9fi? Y a-t-il une personne de par le monde capable de c\u00e9l\u00e9brer comme il se doit les \u00ab17e journ\u00e9es mondiales sans t\u00e9l\u00e9phone portable &amp; smartphone\u00bb? Qui peut vivre 3 longues et interminables journ\u00e9es (6, 7 et 8 f\u00e9vrier) sans surfer, tchatcher, raconter sa vie ou \u00e9couter de la musique avec cet extraordinaire appareil multit\u00e2che qui est devenu indispensable pour rester connect\u00e9 voire exister dans une soci\u00e9t\u00e9 constamment \u00e0 jour.<\/p>\n<p>Cette addiction que nous avons pour les t\u00e9l\u00e9phones mobiles est pour le moment incurable mais rien ne nous emp\u00eache de se poser des questions et d\u2019engager une r\u00e9flexion sur le sujet.<\/p>\n<p>Demain, ces m\u00eames t\u00e9l\u00e9phones intelligents seront encore plus performants pour nous faciliter la vie tout en nous <em>\u00abfliquant\u00bb<\/em> aussi davantage. 80 milliards d\u2019objets connect\u00e9s vont contr\u00f4ler nos gestes en 2020 gr\u00e2ce \u00e0 cet incontournable instrument qu\u2019est le smartphone.<\/p>\n<p style=\"text-align: center;\"><img loading=\"lazy\" decoding=\"async\" class=\"alignnone wp-image-81766\" src=\"http:\/\/kapitalis.com\/tunisie\/wp-content\/uploads\/2017\/02\/Phil-Marso.jpg\" width=\"500\" height=\"477\" \/><\/p>\n<p style=\"text-align: center;\"><em>Phil Marso.<\/em><\/p>\n<p>L\u2019instigateur de ces 3 journ\u00e9es destin\u00e9es aux accros du petit t\u00e9l\u00e9phone est <a href=\"https:\/\/fr.wikipedia.org\/wiki\/Phil_Marso\">Phil Marso<\/a>, nom de plume de Philippe Marsollier, \u00e9crivain fran\u00e7ais de romans policiers. Il a consacr\u00e9 \u00e0 ce sujet tr\u00e8s vendeur plusieurs livres \u00e9dit\u00e9s par sa propre soci\u00e9t\u00e9 M\u00e9gacom-ik.<\/p>\n<p>Vous n\u2019avez toujours pas r\u00e9pondu. \u00cates-vous pr\u00eats \u00e0 \u00e9teindre durant 3 jours votre joujou de communication \u00e0 travers lequel vous existez dans ce monde hyper connect\u00e9?<\/p>\n<p>Philippe Marsollier sait d\u2019avance que la r\u00e9ponse sera n\u00e9gative. C\u2019est pourquoi il a balis\u00e9 le chemin avec cette initiative annuelle pour que vous puissiez mesurer le degr\u00e9 de votre addiction en essayant de vous d\u00e9connecter l\u2019espace de quelques heures histoire de voir que le monde continue de tourner&#8230; sans subir le diktat du smartphone.<\/p>\n<p>Vous ne pouvez pas car vous ne voulez pas rater une miette de connexion \u00e0 votre journ\u00e9e du lundi 6 f\u00e9vrier.<\/p>\n<p>Sachez, cependant, que vous pouvez c\u00e9l\u00e9brer, le m\u00eame jour, la <em>\u00abJourn\u00e9e internationale contre les mutilations g\u00e9nitales\u00bb<\/em> pour d\u00e9noncer cet acte horrible contre les femmes.<\/p>\n<p style=\"text-align: center;\"><img loading=\"lazy\" decoding=\"async\" class=\"alignnone wp-image-53876\" src=\"http:\/\/kapitalis.com\/tunisie\/wp-content\/uploads\/2016\/06\/Chokri-Belaid-Mohamed-Brahmi.jpg\" width=\"500\" height=\"304\" \/><\/p>\n<p style=\"text-align: center;\"><em>Mohamed Brahmi et Chokri Belaid, assassin\u00e9s le 25 juillet et le 6 f\u00e9vrier 2013.<\/em><\/p>\n<p>Pour la Tunisie, le lundi 6 f\u00e9vrier c\u2019est la <em>\u00abJourn\u00e9e nationale contre le terrorisme et l\u2019assassinat politique\u00bb<\/em> initi\u00e9e par les mouvements d\u2019opposition, dont le Parti unifi\u00e9 des patriotes d\u00e9mocrates (Watad). C\u2019est du moins ce qu\u2019indique le site internet <a href=\"http:\/\/www.journee-mondiale.com\">Journ\u00e9e mondiale<\/a> qui comptabilise les journ\u00e9es mondiales fruits la plus part du temps d\u2019initiatives citoyennes.<br \/>\nFaut-il rappeler qu\u2019en ce jour-l\u00e0 de l\u2019ann\u00e9e 2013, l\u2019ex-secr\u00e9taire g\u00e9n\u00e9ral du Watad, Chokri Bela\u00efd, avait \u00e9t\u00e9 assassin\u00e9, par des extr\u00e9mistes religieux ?<\/p>\n","protected":false},"excerpt":{"rendered":"<p>Le lundi 6 f\u00e9vrier 2017, le monde c\u00e9l\u00e8bre les \u00ab17e journ\u00e9es mondiales sans t\u00e9l\u00e9phone portable &amp; smartphone\u00bb et la \u00abJourn\u00e9e internationale contre les mutilations g\u00e9nitales\u00bb. La Tunisie, quant \u00e0 elle, c\u00e9l\u00e8bre la \u00abJourn\u00e9e nationale contre le terrorisme et l\u2019assassinat politique\u00bb.\u00a0 Par Haykel Ezzeddine, correspondant \u00e0 Gen\u00e8ve<\/p>\n","protected":false},"author":8,"featured_media":81765,"comment_status":"open","ping_status":"open","sticky":false,"template":"","format":"standard","meta":{"footnotes":""},"categories":[992,998,2433],"tags":[2500,204,834,12699,965],"class_list":["post-81764","post","type-post","status-publish","format-standard","has-post-thumbnail","hentry","category-a-la-une","category-societe","category-tunisie","tag-assassinat-politique","tag-chokri-belaid","tag-smartphone","tag-telephone-portable","tag-watad"],"yoast_head":"<!-- This site is optimized with the Yoast SEO plugin v26.6 - https:\/\/yoast.com\/wordpress\/plugins\/seo\/ -->\n<title>Lundi 6 f\u00e9vrier : Une journ\u00e9e sans t\u00e9l\u00e9phone portable - Kapitalis<\/title>\n<meta name=\"robots\" content=\"index, follow, max-snippet:-1, max-image-preview:large, max-video-preview:-1\" \/>\n<link rel=\"canonical\" href=\"https:\/\/kapitalis.com\/tunisie\/2017\/02\/04\/lundi-6-fevrier-une-journee-sans-telephone-portable\/\" \/>\n<meta property=\"og:locale\" content=\"fr_FR\" \/>\n<meta property=\"og:type\" content=\"article\" \/>\n<meta property=\"og:title\" content=\"Lundi 6 f\u00e9vrier : Une journ\u00e9e sans t\u00e9l\u00e9phone portable - Kapitalis\" \/>\n<meta property=\"og:description\" content=\"Le lundi 6 f\u00e9vrier 2017, le monde c\u00e9l\u00e8bre les \u00ab17e journ\u00e9es mondiales sans t\u00e9l\u00e9phone portable &amp; smartphone\u00bb et la \u00abJourn\u00e9e internationale contre les mutilations g\u00e9nitales\u00bb. La Tunisie, quant \u00e0 elle, c\u00e9l\u00e8bre la \u00abJourn\u00e9e nationale contre le terrorisme et l\u2019assassinat politique\u00bb.\u00a0 Par Haykel Ezzeddine, correspondant \u00e0 Gen\u00e8ve\" \/>\n<meta property=\"og:url\" content=\"https:\/\/kapitalis.com\/tunisie\/2017\/02\/04\/lundi-6-fevrier-une-journee-sans-telephone-portable\/\" \/>\n<meta property=\"og:site_name\" content=\"Kapitalis\" \/>\n<meta property=\"article:publisher\" content=\"https:\/\/www.facebook.com\/KapitalisInfo\/\" \/>\n<meta property=\"article:published_time\" content=\"2017-02-04T08:57:38+00:00\" \/>\n<meta property=\"og:image\" content=\"https:\/\/kapitalis.com\/tunisie\/wp-content\/uploads\/2022\/05\/kapitalis-logo-fb.png\" \/>\n\t<meta property=\"og:image:width\" content=\"1200\" \/>\n\t<meta property=\"og:image:height\" content=\"630\" \/>\n\t<meta property=\"og:image:type\" content=\"image\/png\" \/>\n<meta name=\"author\" content=\"webmaster kapitalis\" \/>\n<meta name=\"twitter:card\" content=\"summary_large_image\" \/>\n<meta name=\"twitter:creator\" content=\"@KapitalisInfo\" \/>\n<meta name=\"twitter:site\" content=\"@KapitalisInfo\" \/>\n<meta name=\"twitter:label1\" content=\"\u00c9crit par\" \/>\n\t<meta name=\"twitter:data1\" content=\"webmaster kapitalis\" \/>\n\t<meta name=\"twitter:label2\" content=\"Dur\u00e9e de lecture estim\u00e9e\" \/>\n\t<meta name=\"twitter:data2\" content=\"3 minutes\" \/>\n<script type=\"application\/ld+json\" class=\"yoast-schema-graph\">{\"@context\":\"https:\/\/schema.org\",\"@graph\":[{\"@type\":\"Article\",\"@id\":\"https:\/\/kapitalis.com\/tunisie\/2017\/02\/04\/lundi-6-fevrier-une-journee-sans-telephone-portable\/#article\",\"isPartOf\":{\"@id\":\"https:\/\/kapitalis.com\/tunisie\/2017\/02\/04\/lundi-6-fevrier-une-journee-sans-telephone-portable\/\"},\"author\":{\"name\":\"webmaster kapitalis\",\"@id\":\"https:\/\/kapitalis.com\/tunisie\/#\/schema\/person\/d71f33a9ca44f7bad4698210b480c8e9\"},\"headline\":\"Lundi 6 f\u00e9vrier : Une journ\u00e9e sans t\u00e9l\u00e9phone portable\",\"datePublished\":\"2017-02-04T08:57:38+00:00\",\"mainEntityOfPage\":{\"@id\":\"https:\/\/kapitalis.com\/tunisie\/2017\/02\/04\/lundi-6-fevrier-une-journee-sans-telephone-portable\/\"},\"wordCount\":517,\"commentCount\":2,\"publisher\":{\"@id\":\"https:\/\/kapitalis.com\/tunisie\/#organization\"},\"image\":{\"@id\":\"https:\/\/kapitalis.com\/tunisie\/2017\/02\/04\/lundi-6-fevrier-une-journee-sans-telephone-portable\/#primaryimage\"},\"thumbnailUrl\":\"\",\"keywords\":[\"assassinat politique\",\"Chokri Belaid\",\"smartphone\",\"t\u00e9l\u00e9phone portable\",\"Watad\"],\"articleSection\":[\"A LA UNE\",\"SOCIETE\",\"Tunisie\"],\"inLanguage\":\"fr-FR\",\"potentialAction\":[{\"@type\":\"CommentAction\",\"name\":\"Comment\",\"target\":[\"https:\/\/kapitalis.com\/tunisie\/2017\/02\/04\/lundi-6-fevrier-une-journee-sans-telephone-portable\/#respond\"]}]},{\"@type\":\"WebPage\",\"@id\":\"https:\/\/kapitalis.com\/tunisie\/2017\/02\/04\/lundi-6-fevrier-une-journee-sans-telephone-portable\/\",\"url\":\"https:\/\/kapitalis.com\/tunisie\/2017\/02\/04\/lundi-6-fevrier-une-journee-sans-telephone-portable\/\",\"name\":\"Lundi 6 f\u00e9vrier : Une journ\u00e9e sans t\u00e9l\u00e9phone portable - Kapitalis\",\"isPartOf\":{\"@id\":\"https:\/\/kapitalis.com\/tunisie\/#website\"},\"primaryImageOfPage\":{\"@id\":\"https:\/\/kapitalis.com\/tunisie\/2017\/02\/04\/lundi-6-fevrier-une-journee-sans-telephone-portable\/#primaryimage\"},\"image\":{\"@id\":\"https:\/\/kapitalis.com\/tunisie\/2017\/02\/04\/lundi-6-fevrier-une-journee-sans-telephone-portable\/#primaryimage\"},\"thumbnailUrl\":\"\",\"datePublished\":\"2017-02-04T08:57:38+00:00\",\"breadcrumb\":{\"@id\":\"https:\/\/kapitalis.com\/tunisie\/2017\/02\/04\/lundi-6-fevrier-une-journee-sans-telephone-portable\/#breadcrumb\"},\"inLanguage\":\"fr-FR\",\"potentialAction\":[{\"@type\":\"ReadAction\",\"target\":[\"https:\/\/kapitalis.com\/tunisie\/2017\/02\/04\/lundi-6-fevrier-une-journee-sans-telephone-portable\/\"]}]},{\"@type\":\"ImageObject\",\"inLanguage\":\"fr-FR\",\"@id\":\"https:\/\/kapitalis.com\/tunisie\/2017\/02\/04\/lundi-6-fevrier-une-journee-sans-telephone-portable\/#primaryimage\",\"url\":\"\",\"contentUrl\":\"\"},{\"@type\":\"BreadcrumbList\",\"@id\":\"https:\/\/kapitalis.com\/tunisie\/2017\/02\/04\/lundi-6-fevrier-une-journee-sans-telephone-portable\/#breadcrumb\",\"itemListElement\":[{\"@type\":\"ListItem\",\"position\":1,\"name\":\"Accueil\",\"item\":\"https:\/\/kapitalis.com\/tunisie\/\"},{\"@type\":\"ListItem\",\"position\":2,\"name\":\"Lundi 6 f\u00e9vrier : Une journ\u00e9e sans t\u00e9l\u00e9phone portable\"}]},{\"@type\":\"WebSite\",\"@id\":\"https:\/\/kapitalis.com\/tunisie\/#website\",\"url\":\"https:\/\/kapitalis.com\/tunisie\/\",\"name\":\"Kapitalis\",\"description\":\"L&#039;actualit\u00e9 en Tunisie et dans le monde\",\"publisher\":{\"@id\":\"https:\/\/kapitalis.com\/tunisie\/#organization\"},\"potentialAction\":[{\"@type\":\"SearchAction\",\"target\":{\"@type\":\"EntryPoint\",\"urlTemplate\":\"https:\/\/kapitalis.com\/tunisie\/?s={search_term_string}\"},\"query-input\":{\"@type\":\"PropertyValueSpecification\",\"valueRequired\":true,\"valueName\":\"search_term_string\"}}],\"inLanguage\":\"fr-FR\"},{\"@type\":\"Organization\",\"@id\":\"https:\/\/kapitalis.com\/tunisie\/#organization\",\"name\":\"Kapitalis\",\"url\":\"https:\/\/kapitalis.com\/tunisie\/\",\"logo\":{\"@type\":\"ImageObject\",\"inLanguage\":\"fr-FR\",\"@id\":\"https:\/\/kapitalis.com\/tunisie\/#\/schema\/logo\/image\/\",\"url\":\"https:\/\/kapitalis.com\/tunisie\/wp-content\/uploads\/2022\/05\/Kapitalis-big-size.png\",\"contentUrl\":\"https:\/\/kapitalis.com\/tunisie\/wp-content\/uploads\/2022\/05\/Kapitalis-big-size.png\",\"width\":5000,\"height\":1500,\"caption\":\"Kapitalis\"},\"image\":{\"@id\":\"https:\/\/kapitalis.com\/tunisie\/#\/schema\/logo\/image\/\"},\"sameAs\":[\"https:\/\/www.facebook.com\/KapitalisInfo\/\",\"https:\/\/x.com\/KapitalisInfo\",\"https:\/\/www.youtube.com\/channel\/UC-yDYrHyfFBWWZaOw3FPg9Q\"]},{\"@type\":\"Person\",\"@id\":\"https:\/\/kapitalis.com\/tunisie\/#\/schema\/person\/d71f33a9ca44f7bad4698210b480c8e9\",\"name\":\"webmaster kapitalis\",\"url\":\"https:\/\/kapitalis.com\/tunisie\/author\/webmaster-kapitalis\/\"}]}<\/script>\n<!-- \/ Yoast SEO plugin. -->","yoast_head_json":{"title":"Lundi 6 f\u00e9vrier : Une journ\u00e9e sans t\u00e9l\u00e9phone portable - Kapitalis","robots":{"index":"index","follow":"follow","max-snippet":"max-snippet:-1","max-image-preview":"max-image-preview:large","max-video-preview":"max-video-preview:-1"},"canonical":"https:\/\/kapitalis.com\/tunisie\/2017\/02\/04\/lundi-6-fevrier-une-journee-sans-telephone-portable\/","og_locale":"fr_FR","og_type":"article","og_title":"Lundi 6 f\u00e9vrier : Une journ\u00e9e sans t\u00e9l\u00e9phone portable - Kapitalis","og_description":"Le lundi 6 f\u00e9vrier 2017, le monde c\u00e9l\u00e8bre les \u00ab17e journ\u00e9es mondiales sans t\u00e9l\u00e9phone portable &amp; smartphone\u00bb et la \u00abJourn\u00e9e internationale contre les mutilations g\u00e9nitales\u00bb. La Tunisie, quant \u00e0 elle, c\u00e9l\u00e8bre la \u00abJourn\u00e9e nationale contre le terrorisme et l\u2019assassinat politique\u00bb.\u00a0 Par Haykel Ezzeddine, correspondant \u00e0 Gen\u00e8ve","og_url":"https:\/\/kapitalis.com\/tunisie\/2017\/02\/04\/lundi-6-fevrier-une-journee-sans-telephone-portable\/","og_site_name":"Kapitalis","article_publisher":"https:\/\/www.facebook.com\/KapitalisInfo\/","article_published_time":"2017-02-04T08:57:38+00:00","og_image":[{"width":1200,"height":630,"url":"https:\/\/kapitalis.com\/tunisie\/wp-content\/uploads\/2022\/05\/kapitalis-logo-fb.png","type":"image\/png"}],"author":"webmaster kapitalis","twitter_card":"summary_large_image","twitter_creator":"@KapitalisInfo","twitter_site":"@KapitalisInfo","twitter_misc":{"\u00c9crit par":"webmaster kapitalis","Dur\u00e9e de lecture estim\u00e9e":"3 minutes"},"schema":{"@context":"https:\/\/schema.org","@graph":[{"@type":"Article","@id":"https:\/\/kapitalis.com\/tunisie\/2017\/02\/04\/lundi-6-fevrier-une-journee-sans-telephone-portable\/#article","isPartOf":{"@id":"https:\/\/kapitalis.com\/tunisie\/2017\/02\/04\/lundi-6-fevrier-une-journee-sans-telephone-portable\/"},"author":{"name":"webmaster kapitalis","@id":"https:\/\/kapitalis.com\/tunisie\/#\/schema\/person\/d71f33a9ca44f7bad4698210b480c8e9"},"headline":"Lundi 6 f\u00e9vrier : Une journ\u00e9e sans t\u00e9l\u00e9phone portable","datePublished":"2017-02-04T08:57:38+00:00","mainEntityOfPage":{"@id":"https:\/\/kapitalis.com\/tunisie\/2017\/02\/04\/lundi-6-fevrier-une-journee-sans-telephone-portable\/"},"wordCount":517,"commentCount":2,"publisher":{"@id":"https:\/\/kapitalis.com\/tunisie\/#organization"},"image":{"@id":"https:\/\/kapitalis.com\/tunisie\/2017\/02\/04\/lundi-6-fevrier-une-journee-sans-telephone-portable\/#primaryimage"},"thumbnailUrl":"","keywords":["assassinat politique","Chokri Belaid","smartphone","t\u00e9l\u00e9phone portable","Watad"],"articleSection":["A LA UNE","SOCIETE","Tunisie"],"inLanguage":"fr-FR","potentialAction":[{"@type":"CommentAction","name":"Comment","target":["https:\/\/kapitalis.com\/tunisie\/2017\/02\/04\/lundi-6-fevrier-une-journee-sans-telephone-portable\/#respond"]}]},{"@type":"WebPage","@id":"https:\/\/kapitalis.com\/tunisie\/2017\/02\/04\/lundi-6-fevrier-une-journee-sans-telephone-portable\/","url":"https:\/\/kapitalis.com\/tunisie\/2017\/02\/04\/lundi-6-fevrier-une-journee-sans-telephone-portable\/","name":"Lundi 6 f\u00e9vrier : Une journ\u00e9e sans t\u00e9l\u00e9phone portable - Kapitalis","isPartOf":{"@id":"https:\/\/kapitalis.com\/tunisie\/#website"},"primaryImageOfPage":{"@id":"https:\/\/kapitalis.com\/tunisie\/2017\/02\/04\/lundi-6-fevrier-une-journee-sans-telephone-portable\/#primaryimage"},"image":{"@id":"https:\/\/kapitalis.com\/tunisie\/2017\/02\/04\/lundi-6-fevrier-une-journee-sans-telephone-portable\/#primaryimage"},"thumbnailUrl":"","datePublished":"2017-02-04T08:57:38+00:00","breadcrumb":{"@id":"https:\/\/kapitalis.com\/tunisie\/2017\/02\/04\/lundi-6-fevrier-une-journee-sans-telephone-portable\/#breadcrumb"},"inLanguage":"fr-FR","potentialAction":[{"@type":"ReadAction","target":["https:\/\/kapitalis.com\/tunisie\/2017\/02\/04\/lundi-6-fevrier-une-journee-sans-telephone-portable\/"]}]},{"@type":"ImageObject","inLanguage":"fr-FR","@id":"https:\/\/kapitalis.com\/tunisie\/2017\/02\/04\/lundi-6-fevrier-une-journee-sans-telephone-portable\/#primaryimage","url":"","contentUrl":""},{"@type":"BreadcrumbList","@id":"https:\/\/kapitalis.com\/tunisie\/2017\/02\/04\/lundi-6-fevrier-une-journee-sans-telephone-portable\/#breadcrumb","itemListElement":[{"@type":"ListItem","position":1,"name":"Accueil","item":"https:\/\/kapitalis.com\/tunisie\/"},{"@type":"ListItem","position":2,"name":"Lundi 6 f\u00e9vrier : Une journ\u00e9e sans t\u00e9l\u00e9phone portable"}]},{"@type":"WebSite","@id":"https:\/\/kapitalis.com\/tunisie\/#website","url":"https:\/\/kapitalis.com\/tunisie\/","name":"Kapitalis","description":"L&#039;actualit\u00e9 en Tunisie et dans le monde","publisher":{"@id":"https:\/\/kapitalis.com\/tunisie\/#organization"},"potentialAction":[{"@type":"SearchAction","target":{"@type":"EntryPoint","urlTemplate":"https:\/\/kapitalis.com\/tunisie\/?s={search_term_string}"},"query-input":{"@type":"PropertyValueSpecification","valueRequired":true,"valueName":"search_term_string"}}],"inLanguage":"fr-FR"},{"@type":"Organization","@id":"https:\/\/kapitalis.com\/tunisie\/#organization","name":"Kapitalis","url":"https:\/\/kapitalis.com\/tunisie\/","logo":{"@type":"ImageObject","inLanguage":"fr-FR","@id":"https:\/\/kapitalis.com\/tunisie\/#\/schema\/logo\/image\/","url":"https:\/\/kapitalis.com\/tunisie\/wp-content\/uploads\/2022\/05\/Kapitalis-big-size.png","contentUrl":"https:\/\/kapitalis.com\/tunisie\/wp-content\/uploads\/2022\/05\/Kapitalis-big-size.png","width":5000,"height":1500,"caption":"Kapitalis"},"image":{"@id":"https:\/\/kapitalis.com\/tunisie\/#\/schema\/logo\/image\/"},"sameAs":["https:\/\/www.facebook.com\/KapitalisInfo\/","https:\/\/x.com\/KapitalisInfo","https:\/\/www.youtube.com\/channel\/UC-yDYrHyfFBWWZaOw3FPg9Q"]},{"@type":"Person","@id":"https:\/\/kapitalis.com\/tunisie\/#\/schema\/person\/d71f33a9ca44f7bad4698210b480c8e9","name":"webmaster kapitalis","url":"https:\/\/kapitalis.com\/tunisie\/author\/webmaster-kapitalis\/"}]}},"_links":{"self":[{"href":"https:\/\/kapitalis.com\/tunisie\/wp-json\/wp\/v2\/posts\/81764","targetHints":{"allow":["GET"]}}],"collection":[{"href":"https:\/\/kapitalis.com\/tunisie\/wp-json\/wp\/v2\/posts"}],"about":[{"href":"https:\/\/kapitalis.com\/tunisie\/wp-json\/wp\/v2\/types\/post"}],"author":[{"embeddable":true,"href":"https:\/\/kapitalis.com\/tunisie\/wp-json\/wp\/v2\/users\/8"}],"replies":[{"embeddable":true,"href":"https:\/\/kapitalis.com\/tunisie\/wp-json\/wp\/v2\/comments?post=81764"}],"version-history":[{"count":0,"href":"https:\/\/kapitalis.com\/tunisie\/wp-json\/wp\/v2\/posts\/81764\/revisions"}],"wp:featuredmedia":[{"embeddable":true,"href":"https:\/\/kapitalis.com\/tunisie\/wp-json\/wp\/v2\/media\/81765"}],"wp:attachment":[{"href":"https:\/\/kapitalis.com\/tunisie\/wp-json\/wp\/v2\/media?parent=81764"}],"wp:term":[{"taxonomy":"category","embeddable":true,"href":"https:\/\/kapitalis.com\/tunisie\/wp-json\/wp\/v2\/categories?post=81764"},{"taxonomy":"post_tag","embeddable":true,"href":"https:\/\/kapitalis.com\/tunisie\/wp-json\/wp\/v2\/tags?post=81764"}],"curies":[{"name":"wp","href":"https:\/\/api.w.org\/{rel}","templated":true}]}}