{"id":81826,"date":"2017-02-04T14:19:58","date_gmt":"2017-02-04T13:19:58","guid":{"rendered":"http:\/\/kapitalis.com\/tunisie\/?p=81826"},"modified":"2017-02-04T14:24:39","modified_gmt":"2017-02-04T13:24:39","slug":"gabes-les-medecins-se-mobilisent-apres-larrestation-de-leur-collegue","status":"publish","type":"post","link":"https:\/\/kapitalis.com\/tunisie\/2017\/02\/04\/gabes-les-medecins-se-mobilisent-apres-larrestation-de-leur-collegue\/","title":{"rendered":"Gab\u00e8s\u00a0: Les m\u00e9decins se mobilisent apr\u00e8s l\u2019arrestation de leur coll\u00e8gue"},"content":{"rendered":"<p style=\"text-align: center;\"><img loading=\"lazy\" decoding=\"async\" class=\"alignnone size-full wp-image-81839\" src=\"http:\/\/kapitalis.com\/tunisie\/wp-content\/uploads\/2017\/02\/Dr-Slim-Hamrouni.jpg\" alt=\"\" width=\"626\" height=\"380\" \/><\/p>\n<p><em><strong>Des m\u00e9decins ont protest\u00e9,\u00a0vendredi,\u00a0devant le tribunal de Gab\u00e8s, pour d\u00e9noncer les poursuites engag\u00e9es contre l&rsquo;un de leur coll\u00e8gue.\u00a0Leur syndicat\u00a0<\/strong><\/em><em><strong>appelle \u00e0 changer la loi.<\/strong><\/em><\/p>\n<p><!--more--><\/p>\n<p>Dr Habiba Mizouni, secr\u00e9taire g\u00e9n\u00e9rale du Syndicat des m\u00e9decins, m\u00e9decins dentistes et pharmaciens hospitalo-universitaires (SMMDPHU) a, dans un post publi\u00e9 hier sur sa page Facebook, exprim\u00e9, au nom de ses coll\u00e8gues, son indignation apr\u00e8s la mise en d\u00e9tention d\u2019un m\u00e9decin, accus\u00e9 de faute m\u00e9dicale ayant entra\u00een\u00e9 la mort d&rsquo;un\u00a0patient \u00e0 l&rsquo;h\u00f4pital de Gab\u00e8s,\u00a0et appel\u00e9 \u00e0 l\u2019unit\u00e9 de la profession et \u00e0 la mobilisation\u00a0en faveur du\u00a0changement\u00a0des textes de loi et de la protection des praticiens.<\/p>\n<p>\u00ab<em>Ce soir, un coll\u00e8gue partage une cellule de prison avec des criminels et des voyous. Ce soir, des terroristes circulent en toute libert\u00e9, impunis dans le pays. Ce qui se passe contre notre coll\u00e8gue \u00e0 Gab\u00e8s est scandaleux et inacceptable<\/em>\u00bb, a notamment \u00e9crit Dr Mizouni. Elle\u00a0ajoute\u00a0: \u00ab<em>Nous avons exprim\u00e9 notre soutien \u00e0 notre coll\u00e8gue. Il est, cependant, urgent aujourd\u2019hui, d\u2019introduire dans le droit tunisien la notion de l\u2019al\u00e9a th\u00e9rapeutique et de l\u2019accident non fautif. Nous devons \u00eatre solidaires. Il y va de la s\u00e9curit\u00e9 de tous, de l\u2019avenir de la m\u00e9decine et de la sant\u00e9 des Tunisiens. L\u2019affaire de notre coll\u00e8gue est celle des praticiens de tout \u00e2ge et de tous les secteurs. Nous devons user de tous les moyens pour faire des pressions l\u00e9gitimes<\/em>\u00bb.<\/p>\n<p>Dr Mizouni a rappel\u00e9 qu&rsquo;une commission a \u00e9t\u00e9 d\u00e9j\u00e0 mise en place, il y a un an, sous la pr\u00e9sidence de Dr Faten Tinsa, pour plancher sur le changement de\u00a0la loi, et appel\u00e9, au nom de ses coll\u00e8gues, \u00e0 la lib\u00e9ration imm\u00e9diate du m\u00e9decin mis en d\u00e9tention depuis hier.<\/p>\n<p>Rappelons que les m\u00e9decins relevant de l\u2019Ordre des m\u00e9decins de Gab\u00e8s ont protest\u00e9, vendredi 3 f\u00e9vrier, devant le tribunal de Gab\u00e8s o\u00f9 leur coll\u00e8gue, Dr Slim Hamruni, a \u00e9t\u00e9 entendu \u00e0 propos d&rsquo;une\u00a0erreur m\u00e9dicale qu&rsquo;il aurait commis et qui aurait entra\u00een\u00e9 la mort de Tajouri Jabri, 60 ans, avant que le juge d\u2019instruction n\u2019\u00e9mette un mandat de d\u00e9p\u00f4t \u00e0 son encontre.<\/p>\n<p style=\"text-align: right;\"><strong>Z. A.\u00a0<\/strong><\/p>\n","protected":false},"excerpt":{"rendered":"<p>Des m\u00e9decins ont protest\u00e9,\u00a0vendredi,\u00a0devant le tribunal de Gab\u00e8s, pour d\u00e9noncer les poursuites engag\u00e9es contre l&rsquo;un de leur coll\u00e8gue.\u00a0Leur syndicat\u00a0appelle \u00e0 changer la loi.<\/p>\n","protected":false},"author":7,"featured_media":81839,"comment_status":"open","ping_status":"open","sticky":false,"template":"","format":"standard","meta":{"footnotes":""},"categories":[998,2433],"tags":[406,6852],"class_list":["post-81826","post","type-post","status-publish","format-standard","has-post-thumbnail","hentry","category-societe","category-tunisie","tag-gabes","tag-ordre-des-medecins"],"yoast_head":"<!-- This site is optimized with the Yoast SEO plugin v26.6 - https:\/\/yoast.com\/wordpress\/plugins\/seo\/ -->\n<title>Gab\u00e8s\u00a0: Les m\u00e9decins se mobilisent apr\u00e8s l\u2019arrestation de leur coll\u00e8gue - Kapitalis<\/title>\n<meta name=\"robots\" content=\"index, follow, max-snippet:-1, max-image-preview:large, max-video-preview:-1\" \/>\n<link rel=\"canonical\" href=\"https:\/\/kapitalis.com\/tunisie\/2017\/02\/04\/gabes-les-medecins-se-mobilisent-apres-larrestation-de-leur-collegue\/\" \/>\n<meta property=\"og:locale\" content=\"fr_FR\" \/>\n<meta property=\"og:type\" content=\"article\" \/>\n<meta property=\"og:title\" content=\"Gab\u00e8s\u00a0: Les m\u00e9decins se mobilisent apr\u00e8s l\u2019arrestation de leur coll\u00e8gue - Kapitalis\" \/>\n<meta property=\"og:description\" content=\"Des m\u00e9decins ont protest\u00e9,\u00a0vendredi,\u00a0devant le tribunal de Gab\u00e8s, pour d\u00e9noncer les poursuites engag\u00e9es contre l&rsquo;un de leur coll\u00e8gue.\u00a0Leur syndicat\u00a0appelle \u00e0 changer la loi.\" \/>\n<meta property=\"og:url\" content=\"https:\/\/kapitalis.com\/tunisie\/2017\/02\/04\/gabes-les-medecins-se-mobilisent-apres-larrestation-de-leur-collegue\/\" \/>\n<meta property=\"og:site_name\" content=\"Kapitalis\" \/>\n<meta property=\"article:publisher\" content=\"https:\/\/www.facebook.com\/KapitalisInfo\/\" \/>\n<meta property=\"article:published_time\" content=\"2017-02-04T13:19:58+00:00\" \/>\n<meta property=\"article:modified_time\" content=\"2017-02-04T13:24:39+00:00\" \/>\n<meta property=\"og:image\" content=\"https:\/\/kapitalis.com\/tunisie\/wp-content\/uploads\/2022\/05\/kapitalis-logo-fb.png\" \/>\n\t<meta property=\"og:image:width\" content=\"1200\" \/>\n\t<meta property=\"og:image:height\" content=\"630\" \/>\n\t<meta property=\"og:image:type\" content=\"image\/png\" \/>\n<meta name=\"author\" content=\"zohra abid\" \/>\n<meta name=\"twitter:card\" content=\"summary_large_image\" \/>\n<meta name=\"twitter:creator\" content=\"@KapitalisInfo\" \/>\n<meta name=\"twitter:site\" content=\"@KapitalisInfo\" \/>\n<meta name=\"twitter:label1\" content=\"\u00c9crit par\" \/>\n\t<meta name=\"twitter:data1\" content=\"zohra abid\" \/>\n\t<meta name=\"twitter:label2\" content=\"Dur\u00e9e de lecture estim\u00e9e\" \/>\n\t<meta name=\"twitter:data2\" content=\"2 minutes\" \/>\n<script type=\"application\/ld+json\" class=\"yoast-schema-graph\">{\"@context\":\"https:\/\/schema.org\",\"@graph\":[{\"@type\":\"Article\",\"@id\":\"https:\/\/kapitalis.com\/tunisie\/2017\/02\/04\/gabes-les-medecins-se-mobilisent-apres-larrestation-de-leur-collegue\/#article\",\"isPartOf\":{\"@id\":\"https:\/\/kapitalis.com\/tunisie\/2017\/02\/04\/gabes-les-medecins-se-mobilisent-apres-larrestation-de-leur-collegue\/\"},\"author\":{\"name\":\"zohra abid\",\"@id\":\"https:\/\/kapitalis.com\/tunisie\/#\/schema\/person\/6fc2988ceb6eacf6836db1d8360b4912\"},\"headline\":\"Gab\u00e8s\u00a0: Les m\u00e9decins se mobilisent apr\u00e8s l\u2019arrestation de leur coll\u00e8gue\",\"datePublished\":\"2017-02-04T13:19:58+00:00\",\"dateModified\":\"2017-02-04T13:24:39+00:00\",\"mainEntityOfPage\":{\"@id\":\"https:\/\/kapitalis.com\/tunisie\/2017\/02\/04\/gabes-les-medecins-se-mobilisent-apres-larrestation-de-leur-collegue\/\"},\"wordCount\":406,\"commentCount\":4,\"publisher\":{\"@id\":\"https:\/\/kapitalis.com\/tunisie\/#organization\"},\"image\":{\"@id\":\"https:\/\/kapitalis.com\/tunisie\/2017\/02\/04\/gabes-les-medecins-se-mobilisent-apres-larrestation-de-leur-collegue\/#primaryimage\"},\"thumbnailUrl\":\"\",\"keywords\":[\"Gab\u00e8s\",\"ordre des m\u00e9decins\"],\"articleSection\":[\"SOCIETE\",\"Tunisie\"],\"inLanguage\":\"fr-FR\",\"potentialAction\":[{\"@type\":\"CommentAction\",\"name\":\"Comment\",\"target\":[\"https:\/\/kapitalis.com\/tunisie\/2017\/02\/04\/gabes-les-medecins-se-mobilisent-apres-larrestation-de-leur-collegue\/#respond\"]}]},{\"@type\":\"WebPage\",\"@id\":\"https:\/\/kapitalis.com\/tunisie\/2017\/02\/04\/gabes-les-medecins-se-mobilisent-apres-larrestation-de-leur-collegue\/\",\"url\":\"https:\/\/kapitalis.com\/tunisie\/2017\/02\/04\/gabes-les-medecins-se-mobilisent-apres-larrestation-de-leur-collegue\/\",\"name\":\"Gab\u00e8s\u00a0: Les m\u00e9decins se mobilisent apr\u00e8s l\u2019arrestation de leur coll\u00e8gue - Kapitalis\",\"isPartOf\":{\"@id\":\"https:\/\/kapitalis.com\/tunisie\/#website\"},\"primaryImageOfPage\":{\"@id\":\"https:\/\/kapitalis.com\/tunisie\/2017\/02\/04\/gabes-les-medecins-se-mobilisent-apres-larrestation-de-leur-collegue\/#primaryimage\"},\"image\":{\"@id\":\"https:\/\/kapitalis.com\/tunisie\/2017\/02\/04\/gabes-les-medecins-se-mobilisent-apres-larrestation-de-leur-collegue\/#primaryimage\"},\"thumbnailUrl\":\"\",\"datePublished\":\"2017-02-04T13:19:58+00:00\",\"dateModified\":\"2017-02-04T13:24:39+00:00\",\"breadcrumb\":{\"@id\":\"https:\/\/kapitalis.com\/tunisie\/2017\/02\/04\/gabes-les-medecins-se-mobilisent-apres-larrestation-de-leur-collegue\/#breadcrumb\"},\"inLanguage\":\"fr-FR\",\"potentialAction\":[{\"@type\":\"ReadAction\",\"target\":[\"https:\/\/kapitalis.com\/tunisie\/2017\/02\/04\/gabes-les-medecins-se-mobilisent-apres-larrestation-de-leur-collegue\/\"]}]},{\"@type\":\"ImageObject\",\"inLanguage\":\"fr-FR\",\"@id\":\"https:\/\/kapitalis.com\/tunisie\/2017\/02\/04\/gabes-les-medecins-se-mobilisent-apres-larrestation-de-leur-collegue\/#primaryimage\",\"url\":\"\",\"contentUrl\":\"\"},{\"@type\":\"BreadcrumbList\",\"@id\":\"https:\/\/kapitalis.com\/tunisie\/2017\/02\/04\/gabes-les-medecins-se-mobilisent-apres-larrestation-de-leur-collegue\/#breadcrumb\",\"itemListElement\":[{\"@type\":\"ListItem\",\"position\":1,\"name\":\"Accueil\",\"item\":\"https:\/\/kapitalis.com\/tunisie\/\"},{\"@type\":\"ListItem\",\"position\":2,\"name\":\"Gab\u00e8s\u00a0: Les m\u00e9decins se mobilisent apr\u00e8s l\u2019arrestation de leur coll\u00e8gue\"}]},{\"@type\":\"WebSite\",\"@id\":\"https:\/\/kapitalis.com\/tunisie\/#website\",\"url\":\"https:\/\/kapitalis.com\/tunisie\/\",\"name\":\"Kapitalis\",\"description\":\"L&#039;actualit\u00e9 en Tunisie et dans le monde\",\"publisher\":{\"@id\":\"https:\/\/kapitalis.com\/tunisie\/#organization\"},\"potentialAction\":[{\"@type\":\"SearchAction\",\"target\":{\"@type\":\"EntryPoint\",\"urlTemplate\":\"https:\/\/kapitalis.com\/tunisie\/?s={search_term_string}\"},\"query-input\":{\"@type\":\"PropertyValueSpecification\",\"valueRequired\":true,\"valueName\":\"search_term_string\"}}],\"inLanguage\":\"fr-FR\"},{\"@type\":\"Organization\",\"@id\":\"https:\/\/kapitalis.com\/tunisie\/#organization\",\"name\":\"Kapitalis\",\"url\":\"https:\/\/kapitalis.com\/tunisie\/\",\"logo\":{\"@type\":\"ImageObject\",\"inLanguage\":\"fr-FR\",\"@id\":\"https:\/\/kapitalis.com\/tunisie\/#\/schema\/logo\/image\/\",\"url\":\"https:\/\/kapitalis.com\/tunisie\/wp-content\/uploads\/2022\/05\/Kapitalis-big-size.png\",\"contentUrl\":\"https:\/\/kapitalis.com\/tunisie\/wp-content\/uploads\/2022\/05\/Kapitalis-big-size.png\",\"width\":5000,\"height\":1500,\"caption\":\"Kapitalis\"},\"image\":{\"@id\":\"https:\/\/kapitalis.com\/tunisie\/#\/schema\/logo\/image\/\"},\"sameAs\":[\"https:\/\/www.facebook.com\/KapitalisInfo\/\",\"https:\/\/x.com\/KapitalisInfo\",\"https:\/\/www.youtube.com\/channel\/UC-yDYrHyfFBWWZaOw3FPg9Q\"]},{\"@type\":\"Person\",\"@id\":\"https:\/\/kapitalis.com\/tunisie\/#\/schema\/person\/6fc2988ceb6eacf6836db1d8360b4912\",\"name\":\"zohra abid\",\"url\":\"https:\/\/kapitalis.com\/tunisie\/author\/zohra-abid-2015\/\"}]}<\/script>\n<!-- \/ Yoast SEO plugin. -->","yoast_head_json":{"title":"Gab\u00e8s\u00a0: Les m\u00e9decins se mobilisent apr\u00e8s l\u2019arrestation de leur coll\u00e8gue - Kapitalis","robots":{"index":"index","follow":"follow","max-snippet":"max-snippet:-1","max-image-preview":"max-image-preview:large","max-video-preview":"max-video-preview:-1"},"canonical":"https:\/\/kapitalis.com\/tunisie\/2017\/02\/04\/gabes-les-medecins-se-mobilisent-apres-larrestation-de-leur-collegue\/","og_locale":"fr_FR","og_type":"article","og_title":"Gab\u00e8s\u00a0: Les m\u00e9decins se mobilisent apr\u00e8s l\u2019arrestation de leur coll\u00e8gue - Kapitalis","og_description":"Des m\u00e9decins ont protest\u00e9,\u00a0vendredi,\u00a0devant le tribunal de Gab\u00e8s, pour d\u00e9noncer les poursuites engag\u00e9es contre l&rsquo;un de leur coll\u00e8gue.\u00a0Leur syndicat\u00a0appelle \u00e0 changer la loi.","og_url":"https:\/\/kapitalis.com\/tunisie\/2017\/02\/04\/gabes-les-medecins-se-mobilisent-apres-larrestation-de-leur-collegue\/","og_site_name":"Kapitalis","article_publisher":"https:\/\/www.facebook.com\/KapitalisInfo\/","article_published_time":"2017-02-04T13:19:58+00:00","article_modified_time":"2017-02-04T13:24:39+00:00","og_image":[{"width":1200,"height":630,"url":"https:\/\/kapitalis.com\/tunisie\/wp-content\/uploads\/2022\/05\/kapitalis-logo-fb.png","type":"image\/png"}],"author":"zohra abid","twitter_card":"summary_large_image","twitter_creator":"@KapitalisInfo","twitter_site":"@KapitalisInfo","twitter_misc":{"\u00c9crit par":"zohra abid","Dur\u00e9e de lecture estim\u00e9e":"2 minutes"},"schema":{"@context":"https:\/\/schema.org","@graph":[{"@type":"Article","@id":"https:\/\/kapitalis.com\/tunisie\/2017\/02\/04\/gabes-les-medecins-se-mobilisent-apres-larrestation-de-leur-collegue\/#article","isPartOf":{"@id":"https:\/\/kapitalis.com\/tunisie\/2017\/02\/04\/gabes-les-medecins-se-mobilisent-apres-larrestation-de-leur-collegue\/"},"author":{"name":"zohra abid","@id":"https:\/\/kapitalis.com\/tunisie\/#\/schema\/person\/6fc2988ceb6eacf6836db1d8360b4912"},"headline":"Gab\u00e8s\u00a0: Les m\u00e9decins se mobilisent apr\u00e8s l\u2019arrestation de leur coll\u00e8gue","datePublished":"2017-02-04T13:19:58+00:00","dateModified":"2017-02-04T13:24:39+00:00","mainEntityOfPage":{"@id":"https:\/\/kapitalis.com\/tunisie\/2017\/02\/04\/gabes-les-medecins-se-mobilisent-apres-larrestation-de-leur-collegue\/"},"wordCount":406,"commentCount":4,"publisher":{"@id":"https:\/\/kapitalis.com\/tunisie\/#organization"},"image":{"@id":"https:\/\/kapitalis.com\/tunisie\/2017\/02\/04\/gabes-les-medecins-se-mobilisent-apres-larrestation-de-leur-collegue\/#primaryimage"},"thumbnailUrl":"","keywords":["Gab\u00e8s","ordre des m\u00e9decins"],"articleSection":["SOCIETE","Tunisie"],"inLanguage":"fr-FR","potentialAction":[{"@type":"CommentAction","name":"Comment","target":["https:\/\/kapitalis.com\/tunisie\/2017\/02\/04\/gabes-les-medecins-se-mobilisent-apres-larrestation-de-leur-collegue\/#respond"]}]},{"@type":"WebPage","@id":"https:\/\/kapitalis.com\/tunisie\/2017\/02\/04\/gabes-les-medecins-se-mobilisent-apres-larrestation-de-leur-collegue\/","url":"https:\/\/kapitalis.com\/tunisie\/2017\/02\/04\/gabes-les-medecins-se-mobilisent-apres-larrestation-de-leur-collegue\/","name":"Gab\u00e8s\u00a0: Les m\u00e9decins se mobilisent apr\u00e8s l\u2019arrestation de leur coll\u00e8gue - Kapitalis","isPartOf":{"@id":"https:\/\/kapitalis.com\/tunisie\/#website"},"primaryImageOfPage":{"@id":"https:\/\/kapitalis.com\/tunisie\/2017\/02\/04\/gabes-les-medecins-se-mobilisent-apres-larrestation-de-leur-collegue\/#primaryimage"},"image":{"@id":"https:\/\/kapitalis.com\/tunisie\/2017\/02\/04\/gabes-les-medecins-se-mobilisent-apres-larrestation-de-leur-collegue\/#primaryimage"},"thumbnailUrl":"","datePublished":"2017-02-04T13:19:58+00:00","dateModified":"2017-02-04T13:24:39+00:00","breadcrumb":{"@id":"https:\/\/kapitalis.com\/tunisie\/2017\/02\/04\/gabes-les-medecins-se-mobilisent-apres-larrestation-de-leur-collegue\/#breadcrumb"},"inLanguage":"fr-FR","potentialAction":[{"@type":"ReadAction","target":["https:\/\/kapitalis.com\/tunisie\/2017\/02\/04\/gabes-les-medecins-se-mobilisent-apres-larrestation-de-leur-collegue\/"]}]},{"@type":"ImageObject","inLanguage":"fr-FR","@id":"https:\/\/kapitalis.com\/tunisie\/2017\/02\/04\/gabes-les-medecins-se-mobilisent-apres-larrestation-de-leur-collegue\/#primaryimage","url":"","contentUrl":""},{"@type":"BreadcrumbList","@id":"https:\/\/kapitalis.com\/tunisie\/2017\/02\/04\/gabes-les-medecins-se-mobilisent-apres-larrestation-de-leur-collegue\/#breadcrumb","itemListElement":[{"@type":"ListItem","position":1,"name":"Accueil","item":"https:\/\/kapitalis.com\/tunisie\/"},{"@type":"ListItem","position":2,"name":"Gab\u00e8s\u00a0: Les m\u00e9decins se mobilisent apr\u00e8s l\u2019arrestation de leur coll\u00e8gue"}]},{"@type":"WebSite","@id":"https:\/\/kapitalis.com\/tunisie\/#website","url":"https:\/\/kapitalis.com\/tunisie\/","name":"Kapitalis","description":"L&#039;actualit\u00e9 en Tunisie et dans le monde","publisher":{"@id":"https:\/\/kapitalis.com\/tunisie\/#organization"},"potentialAction":[{"@type":"SearchAction","target":{"@type":"EntryPoint","urlTemplate":"https:\/\/kapitalis.com\/tunisie\/?s={search_term_string}"},"query-input":{"@type":"PropertyValueSpecification","valueRequired":true,"valueName":"search_term_string"}}],"inLanguage":"fr-FR"},{"@type":"Organization","@id":"https:\/\/kapitalis.com\/tunisie\/#organization","name":"Kapitalis","url":"https:\/\/kapitalis.com\/tunisie\/","logo":{"@type":"ImageObject","inLanguage":"fr-FR","@id":"https:\/\/kapitalis.com\/tunisie\/#\/schema\/logo\/image\/","url":"https:\/\/kapitalis.com\/tunisie\/wp-content\/uploads\/2022\/05\/Kapitalis-big-size.png","contentUrl":"https:\/\/kapitalis.com\/tunisie\/wp-content\/uploads\/2022\/05\/Kapitalis-big-size.png","width":5000,"height":1500,"caption":"Kapitalis"},"image":{"@id":"https:\/\/kapitalis.com\/tunisie\/#\/schema\/logo\/image\/"},"sameAs":["https:\/\/www.facebook.com\/KapitalisInfo\/","https:\/\/x.com\/KapitalisInfo","https:\/\/www.youtube.com\/channel\/UC-yDYrHyfFBWWZaOw3FPg9Q"]},{"@type":"Person","@id":"https:\/\/kapitalis.com\/tunisie\/#\/schema\/person\/6fc2988ceb6eacf6836db1d8360b4912","name":"zohra abid","url":"https:\/\/kapitalis.com\/tunisie\/author\/zohra-abid-2015\/"}]}},"_links":{"self":[{"href":"https:\/\/kapitalis.com\/tunisie\/wp-json\/wp\/v2\/posts\/81826","targetHints":{"allow":["GET"]}}],"collection":[{"href":"https:\/\/kapitalis.com\/tunisie\/wp-json\/wp\/v2\/posts"}],"about":[{"href":"https:\/\/kapitalis.com\/tunisie\/wp-json\/wp\/v2\/types\/post"}],"author":[{"embeddable":true,"href":"https:\/\/kapitalis.com\/tunisie\/wp-json\/wp\/v2\/users\/7"}],"replies":[{"embeddable":true,"href":"https:\/\/kapitalis.com\/tunisie\/wp-json\/wp\/v2\/comments?post=81826"}],"version-history":[{"count":0,"href":"https:\/\/kapitalis.com\/tunisie\/wp-json\/wp\/v2\/posts\/81826\/revisions"}],"wp:featuredmedia":[{"embeddable":true,"href":"https:\/\/kapitalis.com\/tunisie\/wp-json\/wp\/v2\/media\/81839"}],"wp:attachment":[{"href":"https:\/\/kapitalis.com\/tunisie\/wp-json\/wp\/v2\/media?parent=81826"}],"wp:term":[{"taxonomy":"category","embeddable":true,"href":"https:\/\/kapitalis.com\/tunisie\/wp-json\/wp\/v2\/categories?post=81826"},{"taxonomy":"post_tag","embeddable":true,"href":"https:\/\/kapitalis.com\/tunisie\/wp-json\/wp\/v2\/tags?post=81826"}],"curies":[{"name":"wp","href":"https:\/\/api.w.org\/{rel}","templated":true}]}}