{"id":8184902,"date":"2023-06-02T08:52:39","date_gmt":"2023-06-02T07:52:39","guid":{"rendered":"https:\/\/kapitalis.com\/tunisie\/?p=8184902"},"modified":"2023-06-02T09:03:01","modified_gmt":"2023-06-02T08:03:01","slug":"tunisie-la-nouvelle-bombe-du-president-kais-saied","status":"publish","type":"post","link":"https:\/\/kapitalis.com\/tunisie\/2023\/06\/02\/tunisie-la-nouvelle-bombe-du-president-kais-saied\/","title":{"rendered":"Tunisie\u00a0: la nouvelle \u00abbombe\u00bb du pr\u00e9sident Ka\u00efs Sa\u00efed"},"content":{"rendered":"\n<p><strong><em>Ka\u00efs Sa\u00efed a lanc\u00e9 une nouvelle \u00abbombe\u00bb en pr\u00e9conisant l\u2019imposition de taxes suppl\u00e9mentaires aux particuliers qui b\u00e9n\u00e9ficient injustement de subventions sur divers produits, opposant aussi un niet d\u00e9finitif \u00e0 la suppression de ces subventions, r\u00e9forme pourtant contenue dans le programme du gouvernement et dans ses engagements vis-\u00e0-vis des bailleurs de fonds internationaux.<\/em><\/strong><\/p>\n\n\n\n<p>Par <strong>Imed Bahri<\/strong><\/p>\n\n\n\n<!--more-->\n\n\n\n<p>En sugg\u00e9rant cette nouvelle taxe lors de sa rencontre avec la premi\u00e8re ministre Najla Bouden, jeudi 1<sup>er<\/sup> juin 2023, au palais de Carthage, le pr\u00e9sident de la r\u00e9publique a sugg\u00e9r\u00e9 d\u2019entreprendre cette action de mani\u00e8re ind\u00e9pendante, sans se soumettre \u00e0 des <em>\u00abdictats ext\u00e9rieurs\u00bb<\/em>, faisant ainsi allusion \u00e0 l\u2019une des principales recommandations du Fonds mon\u00e9taire international (FMI), \u00e0 savoir la lev\u00e9e progressive des subventions sur les produits de premi\u00e8re n\u00e9cessit\u00e9, dans le cadre du plan de sauvetage de 1,9 milliard de dollars sollicit\u00e9 par la Tunisie. \u00a0<\/p>\n\n\n\n<h2 class=\"wp-block-heading\">Une nouvelle politique \u00e9conomique<\/h2>\n\n\n\n<p>Selon le pr\u00e9sident, qui aime toujours se r\u00e9f\u00e9rer au pass\u00e9, une telle approche avait d\u00e9j\u00e0 \u00e9t\u00e9 mise en \u0153uvre en Tunisie dans les ann\u00e9es 1940, lorsque le fonds de subvention a \u00e9t\u00e9 cr\u00e9\u00e9, et que l&rsquo;on peut r\u00e9sumer dans cette formule populiste \u00e0 souhait: <em>\u00abPrendre aux riches pour donner aux pauvres\u00bb<\/em>.<\/p>\n\n\n\n<p>Cette proposition pr\u00e9sidentielle en a surpris plus d\u2019un, \u00e0 commencer par les membres du gouvernement qui vont devoir trouver les moyens de l\u2019appliquer. Et c\u2019est l\u00e0 o\u00f9 le b\u00e2t blesse.<\/p>\n\n\n\n<figure class=\"wp-block-embed is-type-wp-embed is-provider-kapitalis wp-block-embed-kapitalis\"><div class=\"wp-block-embed__wrapper\">\n<blockquote class=\"wp-embedded-content\" data-secret=\"dRkbci1XMm\"><a href=\"https:\/\/kapitalis.com\/tunisie\/2023\/05\/05\/tunisie-fmi-kais-saied-va-t-il-reussir-a-imposer-ses-conditions\/\">Tunisie &#8211; FMI\u00a0: Ka\u00efs Sa\u00efed va-t-il r\u00e9ussir \u00e0 imposer ses conditions\u00a0?<\/a><\/blockquote><iframe loading=\"lazy\" class=\"wp-embedded-content\" sandbox=\"allow-scripts\" security=\"restricted\" style=\"position: absolute; clip: rect(1px, 1px, 1px, 1px);\" title=\"\u00ab\u00a0Tunisie &#8211; FMI\u00a0: Ka\u00efs Sa\u00efed va-t-il r\u00e9ussir \u00e0 imposer ses conditions\u00a0?\u00a0\u00bb &#8212; Kapitalis\" src=\"https:\/\/kapitalis.com\/tunisie\/2023\/05\/05\/tunisie-fmi-kais-saied-va-t-il-reussir-a-imposer-ses-conditions\/embed\/#?secret=m8O4MpjjJs#?secret=dRkbci1XMm\" data-secret=\"dRkbci1XMm\" width=\"600\" height=\"338\" frameborder=\"0\" marginwidth=\"0\" marginheight=\"0\" scrolling=\"no\"><\/iframe>\n<\/div><\/figure>\n\n\n\n<p>On sait que ce gouvernement s\u2019est montr\u00e9 jusque-l\u00e0 incapable de mettre en place une base de donn\u00e9es des personnes \u00e9ligibles \u00e0 l\u2019aide de l\u2019Etat en cas de suppression des subventions, laquelle devait \u00eatre pr\u00eate depuis janvier dernier. Comment ce m\u00eame gouvernement, qui ne sait pas encore comment boucler le budget de l\u2019Etat pour l\u2019exercice en cours et qui consid\u00e8re comme un cauchemar absolu la non-obtention du pr\u00eat du FMI, va-t-il s\u2019arranger pour identifier les personnes redevables de la nouvelle taxe que le pr\u00e9sident voudrait instaurer\u00a0? Quel serait le taux de cette taxe\u00a0et comment sera-t-elle per\u00e7ue\u00a0? L\u2019imposera-t-on sur les gros salaires et, dans ce cas, \u00e0 partir de quel montant, et combien rapportera-t-elle aux caisses de l\u2019Etat\u00a0? Sans parler des incidences d\u2019une telle d\u00e9cision sur l\u2019investissement en g\u00e9n\u00e9ral, la question est de savoir si elle sera suffisante pour fonder la nouvelle politique \u00e9conomique que le pr\u00e9sident Sa\u00efed r\u00e9sume en une formule lapidaire\u00a0: <em>\u00abCompter sur soi-m\u00eame\u00bb<\/em>, sur laquelle il avait insist\u00e9 lors de sa rencontre, la veille,\u00a0avec un groupe d&rsquo;\u00e9conomistes?<\/p>\n\n\n\n<h2 class=\"wp-block-heading\">Le chef de l\u2019Etat, seul ma\u00eetre \u00e0 bord<\/h2>\n\n\n\n<p>Sur un autre plan, peut-on interpr\u00e9ter les d\u00e9clarations du pr\u00e9sident de la r\u00e9publique comme un veto d\u00e9finitif oppos\u00e9 aux n\u00e9gociations avec le FMI et un message envoy\u00e9 aux membres du gouvernement selon lequel ils devraient abandonner d\u00e9finitivement cette piste que le ministre des Affaires \u00e9trang\u00e8res Nabil Ammar \u00e9voquait pourtant encore au d\u00e9but de la semaine\u00a0? Est-ce lui, d&rsquo;ailleurs, que le pr\u00e9sident d\u00e9signait en tan\u00e7ant les membres du gouvernement qui font encore des d\u00e9clarations non conformes \u00e0 la ligne d\u00e9finie par le chef de l\u2019Etat\u00a0?<\/p>\n\n\n\n<p>Trop de questions auxquelles on a du mal \u00e0 trouver des r\u00e9ponses claires. Et l\u2019on se demande d\u2019ailleurs si les membres du gouvernement en savent plus que nous sur cette voie choisie par le pr\u00e9sident de la r\u00e9publique et, surtout, sur les capacit\u00e9s r\u00e9elles du pays \u00e0 s\u2019y engager sans d\u00e9g\u00e2ts.<\/p>\n\n\n\n<figure class=\"wp-block-embed is-type-wp-embed is-provider-kapitalis wp-block-embed-kapitalis\"><div class=\"wp-block-embed__wrapper\">\n<blockquote class=\"wp-embedded-content\" data-secret=\"lW3b6FII4F\"><a href=\"https:\/\/kapitalis.com\/tunisie\/2023\/04\/18\/le-fmi-renvoie-la-balle-dans-le-camp-de-la-tunisie\/\">Le FMI renvoie la balle dans le camp de la Tunisie<\/a><\/blockquote><iframe loading=\"lazy\" class=\"wp-embedded-content\" sandbox=\"allow-scripts\" security=\"restricted\" style=\"position: absolute; clip: rect(1px, 1px, 1px, 1px);\" title=\"\u00ab\u00a0Le FMI renvoie la balle dans le camp de la Tunisie\u00a0\u00bb &#8212; Kapitalis\" src=\"https:\/\/kapitalis.com\/tunisie\/2023\/04\/18\/le-fmi-renvoie-la-balle-dans-le-camp-de-la-tunisie\/embed\/#?secret=BmqxLd1VGL#?secret=lW3b6FII4F\" data-secret=\"lW3b6FII4F\" width=\"600\" height=\"338\" frameborder=\"0\" marginwidth=\"0\" marginheight=\"0\" scrolling=\"no\"><\/iframe>\n<\/div><\/figure>\n","protected":false},"excerpt":{"rendered":"<p>Ka\u00efs Sa\u00efed pr\u00e9conise l\u2019imposition de taxes suppl\u00e9mentaires aux particuliers qui b\u00e9n\u00e9ficient injustement de subventions. <\/p>\n","protected":false},"author":8,"featured_media":8185159,"comment_status":"open","ping_status":"open","sticky":false,"template":"","format":"standard","meta":{"footnotes":""},"categories":[992,995,997,2433],"tags":[388,76012,92415,93702,62643],"class_list":["post-8184902","post","type-post","status-publish","format-standard","has-post-thumbnail","hentry","category-a-la-une","category-economie","category-politique","category-tunisie","tag-fmi","tag-kais-saied-2","tag-nabil-ammar","tag-najla-bouden","tag-tunisie"],"yoast_head":"<!-- This site is optimized with the Yoast SEO plugin v26.6 - https:\/\/yoast.com\/wordpress\/plugins\/seo\/ -->\n<title>Tunisie\u00a0: la nouvelle \u00abbombe\u00bb du pr\u00e9sident Ka\u00efs Sa\u00efed - Kapitalis<\/title>\n<meta name=\"robots\" content=\"index, follow, max-snippet:-1, max-image-preview:large, max-video-preview:-1\" \/>\n<link rel=\"canonical\" href=\"https:\/\/kapitalis.com\/tunisie\/2023\/06\/02\/tunisie-la-nouvelle-bombe-du-president-kais-saied\/\" \/>\n<meta property=\"og:locale\" content=\"fr_FR\" \/>\n<meta property=\"og:type\" content=\"article\" \/>\n<meta property=\"og:title\" content=\"Tunisie\u00a0: la nouvelle \u00abbombe\u00bb du pr\u00e9sident Ka\u00efs Sa\u00efed - Kapitalis\" \/>\n<meta property=\"og:description\" content=\"Ka\u00efs Sa\u00efed pr\u00e9conise l\u2019imposition de taxes suppl\u00e9mentaires aux particuliers qui b\u00e9n\u00e9ficient injustement de subventions.\" \/>\n<meta property=\"og:url\" content=\"https:\/\/kapitalis.com\/tunisie\/2023\/06\/02\/tunisie-la-nouvelle-bombe-du-president-kais-saied\/\" \/>\n<meta property=\"og:site_name\" content=\"Kapitalis\" \/>\n<meta property=\"article:publisher\" content=\"https:\/\/www.facebook.com\/KapitalisInfo\/\" \/>\n<meta property=\"article:published_time\" content=\"2023-06-02T07:52:39+00:00\" \/>\n<meta property=\"article:modified_time\" content=\"2023-06-02T08:03:01+00:00\" \/>\n<meta property=\"og:image\" content=\"https:\/\/kapitalis.com\/tunisie\/wp-content\/uploads\/2023\/06\/Kais-Saied-Economistes.jpg\" \/>\n\t<meta property=\"og:image:width\" content=\"1200\" \/>\n\t<meta property=\"og:image:height\" content=\"630\" \/>\n\t<meta property=\"og:image:type\" content=\"image\/jpeg\" \/>\n<meta name=\"author\" content=\"webmaster kapitalis\" \/>\n<meta name=\"twitter:card\" content=\"summary_large_image\" \/>\n<meta name=\"twitter:creator\" content=\"@KapitalisInfo\" \/>\n<meta name=\"twitter:site\" content=\"@KapitalisInfo\" \/>\n<meta name=\"twitter:label1\" content=\"\u00c9crit par\" \/>\n\t<meta name=\"twitter:data1\" content=\"webmaster kapitalis\" \/>\n\t<meta name=\"twitter:label2\" content=\"Dur\u00e9e de lecture estim\u00e9e\" \/>\n\t<meta name=\"twitter:data2\" content=\"3 minutes\" \/>\n<script type=\"application\/ld+json\" class=\"yoast-schema-graph\">{\"@context\":\"https:\/\/schema.org\",\"@graph\":[{\"@type\":\"Article\",\"@id\":\"https:\/\/kapitalis.com\/tunisie\/2023\/06\/02\/tunisie-la-nouvelle-bombe-du-president-kais-saied\/#article\",\"isPartOf\":{\"@id\":\"https:\/\/kapitalis.com\/tunisie\/2023\/06\/02\/tunisie-la-nouvelle-bombe-du-president-kais-saied\/\"},\"author\":{\"name\":\"webmaster kapitalis\",\"@id\":\"https:\/\/kapitalis.com\/tunisie\/#\/schema\/person\/d71f33a9ca44f7bad4698210b480c8e9\"},\"headline\":\"Tunisie\u00a0: la nouvelle \u00abbombe\u00bb du pr\u00e9sident Ka\u00efs Sa\u00efed\",\"datePublished\":\"2023-06-02T07:52:39+00:00\",\"dateModified\":\"2023-06-02T08:03:01+00:00\",\"mainEntityOfPage\":{\"@id\":\"https:\/\/kapitalis.com\/tunisie\/2023\/06\/02\/tunisie-la-nouvelle-bombe-du-president-kais-saied\/\"},\"wordCount\":631,\"commentCount\":12,\"publisher\":{\"@id\":\"https:\/\/kapitalis.com\/tunisie\/#organization\"},\"image\":{\"@id\":\"https:\/\/kapitalis.com\/tunisie\/2023\/06\/02\/tunisie-la-nouvelle-bombe-du-president-kais-saied\/#primaryimage\"},\"thumbnailUrl\":\"https:\/\/kapitalis.com\/tunisie\/wp-content\/uploads\/2023\/06\/Kais-Saied-Economistes.jpg\",\"keywords\":[\"FMI\",\"Ka\u00efs Sa\u00efed\",\"Nabil Ammar\",\"Najla Bouden\",\"Tunisie\"],\"articleSection\":[\"A LA UNE\",\"ECONOMIE\",\"POLITIQUE\",\"Tunisie\"],\"inLanguage\":\"fr-FR\",\"potentialAction\":[{\"@type\":\"CommentAction\",\"name\":\"Comment\",\"target\":[\"https:\/\/kapitalis.com\/tunisie\/2023\/06\/02\/tunisie-la-nouvelle-bombe-du-president-kais-saied\/#respond\"]}]},{\"@type\":\"WebPage\",\"@id\":\"https:\/\/kapitalis.com\/tunisie\/2023\/06\/02\/tunisie-la-nouvelle-bombe-du-president-kais-saied\/\",\"url\":\"https:\/\/kapitalis.com\/tunisie\/2023\/06\/02\/tunisie-la-nouvelle-bombe-du-president-kais-saied\/\",\"name\":\"Tunisie\u00a0: la nouvelle \u00abbombe\u00bb du pr\u00e9sident Ka\u00efs Sa\u00efed - Kapitalis\",\"isPartOf\":{\"@id\":\"https:\/\/kapitalis.com\/tunisie\/#website\"},\"primaryImageOfPage\":{\"@id\":\"https:\/\/kapitalis.com\/tunisie\/2023\/06\/02\/tunisie-la-nouvelle-bombe-du-president-kais-saied\/#primaryimage\"},\"image\":{\"@id\":\"https:\/\/kapitalis.com\/tunisie\/2023\/06\/02\/tunisie-la-nouvelle-bombe-du-president-kais-saied\/#primaryimage\"},\"thumbnailUrl\":\"https:\/\/kapitalis.com\/tunisie\/wp-content\/uploads\/2023\/06\/Kais-Saied-Economistes.jpg\",\"datePublished\":\"2023-06-02T07:52:39+00:00\",\"dateModified\":\"2023-06-02T08:03:01+00:00\",\"breadcrumb\":{\"@id\":\"https:\/\/kapitalis.com\/tunisie\/2023\/06\/02\/tunisie-la-nouvelle-bombe-du-president-kais-saied\/#breadcrumb\"},\"inLanguage\":\"fr-FR\",\"potentialAction\":[{\"@type\":\"ReadAction\",\"target\":[\"https:\/\/kapitalis.com\/tunisie\/2023\/06\/02\/tunisie-la-nouvelle-bombe-du-president-kais-saied\/\"]}]},{\"@type\":\"ImageObject\",\"inLanguage\":\"fr-FR\",\"@id\":\"https:\/\/kapitalis.com\/tunisie\/2023\/06\/02\/tunisie-la-nouvelle-bombe-du-president-kais-saied\/#primaryimage\",\"url\":\"https:\/\/kapitalis.com\/tunisie\/wp-content\/uploads\/2023\/06\/Kais-Saied-Economistes.jpg\",\"contentUrl\":\"https:\/\/kapitalis.com\/tunisie\/wp-content\/uploads\/2023\/06\/Kais-Saied-Economistes.jpg\",\"width\":1200,\"height\":630},{\"@type\":\"BreadcrumbList\",\"@id\":\"https:\/\/kapitalis.com\/tunisie\/2023\/06\/02\/tunisie-la-nouvelle-bombe-du-president-kais-saied\/#breadcrumb\",\"itemListElement\":[{\"@type\":\"ListItem\",\"position\":1,\"name\":\"Accueil\",\"item\":\"https:\/\/kapitalis.com\/tunisie\/\"},{\"@type\":\"ListItem\",\"position\":2,\"name\":\"Tunisie\u00a0: la nouvelle \u00abbombe\u00bb du pr\u00e9sident Ka\u00efs Sa\u00efed\"}]},{\"@type\":\"WebSite\",\"@id\":\"https:\/\/kapitalis.com\/tunisie\/#website\",\"url\":\"https:\/\/kapitalis.com\/tunisie\/\",\"name\":\"Kapitalis\",\"description\":\"L&#039;actualit\u00e9 en Tunisie et dans le monde\",\"publisher\":{\"@id\":\"https:\/\/kapitalis.com\/tunisie\/#organization\"},\"potentialAction\":[{\"@type\":\"SearchAction\",\"target\":{\"@type\":\"EntryPoint\",\"urlTemplate\":\"https:\/\/kapitalis.com\/tunisie\/?s={search_term_string}\"},\"query-input\":{\"@type\":\"PropertyValueSpecification\",\"valueRequired\":true,\"valueName\":\"search_term_string\"}}],\"inLanguage\":\"fr-FR\"},{\"@type\":\"Organization\",\"@id\":\"https:\/\/kapitalis.com\/tunisie\/#organization\",\"name\":\"Kapitalis\",\"url\":\"https:\/\/kapitalis.com\/tunisie\/\",\"logo\":{\"@type\":\"ImageObject\",\"inLanguage\":\"fr-FR\",\"@id\":\"https:\/\/kapitalis.com\/tunisie\/#\/schema\/logo\/image\/\",\"url\":\"https:\/\/kapitalis.com\/tunisie\/wp-content\/uploads\/2022\/05\/Kapitalis-big-size.png\",\"contentUrl\":\"https:\/\/kapitalis.com\/tunisie\/wp-content\/uploads\/2022\/05\/Kapitalis-big-size.png\",\"width\":5000,\"height\":1500,\"caption\":\"Kapitalis\"},\"image\":{\"@id\":\"https:\/\/kapitalis.com\/tunisie\/#\/schema\/logo\/image\/\"},\"sameAs\":[\"https:\/\/www.facebook.com\/KapitalisInfo\/\",\"https:\/\/x.com\/KapitalisInfo\",\"https:\/\/www.youtube.com\/channel\/UC-yDYrHyfFBWWZaOw3FPg9Q\"]},{\"@type\":\"Person\",\"@id\":\"https:\/\/kapitalis.com\/tunisie\/#\/schema\/person\/d71f33a9ca44f7bad4698210b480c8e9\",\"name\":\"webmaster kapitalis\",\"url\":\"https:\/\/kapitalis.com\/tunisie\/author\/webmaster-kapitalis\/\"}]}<\/script>\n<!-- \/ Yoast SEO plugin. -->","yoast_head_json":{"title":"Tunisie\u00a0: la nouvelle \u00abbombe\u00bb du pr\u00e9sident Ka\u00efs Sa\u00efed - Kapitalis","robots":{"index":"index","follow":"follow","max-snippet":"max-snippet:-1","max-image-preview":"max-image-preview:large","max-video-preview":"max-video-preview:-1"},"canonical":"https:\/\/kapitalis.com\/tunisie\/2023\/06\/02\/tunisie-la-nouvelle-bombe-du-president-kais-saied\/","og_locale":"fr_FR","og_type":"article","og_title":"Tunisie\u00a0: la nouvelle \u00abbombe\u00bb du pr\u00e9sident Ka\u00efs Sa\u00efed - Kapitalis","og_description":"Ka\u00efs Sa\u00efed pr\u00e9conise l\u2019imposition de taxes suppl\u00e9mentaires aux particuliers qui b\u00e9n\u00e9ficient injustement de subventions.","og_url":"https:\/\/kapitalis.com\/tunisie\/2023\/06\/02\/tunisie-la-nouvelle-bombe-du-president-kais-saied\/","og_site_name":"Kapitalis","article_publisher":"https:\/\/www.facebook.com\/KapitalisInfo\/","article_published_time":"2023-06-02T07:52:39+00:00","article_modified_time":"2023-06-02T08:03:01+00:00","og_image":[{"width":1200,"height":630,"url":"https:\/\/kapitalis.com\/tunisie\/wp-content\/uploads\/2023\/06\/Kais-Saied-Economistes.jpg","type":"image\/jpeg"}],"author":"webmaster kapitalis","twitter_card":"summary_large_image","twitter_creator":"@KapitalisInfo","twitter_site":"@KapitalisInfo","twitter_misc":{"\u00c9crit par":"webmaster kapitalis","Dur\u00e9e de lecture estim\u00e9e":"3 minutes"},"schema":{"@context":"https:\/\/schema.org","@graph":[{"@type":"Article","@id":"https:\/\/kapitalis.com\/tunisie\/2023\/06\/02\/tunisie-la-nouvelle-bombe-du-president-kais-saied\/#article","isPartOf":{"@id":"https:\/\/kapitalis.com\/tunisie\/2023\/06\/02\/tunisie-la-nouvelle-bombe-du-president-kais-saied\/"},"author":{"name":"webmaster kapitalis","@id":"https:\/\/kapitalis.com\/tunisie\/#\/schema\/person\/d71f33a9ca44f7bad4698210b480c8e9"},"headline":"Tunisie\u00a0: la nouvelle \u00abbombe\u00bb du pr\u00e9sident Ka\u00efs Sa\u00efed","datePublished":"2023-06-02T07:52:39+00:00","dateModified":"2023-06-02T08:03:01+00:00","mainEntityOfPage":{"@id":"https:\/\/kapitalis.com\/tunisie\/2023\/06\/02\/tunisie-la-nouvelle-bombe-du-president-kais-saied\/"},"wordCount":631,"commentCount":12,"publisher":{"@id":"https:\/\/kapitalis.com\/tunisie\/#organization"},"image":{"@id":"https:\/\/kapitalis.com\/tunisie\/2023\/06\/02\/tunisie-la-nouvelle-bombe-du-president-kais-saied\/#primaryimage"},"thumbnailUrl":"https:\/\/kapitalis.com\/tunisie\/wp-content\/uploads\/2023\/06\/Kais-Saied-Economistes.jpg","keywords":["FMI","Ka\u00efs Sa\u00efed","Nabil Ammar","Najla Bouden","Tunisie"],"articleSection":["A LA UNE","ECONOMIE","POLITIQUE","Tunisie"],"inLanguage":"fr-FR","potentialAction":[{"@type":"CommentAction","name":"Comment","target":["https:\/\/kapitalis.com\/tunisie\/2023\/06\/02\/tunisie-la-nouvelle-bombe-du-president-kais-saied\/#respond"]}]},{"@type":"WebPage","@id":"https:\/\/kapitalis.com\/tunisie\/2023\/06\/02\/tunisie-la-nouvelle-bombe-du-president-kais-saied\/","url":"https:\/\/kapitalis.com\/tunisie\/2023\/06\/02\/tunisie-la-nouvelle-bombe-du-president-kais-saied\/","name":"Tunisie\u00a0: la nouvelle \u00abbombe\u00bb du pr\u00e9sident Ka\u00efs Sa\u00efed - Kapitalis","isPartOf":{"@id":"https:\/\/kapitalis.com\/tunisie\/#website"},"primaryImageOfPage":{"@id":"https:\/\/kapitalis.com\/tunisie\/2023\/06\/02\/tunisie-la-nouvelle-bombe-du-president-kais-saied\/#primaryimage"},"image":{"@id":"https:\/\/kapitalis.com\/tunisie\/2023\/06\/02\/tunisie-la-nouvelle-bombe-du-president-kais-saied\/#primaryimage"},"thumbnailUrl":"https:\/\/kapitalis.com\/tunisie\/wp-content\/uploads\/2023\/06\/Kais-Saied-Economistes.jpg","datePublished":"2023-06-02T07:52:39+00:00","dateModified":"2023-06-02T08:03:01+00:00","breadcrumb":{"@id":"https:\/\/kapitalis.com\/tunisie\/2023\/06\/02\/tunisie-la-nouvelle-bombe-du-president-kais-saied\/#breadcrumb"},"inLanguage":"fr-FR","potentialAction":[{"@type":"ReadAction","target":["https:\/\/kapitalis.com\/tunisie\/2023\/06\/02\/tunisie-la-nouvelle-bombe-du-president-kais-saied\/"]}]},{"@type":"ImageObject","inLanguage":"fr-FR","@id":"https:\/\/kapitalis.com\/tunisie\/2023\/06\/02\/tunisie-la-nouvelle-bombe-du-president-kais-saied\/#primaryimage","url":"https:\/\/kapitalis.com\/tunisie\/wp-content\/uploads\/2023\/06\/Kais-Saied-Economistes.jpg","contentUrl":"https:\/\/kapitalis.com\/tunisie\/wp-content\/uploads\/2023\/06\/Kais-Saied-Economistes.jpg","width":1200,"height":630},{"@type":"BreadcrumbList","@id":"https:\/\/kapitalis.com\/tunisie\/2023\/06\/02\/tunisie-la-nouvelle-bombe-du-president-kais-saied\/#breadcrumb","itemListElement":[{"@type":"ListItem","position":1,"name":"Accueil","item":"https:\/\/kapitalis.com\/tunisie\/"},{"@type":"ListItem","position":2,"name":"Tunisie\u00a0: la nouvelle \u00abbombe\u00bb du pr\u00e9sident Ka\u00efs Sa\u00efed"}]},{"@type":"WebSite","@id":"https:\/\/kapitalis.com\/tunisie\/#website","url":"https:\/\/kapitalis.com\/tunisie\/","name":"Kapitalis","description":"L&#039;actualit\u00e9 en Tunisie et dans le monde","publisher":{"@id":"https:\/\/kapitalis.com\/tunisie\/#organization"},"potentialAction":[{"@type":"SearchAction","target":{"@type":"EntryPoint","urlTemplate":"https:\/\/kapitalis.com\/tunisie\/?s={search_term_string}"},"query-input":{"@type":"PropertyValueSpecification","valueRequired":true,"valueName":"search_term_string"}}],"inLanguage":"fr-FR"},{"@type":"Organization","@id":"https:\/\/kapitalis.com\/tunisie\/#organization","name":"Kapitalis","url":"https:\/\/kapitalis.com\/tunisie\/","logo":{"@type":"ImageObject","inLanguage":"fr-FR","@id":"https:\/\/kapitalis.com\/tunisie\/#\/schema\/logo\/image\/","url":"https:\/\/kapitalis.com\/tunisie\/wp-content\/uploads\/2022\/05\/Kapitalis-big-size.png","contentUrl":"https:\/\/kapitalis.com\/tunisie\/wp-content\/uploads\/2022\/05\/Kapitalis-big-size.png","width":5000,"height":1500,"caption":"Kapitalis"},"image":{"@id":"https:\/\/kapitalis.com\/tunisie\/#\/schema\/logo\/image\/"},"sameAs":["https:\/\/www.facebook.com\/KapitalisInfo\/","https:\/\/x.com\/KapitalisInfo","https:\/\/www.youtube.com\/channel\/UC-yDYrHyfFBWWZaOw3FPg9Q"]},{"@type":"Person","@id":"https:\/\/kapitalis.com\/tunisie\/#\/schema\/person\/d71f33a9ca44f7bad4698210b480c8e9","name":"webmaster kapitalis","url":"https:\/\/kapitalis.com\/tunisie\/author\/webmaster-kapitalis\/"}]}},"_links":{"self":[{"href":"https:\/\/kapitalis.com\/tunisie\/wp-json\/wp\/v2\/posts\/8184902","targetHints":{"allow":["GET"]}}],"collection":[{"href":"https:\/\/kapitalis.com\/tunisie\/wp-json\/wp\/v2\/posts"}],"about":[{"href":"https:\/\/kapitalis.com\/tunisie\/wp-json\/wp\/v2\/types\/post"}],"author":[{"embeddable":true,"href":"https:\/\/kapitalis.com\/tunisie\/wp-json\/wp\/v2\/users\/8"}],"replies":[{"embeddable":true,"href":"https:\/\/kapitalis.com\/tunisie\/wp-json\/wp\/v2\/comments?post=8184902"}],"version-history":[{"count":3,"href":"https:\/\/kapitalis.com\/tunisie\/wp-json\/wp\/v2\/posts\/8184902\/revisions"}],"predecessor-version":[{"id":8185510,"href":"https:\/\/kapitalis.com\/tunisie\/wp-json\/wp\/v2\/posts\/8184902\/revisions\/8185510"}],"wp:featuredmedia":[{"embeddable":true,"href":"https:\/\/kapitalis.com\/tunisie\/wp-json\/wp\/v2\/media\/8185159"}],"wp:attachment":[{"href":"https:\/\/kapitalis.com\/tunisie\/wp-json\/wp\/v2\/media?parent=8184902"}],"wp:term":[{"taxonomy":"category","embeddable":true,"href":"https:\/\/kapitalis.com\/tunisie\/wp-json\/wp\/v2\/categories?post=8184902"},{"taxonomy":"post_tag","embeddable":true,"href":"https:\/\/kapitalis.com\/tunisie\/wp-json\/wp\/v2\/tags?post=8184902"}],"curies":[{"name":"wp","href":"https:\/\/api.w.org\/{rel}","templated":true}]}}