{"id":8188528,"date":"2023-06-02T11:35:10","date_gmt":"2023-06-02T10:35:10","guid":{"rendered":"https:\/\/kapitalis.com\/tunisie\/?p=8188528"},"modified":"2023-06-02T11:35:11","modified_gmt":"2023-06-02T10:35:11","slug":"tunisie-seminaire-de-lancement-du-projet-swafy","status":"publish","type":"post","link":"https:\/\/kapitalis.com\/tunisie\/2023\/06\/02\/tunisie-seminaire-de-lancement-du-projet-swafy\/","title":{"rendered":"Tunisie\u00a0: s\u00e9minaire de lancement du projet Swafy"},"content":{"rendered":"\n<p><strong><em>Dans le cadre du projet Science With And For Youth (Swafy) financ\u00e9 par l\u2019Union europ\u00e9enne, l\u2019Agence nationale de la promotion de la recherche scientifique (ANPR) organise le s\u00e9minaire de lancement du projet et ce, ce vendredi 2 juin 2023 \u00e0 l\u2019h\u00f4tel Movempick Lac Tunis.<\/em><\/strong><\/p>\n\n\n\n<!--more-->\n\n\n\n<p>Le projet Swafy vise \u00e0 diss\u00e9miner la culture scientifique et son attractivit\u00e9 au sein de la jeunesse tunisienne, \u00e0 travers le renforcement et la valorisation du potentiel de la jeunesse dans les sciences, l\u2019appui aux acteurs et au tissu associatif travaillant dans ce domaine, la professionnalisation de la cr\u00e9ativit\u00e9 chez les jeunes, l\u2019acc\u00e8s \u00e9quitable \u00e0 la science dans toutes les gouvernorats, la cr\u00e9ation de startups dans ce domaine et le renforcement du r\u00f4le de la jeunesse dans l\u2019\u00e9tablissement d\u2019une politique sectorielle en la mati\u00e8re.<\/p>\n\n\n\n<p>\u00abNous nous f\u00e9licitons du d\u00e9marrage du projet Swafy, 4<sup>e<\/sup> projet \u00e0 d\u00e9marrer sous le chapeau du Programme EU4Youth. Un projet qui t\u00e9moigne de l\u2019engagement de l\u2019Union europ\u00e9enne \u00e0 aider la Tunisie pour faire face aux d\u00e9fis sociaux et \u00e9conomiques, \u00e0 travers la jeunesse tunisienne et son fort potentiel dans l\u2019essor du pays\u00bb, d\u00e9clare Marcus Cornaro, ambassadeur de l\u2019Union europ\u00e9enne en Tunisie.<\/p>\n\n\n\n<p>L\u2019\u00e9v\u00e9nement, marqu\u00e9 par la pr\u00e9sence du ministre de l\u2019Enseignement sup\u00e9rieur et de la Recherche scientifique, Moncef Boukthir, l\u2019ambassadeur de l\u2019Union europ\u00e9enne en Tunisie, Samia Charfi, conseill\u00e8re aupr\u00e8s de la cheffe du gouvernement et le ministre de l\u2019Economie et de la Planification, Samir Saied, est une occasion pour pr\u00e9senter le projet Swafy, ses objectifs, ses activit\u00e9s et les r\u00e9sultats attendus, mettre en exergue l\u2019\u00e9tat des lieux des activit\u00e9s de cr\u00e9ativit\u00e9 en termes \u00e9ducatif, institutionnel, r\u00e9glementaire, \u00e9conomique, \u00e9couter des t\u00e9moignages de quelques acteurs cl\u00e9s sur leurs exp\u00e9riences avec et dans les espaces de cr\u00e9ativit\u00e9, et pr\u00e9senter l\u2019appel \u00e0 propositions au profit de la soci\u00e9t\u00e9 civile : crit\u00e8res d\u2019\u00e9ligibilit\u00e9, crit\u00e8res d\u2019\u00e9valuation, type d\u2019action \u00e0 proposer, type de d\u00e9pense \u00e9ligible et non \u00e9ligible&#8230;<\/p>\n\n\n\n<p>Pour plus d\u2019informations sur le projet Swafy sur les sites web de l\u2019<a href=\"http:\/\/www.anpr.tn\/\" target=\"_blank\" rel=\"noreferrer noopener\">ANPR<\/a> et les pages Facebook <a href=\"https:\/\/www.facebook.com\/anprtunisie\" target=\"_blank\" rel=\"noreferrer noopener\">ANPR<\/a> et <a href=\"https:\/\/www.facebook.com\/swafyproject\/\" target=\"_blank\" rel=\"noreferrer noopener\">Projet Swafy<\/a>.<\/p>\n\n\n\n<p><strong><em>Communiqu\u00e9. <\/em><\/strong><\/p>\n","protected":false},"excerpt":{"rendered":"<p>Lancement \u00e0, Tunis du projet Science With And For Youth (Swafy). <\/p>\n","protected":false},"author":8,"featured_media":8188655,"comment_status":"open","ping_status":"open","sticky":false,"template":"","format":"standard","meta":{"footnotes":""},"categories":[994,2433],"tags":[109088,109090,85215,94475,91122,2053,109089,10055,109087,62643,937],"class_list":["post-8188528","post","type-post","status-publish","format-standard","has-post-thumbnail","hentry","category-culture","category-tunisie","tag-anpr","tag-culture-scientifique","tag-marcus-cornaro","tag-moncef-boukthir","tag-programme-eu4youth","tag-recherche-scientifique","tag-samia-charfi","tag-samir-saied","tag-swafy","tag-tunisie","tag-union-europeenne"],"yoast_head":"<!-- This site is optimized with the Yoast SEO plugin v26.6 - https:\/\/yoast.com\/wordpress\/plugins\/seo\/ -->\n<title>Tunisie\u00a0: s\u00e9minaire de lancement du projet Swafy - Kapitalis<\/title>\n<meta name=\"robots\" content=\"index, follow, max-snippet:-1, max-image-preview:large, max-video-preview:-1\" \/>\n<link rel=\"canonical\" href=\"https:\/\/kapitalis.com\/tunisie\/2023\/06\/02\/tunisie-seminaire-de-lancement-du-projet-swafy\/\" \/>\n<meta property=\"og:locale\" content=\"fr_FR\" \/>\n<meta property=\"og:type\" content=\"article\" \/>\n<meta property=\"og:title\" content=\"Tunisie\u00a0: s\u00e9minaire de lancement du projet Swafy - Kapitalis\" \/>\n<meta property=\"og:description\" content=\"Lancement \u00e0, Tunis du projet Science With And For Youth (Swafy).\" \/>\n<meta property=\"og:url\" content=\"https:\/\/kapitalis.com\/tunisie\/2023\/06\/02\/tunisie-seminaire-de-lancement-du-projet-swafy\/\" \/>\n<meta property=\"og:site_name\" content=\"Kapitalis\" \/>\n<meta property=\"article:publisher\" content=\"https:\/\/www.facebook.com\/KapitalisInfo\/\" \/>\n<meta property=\"article:published_time\" content=\"2023-06-02T10:35:10+00:00\" \/>\n<meta property=\"article:modified_time\" content=\"2023-06-02T10:35:11+00:00\" \/>\n<meta property=\"og:image\" content=\"https:\/\/kapitalis.com\/tunisie\/wp-content\/uploads\/2023\/06\/Projet-Swafy.jpg\" \/>\n\t<meta property=\"og:image:width\" content=\"1200\" \/>\n\t<meta property=\"og:image:height\" content=\"630\" \/>\n\t<meta property=\"og:image:type\" content=\"image\/jpeg\" \/>\n<meta name=\"author\" content=\"webmaster kapitalis\" \/>\n<meta name=\"twitter:card\" content=\"summary_large_image\" \/>\n<meta name=\"twitter:creator\" content=\"@KapitalisInfo\" \/>\n<meta name=\"twitter:site\" content=\"@KapitalisInfo\" \/>\n<meta name=\"twitter:label1\" content=\"\u00c9crit par\" \/>\n\t<meta name=\"twitter:data1\" content=\"webmaster kapitalis\" \/>\n\t<meta name=\"twitter:label2\" content=\"Dur\u00e9e de lecture estim\u00e9e\" \/>\n\t<meta name=\"twitter:data2\" content=\"2 minutes\" \/>\n<script type=\"application\/ld+json\" class=\"yoast-schema-graph\">{\"@context\":\"https:\/\/schema.org\",\"@graph\":[{\"@type\":\"Article\",\"@id\":\"https:\/\/kapitalis.com\/tunisie\/2023\/06\/02\/tunisie-seminaire-de-lancement-du-projet-swafy\/#article\",\"isPartOf\":{\"@id\":\"https:\/\/kapitalis.com\/tunisie\/2023\/06\/02\/tunisie-seminaire-de-lancement-du-projet-swafy\/\"},\"author\":{\"name\":\"webmaster kapitalis\",\"@id\":\"https:\/\/kapitalis.com\/tunisie\/#\/schema\/person\/d71f33a9ca44f7bad4698210b480c8e9\"},\"headline\":\"Tunisie\u00a0: s\u00e9minaire de lancement du projet Swafy\",\"datePublished\":\"2023-06-02T10:35:10+00:00\",\"dateModified\":\"2023-06-02T10:35:11+00:00\",\"mainEntityOfPage\":{\"@id\":\"https:\/\/kapitalis.com\/tunisie\/2023\/06\/02\/tunisie-seminaire-de-lancement-du-projet-swafy\/\"},\"wordCount\":388,\"commentCount\":0,\"publisher\":{\"@id\":\"https:\/\/kapitalis.com\/tunisie\/#organization\"},\"image\":{\"@id\":\"https:\/\/kapitalis.com\/tunisie\/2023\/06\/02\/tunisie-seminaire-de-lancement-du-projet-swafy\/#primaryimage\"},\"thumbnailUrl\":\"https:\/\/kapitalis.com\/tunisie\/wp-content\/uploads\/2023\/06\/Projet-Swafy.jpg\",\"keywords\":[\"ANPR\",\"culture scientifique\",\"Marcus Cornaro\",\"Moncef Boukthir\",\"Programme EU4Youth\",\"recherche scientifique\",\"Samia Charfi\",\"Samir Saied\",\"Swafy\",\"Tunisie\",\"Union europ\u00e9enne\"],\"articleSection\":[\"CULTURE\",\"Tunisie\"],\"inLanguage\":\"fr-FR\",\"potentialAction\":[{\"@type\":\"CommentAction\",\"name\":\"Comment\",\"target\":[\"https:\/\/kapitalis.com\/tunisie\/2023\/06\/02\/tunisie-seminaire-de-lancement-du-projet-swafy\/#respond\"]}]},{\"@type\":\"WebPage\",\"@id\":\"https:\/\/kapitalis.com\/tunisie\/2023\/06\/02\/tunisie-seminaire-de-lancement-du-projet-swafy\/\",\"url\":\"https:\/\/kapitalis.com\/tunisie\/2023\/06\/02\/tunisie-seminaire-de-lancement-du-projet-swafy\/\",\"name\":\"Tunisie\u00a0: s\u00e9minaire de lancement du projet Swafy - Kapitalis\",\"isPartOf\":{\"@id\":\"https:\/\/kapitalis.com\/tunisie\/#website\"},\"primaryImageOfPage\":{\"@id\":\"https:\/\/kapitalis.com\/tunisie\/2023\/06\/02\/tunisie-seminaire-de-lancement-du-projet-swafy\/#primaryimage\"},\"image\":{\"@id\":\"https:\/\/kapitalis.com\/tunisie\/2023\/06\/02\/tunisie-seminaire-de-lancement-du-projet-swafy\/#primaryimage\"},\"thumbnailUrl\":\"https:\/\/kapitalis.com\/tunisie\/wp-content\/uploads\/2023\/06\/Projet-Swafy.jpg\",\"datePublished\":\"2023-06-02T10:35:10+00:00\",\"dateModified\":\"2023-06-02T10:35:11+00:00\",\"breadcrumb\":{\"@id\":\"https:\/\/kapitalis.com\/tunisie\/2023\/06\/02\/tunisie-seminaire-de-lancement-du-projet-swafy\/#breadcrumb\"},\"inLanguage\":\"fr-FR\",\"potentialAction\":[{\"@type\":\"ReadAction\",\"target\":[\"https:\/\/kapitalis.com\/tunisie\/2023\/06\/02\/tunisie-seminaire-de-lancement-du-projet-swafy\/\"]}]},{\"@type\":\"ImageObject\",\"inLanguage\":\"fr-FR\",\"@id\":\"https:\/\/kapitalis.com\/tunisie\/2023\/06\/02\/tunisie-seminaire-de-lancement-du-projet-swafy\/#primaryimage\",\"url\":\"https:\/\/kapitalis.com\/tunisie\/wp-content\/uploads\/2023\/06\/Projet-Swafy.jpg\",\"contentUrl\":\"https:\/\/kapitalis.com\/tunisie\/wp-content\/uploads\/2023\/06\/Projet-Swafy.jpg\",\"width\":1200,\"height\":630},{\"@type\":\"BreadcrumbList\",\"@id\":\"https:\/\/kapitalis.com\/tunisie\/2023\/06\/02\/tunisie-seminaire-de-lancement-du-projet-swafy\/#breadcrumb\",\"itemListElement\":[{\"@type\":\"ListItem\",\"position\":1,\"name\":\"Accueil\",\"item\":\"https:\/\/kapitalis.com\/tunisie\/\"},{\"@type\":\"ListItem\",\"position\":2,\"name\":\"Tunisie\u00a0: s\u00e9minaire de lancement du projet Swafy\"}]},{\"@type\":\"WebSite\",\"@id\":\"https:\/\/kapitalis.com\/tunisie\/#website\",\"url\":\"https:\/\/kapitalis.com\/tunisie\/\",\"name\":\"Kapitalis\",\"description\":\"L&#039;actualit\u00e9 en Tunisie et dans le monde\",\"publisher\":{\"@id\":\"https:\/\/kapitalis.com\/tunisie\/#organization\"},\"potentialAction\":[{\"@type\":\"SearchAction\",\"target\":{\"@type\":\"EntryPoint\",\"urlTemplate\":\"https:\/\/kapitalis.com\/tunisie\/?s={search_term_string}\"},\"query-input\":{\"@type\":\"PropertyValueSpecification\",\"valueRequired\":true,\"valueName\":\"search_term_string\"}}],\"inLanguage\":\"fr-FR\"},{\"@type\":\"Organization\",\"@id\":\"https:\/\/kapitalis.com\/tunisie\/#organization\",\"name\":\"Kapitalis\",\"url\":\"https:\/\/kapitalis.com\/tunisie\/\",\"logo\":{\"@type\":\"ImageObject\",\"inLanguage\":\"fr-FR\",\"@id\":\"https:\/\/kapitalis.com\/tunisie\/#\/schema\/logo\/image\/\",\"url\":\"https:\/\/kapitalis.com\/tunisie\/wp-content\/uploads\/2022\/05\/Kapitalis-big-size.png\",\"contentUrl\":\"https:\/\/kapitalis.com\/tunisie\/wp-content\/uploads\/2022\/05\/Kapitalis-big-size.png\",\"width\":5000,\"height\":1500,\"caption\":\"Kapitalis\"},\"image\":{\"@id\":\"https:\/\/kapitalis.com\/tunisie\/#\/schema\/logo\/image\/\"},\"sameAs\":[\"https:\/\/www.facebook.com\/KapitalisInfo\/\",\"https:\/\/x.com\/KapitalisInfo\",\"https:\/\/www.youtube.com\/channel\/UC-yDYrHyfFBWWZaOw3FPg9Q\"]},{\"@type\":\"Person\",\"@id\":\"https:\/\/kapitalis.com\/tunisie\/#\/schema\/person\/d71f33a9ca44f7bad4698210b480c8e9\",\"name\":\"webmaster kapitalis\",\"url\":\"https:\/\/kapitalis.com\/tunisie\/author\/webmaster-kapitalis\/\"}]}<\/script>\n<!-- \/ Yoast SEO plugin. -->","yoast_head_json":{"title":"Tunisie\u00a0: s\u00e9minaire de lancement du projet Swafy - Kapitalis","robots":{"index":"index","follow":"follow","max-snippet":"max-snippet:-1","max-image-preview":"max-image-preview:large","max-video-preview":"max-video-preview:-1"},"canonical":"https:\/\/kapitalis.com\/tunisie\/2023\/06\/02\/tunisie-seminaire-de-lancement-du-projet-swafy\/","og_locale":"fr_FR","og_type":"article","og_title":"Tunisie\u00a0: s\u00e9minaire de lancement du projet Swafy - Kapitalis","og_description":"Lancement \u00e0, Tunis du projet Science With And For Youth (Swafy).","og_url":"https:\/\/kapitalis.com\/tunisie\/2023\/06\/02\/tunisie-seminaire-de-lancement-du-projet-swafy\/","og_site_name":"Kapitalis","article_publisher":"https:\/\/www.facebook.com\/KapitalisInfo\/","article_published_time":"2023-06-02T10:35:10+00:00","article_modified_time":"2023-06-02T10:35:11+00:00","og_image":[{"width":1200,"height":630,"url":"https:\/\/kapitalis.com\/tunisie\/wp-content\/uploads\/2023\/06\/Projet-Swafy.jpg","type":"image\/jpeg"}],"author":"webmaster kapitalis","twitter_card":"summary_large_image","twitter_creator":"@KapitalisInfo","twitter_site":"@KapitalisInfo","twitter_misc":{"\u00c9crit par":"webmaster kapitalis","Dur\u00e9e de lecture estim\u00e9e":"2 minutes"},"schema":{"@context":"https:\/\/schema.org","@graph":[{"@type":"Article","@id":"https:\/\/kapitalis.com\/tunisie\/2023\/06\/02\/tunisie-seminaire-de-lancement-du-projet-swafy\/#article","isPartOf":{"@id":"https:\/\/kapitalis.com\/tunisie\/2023\/06\/02\/tunisie-seminaire-de-lancement-du-projet-swafy\/"},"author":{"name":"webmaster kapitalis","@id":"https:\/\/kapitalis.com\/tunisie\/#\/schema\/person\/d71f33a9ca44f7bad4698210b480c8e9"},"headline":"Tunisie\u00a0: s\u00e9minaire de lancement du projet Swafy","datePublished":"2023-06-02T10:35:10+00:00","dateModified":"2023-06-02T10:35:11+00:00","mainEntityOfPage":{"@id":"https:\/\/kapitalis.com\/tunisie\/2023\/06\/02\/tunisie-seminaire-de-lancement-du-projet-swafy\/"},"wordCount":388,"commentCount":0,"publisher":{"@id":"https:\/\/kapitalis.com\/tunisie\/#organization"},"image":{"@id":"https:\/\/kapitalis.com\/tunisie\/2023\/06\/02\/tunisie-seminaire-de-lancement-du-projet-swafy\/#primaryimage"},"thumbnailUrl":"https:\/\/kapitalis.com\/tunisie\/wp-content\/uploads\/2023\/06\/Projet-Swafy.jpg","keywords":["ANPR","culture scientifique","Marcus Cornaro","Moncef Boukthir","Programme EU4Youth","recherche scientifique","Samia Charfi","Samir Saied","Swafy","Tunisie","Union europ\u00e9enne"],"articleSection":["CULTURE","Tunisie"],"inLanguage":"fr-FR","potentialAction":[{"@type":"CommentAction","name":"Comment","target":["https:\/\/kapitalis.com\/tunisie\/2023\/06\/02\/tunisie-seminaire-de-lancement-du-projet-swafy\/#respond"]}]},{"@type":"WebPage","@id":"https:\/\/kapitalis.com\/tunisie\/2023\/06\/02\/tunisie-seminaire-de-lancement-du-projet-swafy\/","url":"https:\/\/kapitalis.com\/tunisie\/2023\/06\/02\/tunisie-seminaire-de-lancement-du-projet-swafy\/","name":"Tunisie\u00a0: s\u00e9minaire de lancement du projet Swafy - Kapitalis","isPartOf":{"@id":"https:\/\/kapitalis.com\/tunisie\/#website"},"primaryImageOfPage":{"@id":"https:\/\/kapitalis.com\/tunisie\/2023\/06\/02\/tunisie-seminaire-de-lancement-du-projet-swafy\/#primaryimage"},"image":{"@id":"https:\/\/kapitalis.com\/tunisie\/2023\/06\/02\/tunisie-seminaire-de-lancement-du-projet-swafy\/#primaryimage"},"thumbnailUrl":"https:\/\/kapitalis.com\/tunisie\/wp-content\/uploads\/2023\/06\/Projet-Swafy.jpg","datePublished":"2023-06-02T10:35:10+00:00","dateModified":"2023-06-02T10:35:11+00:00","breadcrumb":{"@id":"https:\/\/kapitalis.com\/tunisie\/2023\/06\/02\/tunisie-seminaire-de-lancement-du-projet-swafy\/#breadcrumb"},"inLanguage":"fr-FR","potentialAction":[{"@type":"ReadAction","target":["https:\/\/kapitalis.com\/tunisie\/2023\/06\/02\/tunisie-seminaire-de-lancement-du-projet-swafy\/"]}]},{"@type":"ImageObject","inLanguage":"fr-FR","@id":"https:\/\/kapitalis.com\/tunisie\/2023\/06\/02\/tunisie-seminaire-de-lancement-du-projet-swafy\/#primaryimage","url":"https:\/\/kapitalis.com\/tunisie\/wp-content\/uploads\/2023\/06\/Projet-Swafy.jpg","contentUrl":"https:\/\/kapitalis.com\/tunisie\/wp-content\/uploads\/2023\/06\/Projet-Swafy.jpg","width":1200,"height":630},{"@type":"BreadcrumbList","@id":"https:\/\/kapitalis.com\/tunisie\/2023\/06\/02\/tunisie-seminaire-de-lancement-du-projet-swafy\/#breadcrumb","itemListElement":[{"@type":"ListItem","position":1,"name":"Accueil","item":"https:\/\/kapitalis.com\/tunisie\/"},{"@type":"ListItem","position":2,"name":"Tunisie\u00a0: s\u00e9minaire de lancement du projet Swafy"}]},{"@type":"WebSite","@id":"https:\/\/kapitalis.com\/tunisie\/#website","url":"https:\/\/kapitalis.com\/tunisie\/","name":"Kapitalis","description":"L&#039;actualit\u00e9 en Tunisie et dans le monde","publisher":{"@id":"https:\/\/kapitalis.com\/tunisie\/#organization"},"potentialAction":[{"@type":"SearchAction","target":{"@type":"EntryPoint","urlTemplate":"https:\/\/kapitalis.com\/tunisie\/?s={search_term_string}"},"query-input":{"@type":"PropertyValueSpecification","valueRequired":true,"valueName":"search_term_string"}}],"inLanguage":"fr-FR"},{"@type":"Organization","@id":"https:\/\/kapitalis.com\/tunisie\/#organization","name":"Kapitalis","url":"https:\/\/kapitalis.com\/tunisie\/","logo":{"@type":"ImageObject","inLanguage":"fr-FR","@id":"https:\/\/kapitalis.com\/tunisie\/#\/schema\/logo\/image\/","url":"https:\/\/kapitalis.com\/tunisie\/wp-content\/uploads\/2022\/05\/Kapitalis-big-size.png","contentUrl":"https:\/\/kapitalis.com\/tunisie\/wp-content\/uploads\/2022\/05\/Kapitalis-big-size.png","width":5000,"height":1500,"caption":"Kapitalis"},"image":{"@id":"https:\/\/kapitalis.com\/tunisie\/#\/schema\/logo\/image\/"},"sameAs":["https:\/\/www.facebook.com\/KapitalisInfo\/","https:\/\/x.com\/KapitalisInfo","https:\/\/www.youtube.com\/channel\/UC-yDYrHyfFBWWZaOw3FPg9Q"]},{"@type":"Person","@id":"https:\/\/kapitalis.com\/tunisie\/#\/schema\/person\/d71f33a9ca44f7bad4698210b480c8e9","name":"webmaster kapitalis","url":"https:\/\/kapitalis.com\/tunisie\/author\/webmaster-kapitalis\/"}]}},"_links":{"self":[{"href":"https:\/\/kapitalis.com\/tunisie\/wp-json\/wp\/v2\/posts\/8188528","targetHints":{"allow":["GET"]}}],"collection":[{"href":"https:\/\/kapitalis.com\/tunisie\/wp-json\/wp\/v2\/posts"}],"about":[{"href":"https:\/\/kapitalis.com\/tunisie\/wp-json\/wp\/v2\/types\/post"}],"author":[{"embeddable":true,"href":"https:\/\/kapitalis.com\/tunisie\/wp-json\/wp\/v2\/users\/8"}],"replies":[{"embeddable":true,"href":"https:\/\/kapitalis.com\/tunisie\/wp-json\/wp\/v2\/comments?post=8188528"}],"version-history":[{"count":1,"href":"https:\/\/kapitalis.com\/tunisie\/wp-json\/wp\/v2\/posts\/8188528\/revisions"}],"predecessor-version":[{"id":8188668,"href":"https:\/\/kapitalis.com\/tunisie\/wp-json\/wp\/v2\/posts\/8188528\/revisions\/8188668"}],"wp:featuredmedia":[{"embeddable":true,"href":"https:\/\/kapitalis.com\/tunisie\/wp-json\/wp\/v2\/media\/8188655"}],"wp:attachment":[{"href":"https:\/\/kapitalis.com\/tunisie\/wp-json\/wp\/v2\/media?parent=8188528"}],"wp:term":[{"taxonomy":"category","embeddable":true,"href":"https:\/\/kapitalis.com\/tunisie\/wp-json\/wp\/v2\/categories?post=8188528"},{"taxonomy":"post_tag","embeddable":true,"href":"https:\/\/kapitalis.com\/tunisie\/wp-json\/wp\/v2\/tags?post=8188528"}],"curies":[{"name":"wp","href":"https:\/\/api.w.org\/{rel}","templated":true}]}}