{"id":8201,"date":"2015-07-29T08:54:02","date_gmt":"2015-07-29T07:54:02","guid":{"rendered":"http:\/\/kapitalis.com\/tunisie\/?p=8201"},"modified":"2015-07-29T08:54:02","modified_gmt":"2015-07-29T07:54:02","slug":"assurance-vie-chiffre-daffaires-en-baisse-de-2-1er-trimestre-2015","status":"publish","type":"post","link":"https:\/\/kapitalis.com\/tunisie\/2015\/07\/29\/assurance-vie-chiffre-daffaires-en-baisse-de-2-1er-trimestre-2015\/","title":{"rendered":"Assurance-vie : Chiffre d\u2019affaires en baisse de 2% (1er trimestre 2015)"},"content":{"rendered":"<p><img loading=\"lazy\" decoding=\"async\" class=\"aligncenter size-full wp-image-8202\" src=\"http:\/\/kapitalis.com\/tunisie\/wp-content\/uploads\/2015\/07\/Assurance-vie.jpg\" alt=\"Assurance-vie\" width=\"626\" height=\"380\" \/><\/p>\n<p><em><strong>Le rythme de croissance du chiffre d&rsquo;affaires de l&rsquo;assurance-vie a baiss\u00e9 de 2%, au 1er trimestre 2015, contre une hausse de 26,7% \u00e0 la m\u00eame p\u00e9riode de 2014.<\/strong><\/em><\/p>\n<p><!--more--><\/p>\n<p>Selon les donn\u00e9es du Comit\u00e9 g\u00e9n\u00e9ral des assurances (CGA), la part du segment assurance-vie a baiss\u00e9 pour atteindre 10,6% du total des activit\u00e9s du secteur, contre 11,1%, au 1er trimestre de 2014.<\/p>\n<p>Le nombre de contrats d&rsquo;assurance-vie a atteint 101.280, contre 120.630 au cours de la m\u00eame p\u00e9riode de l&rsquo;ann\u00e9e \u00e9coul\u00e9e, soit une baisse de 16%.<\/p>\n<p>En revanche, la part de l&rsquo;assurance (hors assurance vie) a progress\u00e9 de 89,4%.<\/p>\n<p>L&rsquo;assurance-automobile accapare la part du lion (45,6%) suivie par l&rsquo;assurance-risques (24,4%) et l&rsquo;assurance-incendies (14,3%).<\/p>\n<p>Les d\u00e9dommagements rembours\u00e9s, au 1er trimestre 2015, par les soci\u00e9t\u00e9s d&rsquo;assurances ont progress\u00e9 pour s&rsquo;\u00e9tablir \u00e0 188,8 millions de dinars (MD), contre 160,8 MD.<\/p>\n<p>Cette augmentation a concern\u00e9 l&rsquo;assurance-vie (36,3%), l&rsquo;assurance-automobile (25,2%), l&rsquo;assurance-risques (13,8%), tandis que les d\u00e9dommagements des autres types d&rsquo;assurances ont enregistr\u00e9 une baisse, comme l&rsquo;assurance-incendie (32,4%).<\/p>\n<p>Les d\u00e9dommagements concernent l&rsquo;assurance-automobile (58,6%), les risques divers (28%), l&rsquo;assurance-incendie (3,5%) et l&rsquo;assurance-vie (7,9%).<\/p>\n<p>Le nombre total des contrats souscris a baiss\u00e9 de 2,5%, au 1er trimestre 2015, pour s&rsquo;\u00e9tablir \u00e0 594.010, dont 450.791 dans la branche automobile.<\/p>\n<p style=\"text-align: right;\"><strong>I. B.<\/strong> (avec Tap).<\/p>\n","protected":false},"excerpt":{"rendered":"<p>Le rythme de croissance du chiffre d&rsquo;affaires de l&rsquo;assurance-vie a baiss\u00e9 de 2%, au 1er trimestre 2015, contre une hausse de 26,7% \u00e0 la m\u00eame p\u00e9riode de 2014.<\/p>\n","protected":false},"author":5,"featured_media":8202,"comment_status":"open","ping_status":"open","sticky":false,"template":"","format":"standard","meta":{"footnotes":""},"categories":[995,2433],"tags":[3856,3857,301],"class_list":["post-8201","post","type-post","status-publish","format-standard","has-post-thumbnail","hentry","category-economie","category-tunisie","tag-assurance-vie","tag-chiffre-daffaires","tag-economie"],"yoast_head":"<!-- This site is optimized with the Yoast SEO plugin v26.6 - https:\/\/yoast.com\/wordpress\/plugins\/seo\/ -->\n<title>Assurance-vie : Chiffre d\u2019affaires en baisse de 2% (1er trimestre 2015) - Kapitalis<\/title>\n<meta name=\"robots\" content=\"index, follow, max-snippet:-1, max-image-preview:large, max-video-preview:-1\" \/>\n<link rel=\"canonical\" href=\"https:\/\/kapitalis.com\/tunisie\/2015\/07\/29\/assurance-vie-chiffre-daffaires-en-baisse-de-2-1er-trimestre-2015\/\" \/>\n<meta property=\"og:locale\" content=\"fr_FR\" \/>\n<meta property=\"og:type\" content=\"article\" \/>\n<meta property=\"og:title\" content=\"Assurance-vie : Chiffre d\u2019affaires en baisse de 2% (1er trimestre 2015) - Kapitalis\" \/>\n<meta property=\"og:description\" content=\"Le rythme de croissance du chiffre d&rsquo;affaires de l&rsquo;assurance-vie a baiss\u00e9 de 2%, au 1er trimestre 2015, contre une hausse de 26,7% \u00e0 la m\u00eame p\u00e9riode de 2014.\" \/>\n<meta property=\"og:url\" content=\"https:\/\/kapitalis.com\/tunisie\/2015\/07\/29\/assurance-vie-chiffre-daffaires-en-baisse-de-2-1er-trimestre-2015\/\" \/>\n<meta property=\"og:site_name\" content=\"Kapitalis\" \/>\n<meta property=\"article:publisher\" content=\"https:\/\/www.facebook.com\/KapitalisInfo\/\" \/>\n<meta property=\"article:published_time\" content=\"2015-07-29T07:54:02+00:00\" \/>\n<meta property=\"og:image\" content=\"https:\/\/kapitalis.com\/tunisie\/wp-content\/uploads\/2022\/05\/kapitalis-logo-fb.png\" \/>\n\t<meta property=\"og:image:width\" content=\"1200\" \/>\n\t<meta property=\"og:image:height\" content=\"630\" \/>\n\t<meta property=\"og:image:type\" content=\"image\/png\" \/>\n<meta name=\"author\" content=\"Ridha Elkefi\" \/>\n<meta name=\"twitter:card\" content=\"summary_large_image\" \/>\n<meta name=\"twitter:creator\" content=\"@KapitalisInfo\" \/>\n<meta name=\"twitter:site\" content=\"@KapitalisInfo\" \/>\n<meta name=\"twitter:label1\" content=\"\u00c9crit par\" \/>\n\t<meta name=\"twitter:data1\" content=\"Ridha Elkefi\" \/>\n\t<meta name=\"twitter:label2\" content=\"Dur\u00e9e de lecture estim\u00e9e\" \/>\n\t<meta name=\"twitter:data2\" content=\"1 minute\" \/>\n<script type=\"application\/ld+json\" class=\"yoast-schema-graph\">{\"@context\":\"https:\/\/schema.org\",\"@graph\":[{\"@type\":\"Article\",\"@id\":\"https:\/\/kapitalis.com\/tunisie\/2015\/07\/29\/assurance-vie-chiffre-daffaires-en-baisse-de-2-1er-trimestre-2015\/#article\",\"isPartOf\":{\"@id\":\"https:\/\/kapitalis.com\/tunisie\/2015\/07\/29\/assurance-vie-chiffre-daffaires-en-baisse-de-2-1er-trimestre-2015\/\"},\"author\":{\"name\":\"Ridha Elkefi\",\"@id\":\"https:\/\/kapitalis.com\/tunisie\/#\/schema\/person\/16627fc9b2fc0116230e88af071eebab\"},\"headline\":\"Assurance-vie : Chiffre d\u2019affaires en baisse de 2% (1er trimestre 2015)\",\"datePublished\":\"2015-07-29T07:54:02+00:00\",\"mainEntityOfPage\":{\"@id\":\"https:\/\/kapitalis.com\/tunisie\/2015\/07\/29\/assurance-vie-chiffre-daffaires-en-baisse-de-2-1er-trimestre-2015\/\"},\"wordCount\":197,\"commentCount\":0,\"publisher\":{\"@id\":\"https:\/\/kapitalis.com\/tunisie\/#organization\"},\"image\":{\"@id\":\"https:\/\/kapitalis.com\/tunisie\/2015\/07\/29\/assurance-vie-chiffre-daffaires-en-baisse-de-2-1er-trimestre-2015\/#primaryimage\"},\"thumbnailUrl\":\"\",\"keywords\":[\"assurance-vie\",\"chiffre d'affaires\",\"\u00e9conomie\"],\"articleSection\":[\"ECONOMIE\",\"Tunisie\"],\"inLanguage\":\"fr-FR\",\"potentialAction\":[{\"@type\":\"CommentAction\",\"name\":\"Comment\",\"target\":[\"https:\/\/kapitalis.com\/tunisie\/2015\/07\/29\/assurance-vie-chiffre-daffaires-en-baisse-de-2-1er-trimestre-2015\/#respond\"]}]},{\"@type\":\"WebPage\",\"@id\":\"https:\/\/kapitalis.com\/tunisie\/2015\/07\/29\/assurance-vie-chiffre-daffaires-en-baisse-de-2-1er-trimestre-2015\/\",\"url\":\"https:\/\/kapitalis.com\/tunisie\/2015\/07\/29\/assurance-vie-chiffre-daffaires-en-baisse-de-2-1er-trimestre-2015\/\",\"name\":\"Assurance-vie : Chiffre d\u2019affaires en baisse de 2% (1er trimestre 2015) - Kapitalis\",\"isPartOf\":{\"@id\":\"https:\/\/kapitalis.com\/tunisie\/#website\"},\"primaryImageOfPage\":{\"@id\":\"https:\/\/kapitalis.com\/tunisie\/2015\/07\/29\/assurance-vie-chiffre-daffaires-en-baisse-de-2-1er-trimestre-2015\/#primaryimage\"},\"image\":{\"@id\":\"https:\/\/kapitalis.com\/tunisie\/2015\/07\/29\/assurance-vie-chiffre-daffaires-en-baisse-de-2-1er-trimestre-2015\/#primaryimage\"},\"thumbnailUrl\":\"\",\"datePublished\":\"2015-07-29T07:54:02+00:00\",\"breadcrumb\":{\"@id\":\"https:\/\/kapitalis.com\/tunisie\/2015\/07\/29\/assurance-vie-chiffre-daffaires-en-baisse-de-2-1er-trimestre-2015\/#breadcrumb\"},\"inLanguage\":\"fr-FR\",\"potentialAction\":[{\"@type\":\"ReadAction\",\"target\":[\"https:\/\/kapitalis.com\/tunisie\/2015\/07\/29\/assurance-vie-chiffre-daffaires-en-baisse-de-2-1er-trimestre-2015\/\"]}]},{\"@type\":\"ImageObject\",\"inLanguage\":\"fr-FR\",\"@id\":\"https:\/\/kapitalis.com\/tunisie\/2015\/07\/29\/assurance-vie-chiffre-daffaires-en-baisse-de-2-1er-trimestre-2015\/#primaryimage\",\"url\":\"\",\"contentUrl\":\"\"},{\"@type\":\"BreadcrumbList\",\"@id\":\"https:\/\/kapitalis.com\/tunisie\/2015\/07\/29\/assurance-vie-chiffre-daffaires-en-baisse-de-2-1er-trimestre-2015\/#breadcrumb\",\"itemListElement\":[{\"@type\":\"ListItem\",\"position\":1,\"name\":\"Accueil\",\"item\":\"https:\/\/kapitalis.com\/tunisie\/\"},{\"@type\":\"ListItem\",\"position\":2,\"name\":\"Assurance-vie : Chiffre d\u2019affaires en baisse de 2% (1er trimestre 2015)\"}]},{\"@type\":\"WebSite\",\"@id\":\"https:\/\/kapitalis.com\/tunisie\/#website\",\"url\":\"https:\/\/kapitalis.com\/tunisie\/\",\"name\":\"Kapitalis\",\"description\":\"L&#039;actualit\u00e9 en Tunisie et dans le monde\",\"publisher\":{\"@id\":\"https:\/\/kapitalis.com\/tunisie\/#organization\"},\"potentialAction\":[{\"@type\":\"SearchAction\",\"target\":{\"@type\":\"EntryPoint\",\"urlTemplate\":\"https:\/\/kapitalis.com\/tunisie\/?s={search_term_string}\"},\"query-input\":{\"@type\":\"PropertyValueSpecification\",\"valueRequired\":true,\"valueName\":\"search_term_string\"}}],\"inLanguage\":\"fr-FR\"},{\"@type\":\"Organization\",\"@id\":\"https:\/\/kapitalis.com\/tunisie\/#organization\",\"name\":\"Kapitalis\",\"url\":\"https:\/\/kapitalis.com\/tunisie\/\",\"logo\":{\"@type\":\"ImageObject\",\"inLanguage\":\"fr-FR\",\"@id\":\"https:\/\/kapitalis.com\/tunisie\/#\/schema\/logo\/image\/\",\"url\":\"https:\/\/kapitalis.com\/tunisie\/wp-content\/uploads\/2022\/05\/Kapitalis-big-size.png\",\"contentUrl\":\"https:\/\/kapitalis.com\/tunisie\/wp-content\/uploads\/2022\/05\/Kapitalis-big-size.png\",\"width\":5000,\"height\":1500,\"caption\":\"Kapitalis\"},\"image\":{\"@id\":\"https:\/\/kapitalis.com\/tunisie\/#\/schema\/logo\/image\/\"},\"sameAs\":[\"https:\/\/www.facebook.com\/KapitalisInfo\/\",\"https:\/\/x.com\/KapitalisInfo\",\"https:\/\/www.youtube.com\/channel\/UC-yDYrHyfFBWWZaOw3FPg9Q\"]},{\"@type\":\"Person\",\"@id\":\"https:\/\/kapitalis.com\/tunisie\/#\/schema\/person\/16627fc9b2fc0116230e88af071eebab\",\"name\":\"Ridha Elkefi\",\"url\":\"https:\/\/kapitalis.com\/tunisie\/author\/ridha-kefi\/\"}]}<\/script>\n<!-- \/ Yoast SEO plugin. -->","yoast_head_json":{"title":"Assurance-vie : Chiffre d\u2019affaires en baisse de 2% (1er trimestre 2015) - Kapitalis","robots":{"index":"index","follow":"follow","max-snippet":"max-snippet:-1","max-image-preview":"max-image-preview:large","max-video-preview":"max-video-preview:-1"},"canonical":"https:\/\/kapitalis.com\/tunisie\/2015\/07\/29\/assurance-vie-chiffre-daffaires-en-baisse-de-2-1er-trimestre-2015\/","og_locale":"fr_FR","og_type":"article","og_title":"Assurance-vie : Chiffre d\u2019affaires en baisse de 2% (1er trimestre 2015) - Kapitalis","og_description":"Le rythme de croissance du chiffre d&rsquo;affaires de l&rsquo;assurance-vie a baiss\u00e9 de 2%, au 1er trimestre 2015, contre une hausse de 26,7% \u00e0 la m\u00eame p\u00e9riode de 2014.","og_url":"https:\/\/kapitalis.com\/tunisie\/2015\/07\/29\/assurance-vie-chiffre-daffaires-en-baisse-de-2-1er-trimestre-2015\/","og_site_name":"Kapitalis","article_publisher":"https:\/\/www.facebook.com\/KapitalisInfo\/","article_published_time":"2015-07-29T07:54:02+00:00","og_image":[{"width":1200,"height":630,"url":"https:\/\/kapitalis.com\/tunisie\/wp-content\/uploads\/2022\/05\/kapitalis-logo-fb.png","type":"image\/png"}],"author":"Ridha Elkefi","twitter_card":"summary_large_image","twitter_creator":"@KapitalisInfo","twitter_site":"@KapitalisInfo","twitter_misc":{"\u00c9crit par":"Ridha Elkefi","Dur\u00e9e de lecture estim\u00e9e":"1 minute"},"schema":{"@context":"https:\/\/schema.org","@graph":[{"@type":"Article","@id":"https:\/\/kapitalis.com\/tunisie\/2015\/07\/29\/assurance-vie-chiffre-daffaires-en-baisse-de-2-1er-trimestre-2015\/#article","isPartOf":{"@id":"https:\/\/kapitalis.com\/tunisie\/2015\/07\/29\/assurance-vie-chiffre-daffaires-en-baisse-de-2-1er-trimestre-2015\/"},"author":{"name":"Ridha Elkefi","@id":"https:\/\/kapitalis.com\/tunisie\/#\/schema\/person\/16627fc9b2fc0116230e88af071eebab"},"headline":"Assurance-vie : Chiffre d\u2019affaires en baisse de 2% (1er trimestre 2015)","datePublished":"2015-07-29T07:54:02+00:00","mainEntityOfPage":{"@id":"https:\/\/kapitalis.com\/tunisie\/2015\/07\/29\/assurance-vie-chiffre-daffaires-en-baisse-de-2-1er-trimestre-2015\/"},"wordCount":197,"commentCount":0,"publisher":{"@id":"https:\/\/kapitalis.com\/tunisie\/#organization"},"image":{"@id":"https:\/\/kapitalis.com\/tunisie\/2015\/07\/29\/assurance-vie-chiffre-daffaires-en-baisse-de-2-1er-trimestre-2015\/#primaryimage"},"thumbnailUrl":"","keywords":["assurance-vie","chiffre d'affaires","\u00e9conomie"],"articleSection":["ECONOMIE","Tunisie"],"inLanguage":"fr-FR","potentialAction":[{"@type":"CommentAction","name":"Comment","target":["https:\/\/kapitalis.com\/tunisie\/2015\/07\/29\/assurance-vie-chiffre-daffaires-en-baisse-de-2-1er-trimestre-2015\/#respond"]}]},{"@type":"WebPage","@id":"https:\/\/kapitalis.com\/tunisie\/2015\/07\/29\/assurance-vie-chiffre-daffaires-en-baisse-de-2-1er-trimestre-2015\/","url":"https:\/\/kapitalis.com\/tunisie\/2015\/07\/29\/assurance-vie-chiffre-daffaires-en-baisse-de-2-1er-trimestre-2015\/","name":"Assurance-vie : Chiffre d\u2019affaires en baisse de 2% (1er trimestre 2015) - Kapitalis","isPartOf":{"@id":"https:\/\/kapitalis.com\/tunisie\/#website"},"primaryImageOfPage":{"@id":"https:\/\/kapitalis.com\/tunisie\/2015\/07\/29\/assurance-vie-chiffre-daffaires-en-baisse-de-2-1er-trimestre-2015\/#primaryimage"},"image":{"@id":"https:\/\/kapitalis.com\/tunisie\/2015\/07\/29\/assurance-vie-chiffre-daffaires-en-baisse-de-2-1er-trimestre-2015\/#primaryimage"},"thumbnailUrl":"","datePublished":"2015-07-29T07:54:02+00:00","breadcrumb":{"@id":"https:\/\/kapitalis.com\/tunisie\/2015\/07\/29\/assurance-vie-chiffre-daffaires-en-baisse-de-2-1er-trimestre-2015\/#breadcrumb"},"inLanguage":"fr-FR","potentialAction":[{"@type":"ReadAction","target":["https:\/\/kapitalis.com\/tunisie\/2015\/07\/29\/assurance-vie-chiffre-daffaires-en-baisse-de-2-1er-trimestre-2015\/"]}]},{"@type":"ImageObject","inLanguage":"fr-FR","@id":"https:\/\/kapitalis.com\/tunisie\/2015\/07\/29\/assurance-vie-chiffre-daffaires-en-baisse-de-2-1er-trimestre-2015\/#primaryimage","url":"","contentUrl":""},{"@type":"BreadcrumbList","@id":"https:\/\/kapitalis.com\/tunisie\/2015\/07\/29\/assurance-vie-chiffre-daffaires-en-baisse-de-2-1er-trimestre-2015\/#breadcrumb","itemListElement":[{"@type":"ListItem","position":1,"name":"Accueil","item":"https:\/\/kapitalis.com\/tunisie\/"},{"@type":"ListItem","position":2,"name":"Assurance-vie : Chiffre d\u2019affaires en baisse de 2% (1er trimestre 2015)"}]},{"@type":"WebSite","@id":"https:\/\/kapitalis.com\/tunisie\/#website","url":"https:\/\/kapitalis.com\/tunisie\/","name":"Kapitalis","description":"L&#039;actualit\u00e9 en Tunisie et dans le monde","publisher":{"@id":"https:\/\/kapitalis.com\/tunisie\/#organization"},"potentialAction":[{"@type":"SearchAction","target":{"@type":"EntryPoint","urlTemplate":"https:\/\/kapitalis.com\/tunisie\/?s={search_term_string}"},"query-input":{"@type":"PropertyValueSpecification","valueRequired":true,"valueName":"search_term_string"}}],"inLanguage":"fr-FR"},{"@type":"Organization","@id":"https:\/\/kapitalis.com\/tunisie\/#organization","name":"Kapitalis","url":"https:\/\/kapitalis.com\/tunisie\/","logo":{"@type":"ImageObject","inLanguage":"fr-FR","@id":"https:\/\/kapitalis.com\/tunisie\/#\/schema\/logo\/image\/","url":"https:\/\/kapitalis.com\/tunisie\/wp-content\/uploads\/2022\/05\/Kapitalis-big-size.png","contentUrl":"https:\/\/kapitalis.com\/tunisie\/wp-content\/uploads\/2022\/05\/Kapitalis-big-size.png","width":5000,"height":1500,"caption":"Kapitalis"},"image":{"@id":"https:\/\/kapitalis.com\/tunisie\/#\/schema\/logo\/image\/"},"sameAs":["https:\/\/www.facebook.com\/KapitalisInfo\/","https:\/\/x.com\/KapitalisInfo","https:\/\/www.youtube.com\/channel\/UC-yDYrHyfFBWWZaOw3FPg9Q"]},{"@type":"Person","@id":"https:\/\/kapitalis.com\/tunisie\/#\/schema\/person\/16627fc9b2fc0116230e88af071eebab","name":"Ridha Elkefi","url":"https:\/\/kapitalis.com\/tunisie\/author\/ridha-kefi\/"}]}},"_links":{"self":[{"href":"https:\/\/kapitalis.com\/tunisie\/wp-json\/wp\/v2\/posts\/8201","targetHints":{"allow":["GET"]}}],"collection":[{"href":"https:\/\/kapitalis.com\/tunisie\/wp-json\/wp\/v2\/posts"}],"about":[{"href":"https:\/\/kapitalis.com\/tunisie\/wp-json\/wp\/v2\/types\/post"}],"author":[{"embeddable":true,"href":"https:\/\/kapitalis.com\/tunisie\/wp-json\/wp\/v2\/users\/5"}],"replies":[{"embeddable":true,"href":"https:\/\/kapitalis.com\/tunisie\/wp-json\/wp\/v2\/comments?post=8201"}],"version-history":[{"count":0,"href":"https:\/\/kapitalis.com\/tunisie\/wp-json\/wp\/v2\/posts\/8201\/revisions"}],"wp:featuredmedia":[{"embeddable":true,"href":"https:\/\/kapitalis.com\/tunisie\/wp-json\/wp\/v2\/media\/8202"}],"wp:attachment":[{"href":"https:\/\/kapitalis.com\/tunisie\/wp-json\/wp\/v2\/media?parent=8201"}],"wp:term":[{"taxonomy":"category","embeddable":true,"href":"https:\/\/kapitalis.com\/tunisie\/wp-json\/wp\/v2\/categories?post=8201"},{"taxonomy":"post_tag","embeddable":true,"href":"https:\/\/kapitalis.com\/tunisie\/wp-json\/wp\/v2\/tags?post=8201"}],"curies":[{"name":"wp","href":"https:\/\/api.w.org\/{rel}","templated":true}]}}