{"id":82146,"date":"2017-02-07T15:36:54","date_gmt":"2017-02-07T14:36:54","guid":{"rendered":"http:\/\/kapitalis.com\/tunisie\/?p=82146"},"modified":"2017-02-07T15:44:27","modified_gmt":"2017-02-07T14:44:27","slug":"une-premiere-orange-innovation-day-tunisie","status":"publish","type":"post","link":"https:\/\/kapitalis.com\/tunisie\/2017\/02\/07\/une-premiere-orange-innovation-day-tunisie\/","title":{"rendered":"Une premi\u00e8re en Tunisie: L\u2019Orange Innovation Day for Business"},"content":{"rendered":"<p><img loading=\"lazy\" decoding=\"async\" class=\"alignnone size-full wp-image-82147 aligncenter\" src=\"http:\/\/kapitalis.com\/tunisie\/wp-content\/uploads\/2017\/02\/Orange-Innovation-Day-for-Business.jpg\" alt=\"\" width=\"626\" height=\"380\" \/><\/p>\n<p><em><strong>Orange Tunisie organise l\u2019Orange Innovation Day for Business sur le th\u00e8me \u00abFaites de votre entreprise une Entreprise 3.0\u00bb.<\/strong> <\/em><\/p>\n<p><!--more--><\/p>\n<p>L\u2019Orange Innovation Day for Business, premi\u00e8re grande rencontre d\u2019innovation B2B pour le march\u00e9 des entreprises en Tunisie, se tiendra le jeudi 9 f\u00e9vrier \u00e0 partir de 14h au palais des congr\u00e8s de Tunis.<\/p>\n<p>Au programme, plusieurs interventions, notamment \u00ab<em>Notre march\u00e9 est-il pr\u00eat pour l\u2019\u00e8re IOT ?<\/em>\u00bb, par Ch\u00e9kib Gharbi, CEO \u00e0 CITC-EuraRFID, Centre d\u2019innovation des technologies sans contact; \u00ab<em>Pourquoi la transformation digitale?<\/em>\u00bb, par Arnauld Blondet, directeur de l\u2019innovation au Technocentre Orange, et <em>\u00abQuel IT pour l\u2019entreprise 3.0?\u00bb<\/em> par Philippe Laplane, CEO de Orange Cloud for Business.<\/p>\n<p>Il y aura aussi trois principaux corners de d\u00e9monstrations dans lesquels seront pr\u00e9sent\u00e9s pas moins de 10 innovations aussi surprenantes qu\u2019enrichissantes : Unified communications, Internet Of Things et Cloud &amp; IT services. Ces espaces seront nourris par la pr\u00e9sentation et la d\u00e9monstration d\u2019innovations Orange dans plusieurs domaines du B2B.<\/p>\n<p>L\u2019acc\u00e8s \u00e9tant uniquement sur inscription, les int\u00e9ress\u00e9s doivent s\u2019inscrire en ligne sur le <a href=\"http:\/\/www.orange.tn\/business\/event\">lien suivant<\/a>.<\/p>\n<p style=\"text-align: right;\"><strong>I. B.<\/strong> (avec communiqu\u00e9).<\/p>\n","protected":false},"excerpt":{"rendered":"<p>Orange Tunisie organise l\u2019Orange Innovation Day for Business sur le th\u00e8me \u00abFaites de votre entreprise une Entreprise 3.0\u00bb.<\/p>\n","protected":false},"author":8,"featured_media":82147,"comment_status":"open","ping_status":"open","sticky":false,"template":"","format":"standard","meta":{"footnotes":""},"categories":[995,2433],"tags":[6975],"class_list":["post-82146","post","type-post","status-publish","format-standard","has-post-thumbnail","hentry","category-economie","category-tunisie","tag-cloud"],"yoast_head":"<!-- This site is optimized with the Yoast SEO plugin v26.6 - https:\/\/yoast.com\/wordpress\/plugins\/seo\/ -->\n<title>Une premi\u00e8re en Tunisie: L\u2019Orange Innovation Day for Business - Kapitalis<\/title>\n<meta name=\"robots\" content=\"index, follow, max-snippet:-1, max-image-preview:large, max-video-preview:-1\" \/>\n<link rel=\"canonical\" href=\"https:\/\/kapitalis.com\/tunisie\/2017\/02\/07\/une-premiere-orange-innovation-day-tunisie\/\" \/>\n<meta property=\"og:locale\" content=\"fr_FR\" \/>\n<meta property=\"og:type\" content=\"article\" \/>\n<meta property=\"og:title\" content=\"Une premi\u00e8re en Tunisie: L\u2019Orange Innovation Day for Business - Kapitalis\" \/>\n<meta property=\"og:description\" content=\"Orange Tunisie organise l\u2019Orange Innovation Day for Business sur le th\u00e8me \u00abFaites de votre entreprise une Entreprise 3.0\u00bb.\" \/>\n<meta property=\"og:url\" content=\"https:\/\/kapitalis.com\/tunisie\/2017\/02\/07\/une-premiere-orange-innovation-day-tunisie\/\" \/>\n<meta property=\"og:site_name\" content=\"Kapitalis\" \/>\n<meta property=\"article:publisher\" content=\"https:\/\/www.facebook.com\/KapitalisInfo\/\" \/>\n<meta property=\"article:published_time\" content=\"2017-02-07T14:36:54+00:00\" \/>\n<meta property=\"article:modified_time\" content=\"2017-02-07T14:44:27+00:00\" \/>\n<meta property=\"og:image\" content=\"https:\/\/kapitalis.com\/tunisie\/wp-content\/uploads\/2022\/05\/kapitalis-logo-fb.png\" \/>\n\t<meta property=\"og:image:width\" content=\"1200\" \/>\n\t<meta property=\"og:image:height\" content=\"630\" \/>\n\t<meta property=\"og:image:type\" content=\"image\/png\" \/>\n<meta name=\"author\" content=\"webmaster kapitalis\" \/>\n<meta name=\"twitter:card\" content=\"summary_large_image\" \/>\n<meta name=\"twitter:creator\" content=\"@KapitalisInfo\" \/>\n<meta name=\"twitter:site\" content=\"@KapitalisInfo\" \/>\n<meta name=\"twitter:label1\" content=\"\u00c9crit par\" \/>\n\t<meta name=\"twitter:data1\" content=\"webmaster kapitalis\" \/>\n\t<meta name=\"twitter:label2\" content=\"Dur\u00e9e de lecture estim\u00e9e\" \/>\n\t<meta name=\"twitter:data2\" content=\"1 minute\" \/>\n<script type=\"application\/ld+json\" class=\"yoast-schema-graph\">{\"@context\":\"https:\/\/schema.org\",\"@graph\":[{\"@type\":\"Article\",\"@id\":\"https:\/\/kapitalis.com\/tunisie\/2017\/02\/07\/une-premiere-orange-innovation-day-tunisie\/#article\",\"isPartOf\":{\"@id\":\"https:\/\/kapitalis.com\/tunisie\/2017\/02\/07\/une-premiere-orange-innovation-day-tunisie\/\"},\"author\":{\"name\":\"webmaster kapitalis\",\"@id\":\"https:\/\/kapitalis.com\/tunisie\/#\/schema\/person\/d71f33a9ca44f7bad4698210b480c8e9\"},\"headline\":\"Une premi\u00e8re en Tunisie: L\u2019Orange Innovation Day for Business\",\"datePublished\":\"2017-02-07T14:36:54+00:00\",\"dateModified\":\"2017-02-07T14:44:27+00:00\",\"mainEntityOfPage\":{\"@id\":\"https:\/\/kapitalis.com\/tunisie\/2017\/02\/07\/une-premiere-orange-innovation-day-tunisie\/\"},\"wordCount\":202,\"commentCount\":0,\"publisher\":{\"@id\":\"https:\/\/kapitalis.com\/tunisie\/#organization\"},\"image\":{\"@id\":\"https:\/\/kapitalis.com\/tunisie\/2017\/02\/07\/une-premiere-orange-innovation-day-tunisie\/#primaryimage\"},\"thumbnailUrl\":\"\",\"keywords\":[\"Cloud\"],\"articleSection\":[\"ECONOMIE\",\"Tunisie\"],\"inLanguage\":\"fr-FR\",\"potentialAction\":[{\"@type\":\"CommentAction\",\"name\":\"Comment\",\"target\":[\"https:\/\/kapitalis.com\/tunisie\/2017\/02\/07\/une-premiere-orange-innovation-day-tunisie\/#respond\"]}]},{\"@type\":\"WebPage\",\"@id\":\"https:\/\/kapitalis.com\/tunisie\/2017\/02\/07\/une-premiere-orange-innovation-day-tunisie\/\",\"url\":\"https:\/\/kapitalis.com\/tunisie\/2017\/02\/07\/une-premiere-orange-innovation-day-tunisie\/\",\"name\":\"Une premi\u00e8re en Tunisie: L\u2019Orange Innovation Day for Business - Kapitalis\",\"isPartOf\":{\"@id\":\"https:\/\/kapitalis.com\/tunisie\/#website\"},\"primaryImageOfPage\":{\"@id\":\"https:\/\/kapitalis.com\/tunisie\/2017\/02\/07\/une-premiere-orange-innovation-day-tunisie\/#primaryimage\"},\"image\":{\"@id\":\"https:\/\/kapitalis.com\/tunisie\/2017\/02\/07\/une-premiere-orange-innovation-day-tunisie\/#primaryimage\"},\"thumbnailUrl\":\"\",\"datePublished\":\"2017-02-07T14:36:54+00:00\",\"dateModified\":\"2017-02-07T14:44:27+00:00\",\"breadcrumb\":{\"@id\":\"https:\/\/kapitalis.com\/tunisie\/2017\/02\/07\/une-premiere-orange-innovation-day-tunisie\/#breadcrumb\"},\"inLanguage\":\"fr-FR\",\"potentialAction\":[{\"@type\":\"ReadAction\",\"target\":[\"https:\/\/kapitalis.com\/tunisie\/2017\/02\/07\/une-premiere-orange-innovation-day-tunisie\/\"]}]},{\"@type\":\"ImageObject\",\"inLanguage\":\"fr-FR\",\"@id\":\"https:\/\/kapitalis.com\/tunisie\/2017\/02\/07\/une-premiere-orange-innovation-day-tunisie\/#primaryimage\",\"url\":\"\",\"contentUrl\":\"\"},{\"@type\":\"BreadcrumbList\",\"@id\":\"https:\/\/kapitalis.com\/tunisie\/2017\/02\/07\/une-premiere-orange-innovation-day-tunisie\/#breadcrumb\",\"itemListElement\":[{\"@type\":\"ListItem\",\"position\":1,\"name\":\"Accueil\",\"item\":\"https:\/\/kapitalis.com\/tunisie\/\"},{\"@type\":\"ListItem\",\"position\":2,\"name\":\"Une premi\u00e8re en Tunisie: L\u2019Orange Innovation Day for Business\"}]},{\"@type\":\"WebSite\",\"@id\":\"https:\/\/kapitalis.com\/tunisie\/#website\",\"url\":\"https:\/\/kapitalis.com\/tunisie\/\",\"name\":\"Kapitalis\",\"description\":\"L&#039;actualit\u00e9 en Tunisie et dans le monde\",\"publisher\":{\"@id\":\"https:\/\/kapitalis.com\/tunisie\/#organization\"},\"potentialAction\":[{\"@type\":\"SearchAction\",\"target\":{\"@type\":\"EntryPoint\",\"urlTemplate\":\"https:\/\/kapitalis.com\/tunisie\/?s={search_term_string}\"},\"query-input\":{\"@type\":\"PropertyValueSpecification\",\"valueRequired\":true,\"valueName\":\"search_term_string\"}}],\"inLanguage\":\"fr-FR\"},{\"@type\":\"Organization\",\"@id\":\"https:\/\/kapitalis.com\/tunisie\/#organization\",\"name\":\"Kapitalis\",\"url\":\"https:\/\/kapitalis.com\/tunisie\/\",\"logo\":{\"@type\":\"ImageObject\",\"inLanguage\":\"fr-FR\",\"@id\":\"https:\/\/kapitalis.com\/tunisie\/#\/schema\/logo\/image\/\",\"url\":\"https:\/\/kapitalis.com\/tunisie\/wp-content\/uploads\/2022\/05\/Kapitalis-big-size.png\",\"contentUrl\":\"https:\/\/kapitalis.com\/tunisie\/wp-content\/uploads\/2022\/05\/Kapitalis-big-size.png\",\"width\":5000,\"height\":1500,\"caption\":\"Kapitalis\"},\"image\":{\"@id\":\"https:\/\/kapitalis.com\/tunisie\/#\/schema\/logo\/image\/\"},\"sameAs\":[\"https:\/\/www.facebook.com\/KapitalisInfo\/\",\"https:\/\/x.com\/KapitalisInfo\",\"https:\/\/www.youtube.com\/channel\/UC-yDYrHyfFBWWZaOw3FPg9Q\"]},{\"@type\":\"Person\",\"@id\":\"https:\/\/kapitalis.com\/tunisie\/#\/schema\/person\/d71f33a9ca44f7bad4698210b480c8e9\",\"name\":\"webmaster kapitalis\",\"url\":\"https:\/\/kapitalis.com\/tunisie\/author\/webmaster-kapitalis\/\"}]}<\/script>\n<!-- \/ Yoast SEO plugin. -->","yoast_head_json":{"title":"Une premi\u00e8re en Tunisie: L\u2019Orange Innovation Day for Business - Kapitalis","robots":{"index":"index","follow":"follow","max-snippet":"max-snippet:-1","max-image-preview":"max-image-preview:large","max-video-preview":"max-video-preview:-1"},"canonical":"https:\/\/kapitalis.com\/tunisie\/2017\/02\/07\/une-premiere-orange-innovation-day-tunisie\/","og_locale":"fr_FR","og_type":"article","og_title":"Une premi\u00e8re en Tunisie: L\u2019Orange Innovation Day for Business - Kapitalis","og_description":"Orange Tunisie organise l\u2019Orange Innovation Day for Business sur le th\u00e8me \u00abFaites de votre entreprise une Entreprise 3.0\u00bb.","og_url":"https:\/\/kapitalis.com\/tunisie\/2017\/02\/07\/une-premiere-orange-innovation-day-tunisie\/","og_site_name":"Kapitalis","article_publisher":"https:\/\/www.facebook.com\/KapitalisInfo\/","article_published_time":"2017-02-07T14:36:54+00:00","article_modified_time":"2017-02-07T14:44:27+00:00","og_image":[{"width":1200,"height":630,"url":"https:\/\/kapitalis.com\/tunisie\/wp-content\/uploads\/2022\/05\/kapitalis-logo-fb.png","type":"image\/png"}],"author":"webmaster kapitalis","twitter_card":"summary_large_image","twitter_creator":"@KapitalisInfo","twitter_site":"@KapitalisInfo","twitter_misc":{"\u00c9crit par":"webmaster kapitalis","Dur\u00e9e de lecture estim\u00e9e":"1 minute"},"schema":{"@context":"https:\/\/schema.org","@graph":[{"@type":"Article","@id":"https:\/\/kapitalis.com\/tunisie\/2017\/02\/07\/une-premiere-orange-innovation-day-tunisie\/#article","isPartOf":{"@id":"https:\/\/kapitalis.com\/tunisie\/2017\/02\/07\/une-premiere-orange-innovation-day-tunisie\/"},"author":{"name":"webmaster kapitalis","@id":"https:\/\/kapitalis.com\/tunisie\/#\/schema\/person\/d71f33a9ca44f7bad4698210b480c8e9"},"headline":"Une premi\u00e8re en Tunisie: L\u2019Orange Innovation Day for Business","datePublished":"2017-02-07T14:36:54+00:00","dateModified":"2017-02-07T14:44:27+00:00","mainEntityOfPage":{"@id":"https:\/\/kapitalis.com\/tunisie\/2017\/02\/07\/une-premiere-orange-innovation-day-tunisie\/"},"wordCount":202,"commentCount":0,"publisher":{"@id":"https:\/\/kapitalis.com\/tunisie\/#organization"},"image":{"@id":"https:\/\/kapitalis.com\/tunisie\/2017\/02\/07\/une-premiere-orange-innovation-day-tunisie\/#primaryimage"},"thumbnailUrl":"","keywords":["Cloud"],"articleSection":["ECONOMIE","Tunisie"],"inLanguage":"fr-FR","potentialAction":[{"@type":"CommentAction","name":"Comment","target":["https:\/\/kapitalis.com\/tunisie\/2017\/02\/07\/une-premiere-orange-innovation-day-tunisie\/#respond"]}]},{"@type":"WebPage","@id":"https:\/\/kapitalis.com\/tunisie\/2017\/02\/07\/une-premiere-orange-innovation-day-tunisie\/","url":"https:\/\/kapitalis.com\/tunisie\/2017\/02\/07\/une-premiere-orange-innovation-day-tunisie\/","name":"Une premi\u00e8re en Tunisie: L\u2019Orange Innovation Day for Business - Kapitalis","isPartOf":{"@id":"https:\/\/kapitalis.com\/tunisie\/#website"},"primaryImageOfPage":{"@id":"https:\/\/kapitalis.com\/tunisie\/2017\/02\/07\/une-premiere-orange-innovation-day-tunisie\/#primaryimage"},"image":{"@id":"https:\/\/kapitalis.com\/tunisie\/2017\/02\/07\/une-premiere-orange-innovation-day-tunisie\/#primaryimage"},"thumbnailUrl":"","datePublished":"2017-02-07T14:36:54+00:00","dateModified":"2017-02-07T14:44:27+00:00","breadcrumb":{"@id":"https:\/\/kapitalis.com\/tunisie\/2017\/02\/07\/une-premiere-orange-innovation-day-tunisie\/#breadcrumb"},"inLanguage":"fr-FR","potentialAction":[{"@type":"ReadAction","target":["https:\/\/kapitalis.com\/tunisie\/2017\/02\/07\/une-premiere-orange-innovation-day-tunisie\/"]}]},{"@type":"ImageObject","inLanguage":"fr-FR","@id":"https:\/\/kapitalis.com\/tunisie\/2017\/02\/07\/une-premiere-orange-innovation-day-tunisie\/#primaryimage","url":"","contentUrl":""},{"@type":"BreadcrumbList","@id":"https:\/\/kapitalis.com\/tunisie\/2017\/02\/07\/une-premiere-orange-innovation-day-tunisie\/#breadcrumb","itemListElement":[{"@type":"ListItem","position":1,"name":"Accueil","item":"https:\/\/kapitalis.com\/tunisie\/"},{"@type":"ListItem","position":2,"name":"Une premi\u00e8re en Tunisie: L\u2019Orange Innovation Day for Business"}]},{"@type":"WebSite","@id":"https:\/\/kapitalis.com\/tunisie\/#website","url":"https:\/\/kapitalis.com\/tunisie\/","name":"Kapitalis","description":"L&#039;actualit\u00e9 en Tunisie et dans le monde","publisher":{"@id":"https:\/\/kapitalis.com\/tunisie\/#organization"},"potentialAction":[{"@type":"SearchAction","target":{"@type":"EntryPoint","urlTemplate":"https:\/\/kapitalis.com\/tunisie\/?s={search_term_string}"},"query-input":{"@type":"PropertyValueSpecification","valueRequired":true,"valueName":"search_term_string"}}],"inLanguage":"fr-FR"},{"@type":"Organization","@id":"https:\/\/kapitalis.com\/tunisie\/#organization","name":"Kapitalis","url":"https:\/\/kapitalis.com\/tunisie\/","logo":{"@type":"ImageObject","inLanguage":"fr-FR","@id":"https:\/\/kapitalis.com\/tunisie\/#\/schema\/logo\/image\/","url":"https:\/\/kapitalis.com\/tunisie\/wp-content\/uploads\/2022\/05\/Kapitalis-big-size.png","contentUrl":"https:\/\/kapitalis.com\/tunisie\/wp-content\/uploads\/2022\/05\/Kapitalis-big-size.png","width":5000,"height":1500,"caption":"Kapitalis"},"image":{"@id":"https:\/\/kapitalis.com\/tunisie\/#\/schema\/logo\/image\/"},"sameAs":["https:\/\/www.facebook.com\/KapitalisInfo\/","https:\/\/x.com\/KapitalisInfo","https:\/\/www.youtube.com\/channel\/UC-yDYrHyfFBWWZaOw3FPg9Q"]},{"@type":"Person","@id":"https:\/\/kapitalis.com\/tunisie\/#\/schema\/person\/d71f33a9ca44f7bad4698210b480c8e9","name":"webmaster kapitalis","url":"https:\/\/kapitalis.com\/tunisie\/author\/webmaster-kapitalis\/"}]}},"_links":{"self":[{"href":"https:\/\/kapitalis.com\/tunisie\/wp-json\/wp\/v2\/posts\/82146","targetHints":{"allow":["GET"]}}],"collection":[{"href":"https:\/\/kapitalis.com\/tunisie\/wp-json\/wp\/v2\/posts"}],"about":[{"href":"https:\/\/kapitalis.com\/tunisie\/wp-json\/wp\/v2\/types\/post"}],"author":[{"embeddable":true,"href":"https:\/\/kapitalis.com\/tunisie\/wp-json\/wp\/v2\/users\/8"}],"replies":[{"embeddable":true,"href":"https:\/\/kapitalis.com\/tunisie\/wp-json\/wp\/v2\/comments?post=82146"}],"version-history":[{"count":0,"href":"https:\/\/kapitalis.com\/tunisie\/wp-json\/wp\/v2\/posts\/82146\/revisions"}],"wp:featuredmedia":[{"embeddable":true,"href":"https:\/\/kapitalis.com\/tunisie\/wp-json\/wp\/v2\/media\/82147"}],"wp:attachment":[{"href":"https:\/\/kapitalis.com\/tunisie\/wp-json\/wp\/v2\/media?parent=82146"}],"wp:term":[{"taxonomy":"category","embeddable":true,"href":"https:\/\/kapitalis.com\/tunisie\/wp-json\/wp\/v2\/categories?post=82146"},{"taxonomy":"post_tag","embeddable":true,"href":"https:\/\/kapitalis.com\/tunisie\/wp-json\/wp\/v2\/tags?post=82146"}],"curies":[{"name":"wp","href":"https:\/\/api.w.org\/{rel}","templated":true}]}}