{"id":82161,"date":"2017-02-07T16:41:17","date_gmt":"2017-02-07T15:41:17","guid":{"rendered":"http:\/\/kapitalis.com\/tunisie\/?p=82161"},"modified":"2017-02-07T16:42:22","modified_gmt":"2017-02-07T15:42:22","slug":"utica-preparation-des-3e-journees-tuniso-ivoiriennes-de-la-sante","status":"publish","type":"post","link":"https:\/\/kapitalis.com\/tunisie\/2017\/02\/07\/utica-preparation-des-3e-journees-tuniso-ivoiriennes-de-la-sante\/","title":{"rendered":"Utica : Pr\u00e9paration des 3e Journ\u00e9es tuniso-ivoiriennes de la sant\u00e9"},"content":{"rendered":"<p><img loading=\"lazy\" decoding=\"async\" class=\"alignnone size-full wp-image-82162 aligncenter\" src=\"http:\/\/kapitalis.com\/tunisie\/wp-content\/uploads\/2017\/02\/Utica-Journee-tuniso-ivoirienne.jpg\" alt=\"\" width=\"625\" height=\"380\" \/><\/p>\n<p><em><strong>Le Conseil d\u2019affaires tuniso-ivoirien relevant de l\u2019Utica a tenu, mardi 7 f\u00e9vrier 2017, une r\u00e9union au si\u00e8ge de l\u2019organisation \u00e0 Tunis.<\/strong> <\/em><\/p>\n<p><!--more--><\/p>\n<p>La r\u00e9union pr\u00e9sid\u00e9e par Riadh Azaiez, pr\u00e9sident de ce conseil, \u00e9tait consacr\u00e9e \u00e0 la pr\u00e9paration de la participation des op\u00e9rateurs tunisiens de la sant\u00e9 \u00e0 la 3e \u00e9dition des Journ\u00e9es tuniso-ivoiriennes de la sant\u00e9, qui se tiendront les 23 et 24 f\u00e9vrier courant \u00e0 Abidjan (C\u00f4te d\u2019Ivoire), en marge du salon des produits pharmaceutiques Saidalya 2017.<\/p>\n<p>Des repr\u00e9sentants de cliniques, de laboratoires pharmaceutiques, d\u2019industriels tunisiens du m\u00e9dicament, de soci\u00e9t\u00e9s de transfert sanitaire, de fabricants de consommables et de mat\u00e9riel m\u00e9dical et d\u2019op\u00e9rateurs des TIC du secteur de la sant\u00e9 en Tunisie ont particip\u00e9 \u00e0 cette r\u00e9union, au cours de laquelle ont \u00e9t\u00e9 discut\u00e9s le programme de ces journ\u00e9es, leurs objectifs, les modalit\u00e9s de participation au salon Saidalya 2017 et la promotion des \u00e9changes et des investissements entre les deux pays.<\/p>\n<p>L\u2019accent a \u00e9t\u00e9 mis sur l\u2019importance du march\u00e9 ivoirien en particulier et de l\u2019Union mon\u00e9taire ouest-africaine (UMOA) en g\u00e9n\u00e9ral pour la promotion des exportations des prestations de sant\u00e9.<\/p>\n<p style=\"text-align: center;\"><img loading=\"lazy\" decoding=\"async\" class=\"alignnone wp-image-82164\" src=\"http:\/\/kapitalis.com\/tunisie\/wp-content\/uploads\/2017\/02\/Utica-Journees-tuniso-ivoirienne-de-la-sante.jpg\" alt=\"Utica Journ\u00e9es tuniso-ivoirienne de la sant\u00e9\" width=\"500\" height=\"333\" \/><\/p>\n<p>L\u2019offre tunisienne dans ce secteur, qui b\u00e9n\u00e9ficie de l\u2019atout de la langue fran\u00e7aise, doit toutefois se structurer et r\u00e9pondre aux besoins sp\u00e9cifiques du march\u00e9 ivoirien.<\/p>\n<p>Le programme scientifique des deux journ\u00e9es comprend notamment des interventions des ministres de la Sant\u00e9 de la C\u00f4te d\u2019Ivoire et de la Tunisie et des expos\u00e9s d\u2019experts et de m\u00e9decins des deux pays touchant \u00e0 de nombreuses sp\u00e9cialit\u00e9s telles que la cardiologie, l\u2019ophtalmologie, l\u2019oncologie, la chirurgie, la chirurgie esth\u00e9tique\u2026<\/p>\n<p>La participation tunisienne au salon Saidalya 2017 et aux Journ\u00e9es scientifiques m\u00e9dicales est coordonn\u00e9e par le Conseil d&rsquo;affaires tuniso-ivoirien en partenariat avec le Cepex, et la Conf\u00e9d\u00e9ration g\u00e9n\u00e9rale des entreprises de C\u00f4te d\u2019Ivoire (CGECI). Elle impliquera aussi des soci\u00e9t\u00e9s savantes des deux pays.<\/p>\n<p style=\"text-align: right;\"><strong>I. B.<\/strong> (avec communiqu\u00e9).<\/p>\n","protected":false},"excerpt":{"rendered":"<p>Le Conseil d\u2019affaires tuniso-ivoirien relevant de l\u2019Utica a tenu, mardi 7 f\u00e9vrier 2017, une r\u00e9union au si\u00e8ge de l\u2019organisation \u00e0 Tunis.<\/p>\n","protected":false},"author":8,"featured_media":82162,"comment_status":"open","ping_status":"open","sticky":false,"template":"","format":"standard","meta":{"footnotes":""},"categories":[995,2433],"tags":[240,3158,810],"class_list":["post-82161","post","type-post","status-publish","format-standard","has-post-thumbnail","hentry","category-economie","category-tunisie","tag-cote-divoire","tag-riadh-azaiez","tag-sante"],"yoast_head":"<!-- This site is optimized with the Yoast SEO plugin v26.6 - https:\/\/yoast.com\/wordpress\/plugins\/seo\/ -->\n<title>Utica : Pr\u00e9paration des 3e Journ\u00e9es tuniso-ivoiriennes de la sant\u00e9 - Kapitalis<\/title>\n<meta name=\"robots\" content=\"index, follow, max-snippet:-1, max-image-preview:large, max-video-preview:-1\" \/>\n<link rel=\"canonical\" href=\"https:\/\/kapitalis.com\/tunisie\/2017\/02\/07\/utica-preparation-des-3e-journees-tuniso-ivoiriennes-de-la-sante\/\" \/>\n<meta property=\"og:locale\" content=\"fr_FR\" \/>\n<meta property=\"og:type\" content=\"article\" \/>\n<meta property=\"og:title\" content=\"Utica : Pr\u00e9paration des 3e Journ\u00e9es tuniso-ivoiriennes de la sant\u00e9 - Kapitalis\" \/>\n<meta property=\"og:description\" content=\"Le Conseil d\u2019affaires tuniso-ivoirien relevant de l\u2019Utica a tenu, mardi 7 f\u00e9vrier 2017, une r\u00e9union au si\u00e8ge de l\u2019organisation \u00e0 Tunis.\" \/>\n<meta property=\"og:url\" content=\"https:\/\/kapitalis.com\/tunisie\/2017\/02\/07\/utica-preparation-des-3e-journees-tuniso-ivoiriennes-de-la-sante\/\" \/>\n<meta property=\"og:site_name\" content=\"Kapitalis\" \/>\n<meta property=\"article:publisher\" content=\"https:\/\/www.facebook.com\/KapitalisInfo\/\" \/>\n<meta property=\"article:published_time\" content=\"2017-02-07T15:41:17+00:00\" \/>\n<meta property=\"article:modified_time\" content=\"2017-02-07T15:42:22+00:00\" \/>\n<meta property=\"og:image\" content=\"https:\/\/kapitalis.com\/tunisie\/wp-content\/uploads\/2022\/05\/kapitalis-logo-fb.png\" \/>\n\t<meta property=\"og:image:width\" content=\"1200\" \/>\n\t<meta property=\"og:image:height\" content=\"630\" \/>\n\t<meta property=\"og:image:type\" content=\"image\/png\" \/>\n<meta name=\"author\" content=\"webmaster kapitalis\" \/>\n<meta name=\"twitter:card\" content=\"summary_large_image\" \/>\n<meta name=\"twitter:creator\" content=\"@KapitalisInfo\" \/>\n<meta name=\"twitter:site\" content=\"@KapitalisInfo\" \/>\n<meta name=\"twitter:label1\" content=\"\u00c9crit par\" \/>\n\t<meta name=\"twitter:data1\" content=\"webmaster kapitalis\" \/>\n\t<meta name=\"twitter:label2\" content=\"Dur\u00e9e de lecture estim\u00e9e\" \/>\n\t<meta name=\"twitter:data2\" content=\"2 minutes\" \/>\n<script type=\"application\/ld+json\" class=\"yoast-schema-graph\">{\"@context\":\"https:\/\/schema.org\",\"@graph\":[{\"@type\":\"Article\",\"@id\":\"https:\/\/kapitalis.com\/tunisie\/2017\/02\/07\/utica-preparation-des-3e-journees-tuniso-ivoiriennes-de-la-sante\/#article\",\"isPartOf\":{\"@id\":\"https:\/\/kapitalis.com\/tunisie\/2017\/02\/07\/utica-preparation-des-3e-journees-tuniso-ivoiriennes-de-la-sante\/\"},\"author\":{\"name\":\"webmaster kapitalis\",\"@id\":\"https:\/\/kapitalis.com\/tunisie\/#\/schema\/person\/d71f33a9ca44f7bad4698210b480c8e9\"},\"headline\":\"Utica : Pr\u00e9paration des 3e Journ\u00e9es tuniso-ivoiriennes de la sant\u00e9\",\"datePublished\":\"2017-02-07T15:41:17+00:00\",\"dateModified\":\"2017-02-07T15:42:22+00:00\",\"mainEntityOfPage\":{\"@id\":\"https:\/\/kapitalis.com\/tunisie\/2017\/02\/07\/utica-preparation-des-3e-journees-tuniso-ivoiriennes-de-la-sante\/\"},\"wordCount\":363,\"commentCount\":0,\"publisher\":{\"@id\":\"https:\/\/kapitalis.com\/tunisie\/#organization\"},\"image\":{\"@id\":\"https:\/\/kapitalis.com\/tunisie\/2017\/02\/07\/utica-preparation-des-3e-journees-tuniso-ivoiriennes-de-la-sante\/#primaryimage\"},\"thumbnailUrl\":\"\",\"keywords\":[\"C\u00f4te d'Ivoire\",\"Riadh Azaiez\",\"Sant\u00e9\"],\"articleSection\":[\"ECONOMIE\",\"Tunisie\"],\"inLanguage\":\"fr-FR\",\"potentialAction\":[{\"@type\":\"CommentAction\",\"name\":\"Comment\",\"target\":[\"https:\/\/kapitalis.com\/tunisie\/2017\/02\/07\/utica-preparation-des-3e-journees-tuniso-ivoiriennes-de-la-sante\/#respond\"]}]},{\"@type\":\"WebPage\",\"@id\":\"https:\/\/kapitalis.com\/tunisie\/2017\/02\/07\/utica-preparation-des-3e-journees-tuniso-ivoiriennes-de-la-sante\/\",\"url\":\"https:\/\/kapitalis.com\/tunisie\/2017\/02\/07\/utica-preparation-des-3e-journees-tuniso-ivoiriennes-de-la-sante\/\",\"name\":\"Utica : Pr\u00e9paration des 3e Journ\u00e9es tuniso-ivoiriennes de la sant\u00e9 - Kapitalis\",\"isPartOf\":{\"@id\":\"https:\/\/kapitalis.com\/tunisie\/#website\"},\"primaryImageOfPage\":{\"@id\":\"https:\/\/kapitalis.com\/tunisie\/2017\/02\/07\/utica-preparation-des-3e-journees-tuniso-ivoiriennes-de-la-sante\/#primaryimage\"},\"image\":{\"@id\":\"https:\/\/kapitalis.com\/tunisie\/2017\/02\/07\/utica-preparation-des-3e-journees-tuniso-ivoiriennes-de-la-sante\/#primaryimage\"},\"thumbnailUrl\":\"\",\"datePublished\":\"2017-02-07T15:41:17+00:00\",\"dateModified\":\"2017-02-07T15:42:22+00:00\",\"breadcrumb\":{\"@id\":\"https:\/\/kapitalis.com\/tunisie\/2017\/02\/07\/utica-preparation-des-3e-journees-tuniso-ivoiriennes-de-la-sante\/#breadcrumb\"},\"inLanguage\":\"fr-FR\",\"potentialAction\":[{\"@type\":\"ReadAction\",\"target\":[\"https:\/\/kapitalis.com\/tunisie\/2017\/02\/07\/utica-preparation-des-3e-journees-tuniso-ivoiriennes-de-la-sante\/\"]}]},{\"@type\":\"ImageObject\",\"inLanguage\":\"fr-FR\",\"@id\":\"https:\/\/kapitalis.com\/tunisie\/2017\/02\/07\/utica-preparation-des-3e-journees-tuniso-ivoiriennes-de-la-sante\/#primaryimage\",\"url\":\"\",\"contentUrl\":\"\"},{\"@type\":\"BreadcrumbList\",\"@id\":\"https:\/\/kapitalis.com\/tunisie\/2017\/02\/07\/utica-preparation-des-3e-journees-tuniso-ivoiriennes-de-la-sante\/#breadcrumb\",\"itemListElement\":[{\"@type\":\"ListItem\",\"position\":1,\"name\":\"Accueil\",\"item\":\"https:\/\/kapitalis.com\/tunisie\/\"},{\"@type\":\"ListItem\",\"position\":2,\"name\":\"Utica : Pr\u00e9paration des 3e Journ\u00e9es tuniso-ivoiriennes de la sant\u00e9\"}]},{\"@type\":\"WebSite\",\"@id\":\"https:\/\/kapitalis.com\/tunisie\/#website\",\"url\":\"https:\/\/kapitalis.com\/tunisie\/\",\"name\":\"Kapitalis\",\"description\":\"L&#039;actualit\u00e9 en Tunisie et dans le monde\",\"publisher\":{\"@id\":\"https:\/\/kapitalis.com\/tunisie\/#organization\"},\"potentialAction\":[{\"@type\":\"SearchAction\",\"target\":{\"@type\":\"EntryPoint\",\"urlTemplate\":\"https:\/\/kapitalis.com\/tunisie\/?s={search_term_string}\"},\"query-input\":{\"@type\":\"PropertyValueSpecification\",\"valueRequired\":true,\"valueName\":\"search_term_string\"}}],\"inLanguage\":\"fr-FR\"},{\"@type\":\"Organization\",\"@id\":\"https:\/\/kapitalis.com\/tunisie\/#organization\",\"name\":\"Kapitalis\",\"url\":\"https:\/\/kapitalis.com\/tunisie\/\",\"logo\":{\"@type\":\"ImageObject\",\"inLanguage\":\"fr-FR\",\"@id\":\"https:\/\/kapitalis.com\/tunisie\/#\/schema\/logo\/image\/\",\"url\":\"https:\/\/kapitalis.com\/tunisie\/wp-content\/uploads\/2022\/05\/Kapitalis-big-size.png\",\"contentUrl\":\"https:\/\/kapitalis.com\/tunisie\/wp-content\/uploads\/2022\/05\/Kapitalis-big-size.png\",\"width\":5000,\"height\":1500,\"caption\":\"Kapitalis\"},\"image\":{\"@id\":\"https:\/\/kapitalis.com\/tunisie\/#\/schema\/logo\/image\/\"},\"sameAs\":[\"https:\/\/www.facebook.com\/KapitalisInfo\/\",\"https:\/\/x.com\/KapitalisInfo\",\"https:\/\/www.youtube.com\/channel\/UC-yDYrHyfFBWWZaOw3FPg9Q\"]},{\"@type\":\"Person\",\"@id\":\"https:\/\/kapitalis.com\/tunisie\/#\/schema\/person\/d71f33a9ca44f7bad4698210b480c8e9\",\"name\":\"webmaster kapitalis\",\"url\":\"https:\/\/kapitalis.com\/tunisie\/author\/webmaster-kapitalis\/\"}]}<\/script>\n<!-- \/ Yoast SEO plugin. -->","yoast_head_json":{"title":"Utica : Pr\u00e9paration des 3e Journ\u00e9es tuniso-ivoiriennes de la sant\u00e9 - Kapitalis","robots":{"index":"index","follow":"follow","max-snippet":"max-snippet:-1","max-image-preview":"max-image-preview:large","max-video-preview":"max-video-preview:-1"},"canonical":"https:\/\/kapitalis.com\/tunisie\/2017\/02\/07\/utica-preparation-des-3e-journees-tuniso-ivoiriennes-de-la-sante\/","og_locale":"fr_FR","og_type":"article","og_title":"Utica : Pr\u00e9paration des 3e Journ\u00e9es tuniso-ivoiriennes de la sant\u00e9 - Kapitalis","og_description":"Le Conseil d\u2019affaires tuniso-ivoirien relevant de l\u2019Utica a tenu, mardi 7 f\u00e9vrier 2017, une r\u00e9union au si\u00e8ge de l\u2019organisation \u00e0 Tunis.","og_url":"https:\/\/kapitalis.com\/tunisie\/2017\/02\/07\/utica-preparation-des-3e-journees-tuniso-ivoiriennes-de-la-sante\/","og_site_name":"Kapitalis","article_publisher":"https:\/\/www.facebook.com\/KapitalisInfo\/","article_published_time":"2017-02-07T15:41:17+00:00","article_modified_time":"2017-02-07T15:42:22+00:00","og_image":[{"width":1200,"height":630,"url":"https:\/\/kapitalis.com\/tunisie\/wp-content\/uploads\/2022\/05\/kapitalis-logo-fb.png","type":"image\/png"}],"author":"webmaster kapitalis","twitter_card":"summary_large_image","twitter_creator":"@KapitalisInfo","twitter_site":"@KapitalisInfo","twitter_misc":{"\u00c9crit par":"webmaster kapitalis","Dur\u00e9e de lecture estim\u00e9e":"2 minutes"},"schema":{"@context":"https:\/\/schema.org","@graph":[{"@type":"Article","@id":"https:\/\/kapitalis.com\/tunisie\/2017\/02\/07\/utica-preparation-des-3e-journees-tuniso-ivoiriennes-de-la-sante\/#article","isPartOf":{"@id":"https:\/\/kapitalis.com\/tunisie\/2017\/02\/07\/utica-preparation-des-3e-journees-tuniso-ivoiriennes-de-la-sante\/"},"author":{"name":"webmaster kapitalis","@id":"https:\/\/kapitalis.com\/tunisie\/#\/schema\/person\/d71f33a9ca44f7bad4698210b480c8e9"},"headline":"Utica : Pr\u00e9paration des 3e Journ\u00e9es tuniso-ivoiriennes de la sant\u00e9","datePublished":"2017-02-07T15:41:17+00:00","dateModified":"2017-02-07T15:42:22+00:00","mainEntityOfPage":{"@id":"https:\/\/kapitalis.com\/tunisie\/2017\/02\/07\/utica-preparation-des-3e-journees-tuniso-ivoiriennes-de-la-sante\/"},"wordCount":363,"commentCount":0,"publisher":{"@id":"https:\/\/kapitalis.com\/tunisie\/#organization"},"image":{"@id":"https:\/\/kapitalis.com\/tunisie\/2017\/02\/07\/utica-preparation-des-3e-journees-tuniso-ivoiriennes-de-la-sante\/#primaryimage"},"thumbnailUrl":"","keywords":["C\u00f4te d'Ivoire","Riadh Azaiez","Sant\u00e9"],"articleSection":["ECONOMIE","Tunisie"],"inLanguage":"fr-FR","potentialAction":[{"@type":"CommentAction","name":"Comment","target":["https:\/\/kapitalis.com\/tunisie\/2017\/02\/07\/utica-preparation-des-3e-journees-tuniso-ivoiriennes-de-la-sante\/#respond"]}]},{"@type":"WebPage","@id":"https:\/\/kapitalis.com\/tunisie\/2017\/02\/07\/utica-preparation-des-3e-journees-tuniso-ivoiriennes-de-la-sante\/","url":"https:\/\/kapitalis.com\/tunisie\/2017\/02\/07\/utica-preparation-des-3e-journees-tuniso-ivoiriennes-de-la-sante\/","name":"Utica : Pr\u00e9paration des 3e Journ\u00e9es tuniso-ivoiriennes de la sant\u00e9 - Kapitalis","isPartOf":{"@id":"https:\/\/kapitalis.com\/tunisie\/#website"},"primaryImageOfPage":{"@id":"https:\/\/kapitalis.com\/tunisie\/2017\/02\/07\/utica-preparation-des-3e-journees-tuniso-ivoiriennes-de-la-sante\/#primaryimage"},"image":{"@id":"https:\/\/kapitalis.com\/tunisie\/2017\/02\/07\/utica-preparation-des-3e-journees-tuniso-ivoiriennes-de-la-sante\/#primaryimage"},"thumbnailUrl":"","datePublished":"2017-02-07T15:41:17+00:00","dateModified":"2017-02-07T15:42:22+00:00","breadcrumb":{"@id":"https:\/\/kapitalis.com\/tunisie\/2017\/02\/07\/utica-preparation-des-3e-journees-tuniso-ivoiriennes-de-la-sante\/#breadcrumb"},"inLanguage":"fr-FR","potentialAction":[{"@type":"ReadAction","target":["https:\/\/kapitalis.com\/tunisie\/2017\/02\/07\/utica-preparation-des-3e-journees-tuniso-ivoiriennes-de-la-sante\/"]}]},{"@type":"ImageObject","inLanguage":"fr-FR","@id":"https:\/\/kapitalis.com\/tunisie\/2017\/02\/07\/utica-preparation-des-3e-journees-tuniso-ivoiriennes-de-la-sante\/#primaryimage","url":"","contentUrl":""},{"@type":"BreadcrumbList","@id":"https:\/\/kapitalis.com\/tunisie\/2017\/02\/07\/utica-preparation-des-3e-journees-tuniso-ivoiriennes-de-la-sante\/#breadcrumb","itemListElement":[{"@type":"ListItem","position":1,"name":"Accueil","item":"https:\/\/kapitalis.com\/tunisie\/"},{"@type":"ListItem","position":2,"name":"Utica : Pr\u00e9paration des 3e Journ\u00e9es tuniso-ivoiriennes de la sant\u00e9"}]},{"@type":"WebSite","@id":"https:\/\/kapitalis.com\/tunisie\/#website","url":"https:\/\/kapitalis.com\/tunisie\/","name":"Kapitalis","description":"L&#039;actualit\u00e9 en Tunisie et dans le monde","publisher":{"@id":"https:\/\/kapitalis.com\/tunisie\/#organization"},"potentialAction":[{"@type":"SearchAction","target":{"@type":"EntryPoint","urlTemplate":"https:\/\/kapitalis.com\/tunisie\/?s={search_term_string}"},"query-input":{"@type":"PropertyValueSpecification","valueRequired":true,"valueName":"search_term_string"}}],"inLanguage":"fr-FR"},{"@type":"Organization","@id":"https:\/\/kapitalis.com\/tunisie\/#organization","name":"Kapitalis","url":"https:\/\/kapitalis.com\/tunisie\/","logo":{"@type":"ImageObject","inLanguage":"fr-FR","@id":"https:\/\/kapitalis.com\/tunisie\/#\/schema\/logo\/image\/","url":"https:\/\/kapitalis.com\/tunisie\/wp-content\/uploads\/2022\/05\/Kapitalis-big-size.png","contentUrl":"https:\/\/kapitalis.com\/tunisie\/wp-content\/uploads\/2022\/05\/Kapitalis-big-size.png","width":5000,"height":1500,"caption":"Kapitalis"},"image":{"@id":"https:\/\/kapitalis.com\/tunisie\/#\/schema\/logo\/image\/"},"sameAs":["https:\/\/www.facebook.com\/KapitalisInfo\/","https:\/\/x.com\/KapitalisInfo","https:\/\/www.youtube.com\/channel\/UC-yDYrHyfFBWWZaOw3FPg9Q"]},{"@type":"Person","@id":"https:\/\/kapitalis.com\/tunisie\/#\/schema\/person\/d71f33a9ca44f7bad4698210b480c8e9","name":"webmaster kapitalis","url":"https:\/\/kapitalis.com\/tunisie\/author\/webmaster-kapitalis\/"}]}},"_links":{"self":[{"href":"https:\/\/kapitalis.com\/tunisie\/wp-json\/wp\/v2\/posts\/82161","targetHints":{"allow":["GET"]}}],"collection":[{"href":"https:\/\/kapitalis.com\/tunisie\/wp-json\/wp\/v2\/posts"}],"about":[{"href":"https:\/\/kapitalis.com\/tunisie\/wp-json\/wp\/v2\/types\/post"}],"author":[{"embeddable":true,"href":"https:\/\/kapitalis.com\/tunisie\/wp-json\/wp\/v2\/users\/8"}],"replies":[{"embeddable":true,"href":"https:\/\/kapitalis.com\/tunisie\/wp-json\/wp\/v2\/comments?post=82161"}],"version-history":[{"count":0,"href":"https:\/\/kapitalis.com\/tunisie\/wp-json\/wp\/v2\/posts\/82161\/revisions"}],"wp:featuredmedia":[{"embeddable":true,"href":"https:\/\/kapitalis.com\/tunisie\/wp-json\/wp\/v2\/media\/82162"}],"wp:attachment":[{"href":"https:\/\/kapitalis.com\/tunisie\/wp-json\/wp\/v2\/media?parent=82161"}],"wp:term":[{"taxonomy":"category","embeddable":true,"href":"https:\/\/kapitalis.com\/tunisie\/wp-json\/wp\/v2\/categories?post=82161"},{"taxonomy":"post_tag","embeddable":true,"href":"https:\/\/kapitalis.com\/tunisie\/wp-json\/wp\/v2\/tags?post=82161"}],"curies":[{"name":"wp","href":"https:\/\/api.w.org\/{rel}","templated":true}]}}