{"id":82235,"date":"2017-02-08T11:23:36","date_gmt":"2017-02-08T10:23:36","guid":{"rendered":"http:\/\/kapitalis.com\/tunisie\/?p=82235"},"modified":"2017-02-08T11:23:36","modified_gmt":"2017-02-08T10:23:36","slug":"gafsa-mohamed-et-hachem-14-ans-portes-disparus","status":"publish","type":"post","link":"https:\/\/kapitalis.com\/tunisie\/2017\/02\/08\/gafsa-mohamed-et-hachem-14-ans-portes-disparus\/","title":{"rendered":"Gafsa : Mohamed et Hachem (14 ans) port\u00e9s disparus"},"content":{"rendered":"<p style=\"text-align: center;\"><img loading=\"lazy\" decoding=\"async\" class=\"alignnone size-full wp-image-82236\" src=\"http:\/\/kapitalis.com\/tunisie\/wp-content\/uploads\/2017\/02\/Gafsa-ados-disparus.jpg\" alt=\"\" width=\"626\" height=\"380\" \/><\/p>\n<p><em><strong>Deux adolescents de 14 ans, originaires de Gafsa, sont port\u00e9s disparus depuis lundi. Des t\u00e9moins rapportent qu\u2019ils auraient \u00e9t\u00e9 vus \u00e0 Sousse avec 2 individus.<\/strong><\/em><\/p>\n<p><!--more--><\/p>\n<p>Mohamed Ifdhal et Hachem Sbihi, deux \u00e9l\u00e8ves originaires de Mdhila, seraient partis vers une destination inconnue. Ils ont emport\u00e9 avec eux des sacs avec des effets personnels et emprunt\u00e9 un louage (transport inter-r\u00e9gional) qui les aurait d\u00e9pos\u00e9s \u00e0 Sousse, o\u00f9 2 individus les attendaient.<\/p>\n<p>Selon leur entourage, Mohamed et Hachem sont 2 bons \u00e9l\u00e8ves qui n\u2019ont pas de soucis de comportement.<\/p>\n<p>La police et des proches effectuent des recherches depuis lundi, mais sans r\u00e9sultat. Inqui\u00e8tes, leurs familles font appel aux m\u00e9dias pour les aider \u00e0 les retrouver.<\/p>\n<p style=\"text-align: right;\"><strong>Y. N.<\/strong><\/p>\n","protected":false},"excerpt":{"rendered":"<p>Deux adolescents de 14 ans, originaires de Gafsa, sont port\u00e9s disparus depuis lundi. Des t\u00e9moins rapportent qu\u2019ils auraient \u00e9t\u00e9 vus \u00e0 Sousse avec 2 individus.<\/p>\n","protected":false},"author":6,"featured_media":82236,"comment_status":"open","ping_status":"open","sticky":false,"template":"","format":"standard","meta":{"footnotes":""},"categories":[998,2433],"tags":[14244,1861,315,407,6819],"class_list":["post-82235","post","type-post","status-publish","format-standard","has-post-thumbnail","hentry","category-societe","category-tunisie","tag-adolescents","tag-disparus","tag-eleves","tag-gafsa","tag-mdhila"],"yoast_head":"<!-- This site is optimized with the Yoast SEO plugin v26.6 - https:\/\/yoast.com\/wordpress\/plugins\/seo\/ -->\n<title>Gafsa : Mohamed et Hachem (14 ans) port\u00e9s disparus - Kapitalis<\/title>\n<meta name=\"robots\" content=\"index, follow, max-snippet:-1, max-image-preview:large, max-video-preview:-1\" \/>\n<link rel=\"canonical\" href=\"https:\/\/kapitalis.com\/tunisie\/2017\/02\/08\/gafsa-mohamed-et-hachem-14-ans-portes-disparus\/\" \/>\n<meta property=\"og:locale\" content=\"fr_FR\" \/>\n<meta property=\"og:type\" content=\"article\" \/>\n<meta property=\"og:title\" content=\"Gafsa : Mohamed et Hachem (14 ans) port\u00e9s disparus - Kapitalis\" \/>\n<meta property=\"og:description\" content=\"Deux adolescents de 14 ans, originaires de Gafsa, sont port\u00e9s disparus depuis lundi. Des t\u00e9moins rapportent qu\u2019ils auraient \u00e9t\u00e9 vus \u00e0 Sousse avec 2 individus.\" \/>\n<meta property=\"og:url\" content=\"https:\/\/kapitalis.com\/tunisie\/2017\/02\/08\/gafsa-mohamed-et-hachem-14-ans-portes-disparus\/\" \/>\n<meta property=\"og:site_name\" content=\"Kapitalis\" \/>\n<meta property=\"article:publisher\" content=\"https:\/\/www.facebook.com\/KapitalisInfo\/\" \/>\n<meta property=\"article:published_time\" content=\"2017-02-08T10:23:36+00:00\" \/>\n<meta property=\"og:image\" content=\"https:\/\/kapitalis.com\/tunisie\/wp-content\/uploads\/2022\/05\/kapitalis-logo-fb.png\" \/>\n\t<meta property=\"og:image:width\" content=\"1200\" \/>\n\t<meta property=\"og:image:height\" content=\"630\" \/>\n\t<meta property=\"og:image:type\" content=\"image\/png\" \/>\n<meta name=\"author\" content=\"Yusra NY\" \/>\n<meta name=\"twitter:card\" content=\"summary_large_image\" \/>\n<meta name=\"twitter:creator\" content=\"@KapitalisInfo\" \/>\n<meta name=\"twitter:site\" content=\"@KapitalisInfo\" \/>\n<meta name=\"twitter:label1\" content=\"\u00c9crit par\" \/>\n\t<meta name=\"twitter:data1\" content=\"Yusra NY\" \/>\n\t<meta name=\"twitter:label2\" content=\"Dur\u00e9e de lecture estim\u00e9e\" \/>\n\t<meta name=\"twitter:data2\" content=\"1 minute\" \/>\n<script type=\"application\/ld+json\" class=\"yoast-schema-graph\">{\"@context\":\"https:\/\/schema.org\",\"@graph\":[{\"@type\":\"Article\",\"@id\":\"https:\/\/kapitalis.com\/tunisie\/2017\/02\/08\/gafsa-mohamed-et-hachem-14-ans-portes-disparus\/#article\",\"isPartOf\":{\"@id\":\"https:\/\/kapitalis.com\/tunisie\/2017\/02\/08\/gafsa-mohamed-et-hachem-14-ans-portes-disparus\/\"},\"author\":{\"name\":\"Yusra NY\",\"@id\":\"https:\/\/kapitalis.com\/tunisie\/#\/schema\/person\/74bbde0154d49d790a92aaeac5bc01d5\"},\"headline\":\"Gafsa : Mohamed et Hachem (14 ans) port\u00e9s disparus\",\"datePublished\":\"2017-02-08T10:23:36+00:00\",\"mainEntityOfPage\":{\"@id\":\"https:\/\/kapitalis.com\/tunisie\/2017\/02\/08\/gafsa-mohamed-et-hachem-14-ans-portes-disparus\/\"},\"wordCount\":127,\"commentCount\":0,\"publisher\":{\"@id\":\"https:\/\/kapitalis.com\/tunisie\/#organization\"},\"image\":{\"@id\":\"https:\/\/kapitalis.com\/tunisie\/2017\/02\/08\/gafsa-mohamed-et-hachem-14-ans-portes-disparus\/#primaryimage\"},\"thumbnailUrl\":\"\",\"keywords\":[\"adolescents\",\"disparus\",\"\u00e9l\u00e8ves\",\"Gafsa\",\"Mdhila\"],\"articleSection\":[\"SOCIETE\",\"Tunisie\"],\"inLanguage\":\"fr-FR\",\"potentialAction\":[{\"@type\":\"CommentAction\",\"name\":\"Comment\",\"target\":[\"https:\/\/kapitalis.com\/tunisie\/2017\/02\/08\/gafsa-mohamed-et-hachem-14-ans-portes-disparus\/#respond\"]}]},{\"@type\":\"WebPage\",\"@id\":\"https:\/\/kapitalis.com\/tunisie\/2017\/02\/08\/gafsa-mohamed-et-hachem-14-ans-portes-disparus\/\",\"url\":\"https:\/\/kapitalis.com\/tunisie\/2017\/02\/08\/gafsa-mohamed-et-hachem-14-ans-portes-disparus\/\",\"name\":\"Gafsa : Mohamed et Hachem (14 ans) port\u00e9s disparus - Kapitalis\",\"isPartOf\":{\"@id\":\"https:\/\/kapitalis.com\/tunisie\/#website\"},\"primaryImageOfPage\":{\"@id\":\"https:\/\/kapitalis.com\/tunisie\/2017\/02\/08\/gafsa-mohamed-et-hachem-14-ans-portes-disparus\/#primaryimage\"},\"image\":{\"@id\":\"https:\/\/kapitalis.com\/tunisie\/2017\/02\/08\/gafsa-mohamed-et-hachem-14-ans-portes-disparus\/#primaryimage\"},\"thumbnailUrl\":\"\",\"datePublished\":\"2017-02-08T10:23:36+00:00\",\"breadcrumb\":{\"@id\":\"https:\/\/kapitalis.com\/tunisie\/2017\/02\/08\/gafsa-mohamed-et-hachem-14-ans-portes-disparus\/#breadcrumb\"},\"inLanguage\":\"fr-FR\",\"potentialAction\":[{\"@type\":\"ReadAction\",\"target\":[\"https:\/\/kapitalis.com\/tunisie\/2017\/02\/08\/gafsa-mohamed-et-hachem-14-ans-portes-disparus\/\"]}]},{\"@type\":\"ImageObject\",\"inLanguage\":\"fr-FR\",\"@id\":\"https:\/\/kapitalis.com\/tunisie\/2017\/02\/08\/gafsa-mohamed-et-hachem-14-ans-portes-disparus\/#primaryimage\",\"url\":\"\",\"contentUrl\":\"\"},{\"@type\":\"BreadcrumbList\",\"@id\":\"https:\/\/kapitalis.com\/tunisie\/2017\/02\/08\/gafsa-mohamed-et-hachem-14-ans-portes-disparus\/#breadcrumb\",\"itemListElement\":[{\"@type\":\"ListItem\",\"position\":1,\"name\":\"Accueil\",\"item\":\"https:\/\/kapitalis.com\/tunisie\/\"},{\"@type\":\"ListItem\",\"position\":2,\"name\":\"Gafsa : Mohamed et Hachem (14 ans) port\u00e9s disparus\"}]},{\"@type\":\"WebSite\",\"@id\":\"https:\/\/kapitalis.com\/tunisie\/#website\",\"url\":\"https:\/\/kapitalis.com\/tunisie\/\",\"name\":\"Kapitalis\",\"description\":\"L&#039;actualit\u00e9 en Tunisie et dans le monde\",\"publisher\":{\"@id\":\"https:\/\/kapitalis.com\/tunisie\/#organization\"},\"potentialAction\":[{\"@type\":\"SearchAction\",\"target\":{\"@type\":\"EntryPoint\",\"urlTemplate\":\"https:\/\/kapitalis.com\/tunisie\/?s={search_term_string}\"},\"query-input\":{\"@type\":\"PropertyValueSpecification\",\"valueRequired\":true,\"valueName\":\"search_term_string\"}}],\"inLanguage\":\"fr-FR\"},{\"@type\":\"Organization\",\"@id\":\"https:\/\/kapitalis.com\/tunisie\/#organization\",\"name\":\"Kapitalis\",\"url\":\"https:\/\/kapitalis.com\/tunisie\/\",\"logo\":{\"@type\":\"ImageObject\",\"inLanguage\":\"fr-FR\",\"@id\":\"https:\/\/kapitalis.com\/tunisie\/#\/schema\/logo\/image\/\",\"url\":\"https:\/\/kapitalis.com\/tunisie\/wp-content\/uploads\/2022\/05\/Kapitalis-big-size.png\",\"contentUrl\":\"https:\/\/kapitalis.com\/tunisie\/wp-content\/uploads\/2022\/05\/Kapitalis-big-size.png\",\"width\":5000,\"height\":1500,\"caption\":\"Kapitalis\"},\"image\":{\"@id\":\"https:\/\/kapitalis.com\/tunisie\/#\/schema\/logo\/image\/\"},\"sameAs\":[\"https:\/\/www.facebook.com\/KapitalisInfo\/\",\"https:\/\/x.com\/KapitalisInfo\",\"https:\/\/www.youtube.com\/channel\/UC-yDYrHyfFBWWZaOw3FPg9Q\"]},{\"@type\":\"Person\",\"@id\":\"https:\/\/kapitalis.com\/tunisie\/#\/schema\/person\/74bbde0154d49d790a92aaeac5bc01d5\",\"name\":\"Yusra NY\",\"url\":\"https:\/\/kapitalis.com\/tunisie\/author\/yuza_adam\/\"}]}<\/script>\n<!-- \/ Yoast SEO plugin. -->","yoast_head_json":{"title":"Gafsa : Mohamed et Hachem (14 ans) port\u00e9s disparus - Kapitalis","robots":{"index":"index","follow":"follow","max-snippet":"max-snippet:-1","max-image-preview":"max-image-preview:large","max-video-preview":"max-video-preview:-1"},"canonical":"https:\/\/kapitalis.com\/tunisie\/2017\/02\/08\/gafsa-mohamed-et-hachem-14-ans-portes-disparus\/","og_locale":"fr_FR","og_type":"article","og_title":"Gafsa : Mohamed et Hachem (14 ans) port\u00e9s disparus - Kapitalis","og_description":"Deux adolescents de 14 ans, originaires de Gafsa, sont port\u00e9s disparus depuis lundi. Des t\u00e9moins rapportent qu\u2019ils auraient \u00e9t\u00e9 vus \u00e0 Sousse avec 2 individus.","og_url":"https:\/\/kapitalis.com\/tunisie\/2017\/02\/08\/gafsa-mohamed-et-hachem-14-ans-portes-disparus\/","og_site_name":"Kapitalis","article_publisher":"https:\/\/www.facebook.com\/KapitalisInfo\/","article_published_time":"2017-02-08T10:23:36+00:00","og_image":[{"width":1200,"height":630,"url":"https:\/\/kapitalis.com\/tunisie\/wp-content\/uploads\/2022\/05\/kapitalis-logo-fb.png","type":"image\/png"}],"author":"Yusra NY","twitter_card":"summary_large_image","twitter_creator":"@KapitalisInfo","twitter_site":"@KapitalisInfo","twitter_misc":{"\u00c9crit par":"Yusra NY","Dur\u00e9e de lecture estim\u00e9e":"1 minute"},"schema":{"@context":"https:\/\/schema.org","@graph":[{"@type":"Article","@id":"https:\/\/kapitalis.com\/tunisie\/2017\/02\/08\/gafsa-mohamed-et-hachem-14-ans-portes-disparus\/#article","isPartOf":{"@id":"https:\/\/kapitalis.com\/tunisie\/2017\/02\/08\/gafsa-mohamed-et-hachem-14-ans-portes-disparus\/"},"author":{"name":"Yusra NY","@id":"https:\/\/kapitalis.com\/tunisie\/#\/schema\/person\/74bbde0154d49d790a92aaeac5bc01d5"},"headline":"Gafsa : Mohamed et Hachem (14 ans) port\u00e9s disparus","datePublished":"2017-02-08T10:23:36+00:00","mainEntityOfPage":{"@id":"https:\/\/kapitalis.com\/tunisie\/2017\/02\/08\/gafsa-mohamed-et-hachem-14-ans-portes-disparus\/"},"wordCount":127,"commentCount":0,"publisher":{"@id":"https:\/\/kapitalis.com\/tunisie\/#organization"},"image":{"@id":"https:\/\/kapitalis.com\/tunisie\/2017\/02\/08\/gafsa-mohamed-et-hachem-14-ans-portes-disparus\/#primaryimage"},"thumbnailUrl":"","keywords":["adolescents","disparus","\u00e9l\u00e8ves","Gafsa","Mdhila"],"articleSection":["SOCIETE","Tunisie"],"inLanguage":"fr-FR","potentialAction":[{"@type":"CommentAction","name":"Comment","target":["https:\/\/kapitalis.com\/tunisie\/2017\/02\/08\/gafsa-mohamed-et-hachem-14-ans-portes-disparus\/#respond"]}]},{"@type":"WebPage","@id":"https:\/\/kapitalis.com\/tunisie\/2017\/02\/08\/gafsa-mohamed-et-hachem-14-ans-portes-disparus\/","url":"https:\/\/kapitalis.com\/tunisie\/2017\/02\/08\/gafsa-mohamed-et-hachem-14-ans-portes-disparus\/","name":"Gafsa : Mohamed et Hachem (14 ans) port\u00e9s disparus - Kapitalis","isPartOf":{"@id":"https:\/\/kapitalis.com\/tunisie\/#website"},"primaryImageOfPage":{"@id":"https:\/\/kapitalis.com\/tunisie\/2017\/02\/08\/gafsa-mohamed-et-hachem-14-ans-portes-disparus\/#primaryimage"},"image":{"@id":"https:\/\/kapitalis.com\/tunisie\/2017\/02\/08\/gafsa-mohamed-et-hachem-14-ans-portes-disparus\/#primaryimage"},"thumbnailUrl":"","datePublished":"2017-02-08T10:23:36+00:00","breadcrumb":{"@id":"https:\/\/kapitalis.com\/tunisie\/2017\/02\/08\/gafsa-mohamed-et-hachem-14-ans-portes-disparus\/#breadcrumb"},"inLanguage":"fr-FR","potentialAction":[{"@type":"ReadAction","target":["https:\/\/kapitalis.com\/tunisie\/2017\/02\/08\/gafsa-mohamed-et-hachem-14-ans-portes-disparus\/"]}]},{"@type":"ImageObject","inLanguage":"fr-FR","@id":"https:\/\/kapitalis.com\/tunisie\/2017\/02\/08\/gafsa-mohamed-et-hachem-14-ans-portes-disparus\/#primaryimage","url":"","contentUrl":""},{"@type":"BreadcrumbList","@id":"https:\/\/kapitalis.com\/tunisie\/2017\/02\/08\/gafsa-mohamed-et-hachem-14-ans-portes-disparus\/#breadcrumb","itemListElement":[{"@type":"ListItem","position":1,"name":"Accueil","item":"https:\/\/kapitalis.com\/tunisie\/"},{"@type":"ListItem","position":2,"name":"Gafsa : Mohamed et Hachem (14 ans) port\u00e9s disparus"}]},{"@type":"WebSite","@id":"https:\/\/kapitalis.com\/tunisie\/#website","url":"https:\/\/kapitalis.com\/tunisie\/","name":"Kapitalis","description":"L&#039;actualit\u00e9 en Tunisie et dans le monde","publisher":{"@id":"https:\/\/kapitalis.com\/tunisie\/#organization"},"potentialAction":[{"@type":"SearchAction","target":{"@type":"EntryPoint","urlTemplate":"https:\/\/kapitalis.com\/tunisie\/?s={search_term_string}"},"query-input":{"@type":"PropertyValueSpecification","valueRequired":true,"valueName":"search_term_string"}}],"inLanguage":"fr-FR"},{"@type":"Organization","@id":"https:\/\/kapitalis.com\/tunisie\/#organization","name":"Kapitalis","url":"https:\/\/kapitalis.com\/tunisie\/","logo":{"@type":"ImageObject","inLanguage":"fr-FR","@id":"https:\/\/kapitalis.com\/tunisie\/#\/schema\/logo\/image\/","url":"https:\/\/kapitalis.com\/tunisie\/wp-content\/uploads\/2022\/05\/Kapitalis-big-size.png","contentUrl":"https:\/\/kapitalis.com\/tunisie\/wp-content\/uploads\/2022\/05\/Kapitalis-big-size.png","width":5000,"height":1500,"caption":"Kapitalis"},"image":{"@id":"https:\/\/kapitalis.com\/tunisie\/#\/schema\/logo\/image\/"},"sameAs":["https:\/\/www.facebook.com\/KapitalisInfo\/","https:\/\/x.com\/KapitalisInfo","https:\/\/www.youtube.com\/channel\/UC-yDYrHyfFBWWZaOw3FPg9Q"]},{"@type":"Person","@id":"https:\/\/kapitalis.com\/tunisie\/#\/schema\/person\/74bbde0154d49d790a92aaeac5bc01d5","name":"Yusra NY","url":"https:\/\/kapitalis.com\/tunisie\/author\/yuza_adam\/"}]}},"_links":{"self":[{"href":"https:\/\/kapitalis.com\/tunisie\/wp-json\/wp\/v2\/posts\/82235","targetHints":{"allow":["GET"]}}],"collection":[{"href":"https:\/\/kapitalis.com\/tunisie\/wp-json\/wp\/v2\/posts"}],"about":[{"href":"https:\/\/kapitalis.com\/tunisie\/wp-json\/wp\/v2\/types\/post"}],"author":[{"embeddable":true,"href":"https:\/\/kapitalis.com\/tunisie\/wp-json\/wp\/v2\/users\/6"}],"replies":[{"embeddable":true,"href":"https:\/\/kapitalis.com\/tunisie\/wp-json\/wp\/v2\/comments?post=82235"}],"version-history":[{"count":0,"href":"https:\/\/kapitalis.com\/tunisie\/wp-json\/wp\/v2\/posts\/82235\/revisions"}],"wp:featuredmedia":[{"embeddable":true,"href":"https:\/\/kapitalis.com\/tunisie\/wp-json\/wp\/v2\/media\/82236"}],"wp:attachment":[{"href":"https:\/\/kapitalis.com\/tunisie\/wp-json\/wp\/v2\/media?parent=82235"}],"wp:term":[{"taxonomy":"category","embeddable":true,"href":"https:\/\/kapitalis.com\/tunisie\/wp-json\/wp\/v2\/categories?post=82235"},{"taxonomy":"post_tag","embeddable":true,"href":"https:\/\/kapitalis.com\/tunisie\/wp-json\/wp\/v2\/tags?post=82235"}],"curies":[{"name":"wp","href":"https:\/\/api.w.org\/{rel}","templated":true}]}}