{"id":82242,"date":"2017-02-08T11:54:53","date_gmt":"2017-02-08T10:54:53","guid":{"rendered":"http:\/\/kapitalis.com\/tunisie\/?p=82242"},"modified":"2017-02-08T11:54:53","modified_gmt":"2017-02-08T10:54:53","slug":"walid-zarrouk-de-nouveau-condamne-a-un-an-de-prison-ferme","status":"publish","type":"post","link":"https:\/\/kapitalis.com\/tunisie\/2017\/02\/08\/walid-zarrouk-de-nouveau-condamne-a-un-an-de-prison-ferme\/","title":{"rendered":"Walid Zarrouk de nouveau condamn\u00e9 \u00e0 un an de prison ferme"},"content":{"rendered":"<p style=\"text-align: center;\"><img loading=\"lazy\" decoding=\"async\" class=\"alignnone size-full wp-image-75930\" src=\"http:\/\/kapitalis.com\/tunisie\/wp-content\/uploads\/2016\/12\/Zarrouk-Walid-prison.jpg\" alt=\"\" width=\"626\" height=\"380\" \/><\/p>\n<p><em><strong>Walid Zarrouk a \u00e9t\u00e9 condamn\u00e9, hier, \u00e0 un an de prison ferme, pour un post Facebook o\u00f9 il\u00a0accuse de partialit\u00e9 des juges traitant d&rsquo;affaires terroristes.<\/strong><\/em><\/p>\n<p><!--more--><\/p>\n<p>Jug\u00e9 selon les dispositions de la loi antiterroriste, le syndicaliste s\u00e9curitaire a \u00e9t\u00e9 condamn\u00e9 \u00e0 un an de prison ferme, mardi 7 f\u00e9vrier 2017, par le tribunal de Tunis, pour\u00a0diffamation et mise en danger de juges charg\u00e9s d&rsquo;affaires terroristes qu&rsquo;il avait nomm\u00e9s dans un\u00a0statut Facebook.<\/p>\n<p>Commentant ce jugement, la cin\u00e9aste Ines Ben Othmane, \u00e9pouse du syndicaliste s\u00e9curitaire, a d\u00e9nonc\u00e9 une injustice et une volont\u00e9 des autorit\u00e9s judiciaires \u00e0 faire taire ceux qui d\u00e9noncent les abus et la corruption de la justice.<\/p>\n<p>\u00ab<em>Je m\u2019interroge sur la lib\u00e9ration d\u2019\u00e9l\u00e9ments accus\u00e9s de terrorisme et l\u2019incarc\u00e9ration de Walid, qui a d\u00e9nonc\u00e9 des abus par sentiment patriotique\u00bb<\/em>, s\u2019est-elle indign\u00e9e, ajoutant que de pareilles d\u00e9cisions ne peuvent que l&rsquo;inciter\u00a0\u00e0 quitter le pays et \u00e0 abandonner la nationalit\u00e9 tunisienne.<\/p>\n<p>Walid Zarrouk, qui est incarc\u00e9r\u00e9 depuis juillet 2016, avait \u00e9t\u00e9 condamn\u00e9 \u00e0 2 ans de prison, dans une autre affaire pour diffamation en lien avec l\u2019attentat du Bardo\u00a0(18 mars 2015). Il avait accus\u00e9 les juges en charge de cette affaire d\u2019avoir fait lib\u00e9rer des suspects impliqu\u00e9s dans cette attaque.<\/p>\n<p style=\"text-align: right;\"><strong>Y. N.<\/strong><\/p>\n","protected":false},"excerpt":{"rendered":"<p>Walid Zarrouk a \u00e9t\u00e9 condamn\u00e9, hier, \u00e0 un an de prison ferme, pour un post Facebook o\u00f9 il\u00a0accuse de partialit\u00e9 des juges traitant d&rsquo;affaires terroristes.<\/p>\n","protected":false},"author":6,"featured_media":0,"comment_status":"open","ping_status":"open","sticky":false,"template":"","format":"standard","meta":{"footnotes":""},"categories":[998,2433],"tags":[3062,521,2745,899,3780],"class_list":["post-82242","post","type-post","status-publish","format-standard","hentry","category-societe","category-tunisie","tag-attentat-bardo","tag-juge","tag-syndicaliste","tag-terroristes","tag-walid-zarrouk"],"yoast_head":"<!-- This site is optimized with the Yoast SEO plugin v26.6 - https:\/\/yoast.com\/wordpress\/plugins\/seo\/ -->\n<title>Walid Zarrouk de nouveau condamn\u00e9 \u00e0 un an de prison ferme - Kapitalis<\/title>\n<meta name=\"robots\" content=\"index, follow, max-snippet:-1, max-image-preview:large, max-video-preview:-1\" \/>\n<link rel=\"canonical\" href=\"https:\/\/kapitalis.com\/tunisie\/2017\/02\/08\/walid-zarrouk-de-nouveau-condamne-a-un-an-de-prison-ferme\/\" \/>\n<meta property=\"og:locale\" content=\"fr_FR\" \/>\n<meta property=\"og:type\" content=\"article\" \/>\n<meta property=\"og:title\" content=\"Walid Zarrouk de nouveau condamn\u00e9 \u00e0 un an de prison ferme - Kapitalis\" \/>\n<meta property=\"og:description\" content=\"Walid Zarrouk a \u00e9t\u00e9 condamn\u00e9, hier, \u00e0 un an de prison ferme, pour un post Facebook o\u00f9 il\u00a0accuse de partialit\u00e9 des juges traitant d&rsquo;affaires terroristes.\" \/>\n<meta property=\"og:url\" content=\"https:\/\/kapitalis.com\/tunisie\/2017\/02\/08\/walid-zarrouk-de-nouveau-condamne-a-un-an-de-prison-ferme\/\" \/>\n<meta property=\"og:site_name\" content=\"Kapitalis\" \/>\n<meta property=\"article:publisher\" content=\"https:\/\/www.facebook.com\/KapitalisInfo\/\" \/>\n<meta property=\"article:published_time\" content=\"2017-02-08T10:54:53+00:00\" \/>\n<meta property=\"og:image\" content=\"http:\/\/kapitalis.com\/tunisie\/wp-content\/uploads\/2016\/12\/Zarrouk-Walid-prison.jpg\" \/>\n<meta name=\"author\" content=\"Yusra NY\" \/>\n<meta name=\"twitter:card\" content=\"summary_large_image\" \/>\n<meta name=\"twitter:creator\" content=\"@KapitalisInfo\" \/>\n<meta name=\"twitter:site\" content=\"@KapitalisInfo\" \/>\n<meta name=\"twitter:label1\" content=\"\u00c9crit par\" \/>\n\t<meta name=\"twitter:data1\" content=\"Yusra NY\" \/>\n\t<meta name=\"twitter:label2\" content=\"Dur\u00e9e de lecture estim\u00e9e\" \/>\n\t<meta name=\"twitter:data2\" content=\"1 minute\" \/>\n<script type=\"application\/ld+json\" class=\"yoast-schema-graph\">{\"@context\":\"https:\/\/schema.org\",\"@graph\":[{\"@type\":\"Article\",\"@id\":\"https:\/\/kapitalis.com\/tunisie\/2017\/02\/08\/walid-zarrouk-de-nouveau-condamne-a-un-an-de-prison-ferme\/#article\",\"isPartOf\":{\"@id\":\"https:\/\/kapitalis.com\/tunisie\/2017\/02\/08\/walid-zarrouk-de-nouveau-condamne-a-un-an-de-prison-ferme\/\"},\"author\":{\"name\":\"Yusra NY\",\"@id\":\"https:\/\/kapitalis.com\/tunisie\/#\/schema\/person\/74bbde0154d49d790a92aaeac5bc01d5\"},\"headline\":\"Walid Zarrouk de nouveau condamn\u00e9 \u00e0 un an de prison ferme\",\"datePublished\":\"2017-02-08T10:54:53+00:00\",\"mainEntityOfPage\":{\"@id\":\"https:\/\/kapitalis.com\/tunisie\/2017\/02\/08\/walid-zarrouk-de-nouveau-condamne-a-un-an-de-prison-ferme\/\"},\"wordCount\":226,\"commentCount\":2,\"publisher\":{\"@id\":\"https:\/\/kapitalis.com\/tunisie\/#organization\"},\"image\":{\"@id\":\"https:\/\/kapitalis.com\/tunisie\/2017\/02\/08\/walid-zarrouk-de-nouveau-condamne-a-un-an-de-prison-ferme\/#primaryimage\"},\"thumbnailUrl\":\"http:\/\/kapitalis.com\/tunisie\/wp-content\/uploads\/2016\/12\/Zarrouk-Walid-prison.jpg\",\"keywords\":[\"attentat Bardo\",\"juge\",\"syndicaliste\",\"terroristes\",\"Walid Zarrouk\"],\"articleSection\":[\"SOCIETE\",\"Tunisie\"],\"inLanguage\":\"fr-FR\",\"potentialAction\":[{\"@type\":\"CommentAction\",\"name\":\"Comment\",\"target\":[\"https:\/\/kapitalis.com\/tunisie\/2017\/02\/08\/walid-zarrouk-de-nouveau-condamne-a-un-an-de-prison-ferme\/#respond\"]}]},{\"@type\":\"WebPage\",\"@id\":\"https:\/\/kapitalis.com\/tunisie\/2017\/02\/08\/walid-zarrouk-de-nouveau-condamne-a-un-an-de-prison-ferme\/\",\"url\":\"https:\/\/kapitalis.com\/tunisie\/2017\/02\/08\/walid-zarrouk-de-nouveau-condamne-a-un-an-de-prison-ferme\/\",\"name\":\"Walid Zarrouk de nouveau condamn\u00e9 \u00e0 un an de prison ferme - Kapitalis\",\"isPartOf\":{\"@id\":\"https:\/\/kapitalis.com\/tunisie\/#website\"},\"primaryImageOfPage\":{\"@id\":\"https:\/\/kapitalis.com\/tunisie\/2017\/02\/08\/walid-zarrouk-de-nouveau-condamne-a-un-an-de-prison-ferme\/#primaryimage\"},\"image\":{\"@id\":\"https:\/\/kapitalis.com\/tunisie\/2017\/02\/08\/walid-zarrouk-de-nouveau-condamne-a-un-an-de-prison-ferme\/#primaryimage\"},\"thumbnailUrl\":\"http:\/\/kapitalis.com\/tunisie\/wp-content\/uploads\/2016\/12\/Zarrouk-Walid-prison.jpg\",\"datePublished\":\"2017-02-08T10:54:53+00:00\",\"breadcrumb\":{\"@id\":\"https:\/\/kapitalis.com\/tunisie\/2017\/02\/08\/walid-zarrouk-de-nouveau-condamne-a-un-an-de-prison-ferme\/#breadcrumb\"},\"inLanguage\":\"fr-FR\",\"potentialAction\":[{\"@type\":\"ReadAction\",\"target\":[\"https:\/\/kapitalis.com\/tunisie\/2017\/02\/08\/walid-zarrouk-de-nouveau-condamne-a-un-an-de-prison-ferme\/\"]}]},{\"@type\":\"ImageObject\",\"inLanguage\":\"fr-FR\",\"@id\":\"https:\/\/kapitalis.com\/tunisie\/2017\/02\/08\/walid-zarrouk-de-nouveau-condamne-a-un-an-de-prison-ferme\/#primaryimage\",\"url\":\"http:\/\/kapitalis.com\/tunisie\/wp-content\/uploads\/2016\/12\/Zarrouk-Walid-prison.jpg\",\"contentUrl\":\"http:\/\/kapitalis.com\/tunisie\/wp-content\/uploads\/2016\/12\/Zarrouk-Walid-prison.jpg\"},{\"@type\":\"BreadcrumbList\",\"@id\":\"https:\/\/kapitalis.com\/tunisie\/2017\/02\/08\/walid-zarrouk-de-nouveau-condamne-a-un-an-de-prison-ferme\/#breadcrumb\",\"itemListElement\":[{\"@type\":\"ListItem\",\"position\":1,\"name\":\"Accueil\",\"item\":\"https:\/\/kapitalis.com\/tunisie\/\"},{\"@type\":\"ListItem\",\"position\":2,\"name\":\"Walid Zarrouk de nouveau condamn\u00e9 \u00e0 un an de prison ferme\"}]},{\"@type\":\"WebSite\",\"@id\":\"https:\/\/kapitalis.com\/tunisie\/#website\",\"url\":\"https:\/\/kapitalis.com\/tunisie\/\",\"name\":\"Kapitalis\",\"description\":\"L&#039;actualit\u00e9 en Tunisie et dans le monde\",\"publisher\":{\"@id\":\"https:\/\/kapitalis.com\/tunisie\/#organization\"},\"potentialAction\":[{\"@type\":\"SearchAction\",\"target\":{\"@type\":\"EntryPoint\",\"urlTemplate\":\"https:\/\/kapitalis.com\/tunisie\/?s={search_term_string}\"},\"query-input\":{\"@type\":\"PropertyValueSpecification\",\"valueRequired\":true,\"valueName\":\"search_term_string\"}}],\"inLanguage\":\"fr-FR\"},{\"@type\":\"Organization\",\"@id\":\"https:\/\/kapitalis.com\/tunisie\/#organization\",\"name\":\"Kapitalis\",\"url\":\"https:\/\/kapitalis.com\/tunisie\/\",\"logo\":{\"@type\":\"ImageObject\",\"inLanguage\":\"fr-FR\",\"@id\":\"https:\/\/kapitalis.com\/tunisie\/#\/schema\/logo\/image\/\",\"url\":\"https:\/\/kapitalis.com\/tunisie\/wp-content\/uploads\/2022\/05\/Kapitalis-big-size.png\",\"contentUrl\":\"https:\/\/kapitalis.com\/tunisie\/wp-content\/uploads\/2022\/05\/Kapitalis-big-size.png\",\"width\":5000,\"height\":1500,\"caption\":\"Kapitalis\"},\"image\":{\"@id\":\"https:\/\/kapitalis.com\/tunisie\/#\/schema\/logo\/image\/\"},\"sameAs\":[\"https:\/\/www.facebook.com\/KapitalisInfo\/\",\"https:\/\/x.com\/KapitalisInfo\",\"https:\/\/www.youtube.com\/channel\/UC-yDYrHyfFBWWZaOw3FPg9Q\"]},{\"@type\":\"Person\",\"@id\":\"https:\/\/kapitalis.com\/tunisie\/#\/schema\/person\/74bbde0154d49d790a92aaeac5bc01d5\",\"name\":\"Yusra NY\",\"url\":\"https:\/\/kapitalis.com\/tunisie\/author\/yuza_adam\/\"}]}<\/script>\n<!-- \/ Yoast SEO plugin. -->","yoast_head_json":{"title":"Walid Zarrouk de nouveau condamn\u00e9 \u00e0 un an de prison ferme - Kapitalis","robots":{"index":"index","follow":"follow","max-snippet":"max-snippet:-1","max-image-preview":"max-image-preview:large","max-video-preview":"max-video-preview:-1"},"canonical":"https:\/\/kapitalis.com\/tunisie\/2017\/02\/08\/walid-zarrouk-de-nouveau-condamne-a-un-an-de-prison-ferme\/","og_locale":"fr_FR","og_type":"article","og_title":"Walid Zarrouk de nouveau condamn\u00e9 \u00e0 un an de prison ferme - Kapitalis","og_description":"Walid Zarrouk a \u00e9t\u00e9 condamn\u00e9, hier, \u00e0 un an de prison ferme, pour un post Facebook o\u00f9 il\u00a0accuse de partialit\u00e9 des juges traitant d&rsquo;affaires terroristes.","og_url":"https:\/\/kapitalis.com\/tunisie\/2017\/02\/08\/walid-zarrouk-de-nouveau-condamne-a-un-an-de-prison-ferme\/","og_site_name":"Kapitalis","article_publisher":"https:\/\/www.facebook.com\/KapitalisInfo\/","article_published_time":"2017-02-08T10:54:53+00:00","og_image":[{"url":"http:\/\/kapitalis.com\/tunisie\/wp-content\/uploads\/2016\/12\/Zarrouk-Walid-prison.jpg","type":"","width":"","height":""}],"author":"Yusra NY","twitter_card":"summary_large_image","twitter_creator":"@KapitalisInfo","twitter_site":"@KapitalisInfo","twitter_misc":{"\u00c9crit par":"Yusra NY","Dur\u00e9e de lecture estim\u00e9e":"1 minute"},"schema":{"@context":"https:\/\/schema.org","@graph":[{"@type":"Article","@id":"https:\/\/kapitalis.com\/tunisie\/2017\/02\/08\/walid-zarrouk-de-nouveau-condamne-a-un-an-de-prison-ferme\/#article","isPartOf":{"@id":"https:\/\/kapitalis.com\/tunisie\/2017\/02\/08\/walid-zarrouk-de-nouveau-condamne-a-un-an-de-prison-ferme\/"},"author":{"name":"Yusra NY","@id":"https:\/\/kapitalis.com\/tunisie\/#\/schema\/person\/74bbde0154d49d790a92aaeac5bc01d5"},"headline":"Walid Zarrouk de nouveau condamn\u00e9 \u00e0 un an de prison ferme","datePublished":"2017-02-08T10:54:53+00:00","mainEntityOfPage":{"@id":"https:\/\/kapitalis.com\/tunisie\/2017\/02\/08\/walid-zarrouk-de-nouveau-condamne-a-un-an-de-prison-ferme\/"},"wordCount":226,"commentCount":2,"publisher":{"@id":"https:\/\/kapitalis.com\/tunisie\/#organization"},"image":{"@id":"https:\/\/kapitalis.com\/tunisie\/2017\/02\/08\/walid-zarrouk-de-nouveau-condamne-a-un-an-de-prison-ferme\/#primaryimage"},"thumbnailUrl":"http:\/\/kapitalis.com\/tunisie\/wp-content\/uploads\/2016\/12\/Zarrouk-Walid-prison.jpg","keywords":["attentat Bardo","juge","syndicaliste","terroristes","Walid Zarrouk"],"articleSection":["SOCIETE","Tunisie"],"inLanguage":"fr-FR","potentialAction":[{"@type":"CommentAction","name":"Comment","target":["https:\/\/kapitalis.com\/tunisie\/2017\/02\/08\/walid-zarrouk-de-nouveau-condamne-a-un-an-de-prison-ferme\/#respond"]}]},{"@type":"WebPage","@id":"https:\/\/kapitalis.com\/tunisie\/2017\/02\/08\/walid-zarrouk-de-nouveau-condamne-a-un-an-de-prison-ferme\/","url":"https:\/\/kapitalis.com\/tunisie\/2017\/02\/08\/walid-zarrouk-de-nouveau-condamne-a-un-an-de-prison-ferme\/","name":"Walid Zarrouk de nouveau condamn\u00e9 \u00e0 un an de prison ferme - Kapitalis","isPartOf":{"@id":"https:\/\/kapitalis.com\/tunisie\/#website"},"primaryImageOfPage":{"@id":"https:\/\/kapitalis.com\/tunisie\/2017\/02\/08\/walid-zarrouk-de-nouveau-condamne-a-un-an-de-prison-ferme\/#primaryimage"},"image":{"@id":"https:\/\/kapitalis.com\/tunisie\/2017\/02\/08\/walid-zarrouk-de-nouveau-condamne-a-un-an-de-prison-ferme\/#primaryimage"},"thumbnailUrl":"http:\/\/kapitalis.com\/tunisie\/wp-content\/uploads\/2016\/12\/Zarrouk-Walid-prison.jpg","datePublished":"2017-02-08T10:54:53+00:00","breadcrumb":{"@id":"https:\/\/kapitalis.com\/tunisie\/2017\/02\/08\/walid-zarrouk-de-nouveau-condamne-a-un-an-de-prison-ferme\/#breadcrumb"},"inLanguage":"fr-FR","potentialAction":[{"@type":"ReadAction","target":["https:\/\/kapitalis.com\/tunisie\/2017\/02\/08\/walid-zarrouk-de-nouveau-condamne-a-un-an-de-prison-ferme\/"]}]},{"@type":"ImageObject","inLanguage":"fr-FR","@id":"https:\/\/kapitalis.com\/tunisie\/2017\/02\/08\/walid-zarrouk-de-nouveau-condamne-a-un-an-de-prison-ferme\/#primaryimage","url":"http:\/\/kapitalis.com\/tunisie\/wp-content\/uploads\/2016\/12\/Zarrouk-Walid-prison.jpg","contentUrl":"http:\/\/kapitalis.com\/tunisie\/wp-content\/uploads\/2016\/12\/Zarrouk-Walid-prison.jpg"},{"@type":"BreadcrumbList","@id":"https:\/\/kapitalis.com\/tunisie\/2017\/02\/08\/walid-zarrouk-de-nouveau-condamne-a-un-an-de-prison-ferme\/#breadcrumb","itemListElement":[{"@type":"ListItem","position":1,"name":"Accueil","item":"https:\/\/kapitalis.com\/tunisie\/"},{"@type":"ListItem","position":2,"name":"Walid Zarrouk de nouveau condamn\u00e9 \u00e0 un an de prison ferme"}]},{"@type":"WebSite","@id":"https:\/\/kapitalis.com\/tunisie\/#website","url":"https:\/\/kapitalis.com\/tunisie\/","name":"Kapitalis","description":"L&#039;actualit\u00e9 en Tunisie et dans le monde","publisher":{"@id":"https:\/\/kapitalis.com\/tunisie\/#organization"},"potentialAction":[{"@type":"SearchAction","target":{"@type":"EntryPoint","urlTemplate":"https:\/\/kapitalis.com\/tunisie\/?s={search_term_string}"},"query-input":{"@type":"PropertyValueSpecification","valueRequired":true,"valueName":"search_term_string"}}],"inLanguage":"fr-FR"},{"@type":"Organization","@id":"https:\/\/kapitalis.com\/tunisie\/#organization","name":"Kapitalis","url":"https:\/\/kapitalis.com\/tunisie\/","logo":{"@type":"ImageObject","inLanguage":"fr-FR","@id":"https:\/\/kapitalis.com\/tunisie\/#\/schema\/logo\/image\/","url":"https:\/\/kapitalis.com\/tunisie\/wp-content\/uploads\/2022\/05\/Kapitalis-big-size.png","contentUrl":"https:\/\/kapitalis.com\/tunisie\/wp-content\/uploads\/2022\/05\/Kapitalis-big-size.png","width":5000,"height":1500,"caption":"Kapitalis"},"image":{"@id":"https:\/\/kapitalis.com\/tunisie\/#\/schema\/logo\/image\/"},"sameAs":["https:\/\/www.facebook.com\/KapitalisInfo\/","https:\/\/x.com\/KapitalisInfo","https:\/\/www.youtube.com\/channel\/UC-yDYrHyfFBWWZaOw3FPg9Q"]},{"@type":"Person","@id":"https:\/\/kapitalis.com\/tunisie\/#\/schema\/person\/74bbde0154d49d790a92aaeac5bc01d5","name":"Yusra NY","url":"https:\/\/kapitalis.com\/tunisie\/author\/yuza_adam\/"}]}},"_links":{"self":[{"href":"https:\/\/kapitalis.com\/tunisie\/wp-json\/wp\/v2\/posts\/82242","targetHints":{"allow":["GET"]}}],"collection":[{"href":"https:\/\/kapitalis.com\/tunisie\/wp-json\/wp\/v2\/posts"}],"about":[{"href":"https:\/\/kapitalis.com\/tunisie\/wp-json\/wp\/v2\/types\/post"}],"author":[{"embeddable":true,"href":"https:\/\/kapitalis.com\/tunisie\/wp-json\/wp\/v2\/users\/6"}],"replies":[{"embeddable":true,"href":"https:\/\/kapitalis.com\/tunisie\/wp-json\/wp\/v2\/comments?post=82242"}],"version-history":[{"count":0,"href":"https:\/\/kapitalis.com\/tunisie\/wp-json\/wp\/v2\/posts\/82242\/revisions"}],"wp:attachment":[{"href":"https:\/\/kapitalis.com\/tunisie\/wp-json\/wp\/v2\/media?parent=82242"}],"wp:term":[{"taxonomy":"category","embeddable":true,"href":"https:\/\/kapitalis.com\/tunisie\/wp-json\/wp\/v2\/categories?post=82242"},{"taxonomy":"post_tag","embeddable":true,"href":"https:\/\/kapitalis.com\/tunisie\/wp-json\/wp\/v2\/tags?post=82242"}],"curies":[{"name":"wp","href":"https:\/\/api.w.org\/{rel}","templated":true}]}}