{"id":82308,"date":"2017-02-08T14:58:50","date_gmt":"2017-02-08T13:58:50","guid":{"rendered":"http:\/\/kapitalis.com\/tunisie\/?p=82308"},"modified":"2017-02-08T14:58:50","modified_gmt":"2017-02-08T13:58:50","slug":"citi-et-efe-au-service-de-lemployabilite-des-jeunes-en-tunisie","status":"publish","type":"post","link":"https:\/\/kapitalis.com\/tunisie\/2017\/02\/08\/citi-et-efe-au-service-de-lemployabilite-des-jeunes-en-tunisie\/","title":{"rendered":"Citi et EFE au service de l\u2019employabilit\u00e9 des jeunes en Tunisie"},"content":{"rendered":"<p><img loading=\"lazy\" decoding=\"async\" class=\"alignnone size-full wp-image-82309 aligncenter\" src=\"http:\/\/kapitalis.com\/tunisie\/wp-content\/uploads\/2017\/02\/Citi-EFE.jpg\" alt=\"\" width=\"626\" height=\"380\" \/><\/p>\n<p><em><strong>Citi et EFE annoncent la poursuite de leur partenariat en faveur de l\u2019autonomisation des jeunes ch\u00f4meurs en Tunisie, en Afrique du Nord et au Moyen-Orient.<\/strong><\/em><\/p>\n<p><!--more--><\/p>\n<p>Education For Employment (EFE), organisation de premier plan pour l\u2019emploi des jeunes au Moyen-Orient et en Afrique du Nord (Mena) et la Fondation Citi prolongent leur partenariat d\u2019une 4e ann\u00e9e en vue de cr\u00e9er des opportunit\u00e9s d\u2019emplois et \u00e9conomiques pour les jeunes ch\u00f4meurs en Tunisie et dans la r\u00e9gion Mena.<\/p>\n<p>Ce partenariat refl\u00e8te la conviction commune de Citi et d\u2019EFE selon laquelle, avec les comp\u00e9tences et les opportunit\u00e9s \u00e9conomiques appropri\u00e9es, les jeunes peuvent transformer leur vie, am\u00e9liorer le niveau de vie de leur famille et contribuer \u00e0 leur communaut\u00e9.<\/p>\n<p>Le partenariat EFE-Fondation Citi fait partie de l\u2019approche \u2018Pathways to Progress\u2019 (les voies d\u2019acc\u00e8s au progr\u00e8s) de la Fondation Citi, qui vise \u00e0 pr\u00e9parer les jeunes \u00e0 une carri\u00e8re professionnelle et \u00e0 et \u00e0 prosp\u00e9rer dans l\u2019\u00e9conomie d\u2019aujourd\u2019hui en les dotant des formations et des outils n\u00e9cessaires.<\/p>\n<p>Trois cents jeunes en Tunisie et au Maroc suivront une formation de pr\u00e9paration au milieu du travail, appuy\u00e9e par le partenariat. Cette formation aborde un r\u00e9sultat essentiel d\u2019une \u00e9tude command\u00e9e par Citi et l\u2019EIU (Economist Intelligence Unit), sur la fa\u00e7on dont les villes dans le monde appuient les ambitions des jeunes et contribuent \u00e0 leurs d\u00e9bouch\u00e9s \u00e9conomiques.<\/p>\n<p>Cette \u00e9tude a d\u00e9montr\u00e9 que, comparativement aux autres jeunes dans le monde, les jeunes du Moyen-Orient et d\u2019Afrique sont plus enclins \u00e0 dire qu\u2019ils n\u2019acqui\u00e8rent pas les aptitudes requises leur permettant d\u2019acc\u00e9der \u00e0 un emploi.<\/p>\n<p>Le partenariat Fondation Citi et EFE apportera son appui aux jeunes non seulement sur le renforcement de capacit\u00e9 sur un plan soft skills mais aussi, la filiale tunisienne, EFE-Tunisie, apportera une formation technico-commerciale \u00e0 96 jeunes, en connectant 75% au minimum des dipl\u00f4m\u00e9s du programme \u00e0 des opportunit\u00e9s d\u2019emplois et des stages \u00e0 plein temps \u2013 un \u00e9l\u00e9ment tout \u00e0 fait unique du mod\u00e8le EFE.<\/p>\n<p>Ce programme r\u00e9pond \u00e0 la n\u00e9cessit\u00e9 croissante d\u2019avoir des commerciaux qualifi\u00e9s en Tunisie dans le cadre de l\u2019accroissement des relations commerciales avec les soci\u00e9t\u00e9s europ\u00e9ennes et internationales. Il permet en outre de pr\u00e9parer les jeunes \u00e0 un r\u00f4le de commercial dans les secteurs de la vente au d\u00e9tail, de la distribution et du business process outsourcing (BPO \u2013 externalisation des processus m\u00e9tiers).<\/p>\n<p>En outre, avec l\u2019appui de la Fondation Citi, la plateforme d\u2019EFE aux EAU g\u00e9n\u00e8re plus d\u2019opportunit\u00e9s d\u2019emplois pour les dipl\u00f4m\u00e9s du R\u00e9seau EFE en Tunisie, de m\u00eame que des filiales d\u2019EFE qui op\u00e8rent au Maroc, en Egypte, en Jordanie, en Palestine, en Arabie Saoudite et au Y\u00e9men.<\/p>\n<p>Me Donia Ellouze, pr\u00e9sidente de EFE-Tunisie, a d\u00e9clar\u00e9 que<em> \u00abpendant trois ans, la Fondation Citi a aid\u00e9 EFE-Tunisie \u00e0 cr\u00e9er des opportunit\u00e9s \u00e9conomiques pour les jeunes en Tunisie. Son appui constitue un v\u00e9ritable rayon de lumi\u00e8re pour les Tunisiens au ch\u00f4mage qui sont \u00e0 la recherche d\u2019espoir et de stabilit\u00e9 d\u2019emploi. C\u2019est un v\u00e9ritable honneur de travailler en partenariat avec la Fondation Citi en vue de permettre \u00e0 ces jeunes de transformer leur vie par le biais d\u2019opportunit\u00e9s \u00e9conomiques et de catalyser la croissance \u00e9conomique en aidant les entreprises en Tunisie \u00e0 trouver les comp\u00e9tences dont elles ont besoin pour se d\u00e9velopper\u00bb.<\/em><\/p>\n<p>Karim Seiffeddine, responsable des affaires publiques de Citi au Moyen-Orient et en Afrique, a remarqu\u00e9 que \u00abce partenariat r\u00e9ussi s\u2019appuie sur une collaboration productive depuis 2013. Citi Foundation contribue au travers d\u2019EFE Tunisie \u00e0 la formation de centaines de jeunes marocains et tunisiens dans des domaines ou la demande est importante tel que la vente, les services de soins m\u00e9dicaux, et plus g\u00e9n\u00e9ralement le professionnalisme au travail.\u00bb<br \/>\nLe financement de la Citi Foundation, avec des contributions de d\u2019autres fondations comme Accenture Foundation et MasterCard Foundation, a aid\u00e9 plus de 340 jeunes au Maroc et en Tunisie \u00e0 s\u00e9curiser des emplois dans des entreprises multinationales ou des PMEs.<\/p>\n<p>Ces formations comprennent des modules de e-learning d\u00e9velopp\u00e9s par Accenture, r\u00e9pondant \u00e0 un int\u00e9r\u00eat croissant pour ce type de solutions d\u2019apprentissage comme identifi\u00e9 par l\u2019\u00e9tude de Citi et EIU.<\/p>\n<p>Cet \u00e9tude a relev\u00e9 que seulement 10% des jeunes au Moyen Orient et en Afrique prennent des cours en ligne, alors que plus du double affirment vouloir apprendre par ce moyen.<\/p>\n<p>En plus d\u2019apporter un appui direct au programme, la Fondation Citi a jou\u00e9 un r\u00f4le unique et vital dans l\u2019am\u00e9lioration de l\u2019efficacit\u00e9 du R\u00e9seau EFE. L\u2019appui de la Fondation Citi a contribu\u00e9 \u00e0 la r\u00e9ussite du R\u00e9seau EFE \u00e0 r\u00e9aliser l\u2019\u00e9tape importante de connecter 40.000 jeunes \u00e0 des emplois, \u00e0 des stages et d\u2019apporter un appui au d\u00e9marrage d\u2019entreprise ou au monde du travail.<\/p>\n<p>Pour information et inscription \u00e0 un programme de formation d\u2019EFE-Tunisie ou recrutement d\u2019un ancien \u00e9tudiant d\u2019EFE-Tunisie, il convient de visiter le <a href=\"http:\/\/www.efetunisie.org\">site d\u00e9di\u00e9<\/a>.<\/p>\n<p><em><strong>Source<\/strong><\/em> : communiqu\u00e9.<\/p>\n","protected":false},"excerpt":{"rendered":"<p>Citi et EFE annoncent la poursuite de leur partenariat en faveur de l\u2019autonomisation des jeunes ch\u00f4meurs en Tunisie, en Afrique du Nord et au Moyen-Orient.<\/p>\n","protected":false},"author":8,"featured_media":82309,"comment_status":"open","ping_status":"open","sticky":false,"template":"","format":"standard","meta":{"footnotes":""},"categories":[995,2433],"tags":[308],"class_list":["post-82308","post","type-post","status-publish","format-standard","has-post-thumbnail","hentry","category-economie","category-tunisie","tag-efe-tunisie"],"yoast_head":"<!-- This site is optimized with the Yoast SEO plugin v26.6 - https:\/\/yoast.com\/wordpress\/plugins\/seo\/ -->\n<title>Citi et EFE au service de l\u2019employabilit\u00e9 des jeunes en Tunisie - Kapitalis<\/title>\n<meta name=\"robots\" content=\"index, follow, max-snippet:-1, max-image-preview:large, max-video-preview:-1\" \/>\n<link rel=\"canonical\" href=\"https:\/\/kapitalis.com\/tunisie\/2017\/02\/08\/citi-et-efe-au-service-de-lemployabilite-des-jeunes-en-tunisie\/\" \/>\n<meta property=\"og:locale\" content=\"fr_FR\" \/>\n<meta property=\"og:type\" content=\"article\" \/>\n<meta property=\"og:title\" content=\"Citi et EFE au service de l\u2019employabilit\u00e9 des jeunes en Tunisie - Kapitalis\" \/>\n<meta property=\"og:description\" content=\"Citi et EFE annoncent la poursuite de leur partenariat en faveur de l\u2019autonomisation des jeunes ch\u00f4meurs en Tunisie, en Afrique du Nord et au Moyen-Orient.\" \/>\n<meta property=\"og:url\" content=\"https:\/\/kapitalis.com\/tunisie\/2017\/02\/08\/citi-et-efe-au-service-de-lemployabilite-des-jeunes-en-tunisie\/\" \/>\n<meta property=\"og:site_name\" content=\"Kapitalis\" \/>\n<meta property=\"article:publisher\" content=\"https:\/\/www.facebook.com\/KapitalisInfo\/\" \/>\n<meta property=\"article:published_time\" content=\"2017-02-08T13:58:50+00:00\" \/>\n<meta property=\"og:image\" content=\"https:\/\/kapitalis.com\/tunisie\/wp-content\/uploads\/2022\/05\/kapitalis-logo-fb.png\" \/>\n\t<meta property=\"og:image:width\" content=\"1200\" \/>\n\t<meta property=\"og:image:height\" content=\"630\" \/>\n\t<meta property=\"og:image:type\" content=\"image\/png\" \/>\n<meta name=\"author\" content=\"webmaster kapitalis\" \/>\n<meta name=\"twitter:card\" content=\"summary_large_image\" \/>\n<meta name=\"twitter:creator\" content=\"@KapitalisInfo\" \/>\n<meta name=\"twitter:site\" content=\"@KapitalisInfo\" \/>\n<meta name=\"twitter:label1\" content=\"\u00c9crit par\" \/>\n\t<meta name=\"twitter:data1\" content=\"webmaster kapitalis\" \/>\n\t<meta name=\"twitter:label2\" content=\"Dur\u00e9e de lecture estim\u00e9e\" \/>\n\t<meta name=\"twitter:data2\" content=\"4 minutes\" \/>\n<script type=\"application\/ld+json\" class=\"yoast-schema-graph\">{\"@context\":\"https:\/\/schema.org\",\"@graph\":[{\"@type\":\"Article\",\"@id\":\"https:\/\/kapitalis.com\/tunisie\/2017\/02\/08\/citi-et-efe-au-service-de-lemployabilite-des-jeunes-en-tunisie\/#article\",\"isPartOf\":{\"@id\":\"https:\/\/kapitalis.com\/tunisie\/2017\/02\/08\/citi-et-efe-au-service-de-lemployabilite-des-jeunes-en-tunisie\/\"},\"author\":{\"name\":\"webmaster kapitalis\",\"@id\":\"https:\/\/kapitalis.com\/tunisie\/#\/schema\/person\/d71f33a9ca44f7bad4698210b480c8e9\"},\"headline\":\"Citi et EFE au service de l\u2019employabilit\u00e9 des jeunes en Tunisie\",\"datePublished\":\"2017-02-08T13:58:50+00:00\",\"mainEntityOfPage\":{\"@id\":\"https:\/\/kapitalis.com\/tunisie\/2017\/02\/08\/citi-et-efe-au-service-de-lemployabilite-des-jeunes-en-tunisie\/\"},\"wordCount\":886,\"commentCount\":0,\"publisher\":{\"@id\":\"https:\/\/kapitalis.com\/tunisie\/#organization\"},\"image\":{\"@id\":\"https:\/\/kapitalis.com\/tunisie\/2017\/02\/08\/citi-et-efe-au-service-de-lemployabilite-des-jeunes-en-tunisie\/#primaryimage\"},\"thumbnailUrl\":\"\",\"keywords\":[\"EFE-Tunisie\"],\"articleSection\":[\"ECONOMIE\",\"Tunisie\"],\"inLanguage\":\"fr-FR\",\"potentialAction\":[{\"@type\":\"CommentAction\",\"name\":\"Comment\",\"target\":[\"https:\/\/kapitalis.com\/tunisie\/2017\/02\/08\/citi-et-efe-au-service-de-lemployabilite-des-jeunes-en-tunisie\/#respond\"]}]},{\"@type\":\"WebPage\",\"@id\":\"https:\/\/kapitalis.com\/tunisie\/2017\/02\/08\/citi-et-efe-au-service-de-lemployabilite-des-jeunes-en-tunisie\/\",\"url\":\"https:\/\/kapitalis.com\/tunisie\/2017\/02\/08\/citi-et-efe-au-service-de-lemployabilite-des-jeunes-en-tunisie\/\",\"name\":\"Citi et EFE au service de l\u2019employabilit\u00e9 des jeunes en Tunisie - Kapitalis\",\"isPartOf\":{\"@id\":\"https:\/\/kapitalis.com\/tunisie\/#website\"},\"primaryImageOfPage\":{\"@id\":\"https:\/\/kapitalis.com\/tunisie\/2017\/02\/08\/citi-et-efe-au-service-de-lemployabilite-des-jeunes-en-tunisie\/#primaryimage\"},\"image\":{\"@id\":\"https:\/\/kapitalis.com\/tunisie\/2017\/02\/08\/citi-et-efe-au-service-de-lemployabilite-des-jeunes-en-tunisie\/#primaryimage\"},\"thumbnailUrl\":\"\",\"datePublished\":\"2017-02-08T13:58:50+00:00\",\"breadcrumb\":{\"@id\":\"https:\/\/kapitalis.com\/tunisie\/2017\/02\/08\/citi-et-efe-au-service-de-lemployabilite-des-jeunes-en-tunisie\/#breadcrumb\"},\"inLanguage\":\"fr-FR\",\"potentialAction\":[{\"@type\":\"ReadAction\",\"target\":[\"https:\/\/kapitalis.com\/tunisie\/2017\/02\/08\/citi-et-efe-au-service-de-lemployabilite-des-jeunes-en-tunisie\/\"]}]},{\"@type\":\"ImageObject\",\"inLanguage\":\"fr-FR\",\"@id\":\"https:\/\/kapitalis.com\/tunisie\/2017\/02\/08\/citi-et-efe-au-service-de-lemployabilite-des-jeunes-en-tunisie\/#primaryimage\",\"url\":\"\",\"contentUrl\":\"\"},{\"@type\":\"BreadcrumbList\",\"@id\":\"https:\/\/kapitalis.com\/tunisie\/2017\/02\/08\/citi-et-efe-au-service-de-lemployabilite-des-jeunes-en-tunisie\/#breadcrumb\",\"itemListElement\":[{\"@type\":\"ListItem\",\"position\":1,\"name\":\"Accueil\",\"item\":\"https:\/\/kapitalis.com\/tunisie\/\"},{\"@type\":\"ListItem\",\"position\":2,\"name\":\"Citi et EFE au service de l\u2019employabilit\u00e9 des jeunes en Tunisie\"}]},{\"@type\":\"WebSite\",\"@id\":\"https:\/\/kapitalis.com\/tunisie\/#website\",\"url\":\"https:\/\/kapitalis.com\/tunisie\/\",\"name\":\"Kapitalis\",\"description\":\"L&#039;actualit\u00e9 en Tunisie et dans le monde\",\"publisher\":{\"@id\":\"https:\/\/kapitalis.com\/tunisie\/#organization\"},\"potentialAction\":[{\"@type\":\"SearchAction\",\"target\":{\"@type\":\"EntryPoint\",\"urlTemplate\":\"https:\/\/kapitalis.com\/tunisie\/?s={search_term_string}\"},\"query-input\":{\"@type\":\"PropertyValueSpecification\",\"valueRequired\":true,\"valueName\":\"search_term_string\"}}],\"inLanguage\":\"fr-FR\"},{\"@type\":\"Organization\",\"@id\":\"https:\/\/kapitalis.com\/tunisie\/#organization\",\"name\":\"Kapitalis\",\"url\":\"https:\/\/kapitalis.com\/tunisie\/\",\"logo\":{\"@type\":\"ImageObject\",\"inLanguage\":\"fr-FR\",\"@id\":\"https:\/\/kapitalis.com\/tunisie\/#\/schema\/logo\/image\/\",\"url\":\"https:\/\/kapitalis.com\/tunisie\/wp-content\/uploads\/2022\/05\/Kapitalis-big-size.png\",\"contentUrl\":\"https:\/\/kapitalis.com\/tunisie\/wp-content\/uploads\/2022\/05\/Kapitalis-big-size.png\",\"width\":5000,\"height\":1500,\"caption\":\"Kapitalis\"},\"image\":{\"@id\":\"https:\/\/kapitalis.com\/tunisie\/#\/schema\/logo\/image\/\"},\"sameAs\":[\"https:\/\/www.facebook.com\/KapitalisInfo\/\",\"https:\/\/x.com\/KapitalisInfo\",\"https:\/\/www.youtube.com\/channel\/UC-yDYrHyfFBWWZaOw3FPg9Q\"]},{\"@type\":\"Person\",\"@id\":\"https:\/\/kapitalis.com\/tunisie\/#\/schema\/person\/d71f33a9ca44f7bad4698210b480c8e9\",\"name\":\"webmaster kapitalis\",\"url\":\"https:\/\/kapitalis.com\/tunisie\/author\/webmaster-kapitalis\/\"}]}<\/script>\n<!-- \/ Yoast SEO plugin. -->","yoast_head_json":{"title":"Citi et EFE au service de l\u2019employabilit\u00e9 des jeunes en Tunisie - Kapitalis","robots":{"index":"index","follow":"follow","max-snippet":"max-snippet:-1","max-image-preview":"max-image-preview:large","max-video-preview":"max-video-preview:-1"},"canonical":"https:\/\/kapitalis.com\/tunisie\/2017\/02\/08\/citi-et-efe-au-service-de-lemployabilite-des-jeunes-en-tunisie\/","og_locale":"fr_FR","og_type":"article","og_title":"Citi et EFE au service de l\u2019employabilit\u00e9 des jeunes en Tunisie - Kapitalis","og_description":"Citi et EFE annoncent la poursuite de leur partenariat en faveur de l\u2019autonomisation des jeunes ch\u00f4meurs en Tunisie, en Afrique du Nord et au Moyen-Orient.","og_url":"https:\/\/kapitalis.com\/tunisie\/2017\/02\/08\/citi-et-efe-au-service-de-lemployabilite-des-jeunes-en-tunisie\/","og_site_name":"Kapitalis","article_publisher":"https:\/\/www.facebook.com\/KapitalisInfo\/","article_published_time":"2017-02-08T13:58:50+00:00","og_image":[{"width":1200,"height":630,"url":"https:\/\/kapitalis.com\/tunisie\/wp-content\/uploads\/2022\/05\/kapitalis-logo-fb.png","type":"image\/png"}],"author":"webmaster kapitalis","twitter_card":"summary_large_image","twitter_creator":"@KapitalisInfo","twitter_site":"@KapitalisInfo","twitter_misc":{"\u00c9crit par":"webmaster kapitalis","Dur\u00e9e de lecture estim\u00e9e":"4 minutes"},"schema":{"@context":"https:\/\/schema.org","@graph":[{"@type":"Article","@id":"https:\/\/kapitalis.com\/tunisie\/2017\/02\/08\/citi-et-efe-au-service-de-lemployabilite-des-jeunes-en-tunisie\/#article","isPartOf":{"@id":"https:\/\/kapitalis.com\/tunisie\/2017\/02\/08\/citi-et-efe-au-service-de-lemployabilite-des-jeunes-en-tunisie\/"},"author":{"name":"webmaster kapitalis","@id":"https:\/\/kapitalis.com\/tunisie\/#\/schema\/person\/d71f33a9ca44f7bad4698210b480c8e9"},"headline":"Citi et EFE au service de l\u2019employabilit\u00e9 des jeunes en Tunisie","datePublished":"2017-02-08T13:58:50+00:00","mainEntityOfPage":{"@id":"https:\/\/kapitalis.com\/tunisie\/2017\/02\/08\/citi-et-efe-au-service-de-lemployabilite-des-jeunes-en-tunisie\/"},"wordCount":886,"commentCount":0,"publisher":{"@id":"https:\/\/kapitalis.com\/tunisie\/#organization"},"image":{"@id":"https:\/\/kapitalis.com\/tunisie\/2017\/02\/08\/citi-et-efe-au-service-de-lemployabilite-des-jeunes-en-tunisie\/#primaryimage"},"thumbnailUrl":"","keywords":["EFE-Tunisie"],"articleSection":["ECONOMIE","Tunisie"],"inLanguage":"fr-FR","potentialAction":[{"@type":"CommentAction","name":"Comment","target":["https:\/\/kapitalis.com\/tunisie\/2017\/02\/08\/citi-et-efe-au-service-de-lemployabilite-des-jeunes-en-tunisie\/#respond"]}]},{"@type":"WebPage","@id":"https:\/\/kapitalis.com\/tunisie\/2017\/02\/08\/citi-et-efe-au-service-de-lemployabilite-des-jeunes-en-tunisie\/","url":"https:\/\/kapitalis.com\/tunisie\/2017\/02\/08\/citi-et-efe-au-service-de-lemployabilite-des-jeunes-en-tunisie\/","name":"Citi et EFE au service de l\u2019employabilit\u00e9 des jeunes en Tunisie - Kapitalis","isPartOf":{"@id":"https:\/\/kapitalis.com\/tunisie\/#website"},"primaryImageOfPage":{"@id":"https:\/\/kapitalis.com\/tunisie\/2017\/02\/08\/citi-et-efe-au-service-de-lemployabilite-des-jeunes-en-tunisie\/#primaryimage"},"image":{"@id":"https:\/\/kapitalis.com\/tunisie\/2017\/02\/08\/citi-et-efe-au-service-de-lemployabilite-des-jeunes-en-tunisie\/#primaryimage"},"thumbnailUrl":"","datePublished":"2017-02-08T13:58:50+00:00","breadcrumb":{"@id":"https:\/\/kapitalis.com\/tunisie\/2017\/02\/08\/citi-et-efe-au-service-de-lemployabilite-des-jeunes-en-tunisie\/#breadcrumb"},"inLanguage":"fr-FR","potentialAction":[{"@type":"ReadAction","target":["https:\/\/kapitalis.com\/tunisie\/2017\/02\/08\/citi-et-efe-au-service-de-lemployabilite-des-jeunes-en-tunisie\/"]}]},{"@type":"ImageObject","inLanguage":"fr-FR","@id":"https:\/\/kapitalis.com\/tunisie\/2017\/02\/08\/citi-et-efe-au-service-de-lemployabilite-des-jeunes-en-tunisie\/#primaryimage","url":"","contentUrl":""},{"@type":"BreadcrumbList","@id":"https:\/\/kapitalis.com\/tunisie\/2017\/02\/08\/citi-et-efe-au-service-de-lemployabilite-des-jeunes-en-tunisie\/#breadcrumb","itemListElement":[{"@type":"ListItem","position":1,"name":"Accueil","item":"https:\/\/kapitalis.com\/tunisie\/"},{"@type":"ListItem","position":2,"name":"Citi et EFE au service de l\u2019employabilit\u00e9 des jeunes en Tunisie"}]},{"@type":"WebSite","@id":"https:\/\/kapitalis.com\/tunisie\/#website","url":"https:\/\/kapitalis.com\/tunisie\/","name":"Kapitalis","description":"L&#039;actualit\u00e9 en Tunisie et dans le monde","publisher":{"@id":"https:\/\/kapitalis.com\/tunisie\/#organization"},"potentialAction":[{"@type":"SearchAction","target":{"@type":"EntryPoint","urlTemplate":"https:\/\/kapitalis.com\/tunisie\/?s={search_term_string}"},"query-input":{"@type":"PropertyValueSpecification","valueRequired":true,"valueName":"search_term_string"}}],"inLanguage":"fr-FR"},{"@type":"Organization","@id":"https:\/\/kapitalis.com\/tunisie\/#organization","name":"Kapitalis","url":"https:\/\/kapitalis.com\/tunisie\/","logo":{"@type":"ImageObject","inLanguage":"fr-FR","@id":"https:\/\/kapitalis.com\/tunisie\/#\/schema\/logo\/image\/","url":"https:\/\/kapitalis.com\/tunisie\/wp-content\/uploads\/2022\/05\/Kapitalis-big-size.png","contentUrl":"https:\/\/kapitalis.com\/tunisie\/wp-content\/uploads\/2022\/05\/Kapitalis-big-size.png","width":5000,"height":1500,"caption":"Kapitalis"},"image":{"@id":"https:\/\/kapitalis.com\/tunisie\/#\/schema\/logo\/image\/"},"sameAs":["https:\/\/www.facebook.com\/KapitalisInfo\/","https:\/\/x.com\/KapitalisInfo","https:\/\/www.youtube.com\/channel\/UC-yDYrHyfFBWWZaOw3FPg9Q"]},{"@type":"Person","@id":"https:\/\/kapitalis.com\/tunisie\/#\/schema\/person\/d71f33a9ca44f7bad4698210b480c8e9","name":"webmaster kapitalis","url":"https:\/\/kapitalis.com\/tunisie\/author\/webmaster-kapitalis\/"}]}},"_links":{"self":[{"href":"https:\/\/kapitalis.com\/tunisie\/wp-json\/wp\/v2\/posts\/82308","targetHints":{"allow":["GET"]}}],"collection":[{"href":"https:\/\/kapitalis.com\/tunisie\/wp-json\/wp\/v2\/posts"}],"about":[{"href":"https:\/\/kapitalis.com\/tunisie\/wp-json\/wp\/v2\/types\/post"}],"author":[{"embeddable":true,"href":"https:\/\/kapitalis.com\/tunisie\/wp-json\/wp\/v2\/users\/8"}],"replies":[{"embeddable":true,"href":"https:\/\/kapitalis.com\/tunisie\/wp-json\/wp\/v2\/comments?post=82308"}],"version-history":[{"count":0,"href":"https:\/\/kapitalis.com\/tunisie\/wp-json\/wp\/v2\/posts\/82308\/revisions"}],"wp:featuredmedia":[{"embeddable":true,"href":"https:\/\/kapitalis.com\/tunisie\/wp-json\/wp\/v2\/media\/82309"}],"wp:attachment":[{"href":"https:\/\/kapitalis.com\/tunisie\/wp-json\/wp\/v2\/media?parent=82308"}],"wp:term":[{"taxonomy":"category","embeddable":true,"href":"https:\/\/kapitalis.com\/tunisie\/wp-json\/wp\/v2\/categories?post=82308"},{"taxonomy":"post_tag","embeddable":true,"href":"https:\/\/kapitalis.com\/tunisie\/wp-json\/wp\/v2\/tags?post=82308"}],"curies":[{"name":"wp","href":"https:\/\/api.w.org\/{rel}","templated":true}]}}