{"id":8245993,"date":"2023-06-06T10:12:30","date_gmt":"2023-06-06T09:12:30","guid":{"rendered":"https:\/\/kapitalis.com\/tunisie\/?p=8245993"},"modified":"2023-06-06T11:17:15","modified_gmt":"2023-06-06T10:17:15","slug":"tunisie-la-baisse-de-linflation-a-96-nest-pas-due-a-la-hausse-di-taux-dinteret","status":"publish","type":"post","link":"https:\/\/kapitalis.com\/tunisie\/2023\/06\/06\/tunisie-la-baisse-de-linflation-a-96-nest-pas-due-a-la-hausse-di-taux-dinteret\/","title":{"rendered":"Tunisie\u00a0: la baisse de l\u2019inflation \u00e0 9,6% n\u2019est pas due \u00e0 la hausse du taux d\u2019int\u00e9r\u00eat"},"content":{"rendered":"\n<p><strong><em>L\u2019Institut national de la statistique (INS) a constat\u00e9, dans un communiqu\u00e9 publi\u00e9 le 5 juin 2023, une baisse du taux d\u2019inflation en Tunisie \u00e0 9,5% contre 10% le mois dernier. C\u2019est la cons\u00e9quence du m\u00eame ph\u00e9nom\u00e8ne constat\u00e9 chez nos principaux partenaires, \u00e0 savoir la France, l\u2019Italie, la Chine, etc. L\u2019impact de la hausse des taux d\u2019int\u00e9r\u00eat dans notre pays y est tr\u00e8s limit\u00e9.<\/em><\/strong><\/p>\n\n\n\n<p>Par <strong>Moktar Lamari <\/strong>*<\/p>\n\n\n\n<!--more-->\n\n\n<div class=\"wp-block-image\">\n<figure class=\"alignleft size-full is-resized\"><img decoding=\"async\" src=\"http:\/\/kapitalis.com\/tunisie\/wp-content\/uploads\/2019\/10\/Moktar-Lamari.jpg\" alt=\"\" class=\"wp-image-246439\" width=\"200\"\/><\/figure>\n<\/div>\n\n\n<p>A l\u2019\u00e9vidence, ce repli s\u2019inscrit dans une trajectoire tendancielle plut\u00f4t internationale. Partout dans les principaux pays partenaires de la Tunisie, l\u2019inflation se contracte (m\u00eame en Turquie). Les march\u00e9s internationaux se redressent progressivement et se r\u00e9tablissent apr\u00e8s le Covid-19.<\/p>\n\n\n\n<p>C\u2019est le contexte du march\u00e9 international, la hausse des taux d\u2019int\u00e9r\u00eat directeurs par les banques centrales de ces grands pays industriels ont eu impact sur l\u2019inflation, mais aussi sur la croissance. Dans ces pays, les taux directeurs sont pass\u00e9s en quelques mois de z\u00e9ro (m\u00eame du n\u00e9gatif) \u00e0 plus de 5%.<\/p>\n\n\n\n<h2 class=\"wp-block-heading\">Mon\u00e9tarisme sur parole!<\/h2>\n\n\n\n<p>En Tunisie, les taux \u00e9taient d\u00e9j\u00e0 \u00e9lev\u00e9s, tr\u00e8s \u00e9lev\u00e9s avant d\u2019\u00eatre hauss\u00e9s exag\u00e9r\u00e9ment, et plusieurs fois. Tous les pr\u00e9textes sont bons et la Banque centrale de Tunisie (BCT) n\u2019en fait qu\u2019\u00e0 sa t\u00eate, sans \u00e9valuation, sans tra\u00e7abilit\u00e9s\u2026 Elle est juge et partie! On doit prendre pour argent comptant les explications du gouverneur Marouane Abassi\u2026<\/p>\n\n\n\n<p>Dans les faits, l\u2019action mon\u00e9tariste men\u00e9e par la BCT est loin d\u2019\u00eatre efficace dans le contexte actuel en Tunisie. Notre \u00e9conomie est structurellement rigide, peu concurrentielle et les m\u00e9canismes de transmission des politiques mon\u00e9taires sont dysfonctionnels, pour ne pas dire bloqu\u00e9s.<\/p>\n\n\n\n<p>Mon postulat explicatif que je propose au d\u00e9bat est le suivant: la politique mon\u00e9taire de la BCT n\u2019a rien \u00e0 voir avec ce repli de l\u2019inflation. Et il faut rendre \u00e0 C\u00e9sar ce qui appartient \u00e0 C\u00e9sar.<\/p>\n\n\n\n<figure class=\"wp-block-embed is-type-wp-embed is-provider-kapitalis wp-block-embed-kapitalis\"><div class=\"wp-block-embed__wrapper\">\n<blockquote class=\"wp-embedded-content\" data-secret=\"gJHFpmCsjS\"><a href=\"https:\/\/kapitalis.com\/tunisie\/2023\/06\/02\/pour-qui-roule-la-banque-centrale-de-tunisie\/\">Pour qui roule la Banque centrale de Tunisie ?<\/a><\/blockquote><iframe loading=\"lazy\" class=\"wp-embedded-content\" sandbox=\"allow-scripts\" security=\"restricted\" style=\"position: absolute; clip: rect(1px, 1px, 1px, 1px);\" title=\"\u00ab\u00a0Pour qui roule la Banque centrale de Tunisie ?\u00a0\u00bb &#8212; Kapitalis\" src=\"https:\/\/kapitalis.com\/tunisie\/2023\/06\/02\/pour-qui-roule-la-banque-centrale-de-tunisie\/embed\/#?secret=azUcikPP7s#?secret=gJHFpmCsjS\" data-secret=\"gJHFpmCsjS\" width=\"600\" height=\"338\" frameborder=\"0\" marginwidth=\"0\" marginheight=\"0\" scrolling=\"no\"><\/iframe>\n<\/div><\/figure>\n\n\n\n<p>Dans la m\u00eame veine, les politiques gouvernementales r\u00e9pressives contre les sp\u00e9culateurs et la constitution de stocks en produits alimentaires auraient eu peu d\u2019impact contre les hauts et les bas prix, tellement les monopoles de la distribution sont bien install\u00e9s.<\/p>\n\n\n\n<h2 class=\"wp-block-heading\">Merci le march\u00e9 international<\/h2>\n\n\n\n<p>Malgr\u00e9 la s\u00e9cheresse, malgr\u00e9 les tensions sociales et malgr\u00e9 les incertitudes, certains prix des produits baissent \u2026 merci le march\u00e9 international et son vis-\u00e0-vis national.<\/p>\n\n\n\n<p>Encore une fois, les faits d\u00e9montrent que les hausses successives du taux directeur en Tunisie ne changent rien \u00e0 l\u2019inflation, une inflation import\u00e9e, une inflation dont les estimations sont de facto exag\u00e9r\u00e9es par les biais statistiques implicites aux m\u00e9thodes de calcul.<\/p>\n\n\n\n<p>Le march\u00e9 parall\u00e8le (souks hebdomadaires) est dominant, et ses prix sont bien plus bas que ceux des circuits officiels. Mais l\u2019INS ne tient pas compte des march\u00e9s informels, et ne ventile pas ses calculs par r\u00e9gion. Cela tombe bien, un taux d\u2019inflation surestim\u00e9 arrange tout le monde, les banques (gr\u00e2ce aux majorations des taux), les entreprises qui ajustent leurs prix \u00e0 l\u2019inflation. Et m\u00eame les syndicats affectionnent ces surestimations, les salaires \u00e9tant index\u00e9s au taux d\u2019inflation!<\/p>\n\n\n\n<p>Le repli de l\u2019inflation en Tunisie constat\u00e9 par l\u2019INS est plut\u00f4t le reflet du repli du m\u00eame taux chez les principaux partenaires de la Tunisie. On peut m\u00eame dire que l\u2019\u00e9conomie tunisienne est perm\u00e9able \u00e0 la danse des prix dans les pays partenaires, qui sont principalement des pays plus d\u00e9velopp\u00e9s et mieux gouvern\u00e9s. <\/p>\n\n\n\n<p><strong><em>Source<\/em><\/strong>&nbsp;: <a href=\"https:\/\/www.facebook.com\/groups\/375846620757494\" target=\"_blank\" rel=\"noreferrer noopener\">Economics for Tunisie, E4T<\/a>.<\/p>\n\n\n\n<figure class=\"wp-block-embed is-type-wp-embed is-provider-kapitalis wp-block-embed-kapitalis\"><div class=\"wp-block-embed__wrapper\">\n<blockquote class=\"wp-embedded-content\" data-secret=\"Gv3O0fjbyA\"><a href=\"https:\/\/kapitalis.com\/tunisie\/2022\/12\/31\/moez-hadidane-la-hausse-du-taux-dinteret-ne-freinera-pas-linflation\/\">Moez Hadidane : \u00abLa hausse du taux d\u2019int\u00e9r\u00eat ne freinera pas l\u2019inflation\u00bb<\/a><\/blockquote><iframe loading=\"lazy\" class=\"wp-embedded-content\" sandbox=\"allow-scripts\" security=\"restricted\" style=\"position: absolute; clip: rect(1px, 1px, 1px, 1px);\" title=\"\u00ab\u00a0Moez Hadidane : \u00abLa hausse du taux d\u2019int\u00e9r\u00eat ne freinera pas l\u2019inflation\u00bb\u00a0\u00bb &#8212; Kapitalis\" src=\"https:\/\/kapitalis.com\/tunisie\/2022\/12\/31\/moez-hadidane-la-hausse-du-taux-dinteret-ne-freinera-pas-linflation\/embed\/#?secret=YLgELVAJnA#?secret=Gv3O0fjbyA\" data-secret=\"Gv3O0fjbyA\" width=\"600\" height=\"338\" frameborder=\"0\" marginwidth=\"0\" marginheight=\"0\" scrolling=\"no\"><\/iframe>\n<\/div><\/figure>\n","protected":false},"excerpt":{"rendered":"<p>La baisse du taux d\u2019inflation en Tunisie \u00e0 9,5% contre 10% le mois dernier est la cons\u00e9quence du m\u00eame ph\u00e9nom\u00e8ne constat\u00e9 chez ses principaux partenaires.  <\/p>\n","protected":false},"author":8,"featured_media":1775012,"comment_status":"open","ping_status":"open","sticky":false,"template":"","format":"standard","meta":{"footnotes":""},"categories":[992,995,2433],"tags":[135,68595,25641,3902,5144,62643],"class_list":["post-8245993","post","type-post","status-publish","format-standard","has-post-thumbnail","hentry","category-a-la-une","category-economie","category-tunisie","tag-bct","tag-moktar-lamari","tag-politique-monetaire","tag-taux-dinflation","tag-taux-dinteret","tag-tunisie"],"yoast_head":"<!-- This site is optimized with the Yoast SEO plugin v26.6 - https:\/\/yoast.com\/wordpress\/plugins\/seo\/ -->\n<title>Tunisie\u00a0: la baisse de l\u2019inflation \u00e0 9,6% n\u2019est pas due \u00e0 la hausse du taux d\u2019int\u00e9r\u00eat - Kapitalis<\/title>\n<meta name=\"robots\" content=\"index, follow, max-snippet:-1, max-image-preview:large, max-video-preview:-1\" \/>\n<link rel=\"canonical\" href=\"https:\/\/kapitalis.com\/tunisie\/2023\/06\/06\/tunisie-la-baisse-de-linflation-a-96-nest-pas-due-a-la-hausse-di-taux-dinteret\/\" \/>\n<meta property=\"og:locale\" content=\"fr_FR\" \/>\n<meta property=\"og:type\" content=\"article\" \/>\n<meta property=\"og:title\" content=\"Tunisie\u00a0: la baisse de l\u2019inflation \u00e0 9,6% n\u2019est pas due \u00e0 la hausse du taux d\u2019int\u00e9r\u00eat - Kapitalis\" \/>\n<meta property=\"og:description\" content=\"La baisse du taux d\u2019inflation en Tunisie \u00e0 9,5% contre 10% le mois dernier est la cons\u00e9quence du m\u00eame ph\u00e9nom\u00e8ne constat\u00e9 chez ses principaux partenaires.\" \/>\n<meta property=\"og:url\" content=\"https:\/\/kapitalis.com\/tunisie\/2023\/06\/06\/tunisie-la-baisse-de-linflation-a-96-nest-pas-due-a-la-hausse-di-taux-dinteret\/\" \/>\n<meta property=\"og:site_name\" content=\"Kapitalis\" \/>\n<meta property=\"article:publisher\" content=\"https:\/\/www.facebook.com\/KapitalisInfo\/\" \/>\n<meta property=\"article:published_time\" content=\"2023-06-06T09:12:30+00:00\" \/>\n<meta property=\"article:modified_time\" content=\"2023-06-06T10:17:15+00:00\" \/>\n<meta property=\"og:image\" content=\"https:\/\/kapitalis.com\/tunisie\/wp-content\/uploads\/2022\/06\/Inflation-1.jpg\" \/>\n\t<meta property=\"og:image:width\" content=\"1200\" \/>\n\t<meta property=\"og:image:height\" content=\"630\" \/>\n\t<meta property=\"og:image:type\" content=\"image\/jpeg\" \/>\n<meta name=\"author\" content=\"webmaster kapitalis\" \/>\n<meta name=\"twitter:card\" content=\"summary_large_image\" \/>\n<meta name=\"twitter:creator\" content=\"@KapitalisInfo\" \/>\n<meta name=\"twitter:site\" content=\"@KapitalisInfo\" \/>\n<meta name=\"twitter:label1\" content=\"\u00c9crit par\" \/>\n\t<meta name=\"twitter:data1\" content=\"webmaster kapitalis\" \/>\n\t<meta name=\"twitter:label2\" content=\"Dur\u00e9e de lecture estim\u00e9e\" \/>\n\t<meta name=\"twitter:data2\" content=\"3 minutes\" \/>\n<script type=\"application\/ld+json\" class=\"yoast-schema-graph\">{\"@context\":\"https:\/\/schema.org\",\"@graph\":[{\"@type\":\"Article\",\"@id\":\"https:\/\/kapitalis.com\/tunisie\/2023\/06\/06\/tunisie-la-baisse-de-linflation-a-96-nest-pas-due-a-la-hausse-di-taux-dinteret\/#article\",\"isPartOf\":{\"@id\":\"https:\/\/kapitalis.com\/tunisie\/2023\/06\/06\/tunisie-la-baisse-de-linflation-a-96-nest-pas-due-a-la-hausse-di-taux-dinteret\/\"},\"author\":{\"name\":\"webmaster kapitalis\",\"@id\":\"https:\/\/kapitalis.com\/tunisie\/#\/schema\/person\/d71f33a9ca44f7bad4698210b480c8e9\"},\"headline\":\"Tunisie\u00a0: la baisse de l\u2019inflation \u00e0 9,6% n\u2019est pas due \u00e0 la hausse du taux d\u2019int\u00e9r\u00eat\",\"datePublished\":\"2023-06-06T09:12:30+00:00\",\"dateModified\":\"2023-06-06T10:17:15+00:00\",\"mainEntityOfPage\":{\"@id\":\"https:\/\/kapitalis.com\/tunisie\/2023\/06\/06\/tunisie-la-baisse-de-linflation-a-96-nest-pas-due-a-la-hausse-di-taux-dinteret\/\"},\"wordCount\":638,\"commentCount\":2,\"publisher\":{\"@id\":\"https:\/\/kapitalis.com\/tunisie\/#organization\"},\"image\":{\"@id\":\"https:\/\/kapitalis.com\/tunisie\/2023\/06\/06\/tunisie-la-baisse-de-linflation-a-96-nest-pas-due-a-la-hausse-di-taux-dinteret\/#primaryimage\"},\"thumbnailUrl\":\"https:\/\/kapitalis.com\/tunisie\/wp-content\/uploads\/2022\/06\/Inflation-1.jpg\",\"keywords\":[\"BCT\",\"Moktar Lamari\",\"politique mon\u00e9taire\",\"taux d'inflation\",\"taux d'int\u00e9r\u00eat\",\"Tunisie\"],\"articleSection\":[\"A LA UNE\",\"ECONOMIE\",\"Tunisie\"],\"inLanguage\":\"fr-FR\",\"potentialAction\":[{\"@type\":\"CommentAction\",\"name\":\"Comment\",\"target\":[\"https:\/\/kapitalis.com\/tunisie\/2023\/06\/06\/tunisie-la-baisse-de-linflation-a-96-nest-pas-due-a-la-hausse-di-taux-dinteret\/#respond\"]}]},{\"@type\":\"WebPage\",\"@id\":\"https:\/\/kapitalis.com\/tunisie\/2023\/06\/06\/tunisie-la-baisse-de-linflation-a-96-nest-pas-due-a-la-hausse-di-taux-dinteret\/\",\"url\":\"https:\/\/kapitalis.com\/tunisie\/2023\/06\/06\/tunisie-la-baisse-de-linflation-a-96-nest-pas-due-a-la-hausse-di-taux-dinteret\/\",\"name\":\"Tunisie\u00a0: la baisse de l\u2019inflation \u00e0 9,6% n\u2019est pas due \u00e0 la hausse du taux d\u2019int\u00e9r\u00eat - Kapitalis\",\"isPartOf\":{\"@id\":\"https:\/\/kapitalis.com\/tunisie\/#website\"},\"primaryImageOfPage\":{\"@id\":\"https:\/\/kapitalis.com\/tunisie\/2023\/06\/06\/tunisie-la-baisse-de-linflation-a-96-nest-pas-due-a-la-hausse-di-taux-dinteret\/#primaryimage\"},\"image\":{\"@id\":\"https:\/\/kapitalis.com\/tunisie\/2023\/06\/06\/tunisie-la-baisse-de-linflation-a-96-nest-pas-due-a-la-hausse-di-taux-dinteret\/#primaryimage\"},\"thumbnailUrl\":\"https:\/\/kapitalis.com\/tunisie\/wp-content\/uploads\/2022\/06\/Inflation-1.jpg\",\"datePublished\":\"2023-06-06T09:12:30+00:00\",\"dateModified\":\"2023-06-06T10:17:15+00:00\",\"breadcrumb\":{\"@id\":\"https:\/\/kapitalis.com\/tunisie\/2023\/06\/06\/tunisie-la-baisse-de-linflation-a-96-nest-pas-due-a-la-hausse-di-taux-dinteret\/#breadcrumb\"},\"inLanguage\":\"fr-FR\",\"potentialAction\":[{\"@type\":\"ReadAction\",\"target\":[\"https:\/\/kapitalis.com\/tunisie\/2023\/06\/06\/tunisie-la-baisse-de-linflation-a-96-nest-pas-due-a-la-hausse-di-taux-dinteret\/\"]}]},{\"@type\":\"ImageObject\",\"inLanguage\":\"fr-FR\",\"@id\":\"https:\/\/kapitalis.com\/tunisie\/2023\/06\/06\/tunisie-la-baisse-de-linflation-a-96-nest-pas-due-a-la-hausse-di-taux-dinteret\/#primaryimage\",\"url\":\"https:\/\/kapitalis.com\/tunisie\/wp-content\/uploads\/2022\/06\/Inflation-1.jpg\",\"contentUrl\":\"https:\/\/kapitalis.com\/tunisie\/wp-content\/uploads\/2022\/06\/Inflation-1.jpg\",\"width\":1200,\"height\":630},{\"@type\":\"BreadcrumbList\",\"@id\":\"https:\/\/kapitalis.com\/tunisie\/2023\/06\/06\/tunisie-la-baisse-de-linflation-a-96-nest-pas-due-a-la-hausse-di-taux-dinteret\/#breadcrumb\",\"itemListElement\":[{\"@type\":\"ListItem\",\"position\":1,\"name\":\"Accueil\",\"item\":\"https:\/\/kapitalis.com\/tunisie\/\"},{\"@type\":\"ListItem\",\"position\":2,\"name\":\"Tunisie\u00a0: la baisse de l\u2019inflation \u00e0 9,6% n\u2019est pas due \u00e0 la hausse du taux d\u2019int\u00e9r\u00eat\"}]},{\"@type\":\"WebSite\",\"@id\":\"https:\/\/kapitalis.com\/tunisie\/#website\",\"url\":\"https:\/\/kapitalis.com\/tunisie\/\",\"name\":\"Kapitalis\",\"description\":\"L&#039;actualit\u00e9 en Tunisie et dans le monde\",\"publisher\":{\"@id\":\"https:\/\/kapitalis.com\/tunisie\/#organization\"},\"potentialAction\":[{\"@type\":\"SearchAction\",\"target\":{\"@type\":\"EntryPoint\",\"urlTemplate\":\"https:\/\/kapitalis.com\/tunisie\/?s={search_term_string}\"},\"query-input\":{\"@type\":\"PropertyValueSpecification\",\"valueRequired\":true,\"valueName\":\"search_term_string\"}}],\"inLanguage\":\"fr-FR\"},{\"@type\":\"Organization\",\"@id\":\"https:\/\/kapitalis.com\/tunisie\/#organization\",\"name\":\"Kapitalis\",\"url\":\"https:\/\/kapitalis.com\/tunisie\/\",\"logo\":{\"@type\":\"ImageObject\",\"inLanguage\":\"fr-FR\",\"@id\":\"https:\/\/kapitalis.com\/tunisie\/#\/schema\/logo\/image\/\",\"url\":\"https:\/\/kapitalis.com\/tunisie\/wp-content\/uploads\/2022\/05\/Kapitalis-big-size.png\",\"contentUrl\":\"https:\/\/kapitalis.com\/tunisie\/wp-content\/uploads\/2022\/05\/Kapitalis-big-size.png\",\"width\":5000,\"height\":1500,\"caption\":\"Kapitalis\"},\"image\":{\"@id\":\"https:\/\/kapitalis.com\/tunisie\/#\/schema\/logo\/image\/\"},\"sameAs\":[\"https:\/\/www.facebook.com\/KapitalisInfo\/\",\"https:\/\/x.com\/KapitalisInfo\",\"https:\/\/www.youtube.com\/channel\/UC-yDYrHyfFBWWZaOw3FPg9Q\"]},{\"@type\":\"Person\",\"@id\":\"https:\/\/kapitalis.com\/tunisie\/#\/schema\/person\/d71f33a9ca44f7bad4698210b480c8e9\",\"name\":\"webmaster kapitalis\",\"url\":\"https:\/\/kapitalis.com\/tunisie\/author\/webmaster-kapitalis\/\"}]}<\/script>\n<!-- \/ Yoast SEO plugin. -->","yoast_head_json":{"title":"Tunisie\u00a0: la baisse de l\u2019inflation \u00e0 9,6% n\u2019est pas due \u00e0 la hausse du taux d\u2019int\u00e9r\u00eat - Kapitalis","robots":{"index":"index","follow":"follow","max-snippet":"max-snippet:-1","max-image-preview":"max-image-preview:large","max-video-preview":"max-video-preview:-1"},"canonical":"https:\/\/kapitalis.com\/tunisie\/2023\/06\/06\/tunisie-la-baisse-de-linflation-a-96-nest-pas-due-a-la-hausse-di-taux-dinteret\/","og_locale":"fr_FR","og_type":"article","og_title":"Tunisie\u00a0: la baisse de l\u2019inflation \u00e0 9,6% n\u2019est pas due \u00e0 la hausse du taux d\u2019int\u00e9r\u00eat - Kapitalis","og_description":"La baisse du taux d\u2019inflation en Tunisie \u00e0 9,5% contre 10% le mois dernier est la cons\u00e9quence du m\u00eame ph\u00e9nom\u00e8ne constat\u00e9 chez ses principaux partenaires.","og_url":"https:\/\/kapitalis.com\/tunisie\/2023\/06\/06\/tunisie-la-baisse-de-linflation-a-96-nest-pas-due-a-la-hausse-di-taux-dinteret\/","og_site_name":"Kapitalis","article_publisher":"https:\/\/www.facebook.com\/KapitalisInfo\/","article_published_time":"2023-06-06T09:12:30+00:00","article_modified_time":"2023-06-06T10:17:15+00:00","og_image":[{"width":1200,"height":630,"url":"https:\/\/kapitalis.com\/tunisie\/wp-content\/uploads\/2022\/06\/Inflation-1.jpg","type":"image\/jpeg"}],"author":"webmaster kapitalis","twitter_card":"summary_large_image","twitter_creator":"@KapitalisInfo","twitter_site":"@KapitalisInfo","twitter_misc":{"\u00c9crit par":"webmaster kapitalis","Dur\u00e9e de lecture estim\u00e9e":"3 minutes"},"schema":{"@context":"https:\/\/schema.org","@graph":[{"@type":"Article","@id":"https:\/\/kapitalis.com\/tunisie\/2023\/06\/06\/tunisie-la-baisse-de-linflation-a-96-nest-pas-due-a-la-hausse-di-taux-dinteret\/#article","isPartOf":{"@id":"https:\/\/kapitalis.com\/tunisie\/2023\/06\/06\/tunisie-la-baisse-de-linflation-a-96-nest-pas-due-a-la-hausse-di-taux-dinteret\/"},"author":{"name":"webmaster kapitalis","@id":"https:\/\/kapitalis.com\/tunisie\/#\/schema\/person\/d71f33a9ca44f7bad4698210b480c8e9"},"headline":"Tunisie\u00a0: la baisse de l\u2019inflation \u00e0 9,6% n\u2019est pas due \u00e0 la hausse du taux d\u2019int\u00e9r\u00eat","datePublished":"2023-06-06T09:12:30+00:00","dateModified":"2023-06-06T10:17:15+00:00","mainEntityOfPage":{"@id":"https:\/\/kapitalis.com\/tunisie\/2023\/06\/06\/tunisie-la-baisse-de-linflation-a-96-nest-pas-due-a-la-hausse-di-taux-dinteret\/"},"wordCount":638,"commentCount":2,"publisher":{"@id":"https:\/\/kapitalis.com\/tunisie\/#organization"},"image":{"@id":"https:\/\/kapitalis.com\/tunisie\/2023\/06\/06\/tunisie-la-baisse-de-linflation-a-96-nest-pas-due-a-la-hausse-di-taux-dinteret\/#primaryimage"},"thumbnailUrl":"https:\/\/kapitalis.com\/tunisie\/wp-content\/uploads\/2022\/06\/Inflation-1.jpg","keywords":["BCT","Moktar Lamari","politique mon\u00e9taire","taux d'inflation","taux d'int\u00e9r\u00eat","Tunisie"],"articleSection":["A LA UNE","ECONOMIE","Tunisie"],"inLanguage":"fr-FR","potentialAction":[{"@type":"CommentAction","name":"Comment","target":["https:\/\/kapitalis.com\/tunisie\/2023\/06\/06\/tunisie-la-baisse-de-linflation-a-96-nest-pas-due-a-la-hausse-di-taux-dinteret\/#respond"]}]},{"@type":"WebPage","@id":"https:\/\/kapitalis.com\/tunisie\/2023\/06\/06\/tunisie-la-baisse-de-linflation-a-96-nest-pas-due-a-la-hausse-di-taux-dinteret\/","url":"https:\/\/kapitalis.com\/tunisie\/2023\/06\/06\/tunisie-la-baisse-de-linflation-a-96-nest-pas-due-a-la-hausse-di-taux-dinteret\/","name":"Tunisie\u00a0: la baisse de l\u2019inflation \u00e0 9,6% n\u2019est pas due \u00e0 la hausse du taux d\u2019int\u00e9r\u00eat - Kapitalis","isPartOf":{"@id":"https:\/\/kapitalis.com\/tunisie\/#website"},"primaryImageOfPage":{"@id":"https:\/\/kapitalis.com\/tunisie\/2023\/06\/06\/tunisie-la-baisse-de-linflation-a-96-nest-pas-due-a-la-hausse-di-taux-dinteret\/#primaryimage"},"image":{"@id":"https:\/\/kapitalis.com\/tunisie\/2023\/06\/06\/tunisie-la-baisse-de-linflation-a-96-nest-pas-due-a-la-hausse-di-taux-dinteret\/#primaryimage"},"thumbnailUrl":"https:\/\/kapitalis.com\/tunisie\/wp-content\/uploads\/2022\/06\/Inflation-1.jpg","datePublished":"2023-06-06T09:12:30+00:00","dateModified":"2023-06-06T10:17:15+00:00","breadcrumb":{"@id":"https:\/\/kapitalis.com\/tunisie\/2023\/06\/06\/tunisie-la-baisse-de-linflation-a-96-nest-pas-due-a-la-hausse-di-taux-dinteret\/#breadcrumb"},"inLanguage":"fr-FR","potentialAction":[{"@type":"ReadAction","target":["https:\/\/kapitalis.com\/tunisie\/2023\/06\/06\/tunisie-la-baisse-de-linflation-a-96-nest-pas-due-a-la-hausse-di-taux-dinteret\/"]}]},{"@type":"ImageObject","inLanguage":"fr-FR","@id":"https:\/\/kapitalis.com\/tunisie\/2023\/06\/06\/tunisie-la-baisse-de-linflation-a-96-nest-pas-due-a-la-hausse-di-taux-dinteret\/#primaryimage","url":"https:\/\/kapitalis.com\/tunisie\/wp-content\/uploads\/2022\/06\/Inflation-1.jpg","contentUrl":"https:\/\/kapitalis.com\/tunisie\/wp-content\/uploads\/2022\/06\/Inflation-1.jpg","width":1200,"height":630},{"@type":"BreadcrumbList","@id":"https:\/\/kapitalis.com\/tunisie\/2023\/06\/06\/tunisie-la-baisse-de-linflation-a-96-nest-pas-due-a-la-hausse-di-taux-dinteret\/#breadcrumb","itemListElement":[{"@type":"ListItem","position":1,"name":"Accueil","item":"https:\/\/kapitalis.com\/tunisie\/"},{"@type":"ListItem","position":2,"name":"Tunisie\u00a0: la baisse de l\u2019inflation \u00e0 9,6% n\u2019est pas due \u00e0 la hausse du taux d\u2019int\u00e9r\u00eat"}]},{"@type":"WebSite","@id":"https:\/\/kapitalis.com\/tunisie\/#website","url":"https:\/\/kapitalis.com\/tunisie\/","name":"Kapitalis","description":"L&#039;actualit\u00e9 en Tunisie et dans le monde","publisher":{"@id":"https:\/\/kapitalis.com\/tunisie\/#organization"},"potentialAction":[{"@type":"SearchAction","target":{"@type":"EntryPoint","urlTemplate":"https:\/\/kapitalis.com\/tunisie\/?s={search_term_string}"},"query-input":{"@type":"PropertyValueSpecification","valueRequired":true,"valueName":"search_term_string"}}],"inLanguage":"fr-FR"},{"@type":"Organization","@id":"https:\/\/kapitalis.com\/tunisie\/#organization","name":"Kapitalis","url":"https:\/\/kapitalis.com\/tunisie\/","logo":{"@type":"ImageObject","inLanguage":"fr-FR","@id":"https:\/\/kapitalis.com\/tunisie\/#\/schema\/logo\/image\/","url":"https:\/\/kapitalis.com\/tunisie\/wp-content\/uploads\/2022\/05\/Kapitalis-big-size.png","contentUrl":"https:\/\/kapitalis.com\/tunisie\/wp-content\/uploads\/2022\/05\/Kapitalis-big-size.png","width":5000,"height":1500,"caption":"Kapitalis"},"image":{"@id":"https:\/\/kapitalis.com\/tunisie\/#\/schema\/logo\/image\/"},"sameAs":["https:\/\/www.facebook.com\/KapitalisInfo\/","https:\/\/x.com\/KapitalisInfo","https:\/\/www.youtube.com\/channel\/UC-yDYrHyfFBWWZaOw3FPg9Q"]},{"@type":"Person","@id":"https:\/\/kapitalis.com\/tunisie\/#\/schema\/person\/d71f33a9ca44f7bad4698210b480c8e9","name":"webmaster kapitalis","url":"https:\/\/kapitalis.com\/tunisie\/author\/webmaster-kapitalis\/"}]}},"_links":{"self":[{"href":"https:\/\/kapitalis.com\/tunisie\/wp-json\/wp\/v2\/posts\/8245993","targetHints":{"allow":["GET"]}}],"collection":[{"href":"https:\/\/kapitalis.com\/tunisie\/wp-json\/wp\/v2\/posts"}],"about":[{"href":"https:\/\/kapitalis.com\/tunisie\/wp-json\/wp\/v2\/types\/post"}],"author":[{"embeddable":true,"href":"https:\/\/kapitalis.com\/tunisie\/wp-json\/wp\/v2\/users\/8"}],"replies":[{"embeddable":true,"href":"https:\/\/kapitalis.com\/tunisie\/wp-json\/wp\/v2\/comments?post=8245993"}],"version-history":[{"count":2,"href":"https:\/\/kapitalis.com\/tunisie\/wp-json\/wp\/v2\/posts\/8245993\/revisions"}],"predecessor-version":[{"id":8246756,"href":"https:\/\/kapitalis.com\/tunisie\/wp-json\/wp\/v2\/posts\/8245993\/revisions\/8246756"}],"wp:featuredmedia":[{"embeddable":true,"href":"https:\/\/kapitalis.com\/tunisie\/wp-json\/wp\/v2\/media\/1775012"}],"wp:attachment":[{"href":"https:\/\/kapitalis.com\/tunisie\/wp-json\/wp\/v2\/media?parent=8245993"}],"wp:term":[{"taxonomy":"category","embeddable":true,"href":"https:\/\/kapitalis.com\/tunisie\/wp-json\/wp\/v2\/categories?post=8245993"},{"taxonomy":"post_tag","embeddable":true,"href":"https:\/\/kapitalis.com\/tunisie\/wp-json\/wp\/v2\/tags?post=8245993"}],"curies":[{"name":"wp","href":"https:\/\/api.w.org\/{rel}","templated":true}]}}