{"id":8248262,"date":"2023-06-06T13:40:58","date_gmt":"2023-06-06T12:40:58","guid":{"rendered":"https:\/\/kapitalis.com\/tunisie\/?p=8248262"},"modified":"2023-06-06T13:40:59","modified_gmt":"2023-06-06T12:40:59","slug":"saied-a-meloni-je-suis-tres-heureux-de-vous-parler-de-nos-problemes","status":"publish","type":"post","link":"https:\/\/kapitalis.com\/tunisie\/2023\/06\/06\/saied-a-meloni-je-suis-tres-heureux-de-vous-parler-de-nos-problemes\/","title":{"rendered":"Sa\u00efed \u00e0 Meloni\u00a0: \u00abJe suis tr\u00e8s heureux de vous parler de nos probl\u00e8mes\u00bb"},"content":{"rendered":"\n<p><strong><em>Le pr\u00e9sident tunisien Ka\u00efs Sa\u00efed a f\u00e9licit\u00e9 la Premi\u00e8re ministre italienne Giorgia Meloni pour sa capacit\u00e9 \u00e0 s\u2019exprimer alors qu\u2019il l\u2019accueillait au palais pr\u00e9sidentiel de Carthage pour des entretiens lors de sa visite \u00e0 Tunis ce mardi 6 juin 2023.<\/em><\/strong><\/p>\n\n\n\n<!--more-->\n\n\n\n<p>\u00abJe suis tr\u00e8s heureux de vous parler de nos probl\u00e8mes\u00bb, a d\u00e9clar\u00e9 Sa\u00efed. <em>\u00abJe le dis tout haut. Aujourd\u2019hui, tu es une femme qui dit tout haut ce que les autres pensent tout bas\u00bb<\/em>.<\/p>\n\n\n\n<p>Meloni a r\u00e9pondu en serrant la main de Sa\u00efed: <em>\u00abJe suis tr\u00e8s heureuse d\u2019\u00eatre ici\u00bb<\/em>.<\/p>\n\n\n\n<p>Les dirigeants ont eu une r\u00e9union qui a dur\u00e9 une heure et 45 minutes.<\/p>\n\n\n\n<p>\u00a0La Tunisie est au milieu d\u2019une crise financi\u00e8re majeure et la situation instable dans le pays a \u00e9t\u00e9 un facteur majeur dans une \u00e9norme augmentation du nombre de migrants venant en Italie de la rive sud de la M\u00e9diterran\u00e9e cette ann\u00e9e. Meloni esp\u00e8re que cette visite pourra conduire \u00e0 une perc\u00e9e dans les pourparlers bloqu\u00e9s entre Tunis et le Fonds mon\u00e9taire international (FMI) sur un pr\u00eat de 1,9 milliard de dollars pour att\u00e9nuer la crise. <\/p>\n\n\n\n<p><strong><em>D\u2019apr\u00e8s <a href=\"https:\/\/www.ansa.it\/english\/news\/2023\/06\/06\/meloni-says-out-loud-what-others-only-think-saied_24287bfc-41dd-4e10-af3f-8c0bfa048e58.html\" target=\"_blank\" rel=\"noreferrer noopener\">Ansa<\/a>.<\/em><\/strong><\/p>\n\n\n\n<figure class=\"wp-block-embed is-type-wp-embed is-provider-kapitalis wp-block-embed-kapitalis\"><div class=\"wp-block-embed__wrapper\">\n<blockquote class=\"wp-embedded-content\" data-secret=\"EBtY4rNkuT\"><a href=\"https:\/\/kapitalis.com\/tunisie\/2023\/06\/06\/tunisie-fmi-giorgia-meloni-a-tunis-pour-une-mission-de-la-derniere-chance\/\">Tunisie &#8211; FMI\u00a0: Giorgia Meloni \u00e0 Tunis pour une mission de la derni\u00e8re chance \u00a0<\/a><\/blockquote><iframe loading=\"lazy\" class=\"wp-embedded-content\" sandbox=\"allow-scripts\" security=\"restricted\" style=\"position: absolute; clip: rect(1px, 1px, 1px, 1px);\" title=\"\u00ab\u00a0Tunisie &#8211; FMI\u00a0: Giorgia Meloni \u00e0 Tunis pour une mission de la derni\u00e8re chance \u00a0\u00a0\u00bb &#8212; Kapitalis\" src=\"https:\/\/kapitalis.com\/tunisie\/2023\/06\/06\/tunisie-fmi-giorgia-meloni-a-tunis-pour-une-mission-de-la-derniere-chance\/embed\/#?secret=GIc3tLmUA2#?secret=EBtY4rNkuT\" data-secret=\"EBtY4rNkuT\" width=\"600\" height=\"338\" frameborder=\"0\" marginwidth=\"0\" marginheight=\"0\" scrolling=\"no\"><\/iframe>\n<\/div><\/figure>\n","protected":false},"excerpt":{"rendered":"<p>Ka\u00efs Sa\u00efed a dit \u00e0 Giorgia Meloni : \u00abTu es une femme qui dit tout haut ce que les autres pensent tout bas\u00bb.<\/p>\n","protected":false},"author":8,"featured_media":8248289,"comment_status":"open","ping_status":"open","sticky":false,"template":"","format":"standard","meta":{"footnotes":""},"categories":[997,2433],"tags":[388,103508,505,76012,3145,62643],"class_list":["post-8248262","post","type-post","status-publish","format-standard","has-post-thumbnail","hentry","category-politique","category-tunisie","tag-fmi","tag-giorgia-meloni","tag-italie","tag-kais-saied-2","tag-migrants","tag-tunisie"],"yoast_head":"<!-- This site is optimized with the Yoast SEO plugin v26.6 - https:\/\/yoast.com\/wordpress\/plugins\/seo\/ -->\n<title>Sa\u00efed \u00e0 Meloni\u00a0: \u00abJe suis tr\u00e8s heureux de vous parler de nos probl\u00e8mes\u00bb - Kapitalis<\/title>\n<meta name=\"robots\" content=\"index, follow, max-snippet:-1, max-image-preview:large, max-video-preview:-1\" \/>\n<link rel=\"canonical\" href=\"https:\/\/kapitalis.com\/tunisie\/2023\/06\/06\/saied-a-meloni-je-suis-tres-heureux-de-vous-parler-de-nos-problemes\/\" \/>\n<meta property=\"og:locale\" content=\"fr_FR\" \/>\n<meta property=\"og:type\" content=\"article\" \/>\n<meta property=\"og:title\" content=\"Sa\u00efed \u00e0 Meloni\u00a0: \u00abJe suis tr\u00e8s heureux de vous parler de nos probl\u00e8mes\u00bb - Kapitalis\" \/>\n<meta property=\"og:description\" content=\"Ka\u00efs Sa\u00efed a dit \u00e0 Giorgia Meloni : \u00abTu es une femme qui dit tout haut ce que les autres pensent tout bas\u00bb.\" \/>\n<meta property=\"og:url\" content=\"https:\/\/kapitalis.com\/tunisie\/2023\/06\/06\/saied-a-meloni-je-suis-tres-heureux-de-vous-parler-de-nos-problemes\/\" \/>\n<meta property=\"og:site_name\" content=\"Kapitalis\" \/>\n<meta property=\"article:publisher\" content=\"https:\/\/www.facebook.com\/KapitalisInfo\/\" \/>\n<meta property=\"article:published_time\" content=\"2023-06-06T12:40:58+00:00\" \/>\n<meta property=\"article:modified_time\" content=\"2023-06-06T12:40:59+00:00\" \/>\n<meta property=\"og:image\" content=\"https:\/\/kapitalis.com\/tunisie\/wp-content\/uploads\/2023\/06\/Kais-Saied-Giorgia-Meloni.jpg\" \/>\n\t<meta property=\"og:image:width\" content=\"1200\" \/>\n\t<meta property=\"og:image:height\" content=\"630\" \/>\n\t<meta property=\"og:image:type\" content=\"image\/jpeg\" \/>\n<meta name=\"author\" content=\"webmaster kapitalis\" \/>\n<meta name=\"twitter:card\" content=\"summary_large_image\" \/>\n<meta name=\"twitter:creator\" content=\"@KapitalisInfo\" \/>\n<meta name=\"twitter:site\" content=\"@KapitalisInfo\" \/>\n<meta name=\"twitter:label1\" content=\"\u00c9crit par\" \/>\n\t<meta name=\"twitter:data1\" content=\"webmaster kapitalis\" \/>\n\t<meta name=\"twitter:label2\" content=\"Dur\u00e9e de lecture estim\u00e9e\" \/>\n\t<meta name=\"twitter:data2\" content=\"1 minute\" \/>\n<script type=\"application\/ld+json\" class=\"yoast-schema-graph\">{\"@context\":\"https:\/\/schema.org\",\"@graph\":[{\"@type\":\"Article\",\"@id\":\"https:\/\/kapitalis.com\/tunisie\/2023\/06\/06\/saied-a-meloni-je-suis-tres-heureux-de-vous-parler-de-nos-problemes\/#article\",\"isPartOf\":{\"@id\":\"https:\/\/kapitalis.com\/tunisie\/2023\/06\/06\/saied-a-meloni-je-suis-tres-heureux-de-vous-parler-de-nos-problemes\/\"},\"author\":{\"name\":\"webmaster kapitalis\",\"@id\":\"https:\/\/kapitalis.com\/tunisie\/#\/schema\/person\/d71f33a9ca44f7bad4698210b480c8e9\"},\"headline\":\"Sa\u00efed \u00e0 Meloni\u00a0: \u00abJe suis tr\u00e8s heureux de vous parler de nos probl\u00e8mes\u00bb\",\"datePublished\":\"2023-06-06T12:40:58+00:00\",\"dateModified\":\"2023-06-06T12:40:59+00:00\",\"mainEntityOfPage\":{\"@id\":\"https:\/\/kapitalis.com\/tunisie\/2023\/06\/06\/saied-a-meloni-je-suis-tres-heureux-de-vous-parler-de-nos-problemes\/\"},\"wordCount\":225,\"commentCount\":0,\"publisher\":{\"@id\":\"https:\/\/kapitalis.com\/tunisie\/#organization\"},\"image\":{\"@id\":\"https:\/\/kapitalis.com\/tunisie\/2023\/06\/06\/saied-a-meloni-je-suis-tres-heureux-de-vous-parler-de-nos-problemes\/#primaryimage\"},\"thumbnailUrl\":\"https:\/\/kapitalis.com\/tunisie\/wp-content\/uploads\/2023\/06\/Kais-Saied-Giorgia-Meloni.jpg\",\"keywords\":[\"FMI\",\"Giorgia Meloni\",\"Italie\",\"Ka\u00efs Sa\u00efed\",\"migrants\",\"Tunisie\"],\"articleSection\":[\"POLITIQUE\",\"Tunisie\"],\"inLanguage\":\"fr-FR\",\"potentialAction\":[{\"@type\":\"CommentAction\",\"name\":\"Comment\",\"target\":[\"https:\/\/kapitalis.com\/tunisie\/2023\/06\/06\/saied-a-meloni-je-suis-tres-heureux-de-vous-parler-de-nos-problemes\/#respond\"]}]},{\"@type\":\"WebPage\",\"@id\":\"https:\/\/kapitalis.com\/tunisie\/2023\/06\/06\/saied-a-meloni-je-suis-tres-heureux-de-vous-parler-de-nos-problemes\/\",\"url\":\"https:\/\/kapitalis.com\/tunisie\/2023\/06\/06\/saied-a-meloni-je-suis-tres-heureux-de-vous-parler-de-nos-problemes\/\",\"name\":\"Sa\u00efed \u00e0 Meloni\u00a0: \u00abJe suis tr\u00e8s heureux de vous parler de nos probl\u00e8mes\u00bb - Kapitalis\",\"isPartOf\":{\"@id\":\"https:\/\/kapitalis.com\/tunisie\/#website\"},\"primaryImageOfPage\":{\"@id\":\"https:\/\/kapitalis.com\/tunisie\/2023\/06\/06\/saied-a-meloni-je-suis-tres-heureux-de-vous-parler-de-nos-problemes\/#primaryimage\"},\"image\":{\"@id\":\"https:\/\/kapitalis.com\/tunisie\/2023\/06\/06\/saied-a-meloni-je-suis-tres-heureux-de-vous-parler-de-nos-problemes\/#primaryimage\"},\"thumbnailUrl\":\"https:\/\/kapitalis.com\/tunisie\/wp-content\/uploads\/2023\/06\/Kais-Saied-Giorgia-Meloni.jpg\",\"datePublished\":\"2023-06-06T12:40:58+00:00\",\"dateModified\":\"2023-06-06T12:40:59+00:00\",\"breadcrumb\":{\"@id\":\"https:\/\/kapitalis.com\/tunisie\/2023\/06\/06\/saied-a-meloni-je-suis-tres-heureux-de-vous-parler-de-nos-problemes\/#breadcrumb\"},\"inLanguage\":\"fr-FR\",\"potentialAction\":[{\"@type\":\"ReadAction\",\"target\":[\"https:\/\/kapitalis.com\/tunisie\/2023\/06\/06\/saied-a-meloni-je-suis-tres-heureux-de-vous-parler-de-nos-problemes\/\"]}]},{\"@type\":\"ImageObject\",\"inLanguage\":\"fr-FR\",\"@id\":\"https:\/\/kapitalis.com\/tunisie\/2023\/06\/06\/saied-a-meloni-je-suis-tres-heureux-de-vous-parler-de-nos-problemes\/#primaryimage\",\"url\":\"https:\/\/kapitalis.com\/tunisie\/wp-content\/uploads\/2023\/06\/Kais-Saied-Giorgia-Meloni.jpg\",\"contentUrl\":\"https:\/\/kapitalis.com\/tunisie\/wp-content\/uploads\/2023\/06\/Kais-Saied-Giorgia-Meloni.jpg\",\"width\":1200,\"height\":630},{\"@type\":\"BreadcrumbList\",\"@id\":\"https:\/\/kapitalis.com\/tunisie\/2023\/06\/06\/saied-a-meloni-je-suis-tres-heureux-de-vous-parler-de-nos-problemes\/#breadcrumb\",\"itemListElement\":[{\"@type\":\"ListItem\",\"position\":1,\"name\":\"Accueil\",\"item\":\"https:\/\/kapitalis.com\/tunisie\/\"},{\"@type\":\"ListItem\",\"position\":2,\"name\":\"Sa\u00efed \u00e0 Meloni\u00a0: \u00abJe suis tr\u00e8s heureux de vous parler de nos probl\u00e8mes\u00bb\"}]},{\"@type\":\"WebSite\",\"@id\":\"https:\/\/kapitalis.com\/tunisie\/#website\",\"url\":\"https:\/\/kapitalis.com\/tunisie\/\",\"name\":\"Kapitalis\",\"description\":\"L&#039;actualit\u00e9 en Tunisie et dans le monde\",\"publisher\":{\"@id\":\"https:\/\/kapitalis.com\/tunisie\/#organization\"},\"potentialAction\":[{\"@type\":\"SearchAction\",\"target\":{\"@type\":\"EntryPoint\",\"urlTemplate\":\"https:\/\/kapitalis.com\/tunisie\/?s={search_term_string}\"},\"query-input\":{\"@type\":\"PropertyValueSpecification\",\"valueRequired\":true,\"valueName\":\"search_term_string\"}}],\"inLanguage\":\"fr-FR\"},{\"@type\":\"Organization\",\"@id\":\"https:\/\/kapitalis.com\/tunisie\/#organization\",\"name\":\"Kapitalis\",\"url\":\"https:\/\/kapitalis.com\/tunisie\/\",\"logo\":{\"@type\":\"ImageObject\",\"inLanguage\":\"fr-FR\",\"@id\":\"https:\/\/kapitalis.com\/tunisie\/#\/schema\/logo\/image\/\",\"url\":\"https:\/\/kapitalis.com\/tunisie\/wp-content\/uploads\/2022\/05\/Kapitalis-big-size.png\",\"contentUrl\":\"https:\/\/kapitalis.com\/tunisie\/wp-content\/uploads\/2022\/05\/Kapitalis-big-size.png\",\"width\":5000,\"height\":1500,\"caption\":\"Kapitalis\"},\"image\":{\"@id\":\"https:\/\/kapitalis.com\/tunisie\/#\/schema\/logo\/image\/\"},\"sameAs\":[\"https:\/\/www.facebook.com\/KapitalisInfo\/\",\"https:\/\/x.com\/KapitalisInfo\",\"https:\/\/www.youtube.com\/channel\/UC-yDYrHyfFBWWZaOw3FPg9Q\"]},{\"@type\":\"Person\",\"@id\":\"https:\/\/kapitalis.com\/tunisie\/#\/schema\/person\/d71f33a9ca44f7bad4698210b480c8e9\",\"name\":\"webmaster kapitalis\",\"url\":\"https:\/\/kapitalis.com\/tunisie\/author\/webmaster-kapitalis\/\"}]}<\/script>\n<!-- \/ Yoast SEO plugin. -->","yoast_head_json":{"title":"Sa\u00efed \u00e0 Meloni\u00a0: \u00abJe suis tr\u00e8s heureux de vous parler de nos probl\u00e8mes\u00bb - Kapitalis","robots":{"index":"index","follow":"follow","max-snippet":"max-snippet:-1","max-image-preview":"max-image-preview:large","max-video-preview":"max-video-preview:-1"},"canonical":"https:\/\/kapitalis.com\/tunisie\/2023\/06\/06\/saied-a-meloni-je-suis-tres-heureux-de-vous-parler-de-nos-problemes\/","og_locale":"fr_FR","og_type":"article","og_title":"Sa\u00efed \u00e0 Meloni\u00a0: \u00abJe suis tr\u00e8s heureux de vous parler de nos probl\u00e8mes\u00bb - Kapitalis","og_description":"Ka\u00efs Sa\u00efed a dit \u00e0 Giorgia Meloni : \u00abTu es une femme qui dit tout haut ce que les autres pensent tout bas\u00bb.","og_url":"https:\/\/kapitalis.com\/tunisie\/2023\/06\/06\/saied-a-meloni-je-suis-tres-heureux-de-vous-parler-de-nos-problemes\/","og_site_name":"Kapitalis","article_publisher":"https:\/\/www.facebook.com\/KapitalisInfo\/","article_published_time":"2023-06-06T12:40:58+00:00","article_modified_time":"2023-06-06T12:40:59+00:00","og_image":[{"width":1200,"height":630,"url":"https:\/\/kapitalis.com\/tunisie\/wp-content\/uploads\/2023\/06\/Kais-Saied-Giorgia-Meloni.jpg","type":"image\/jpeg"}],"author":"webmaster kapitalis","twitter_card":"summary_large_image","twitter_creator":"@KapitalisInfo","twitter_site":"@KapitalisInfo","twitter_misc":{"\u00c9crit par":"webmaster kapitalis","Dur\u00e9e de lecture estim\u00e9e":"1 minute"},"schema":{"@context":"https:\/\/schema.org","@graph":[{"@type":"Article","@id":"https:\/\/kapitalis.com\/tunisie\/2023\/06\/06\/saied-a-meloni-je-suis-tres-heureux-de-vous-parler-de-nos-problemes\/#article","isPartOf":{"@id":"https:\/\/kapitalis.com\/tunisie\/2023\/06\/06\/saied-a-meloni-je-suis-tres-heureux-de-vous-parler-de-nos-problemes\/"},"author":{"name":"webmaster kapitalis","@id":"https:\/\/kapitalis.com\/tunisie\/#\/schema\/person\/d71f33a9ca44f7bad4698210b480c8e9"},"headline":"Sa\u00efed \u00e0 Meloni\u00a0: \u00abJe suis tr\u00e8s heureux de vous parler de nos probl\u00e8mes\u00bb","datePublished":"2023-06-06T12:40:58+00:00","dateModified":"2023-06-06T12:40:59+00:00","mainEntityOfPage":{"@id":"https:\/\/kapitalis.com\/tunisie\/2023\/06\/06\/saied-a-meloni-je-suis-tres-heureux-de-vous-parler-de-nos-problemes\/"},"wordCount":225,"commentCount":0,"publisher":{"@id":"https:\/\/kapitalis.com\/tunisie\/#organization"},"image":{"@id":"https:\/\/kapitalis.com\/tunisie\/2023\/06\/06\/saied-a-meloni-je-suis-tres-heureux-de-vous-parler-de-nos-problemes\/#primaryimage"},"thumbnailUrl":"https:\/\/kapitalis.com\/tunisie\/wp-content\/uploads\/2023\/06\/Kais-Saied-Giorgia-Meloni.jpg","keywords":["FMI","Giorgia Meloni","Italie","Ka\u00efs Sa\u00efed","migrants","Tunisie"],"articleSection":["POLITIQUE","Tunisie"],"inLanguage":"fr-FR","potentialAction":[{"@type":"CommentAction","name":"Comment","target":["https:\/\/kapitalis.com\/tunisie\/2023\/06\/06\/saied-a-meloni-je-suis-tres-heureux-de-vous-parler-de-nos-problemes\/#respond"]}]},{"@type":"WebPage","@id":"https:\/\/kapitalis.com\/tunisie\/2023\/06\/06\/saied-a-meloni-je-suis-tres-heureux-de-vous-parler-de-nos-problemes\/","url":"https:\/\/kapitalis.com\/tunisie\/2023\/06\/06\/saied-a-meloni-je-suis-tres-heureux-de-vous-parler-de-nos-problemes\/","name":"Sa\u00efed \u00e0 Meloni\u00a0: \u00abJe suis tr\u00e8s heureux de vous parler de nos probl\u00e8mes\u00bb - Kapitalis","isPartOf":{"@id":"https:\/\/kapitalis.com\/tunisie\/#website"},"primaryImageOfPage":{"@id":"https:\/\/kapitalis.com\/tunisie\/2023\/06\/06\/saied-a-meloni-je-suis-tres-heureux-de-vous-parler-de-nos-problemes\/#primaryimage"},"image":{"@id":"https:\/\/kapitalis.com\/tunisie\/2023\/06\/06\/saied-a-meloni-je-suis-tres-heureux-de-vous-parler-de-nos-problemes\/#primaryimage"},"thumbnailUrl":"https:\/\/kapitalis.com\/tunisie\/wp-content\/uploads\/2023\/06\/Kais-Saied-Giorgia-Meloni.jpg","datePublished":"2023-06-06T12:40:58+00:00","dateModified":"2023-06-06T12:40:59+00:00","breadcrumb":{"@id":"https:\/\/kapitalis.com\/tunisie\/2023\/06\/06\/saied-a-meloni-je-suis-tres-heureux-de-vous-parler-de-nos-problemes\/#breadcrumb"},"inLanguage":"fr-FR","potentialAction":[{"@type":"ReadAction","target":["https:\/\/kapitalis.com\/tunisie\/2023\/06\/06\/saied-a-meloni-je-suis-tres-heureux-de-vous-parler-de-nos-problemes\/"]}]},{"@type":"ImageObject","inLanguage":"fr-FR","@id":"https:\/\/kapitalis.com\/tunisie\/2023\/06\/06\/saied-a-meloni-je-suis-tres-heureux-de-vous-parler-de-nos-problemes\/#primaryimage","url":"https:\/\/kapitalis.com\/tunisie\/wp-content\/uploads\/2023\/06\/Kais-Saied-Giorgia-Meloni.jpg","contentUrl":"https:\/\/kapitalis.com\/tunisie\/wp-content\/uploads\/2023\/06\/Kais-Saied-Giorgia-Meloni.jpg","width":1200,"height":630},{"@type":"BreadcrumbList","@id":"https:\/\/kapitalis.com\/tunisie\/2023\/06\/06\/saied-a-meloni-je-suis-tres-heureux-de-vous-parler-de-nos-problemes\/#breadcrumb","itemListElement":[{"@type":"ListItem","position":1,"name":"Accueil","item":"https:\/\/kapitalis.com\/tunisie\/"},{"@type":"ListItem","position":2,"name":"Sa\u00efed \u00e0 Meloni\u00a0: \u00abJe suis tr\u00e8s heureux de vous parler de nos probl\u00e8mes\u00bb"}]},{"@type":"WebSite","@id":"https:\/\/kapitalis.com\/tunisie\/#website","url":"https:\/\/kapitalis.com\/tunisie\/","name":"Kapitalis","description":"L&#039;actualit\u00e9 en Tunisie et dans le monde","publisher":{"@id":"https:\/\/kapitalis.com\/tunisie\/#organization"},"potentialAction":[{"@type":"SearchAction","target":{"@type":"EntryPoint","urlTemplate":"https:\/\/kapitalis.com\/tunisie\/?s={search_term_string}"},"query-input":{"@type":"PropertyValueSpecification","valueRequired":true,"valueName":"search_term_string"}}],"inLanguage":"fr-FR"},{"@type":"Organization","@id":"https:\/\/kapitalis.com\/tunisie\/#organization","name":"Kapitalis","url":"https:\/\/kapitalis.com\/tunisie\/","logo":{"@type":"ImageObject","inLanguage":"fr-FR","@id":"https:\/\/kapitalis.com\/tunisie\/#\/schema\/logo\/image\/","url":"https:\/\/kapitalis.com\/tunisie\/wp-content\/uploads\/2022\/05\/Kapitalis-big-size.png","contentUrl":"https:\/\/kapitalis.com\/tunisie\/wp-content\/uploads\/2022\/05\/Kapitalis-big-size.png","width":5000,"height":1500,"caption":"Kapitalis"},"image":{"@id":"https:\/\/kapitalis.com\/tunisie\/#\/schema\/logo\/image\/"},"sameAs":["https:\/\/www.facebook.com\/KapitalisInfo\/","https:\/\/x.com\/KapitalisInfo","https:\/\/www.youtube.com\/channel\/UC-yDYrHyfFBWWZaOw3FPg9Q"]},{"@type":"Person","@id":"https:\/\/kapitalis.com\/tunisie\/#\/schema\/person\/d71f33a9ca44f7bad4698210b480c8e9","name":"webmaster kapitalis","url":"https:\/\/kapitalis.com\/tunisie\/author\/webmaster-kapitalis\/"}]}},"_links":{"self":[{"href":"https:\/\/kapitalis.com\/tunisie\/wp-json\/wp\/v2\/posts\/8248262","targetHints":{"allow":["GET"]}}],"collection":[{"href":"https:\/\/kapitalis.com\/tunisie\/wp-json\/wp\/v2\/posts"}],"about":[{"href":"https:\/\/kapitalis.com\/tunisie\/wp-json\/wp\/v2\/types\/post"}],"author":[{"embeddable":true,"href":"https:\/\/kapitalis.com\/tunisie\/wp-json\/wp\/v2\/users\/8"}],"replies":[{"embeddable":true,"href":"https:\/\/kapitalis.com\/tunisie\/wp-json\/wp\/v2\/comments?post=8248262"}],"version-history":[{"count":1,"href":"https:\/\/kapitalis.com\/tunisie\/wp-json\/wp\/v2\/posts\/8248262\/revisions"}],"predecessor-version":[{"id":8248307,"href":"https:\/\/kapitalis.com\/tunisie\/wp-json\/wp\/v2\/posts\/8248262\/revisions\/8248307"}],"wp:featuredmedia":[{"embeddable":true,"href":"https:\/\/kapitalis.com\/tunisie\/wp-json\/wp\/v2\/media\/8248289"}],"wp:attachment":[{"href":"https:\/\/kapitalis.com\/tunisie\/wp-json\/wp\/v2\/media?parent=8248262"}],"wp:term":[{"taxonomy":"category","embeddable":true,"href":"https:\/\/kapitalis.com\/tunisie\/wp-json\/wp\/v2\/categories?post=8248262"},{"taxonomy":"post_tag","embeddable":true,"href":"https:\/\/kapitalis.com\/tunisie\/wp-json\/wp\/v2\/tags?post=8248262"}],"curies":[{"name":"wp","href":"https:\/\/api.w.org\/{rel}","templated":true}]}}